
{"id":27262,"date":"2023-06-26T13:52:01","date_gmt":"2023-06-26T11:52:01","guid":{"rendered":"https:\/\/rauchfrei.at\/?p=27262"},"modified":"2023-07-12T08:58:33","modified_gmt":"2023-07-12T06:58:33","slug":"eu-kampagne-generation-rauchfrei","status":"publish","type":"post","link":"https:\/\/rauchfrei.at\/en\/eu-kampagne-generation-rauchfrei\/","title":{"rendered":"EU Kampagne &#8211; Generation rauchfrei"},"content":{"rendered":"\n\n[et_pb_section fb_built=&#8221;1&#8243; module_class=&#8221;header&#8221; _builder_version=&#8221;4.16&#8243; global_colors_info=&#8221;{}&#8221;][et_pb_row _builder_version=&#8221;4.16&#8243; global_colors_info=&#8221;{}&#8221;][et_pb_column type=&#8221;4_4&#8243; _builder_version=&#8221;4.16&#8243; custom_padding=&#8221;|||&#8221; global_colors_info=&#8221;{}&#8221; custom_padding__hover=&#8221;|||&#8221;][et_pb_dp_dmb_module_10001 subheadline=&#8221;Unterschreiben auch Sie f\u00fcr eine rauchfreie Zukunft&#8221; _builder_version=&#8221;4.20.4&#8243; hover_enabled=&#8221;0&#8243; global_colors_info=&#8221;{}&#8221; sticky_enabled=&#8221;0&#8243;][\/et_pb_dp_dmb_module_10001][\/et_pb_column][\/et_pb_row][\/et_pb_section][et_pb_section fb_built=&#8221;1&#8243; _builder_version=&#8221;4.16&#8243; custom_padding=&#8221;30px|||&#8221; global_colors_info=&#8221;{}&#8221;][et_pb_row column_structure=&#8221;2_3,1_3&#8243; _builder_version=&#8221;4.16&#8243; global_colors_info=&#8221;{}&#8221;][et_pb_column type=&#8221;2_3&#8243; module_class=&#8221;blog-content&#8221; _builder_version=&#8221;4.16&#8243; custom_padding=&#8221;|||&#8221; global_colors_info=&#8221;{}&#8221; custom_padding__hover=&#8221;|||&#8221;][et_pb_text _builder_version=&#8221;4.20.4&#8243; global_colors_info=&#8221;{}&#8221;]<p>Die erste tabakfreie Generation Europas bis 2030<\/p>\n<p>Die Europ\u00e4ische Union hat sich ehrgeizige Ziele gesetzt, um bis 2030 die erste tabakfreie Generation in Europa zu schaffen. Die Initiative, bekannt als &#8220;First European Tobacco-Free Generation by 2030&#8221; (Erste tabakfreie Generation Europas bis 2030), zielt darauf ab, den Tabakkonsum deutlich zu reduzieren und junge Menschen vor den gesundheitlichen Gefahren des Rauchens zu sch\u00fctzen.<\/p>\n<p>Die Initiative &#8220;First European Tobacco-Free Generation by 2030&#8221; hat das klare Ziel, die erste Generation heranzuziehen, die ohne den sch\u00e4dlichen Einfluss des Tabakkonsums aufw\u00e4chst. Dies bedeutet, dass Kinder und Jugendliche in Europa ab 2030 nicht mehr mit dem Rauchen beginnen sollen. Indem der Tabakkonsum von jungen Menschen stark reduziert wird, wird die Gesundheit der kommenden Generationen gesch\u00fctzt und das Risiko von tabakbedingten Krankheiten und Todesf\u00e4llen verringert.<\/p>\n<p>Um die erste tabakfreie Generation in Europa zu erreichen, ergreift die EU verschiedene Ma\u00dfnahmen:<\/p>\n<p>Die EU hat bereits Regelungen zur Tabakwerbung eingef\u00fchrt, um junge Menschen vor der Bewerbung des Rauchens zu sch\u00fctzen. Diese Verbote umfassen Werbebeschr\u00e4nkungen in den Medien, an \u00f6ffentlichen Orten und im Internet.<\/p>\n<p>Durch die Erh\u00f6hung der Tabaksteuern wird der Tabakkonsum teurer, was junge Menschen davon abhalten kann, mit dem Rauchen zu beginnen. Rauchverbote in \u00f6ffentlichen Bereichen und Arbeitsst\u00e4tten sollen erweitert werden, um den Schutz vor Passivrauchen zu verbessern und das Rauchen unattraktiv zu machen.<\/p>\n<p>Die Aufkl\u00e4rung \u00fcber die negativen Auswirkungen des Rauchens soll verst\u00e4rkt werden, insbesondere in Schulen und Bildungseinrichtungen. Pr\u00e4ventionsprogramme und Informationskampagnen sollen darauf abzielen, vor allem junge Menschen \u00fcber die Gefahren des Rauchens aufzukl\u00e4ren und sie zu einem tabakfreien Lebensstil zu ermutigen.<\/p>\n<p>Auch soll der Zugang zu Nikotinentw\u00f6hnangeboten erleichtert werden, um denjenigen, die rauchfrei werden wollen, Unterst\u00fctzung zu bieten.<\/p>\n<p>Ihre Unterst\u00fctzung ist gefragt!<\/p>\n<p>Unterschreiben Sie hier, um die Initiative unterst\u00fctzen: <a href=\"https:\/\/europa.eu\/citizens-initiative\/initiatives\/details\/2022\/000005_en\">https:\/\/europa.eu\/citizens-initiative\/initiatives\/details\/2022\/000005_en<\/a><\/p>\n<p><img loading=\"lazy\" decoding=\"async\" src=\"https:\/\/rauchfrei.at\/wp-content\/uploads\/First-European-Tobacco-free-gerneration-225x229.png\" alt=\"\" class=\"wp-image-27268 alignnone size-medium\" width=\"225\" height=\"229\" srcset=\"https:\/\/rauchfrei.at\/wp-content\/uploads\/First-European-Tobacco-free-gerneration-225x229.png 225w, https:\/\/rauchfrei.at\/wp-content\/uploads\/First-European-Tobacco-free-gerneration.png 386w\" sizes=\"(max-width: 225px) 100vw, 225px\" \/><\/p>\n<p>Links:<\/p>\n<p><a href=\"https:\/\/europa.eu\/citizens-initiative\/initiatives\/details\/2022\/000005_en\">https:\/\/europa.eu\/citizens-initiative\/initiatives\/details\/2022\/000005_en<\/a><\/p>\n<p><a href=\"https:\/\/tfe.ensp.network\/\">https:\/\/tfe.ensp.network\/<\/a><\/p>\n<p><a href=\"https:\/\/germany.representation.ec.europa.eu\/news\/offentliche-konsultation-zum-ziel-generation-rauchfrei-2023-02-21_de\">https:\/\/germany.representation.ec.europa.eu\/news\/offentliche-konsultation-zum-ziel-generation-rauchfrei-2023-02-21_de<\/a><\/p>[\/et_pb_text][et_pb_post_nav in_same_term=&#8221;off&#8221; _builder_version=&#8221;4.16&#8243; global_colors_info=&#8221;{}&#8221;][\/et_pb_post_nav][\/et_pb_column][et_pb_column type=&#8221;1_3&#8243; module_class=&#8221;cat-and-tag&#8221; _builder_version=&#8221;4.16&#8243; custom_padding=&#8221;|||&#8221; global_colors_info=&#8221;{}&#8221; custom_padding__hover=&#8221;|||&#8221;][et_pb_sidebar area=&#8221;et_pb_widget_area_1&#8243; _builder_version=&#8221;4.16&#8243; global_colors_info=&#8221;{}&#8221;][\/et_pb_sidebar][et_pb_dp_dmb_module_10093 farbe=&#8221;blitzblau&#8221; headline=&#8221;Alternativen zum Rauchen&#8221; image=&#8221;https:\/\/rauchfrei.at\/wp-content\/uploads\/Relax-in-hammok.png&#8221; image_position=&#8221;center&#8221; link_text=&#8221;mehr&#8221; link_url=&#8221;https:\/\/rauchfrei.at\/alternativen\/&#8221; admin_label=&#8221;Alternativen zum Rauchen&#8221; _builder_version=&#8221;4.16&#8243; z_index_tablet=&#8221;500&#8243; global_module=&#8221;13174&#8243; saved_tabs=&#8221;all&#8221; global_colors_info=&#8221;{}&#8221;]<p>Es gibt viele M\u00f6glichkeiten, um nicht zur Zigarette zu greifen!<\/p>\n[\/et_pb_dp_dmb_module_10093][\/et_pb_column][\/et_pb_row][\/et_pb_section]\n\n","protected":false},"excerpt":{"rendered":"<p>Die Europ\u00e4ische Union (EU) hat die Kampagne &#8220;Generation rauchfrei&#8221; ins Leben gerufen, um jungen Menschen zu helfen, rauchfrei zu bleiben und eine ges\u00fcndere Zukunft zu gestalten. <\/p>\n","protected":false},"author":25,"featured_media":0,"comment_status":"open","ping_status":"open","sticky":false,"template":"","format":"standard","meta":{"_et_pb_use_builder":"on","_et_pb_old_content":"","_et_gb_content_width":"2880","footnotes":""},"categories":[235,236],"tags":[],"class_list":["post-27262","post","type-post","status-publish","format-standard","hentry","category-gesundheit-und-rauchstopp","category-nicht-kategorisiert"],"yoast_head":"<!-- This site is optimized with the Yoast SEO plugin v26.2 - https:\/\/yoast.com\/wordpress\/plugins\/seo\/ -->\n<title>EU Kampagne - Generation rauchfrei - Rauchfrei Telefon<\/title>\n<meta name=\"robots\" content=\"index, follow, max-snippet:-1, max-image-preview:large, max-video-preview:-1\" \/>\n<link rel=\"canonical\" href=\"https:\/\/rauchfrei.at\/eu-kampagne-generation-rauchfrei\/\" \/>\n<meta property=\"og:locale\" content=\"en_US\" \/>\n<meta property=\"og:type\" content=\"article\" \/>\n<meta property=\"og:title\" content=\"EU Kampagne - Generation rauchfrei - Rauchfrei Telefon\" \/>\n<meta property=\"og:description\" content=\"Die Europ\u00e4ische Union (EU) hat die Kampagne &quot;Generation rauchfrei&quot; ins Leben gerufen, um jungen Menschen zu helfen, rauchfrei zu bleiben und eine ges\u00fcndere Zukunft zu gestalten.\" \/>\n<meta property=\"og:url\" content=\"https:\/\/rauchfrei.at\/eu-kampagne-generation-rauchfrei\/\" \/>\n<meta property=\"og:site_name\" content=\"Rauchfrei Telefon\" \/>\n<meta property=\"article:published_time\" content=\"2023-06-26T11:52:01+00:00\" \/>\n<meta property=\"article:modified_time\" content=\"2023-07-12T06:58:33+00:00\" \/>\n<meta property=\"og:image\" content=\"https:\/\/rauchfrei.at\/wp-content\/uploads\/First-European-Tobacco-free-gerneration-225x229.png\" \/>\n<meta name=\"author\" content=\"Rauchfrei Team\" \/>\n<meta name=\"twitter:card\" content=\"summary_large_image\" \/>\n<meta name=\"twitter:label1\" content=\"Written by\" \/>\n\t<meta name=\"twitter:data1\" content=\"Rauchfrei Team\" \/>\n\t<meta name=\"twitter:label2\" content=\"Est. reading time\" \/>\n\t<meta name=\"twitter:data2\" content=\"3 minutes\" \/>\n<script type=\"application\/ld+json\" class=\"yoast-schema-graph\">{\"@context\":\"https:\/\/schema.org\",\"@graph\":[{\"@type\":\"WebPage\",\"@id\":\"https:\/\/rauchfrei.at\/eu-kampagne-generation-rauchfrei\/\",\"url\":\"https:\/\/rauchfrei.at\/eu-kampagne-generation-rauchfrei\/\",\"name\":\"EU Kampagne - Generation rauchfrei - Rauchfrei Telefon\",\"isPartOf\":{\"@id\":\"https:\/\/rauchfrei.at\/#website\"},\"primaryImageOfPage\":{\"@id\":\"https:\/\/rauchfrei.at\/eu-kampagne-generation-rauchfrei\/#primaryimage\"},\"image\":{\"@id\":\"https:\/\/rauchfrei.at\/eu-kampagne-generation-rauchfrei\/#primaryimage\"},\"thumbnailUrl\":\"https:\/\/rauchfrei.at\/wp-content\/uploads\/First-European-Tobacco-free-gerneration-225x229.png\",\"datePublished\":\"2023-06-26T11:52:01+00:00\",\"dateModified\":\"2023-07-12T06:58:33+00:00\",\"author\":{\"@id\":\"https:\/\/rauchfrei.at\/#\/schema\/person\/504bbf90c5482004fc09aef6de7f9277\"},\"inLanguage\":\"en-US\",\"potentialAction\":[{\"@type\":\"ReadAction\",\"target\":[\"https:\/\/rauchfrei.at\/eu-kampagne-generation-rauchfrei\/\"]}]},{\"@type\":\"ImageObject\",\"inLanguage\":\"en-US\",\"@id\":\"https:\/\/rauchfrei.at\/eu-kampagne-generation-rauchfrei\/#primaryimage\",\"url\":\"https:\/\/rauchfrei.at\/wp-content\/uploads\/First-European-Tobacco-free-gerneration-225x229.png\",\"contentUrl\":\"https:\/\/rauchfrei.at\/wp-content\/uploads\/First-European-Tobacco-free-gerneration-225x229.png\"},{\"@type\":\"WebSite\",\"@id\":\"https:\/\/rauchfrei.at\/#website\",\"url\":\"https:\/\/rauchfrei.at\/\",\"name\":\"Rauchfrei Telefon\",\"description\":\"Eine \u00f6sterreichweite Initiative der Sozialversicherungen.\",\"potentialAction\":[{\"@type\":\"SearchAction\",\"target\":{\"@type\":\"EntryPoint\",\"urlTemplate\":\"https:\/\/rauchfrei.at\/?s={search_term_string}\"},\"query-input\":{\"@type\":\"PropertyValueSpecification\",\"valueRequired\":true,\"valueName\":\"search_term_string\"}}],\"inLanguage\":\"en-US\"},{\"@type\":\"Person\",\"@id\":\"https:\/\/rauchfrei.at\/#\/schema\/person\/504bbf90c5482004fc09aef6de7f9277\",\"name\":\"Rauchfrei Team\",\"image\":{\"@type\":\"ImageObject\",\"inLanguage\":\"en-US\",\"@id\":\"https:\/\/rauchfrei.at\/#\/schema\/person\/image\/\",\"url\":\"https:\/\/secure.gravatar.com\/avatar\/2115b79a00800516fa1523bb5a329611f90e73e89be559131fc7e82b4fdc95ff?s=96&d=mm&r=g\",\"contentUrl\":\"https:\/\/secure.gravatar.com\/avatar\/2115b79a00800516fa1523bb5a329611f90e73e89be559131fc7e82b4fdc95ff?s=96&d=mm&r=g\",\"caption\":\"Rauchfrei Team\"},\"url\":\"https:\/\/rauchfrei.at\/en\/author\/rauchfrei-team\/\"}]}<\/script>\n<!-- \/ Yoast SEO plugin. -->","yoast_head_json":{"title":"EU Kampagne - Generation rauchfrei - Rauchfrei Telefon","robots":{"index":"index","follow":"follow","max-snippet":"max-snippet:-1","max-image-preview":"max-image-preview:large","max-video-preview":"max-video-preview:-1"},"canonical":"https:\/\/rauchfrei.at\/eu-kampagne-generation-rauchfrei\/","og_locale":"en_US","og_type":"article","og_title":"EU Kampagne - Generation rauchfrei - Rauchfrei Telefon","og_description":"Die Europ\u00e4ische Union (EU) hat die Kampagne \"Generation rauchfrei\" ins Leben gerufen, um jungen Menschen zu helfen, rauchfrei zu bleiben und eine ges\u00fcndere Zukunft zu gestalten.","og_url":"https:\/\/rauchfrei.at\/eu-kampagne-generation-rauchfrei\/","og_site_name":"Rauchfrei Telefon","article_published_time":"2023-06-26T11:52:01+00:00","article_modified_time":"2023-07-12T06:58:33+00:00","og_image":[{"url":"https:\/\/rauchfrei.at\/wp-content\/uploads\/First-European-Tobacco-free-gerneration-225x229.png","type":"","width":"","height":""}],"author":"Rauchfrei Team","twitter_card":"summary_large_image","twitter_misc":{"Written by":"Rauchfrei Team","Est. reading time":"3 minutes"},"schema":{"@context":"https:\/\/schema.org","@graph":[{"@type":"WebPage","@id":"https:\/\/rauchfrei.at\/eu-kampagne-generation-rauchfrei\/","url":"https:\/\/rauchfrei.at\/eu-kampagne-generation-rauchfrei\/","name":"EU Kampagne - Generation rauchfrei - Rauchfrei Telefon","isPartOf":{"@id":"https:\/\/rauchfrei.at\/#website"},"primaryImageOfPage":{"@id":"https:\/\/rauchfrei.at\/eu-kampagne-generation-rauchfrei\/#primaryimage"},"image":{"@id":"https:\/\/rauchfrei.at\/eu-kampagne-generation-rauchfrei\/#primaryimage"},"thumbnailUrl":"https:\/\/rauchfrei.at\/wp-content\/uploads\/First-European-Tobacco-free-gerneration-225x229.png","datePublished":"2023-06-26T11:52:01+00:00","dateModified":"2023-07-12T06:58:33+00:00","author":{"@id":"https:\/\/rauchfrei.at\/#\/schema\/person\/504bbf90c5482004fc09aef6de7f9277"},"inLanguage":"en-US","potentialAction":[{"@type":"ReadAction","target":["https:\/\/rauchfrei.at\/eu-kampagne-generation-rauchfrei\/"]}]},{"@type":"ImageObject","inLanguage":"en-US","@id":"https:\/\/rauchfrei.at\/eu-kampagne-generation-rauchfrei\/#primaryimage","url":"https:\/\/rauchfrei.at\/wp-content\/uploads\/First-European-Tobacco-free-gerneration-225x229.png","contentUrl":"https:\/\/rauchfrei.at\/wp-content\/uploads\/First-European-Tobacco-free-gerneration-225x229.png"},{"@type":"WebSite","@id":"https:\/\/rauchfrei.at\/#website","url":"https:\/\/rauchfrei.at\/","name":"Rauchfrei Telefon","description":"Eine \u00f6sterreichweite Initiative der Sozialversicherungen.","potentialAction":[{"@type":"SearchAction","target":{"@type":"EntryPoint","urlTemplate":"https:\/\/rauchfrei.at\/?s={search_term_string}"},"query-input":{"@type":"PropertyValueSpecification","valueRequired":true,"valueName":"search_term_string"}}],"inLanguage":"en-US"},{"@type":"Person","@id":"https:\/\/rauchfrei.at\/#\/schema\/person\/504bbf90c5482004fc09aef6de7f9277","name":"Rauchfrei Team","image":{"@type":"ImageObject","inLanguage":"en-US","@id":"https:\/\/rauchfrei.at\/#\/schema\/person\/image\/","url":"https:\/\/secure.gravatar.com\/avatar\/2115b79a00800516fa1523bb5a329611f90e73e89be559131fc7e82b4fdc95ff?s=96&d=mm&r=g","contentUrl":"https:\/\/secure.gravatar.com\/avatar\/2115b79a00800516fa1523bb5a329611f90e73e89be559131fc7e82b4fdc95ff?s=96&d=mm&r=g","caption":"Rauchfrei Team"},"url":"https:\/\/rauchfrei.at\/en\/author\/rauchfrei-team\/"}]}},"_links":{"self":[{"href":"https:\/\/rauchfrei.at\/en\/wp-json\/wp\/v2\/posts\/27262","targetHints":{"allow":["GET"]}}],"collection":[{"href":"https:\/\/rauchfrei.at\/en\/wp-json\/wp\/v2\/posts"}],"about":[{"href":"https:\/\/rauchfrei.at\/en\/wp-json\/wp\/v2\/types\/post"}],"author":[{"embeddable":true,"href":"https:\/\/rauchfrei.at\/en\/wp-json\/wp\/v2\/users\/25"}],"replies":[{"embeddable":true,"href":"https:\/\/rauchfrei.at\/en\/wp-json\/wp\/v2\/comments?post=27262"}],"version-history":[{"count":7,"href":"https:\/\/rauchfrei.at\/en\/wp-json\/wp\/v2\/posts\/27262\/revisions"}],"predecessor-version":[{"id":27288,"href":"https:\/\/rauchfrei.at\/en\/wp-json\/wp\/v2\/posts\/27262\/revisions\/27288"}],"wp:attachment":[{"href":"https:\/\/rauchfrei.at\/en\/wp-json\/wp\/v2\/media?parent=27262"}],"wp:term":[{"taxonomy":"category","embeddable":true,"href":"https:\/\/rauchfrei.at\/en\/wp-json\/wp\/v2\/categories?post=27262"},{"taxonomy":"post_tag","embeddable":true,"href":"https:\/\/rauchfrei.at\/en\/wp-json\/wp\/v2\/tags?post=27262"}],"curies":[{"name":"wp","href":"https:\/\/api.w.org\/{rel}","templated":true}]}}