
{"id":27272,"date":"2023-07-10T08:00:00","date_gmt":"2023-07-10T06:00:00","guid":{"rendered":"https:\/\/rauchfrei.at\/?p=27272"},"modified":"2023-06-13T14:11:43","modified_gmt":"2023-06-13T12:11:43","slug":"den-sommer-in-vollen-zuegen-geniessen","status":"publish","type":"post","link":"https:\/\/rauchfrei.at\/en\/den-sommer-in-vollen-zuegen-geniessen\/","title":{"rendered":"Den Sommer in vollen Z\u00fcgen genie\u00dfen"},"content":{"rendered":"\n[et_pb_section fb_built=&#8221;1&#8243; module_class=&#8221;header&#8221; _builder_version=&#8221;4.16&#8243; global_colors_info=&#8221;{}&#8221;][et_pb_row _builder_version=&#8221;4.16&#8243; global_colors_info=&#8221;{}&#8221;][et_pb_column type=&#8221;4_4&#8243; _builder_version=&#8221;4.16&#8243; custom_padding=&#8221;|||&#8221; global_colors_info=&#8221;{}&#8221; custom_padding__hover=&#8221;|||&#8221;][et_pb_dp_dmb_module_10001 subheadline=&#8221;Die Vorteile des rauchfreien Sommers&#8221; _builder_version=&#8221;4.20.4&#8243; global_colors_info=&#8221;{}&#8221;][\/et_pb_dp_dmb_module_10001][\/et_pb_column][\/et_pb_row][\/et_pb_section][et_pb_section fb_built=&#8221;1&#8243; _builder_version=&#8221;4.16&#8243; custom_padding=&#8221;30px|||&#8221; global_colors_info=&#8221;{}&#8221;][et_pb_row column_structure=&#8221;2_3,1_3&#8243; _builder_version=&#8221;4.16&#8243; global_colors_info=&#8221;{}&#8221;][et_pb_column type=&#8221;2_3&#8243; module_class=&#8221;blog-content&#8221; _builder_version=&#8221;4.16&#8243; custom_padding=&#8221;|||&#8221; global_colors_info=&#8221;{}&#8221; custom_padding__hover=&#8221;|||&#8221;][et_pb_text _builder_version=&#8221;4.20.4&#8243; hover_enabled=&#8221;0&#8243; global_colors_info=&#8221;{}&#8221; sticky_enabled=&#8221;0&#8243;]<p>Der Sommer ist da und mit ihm die perfekte Zeit, um das Leben im Freien zu genie\u00dfen, Sonne zu tanken und neue Erinnerungen zu schaffen. \u00a0Mit einige Tipps gelingt die Rauchfreiheit leichter und hilft dabei, einen rauchfreien Sommer in vollen Z\u00fcgen zu genie\u00dfen.<\/p>\n<ul>\n<li>Nutzen Sie die Vorteile eines rauchfreien Lebens: Ein rauchfreier Sommer bedeutet, dass Sie Ihre Gesundheit und Fitness verbessern k\u00f6nnen. Rauchfrei haben Sie mehr Energie und sind k\u00f6rperlich aktiver, ohne von Kurzatmigkeit oder Hustenanf\u00e4llen gest\u00f6rt zu werden. Nutzen Sie diese Vorteile, um Outdoor-Aktivit\u00e4ten wie Wandern, Schwimmen, Radfahren oder Yoga auszuprobieren und die warme Jahreszeit in vollen Z\u00fcgen zu genie\u00dfen.<\/li>\n<li>Entdecken Sie rauchfreie Orte: Suchen Sie nach rauchfreien Orten, an denen Sie Ihre Zeit im Freien verbringen k\u00f6nnen. Restaurants und Veranstaltungsorte, sowie viele Parks und Str\u00e4nde sind schon rauchfrei. Diese Orte bieten Ihnen die M\u00f6glichkeit, die frische Luft zu genie\u00dfen, ganz ohne Passivrauch<\/li>\n<li>Erkunden Sie alternative Entspannungsmethoden: Wenn Sie zuvor Nikotin zur Beruhigung eingesetzt haben, k\u00f6nnen Sie den Sommer nutzen, um alternative Entspannungsmethoden zu entdecken. Probieren Sie zum Beispiel Meditation, Atem\u00fcbungen oder Yoga aus, um innere Ruhe zu finden. Sie k\u00f6nnen auch nat\u00fcrliche Kr\u00e4utertees oder entspannende \u00e4therische \u00d6le nutzen, um Momente der Erholung zu schaffen.<\/li>\n<li>Setzen Sie sich neue Ziele: Nutzen Sie die Energie des Sommers, um sich neue Ziele zu setzen und sich auf positive Ver\u00e4nderungen in Ihrem Leben zu konzentrieren. Starten Sie ein neues Hobby, setzen Sie sich ein Fitnessziel oder arbeiten Sie an anderen pers\u00f6nlichen Zielen.<\/li>\n<li>Finden Sie Unterst\u00fctzung: Rauchfrei zu werden ist Ihr Ziel? Wenn Sie Schwierigkeiten haben, rauchfrei oder nikotinfrei zu bleiben, suchen Sie Unterst\u00fctzung. Auch wir helfen Ihnen gerne dabei!<\/li>\n<\/ul>\n<ol><\/ol>\n<p>Wir w\u00fcnschen Ihnen einen guten und erholsamen Sommer!<\/p>[\/et_pb_text][et_pb_post_nav in_same_term=&#8221;off&#8221; _builder_version=&#8221;4.16&#8243; global_colors_info=&#8221;{}&#8221;][\/et_pb_post_nav][\/et_pb_column][et_pb_column type=&#8221;1_3&#8243; module_class=&#8221;cat-and-tag&#8221; _builder_version=&#8221;4.16&#8243; custom_padding=&#8221;|||&#8221; global_colors_info=&#8221;{}&#8221; custom_padding__hover=&#8221;|||&#8221;][et_pb_sidebar area=&#8221;et_pb_widget_area_1&#8243; _builder_version=&#8221;4.16&#8243; global_colors_info=&#8221;{}&#8221;][\/et_pb_sidebar][et_pb_dp_dmb_module_10093 farbe=&#8221;blitzblau&#8221; headline=&#8221;Alternativen zum Rauchen&#8221; image=&#8221;https:\/\/rauchfrei.at\/wp-content\/uploads\/Relax-in-hammok.png&#8221; image_position=&#8221;center&#8221; link_text=&#8221;mehr&#8221; link_url=&#8221;https:\/\/rauchfrei.at\/alternativen\/&#8221; admin_label=&#8221;Alternativen zum Rauchen&#8221; _builder_version=&#8221;4.16&#8243; z_index_tablet=&#8221;500&#8243; global_module=&#8221;13174&#8243; saved_tabs=&#8221;all&#8221; global_colors_info=&#8221;{}&#8221;]<p>Es gibt viele M\u00f6glichkeiten, um nicht zur Zigarette zu greifen!<\/p>\n[\/et_pb_dp_dmb_module_10093][\/et_pb_column][\/et_pb_row][\/et_pb_section]\n","protected":false},"excerpt":{"rendered":"<p>Wenn Sie rauchfrei sind, k\u00f6nnen Sie den Sommer vielleicht noch mehr genie\u00dfen. Wenn Sie es erst werden wollen, helfen wir Ihnen gerne beim rauchfrei werden!<\/p>\n","protected":false},"author":25,"featured_media":0,"comment_status":"open","ping_status":"open","sticky":false,"template":"","format":"standard","meta":{"_et_pb_use_builder":"on","_et_pb_old_content":"","_et_gb_content_width":"2880","footnotes":""},"categories":[236],"tags":[],"class_list":["post-27272","post","type-post","status-publish","format-standard","hentry","category-nicht-kategorisiert"],"yoast_head":"<!-- This site is optimized with the Yoast SEO plugin v26.2 - https:\/\/yoast.com\/wordpress\/plugins\/seo\/ -->\n<title>Den Sommer in vollen Z\u00fcgen genie\u00dfen - Rauchfrei Telefon<\/title>\n<meta name=\"robots\" content=\"index, follow, max-snippet:-1, max-image-preview:large, max-video-preview:-1\" \/>\n<link rel=\"canonical\" href=\"https:\/\/rauchfrei.at\/den-sommer-in-vollen-zuegen-geniessen\/\" \/>\n<meta property=\"og:locale\" content=\"en_US\" \/>\n<meta property=\"og:type\" content=\"article\" \/>\n<meta property=\"og:title\" content=\"Den Sommer in vollen Z\u00fcgen genie\u00dfen - Rauchfrei Telefon\" \/>\n<meta property=\"og:description\" content=\"Wenn Sie rauchfrei sind, k\u00f6nnen Sie den Sommer vielleicht noch mehr genie\u00dfen. Wenn Sie es erst werden wollen, helfen wir Ihnen gerne beim rauchfrei werden!\" \/>\n<meta property=\"og:url\" content=\"https:\/\/rauchfrei.at\/den-sommer-in-vollen-zuegen-geniessen\/\" \/>\n<meta property=\"og:site_name\" content=\"Rauchfrei Telefon\" \/>\n<meta property=\"article:published_time\" content=\"2023-07-10T06:00:00+00:00\" \/>\n<meta name=\"author\" content=\"Rauchfrei Team\" \/>\n<meta name=\"twitter:card\" content=\"summary_large_image\" \/>\n<meta name=\"twitter:label1\" content=\"Written by\" \/>\n\t<meta name=\"twitter:data1\" content=\"Rauchfrei Team\" \/>\n\t<meta name=\"twitter:label2\" content=\"Est. reading time\" \/>\n\t<meta name=\"twitter:data2\" content=\"2 minutes\" \/>\n<script type=\"application\/ld+json\" class=\"yoast-schema-graph\">{\"@context\":\"https:\/\/schema.org\",\"@graph\":[{\"@type\":\"WebPage\",\"@id\":\"https:\/\/rauchfrei.at\/den-sommer-in-vollen-zuegen-geniessen\/\",\"url\":\"https:\/\/rauchfrei.at\/den-sommer-in-vollen-zuegen-geniessen\/\",\"name\":\"Den Sommer in vollen Z\u00fcgen genie\u00dfen - Rauchfrei Telefon\",\"isPartOf\":{\"@id\":\"https:\/\/rauchfrei.at\/#website\"},\"datePublished\":\"2023-07-10T06:00:00+00:00\",\"author\":{\"@id\":\"https:\/\/rauchfrei.at\/#\/schema\/person\/504bbf90c5482004fc09aef6de7f9277\"},\"inLanguage\":\"en-US\",\"potentialAction\":[{\"@type\":\"ReadAction\",\"target\":[\"https:\/\/rauchfrei.at\/den-sommer-in-vollen-zuegen-geniessen\/\"]}]},{\"@type\":\"WebSite\",\"@id\":\"https:\/\/rauchfrei.at\/#website\",\"url\":\"https:\/\/rauchfrei.at\/\",\"name\":\"Rauchfrei Telefon\",\"description\":\"Eine \u00f6sterreichweite Initiative der Sozialversicherungen.\",\"potentialAction\":[{\"@type\":\"SearchAction\",\"target\":{\"@type\":\"EntryPoint\",\"urlTemplate\":\"https:\/\/rauchfrei.at\/?s={search_term_string}\"},\"query-input\":{\"@type\":\"PropertyValueSpecification\",\"valueRequired\":true,\"valueName\":\"search_term_string\"}}],\"inLanguage\":\"en-US\"},{\"@type\":\"Person\",\"@id\":\"https:\/\/rauchfrei.at\/#\/schema\/person\/504bbf90c5482004fc09aef6de7f9277\",\"name\":\"Rauchfrei Team\",\"image\":{\"@type\":\"ImageObject\",\"inLanguage\":\"en-US\",\"@id\":\"https:\/\/rauchfrei.at\/#\/schema\/person\/image\/\",\"url\":\"https:\/\/secure.gravatar.com\/avatar\/2115b79a00800516fa1523bb5a329611f90e73e89be559131fc7e82b4fdc95ff?s=96&d=mm&r=g\",\"contentUrl\":\"https:\/\/secure.gravatar.com\/avatar\/2115b79a00800516fa1523bb5a329611f90e73e89be559131fc7e82b4fdc95ff?s=96&d=mm&r=g\",\"caption\":\"Rauchfrei Team\"},\"url\":\"https:\/\/rauchfrei.at\/en\/author\/rauchfrei-team\/\"}]}<\/script>\n<!-- \/ Yoast SEO plugin. -->","yoast_head_json":{"title":"Den Sommer in vollen Z\u00fcgen genie\u00dfen - Rauchfrei Telefon","robots":{"index":"index","follow":"follow","max-snippet":"max-snippet:-1","max-image-preview":"max-image-preview:large","max-video-preview":"max-video-preview:-1"},"canonical":"https:\/\/rauchfrei.at\/den-sommer-in-vollen-zuegen-geniessen\/","og_locale":"en_US","og_type":"article","og_title":"Den Sommer in vollen Z\u00fcgen genie\u00dfen - Rauchfrei Telefon","og_description":"Wenn Sie rauchfrei sind, k\u00f6nnen Sie den Sommer vielleicht noch mehr genie\u00dfen. Wenn Sie es erst werden wollen, helfen wir Ihnen gerne beim rauchfrei werden!","og_url":"https:\/\/rauchfrei.at\/den-sommer-in-vollen-zuegen-geniessen\/","og_site_name":"Rauchfrei Telefon","article_published_time":"2023-07-10T06:00:00+00:00","author":"Rauchfrei Team","twitter_card":"summary_large_image","twitter_misc":{"Written by":"Rauchfrei Team","Est. reading time":"2 minutes"},"schema":{"@context":"https:\/\/schema.org","@graph":[{"@type":"WebPage","@id":"https:\/\/rauchfrei.at\/den-sommer-in-vollen-zuegen-geniessen\/","url":"https:\/\/rauchfrei.at\/den-sommer-in-vollen-zuegen-geniessen\/","name":"Den Sommer in vollen Z\u00fcgen genie\u00dfen - Rauchfrei Telefon","isPartOf":{"@id":"https:\/\/rauchfrei.at\/#website"},"datePublished":"2023-07-10T06:00:00+00:00","author":{"@id":"https:\/\/rauchfrei.at\/#\/schema\/person\/504bbf90c5482004fc09aef6de7f9277"},"inLanguage":"en-US","potentialAction":[{"@type":"ReadAction","target":["https:\/\/rauchfrei.at\/den-sommer-in-vollen-zuegen-geniessen\/"]}]},{"@type":"WebSite","@id":"https:\/\/rauchfrei.at\/#website","url":"https:\/\/rauchfrei.at\/","name":"Rauchfrei Telefon","description":"Eine \u00f6sterreichweite Initiative der Sozialversicherungen.","potentialAction":[{"@type":"SearchAction","target":{"@type":"EntryPoint","urlTemplate":"https:\/\/rauchfrei.at\/?s={search_term_string}"},"query-input":{"@type":"PropertyValueSpecification","valueRequired":true,"valueName":"search_term_string"}}],"inLanguage":"en-US"},{"@type":"Person","@id":"https:\/\/rauchfrei.at\/#\/schema\/person\/504bbf90c5482004fc09aef6de7f9277","name":"Rauchfrei Team","image":{"@type":"ImageObject","inLanguage":"en-US","@id":"https:\/\/rauchfrei.at\/#\/schema\/person\/image\/","url":"https:\/\/secure.gravatar.com\/avatar\/2115b79a00800516fa1523bb5a329611f90e73e89be559131fc7e82b4fdc95ff?s=96&d=mm&r=g","contentUrl":"https:\/\/secure.gravatar.com\/avatar\/2115b79a00800516fa1523bb5a329611f90e73e89be559131fc7e82b4fdc95ff?s=96&d=mm&r=g","caption":"Rauchfrei Team"},"url":"https:\/\/rauchfrei.at\/en\/author\/rauchfrei-team\/"}]}},"_links":{"self":[{"href":"https:\/\/rauchfrei.at\/en\/wp-json\/wp\/v2\/posts\/27272","targetHints":{"allow":["GET"]}}],"collection":[{"href":"https:\/\/rauchfrei.at\/en\/wp-json\/wp\/v2\/posts"}],"about":[{"href":"https:\/\/rauchfrei.at\/en\/wp-json\/wp\/v2\/types\/post"}],"author":[{"embeddable":true,"href":"https:\/\/rauchfrei.at\/en\/wp-json\/wp\/v2\/users\/25"}],"replies":[{"embeddable":true,"href":"https:\/\/rauchfrei.at\/en\/wp-json\/wp\/v2\/comments?post=27272"}],"version-history":[{"count":8,"href":"https:\/\/rauchfrei.at\/en\/wp-json\/wp\/v2\/posts\/27272\/revisions"}],"predecessor-version":[{"id":27280,"href":"https:\/\/rauchfrei.at\/en\/wp-json\/wp\/v2\/posts\/27272\/revisions\/27280"}],"wp:attachment":[{"href":"https:\/\/rauchfrei.at\/en\/wp-json\/wp\/v2\/media?parent=27272"}],"wp:term":[{"taxonomy":"category","embeddable":true,"href":"https:\/\/rauchfrei.at\/en\/wp-json\/wp\/v2\/categories?post=27272"},{"taxonomy":"post_tag","embeddable":true,"href":"https:\/\/rauchfrei.at\/en\/wp-json\/wp\/v2\/tags?post=27272"}],"curies":[{"name":"wp","href":"https:\/\/api.w.org\/{rel}","templated":true}]}}