
{"id":27489,"date":"2023-08-07T08:00:00","date_gmt":"2023-08-07T06:00:00","guid":{"rendered":"https:\/\/rauchfrei.at\/?p=27489"},"modified":"2023-08-09T13:50:09","modified_gmt":"2023-08-09T11:50:09","slug":"der-rauchstopp-schuetzt-auch-vor-hautkrebs","status":"publish","type":"post","link":"https:\/\/rauchfrei.at\/en\/der-rauchstopp-schuetzt-auch-vor-hautkrebs\/","title":{"rendered":"Der Rauchstopp sch\u00fctzt auch vor Hautkrebs"},"content":{"rendered":"\n\n[et_pb_section fb_built=&#8221;1&#8243; module_class=&#8221;header&#8221; _builder_version=&#8221;4.16&#8243; global_colors_info=&#8221;{}&#8221;][et_pb_row _builder_version=&#8221;4.16&#8243; global_colors_info=&#8221;{}&#8221;][et_pb_column type=&#8221;4_4&#8243; _builder_version=&#8221;4.16&#8243; custom_padding=&#8221;|||&#8221; global_colors_info=&#8221;{}&#8221; custom_padding__hover=&#8221;|||&#8221;][et_pb_dp_dmb_module_10001 subheadline=&#8221;Tun Sie Ihrer Haut etwas Gutes&#8221; _builder_version=&#8221;4.20.4&#8243; global_colors_info=&#8221;{}&#8221;][\/et_pb_dp_dmb_module_10001][\/et_pb_column][\/et_pb_row][\/et_pb_section][et_pb_section fb_built=&#8221;1&#8243; _builder_version=&#8221;4.16&#8243; custom_padding=&#8221;30px|||&#8221; global_colors_info=&#8221;{}&#8221;][et_pb_row column_structure=&#8221;2_3,1_3&#8243; _builder_version=&#8221;4.16&#8243; global_colors_info=&#8221;{}&#8221;][et_pb_column type=&#8221;2_3&#8243; module_class=&#8221;blog-content&#8221; _builder_version=&#8221;4.16&#8243; custom_padding=&#8221;|||&#8221; global_colors_info=&#8221;{}&#8221; custom_padding__hover=&#8221;|||&#8221;][et_pb_text _builder_version=&#8221;4.20.4&#8243; hover_enabled=&#8221;0&#8243; global_colors_info=&#8221;{}&#8221; sticky_enabled=&#8221;0&#8243;]<p>Besonders im Sommer wird die Haut, das gr\u00f6\u00dfte Organ des K\u00f6rpers besonders strapaziert. Die UV-Strahlung der Sonne ist ein bekannter Risikofaktor f\u00fcr Hautkrebs. Dieser ist eine der h\u00e4ufigsten Krebsarten weltweit und nimmt auch stetig zu.<\/p>\n<p>Es gibt weitere Faktoren, die das Erkrankungsrisiko erh\u00f6hen und die Entwicklung von Hautkrebs f\u00f6rdern. Rauchen geh\u00f6rt zu diesen Risikofaktoren. Dies gilt sowohl f\u00fcr nicht-melanotische Hautkrebsarten wie das Basalzellkarzinom und das Plattenepithelkarzinom als auch f\u00fcr das maligne Melanom. Daf\u00fcr gibt es mehrere Erkl\u00e4rungsmodelle:<\/p>\n<ul>\n<li>Die Chemikalien im Zigarettenrauch k\u00f6nnen die DNA in den Hautzellen sch\u00e4digen und Mutationen verursachen, die zu Krebs f\u00fchren k\u00f6nnen. Diese DNA-Sch\u00e4den k\u00f6nnen die normale Funktion der Zellen st\u00f6ren und das Krebswachstum f\u00f6rdern.<\/li>\n<li>Rauchen kann das Immunsystem beeintr\u00e4chtigen und die F\u00e4higkeit des K\u00f6rpers zur Bek\u00e4mpfung von Krebszellen verringern. Ein geschw\u00e4chtes Immunsystem kann es den Krebszellen erleichtern, sich unkontrolliert zu vermehren und Tumore zu bilden.<\/li>\n<li>Tabakrauch enth\u00e4lt entz\u00fcndungsf\u00f6rdernde Substanzen, die chronische Entz\u00fcndungen im K\u00f6rper verursachen k\u00f6nnen. Diese Entz\u00fcndungen k\u00f6nnen das Risiko f\u00fcr die Entwicklung von Krebs erh\u00f6hen, einschlie\u00dflich Hautkrebs.<\/li>\n<\/ul>\n<p>Rauchen ist ein vermeidbares Risiko. Der Rauchstopp bringt f\u00fcr die Hautgesundheit Vorteile mit sich. Er reduziert nicht nur das Hautkrebsrisiko, sondern verbessert auch die Wundheilung der Haut. Ein gibt noch einen weiteren Vorteil f\u00fcr die Haut: Die Rauchfreiheit verbessert das Hautbild, indem sie den Feuchtigkeitsgehalt der Haut erh\u00f6ht und die Elastizit\u00e4t wiederherstellt \u2013 so sieht die Haut j\u00fcnger aus.<\/p>\n<p>So hilft die Rauchfreiheit der Gesundheit und dem sommerlichen Aussehen!<\/p>\n<p>Wir helfen Ihnen gerne dabei! Wir w\u00fcnschen Ihnen einen sch\u00f6nen und erholsamen Sommer!<\/p>\n<p>Quellen:<\/p>\n<ul>\n<li><a href=\"https:\/\/www.cancer.org\/cancer\/risk-prevention\/tobacco\/health-risks-of-tobacco\/health-risks-of-smoking-tobacco.html\" target=\"_blank\" rel=\"noopener\">American Cancer Society, &#8220;Cigarette Smoking and Cancer: Questions and Answers.&#8221;<\/a> <a href=\"https:\/\/www.cancer.org\/cancer\/cancer-causes\/tobacco-and-cancer\/cigarette-smoking-and-cancer.html\"><\/a><\/li>\n<li><a href=\"https:\/\/www.cancer.gov\/about-cancer\/causes-prevention\/risk\/tobacco\/cessation-fact-sheet\" target=\"_blank\" rel=\"noopener\">National Cancer Institute, &#8220;Tobacco and Cancer: Questions and Answers.<\/a>&#8221; <a href=\"https:\/\/www.cancer.gov\/about-cancer\/causes-prevention\/risk\/tobacco\/cessation-fact-sheet\"><\/a><\/li>\n<li><a href=\"https:\/\/www.jidonline.org\/\" target=\"_blank\" rel=\"noopener\">Journal of Investigative Dermatology, &#8220;The Effect of Smoking on Skin: A Study of Monozygotic Twins.&#8221;<\/a> <a href=\"https:\/\/www.jidonline.org\/article\/S0022-202X(15\"><\/a><\/li>\n<\/ul>\n<p>&nbsp;<\/p>[\/et_pb_text][et_pb_post_nav in_same_term=&#8221;off&#8221; _builder_version=&#8221;4.16&#8243; global_colors_info=&#8221;{}&#8221;][\/et_pb_post_nav][\/et_pb_column][et_pb_column type=&#8221;1_3&#8243; module_class=&#8221;cat-and-tag&#8221; _builder_version=&#8221;4.16&#8243; custom_padding=&#8221;|||&#8221; global_colors_info=&#8221;{}&#8221; custom_padding__hover=&#8221;|||&#8221;][et_pb_sidebar area=&#8221;et_pb_widget_area_1&#8243; _builder_version=&#8221;4.16&#8243; global_colors_info=&#8221;{}&#8221;][\/et_pb_sidebar][et_pb_dp_dmb_module_10093 farbe=&#8221;blitzblau&#8221; headline=&#8221;Tabak- und Nikotinprodukte&#8221; image=&#8221;https:\/\/rauchfrei.at\/wp-content\/uploads\/Dampfmaedel_RGB_RZ.png&#8221; image_position=&#8221;center&#8221; link_text=&#8221;mehr Informationen&#8221; link_url=&#8221;https:\/\/rauchfrei.at\/fakten\/andere-tabakprodukte\/&#8221; admin_label=&#8221;Tabak- und Nikotinprodukte&#8221; _builder_version=&#8221;4.20.4&#8243; _module_preset=&#8221;default&#8221; global_module=&#8221;26833&#8243; saved_tabs=&#8221;all&#8221; global_colors_info=&#8221;{}&#8221;]<p>Was ist wo drin?<\/p>\n[\/et_pb_dp_dmb_module_10093][\/et_pb_column][\/et_pb_row][\/et_pb_section]\n\n","protected":false},"excerpt":{"rendered":"<p>Rauchen wirkt sich auch auf die Haut aus und f\u00f6rdert Hautkrebs. Dieser Blogbeitrag informiert Sie dar\u00fcber, weshalb die Rauchfreiheit das Risiko f\u00fcr Hautkrebs reduzieren kann.<\/p>\n","protected":false},"author":25,"featured_media":0,"comment_status":"open","ping_status":"open","sticky":false,"template":"","format":"standard","meta":{"_et_pb_use_builder":"on","_et_pb_old_content":"","_et_gb_content_width":"2880","footnotes":""},"categories":[235],"tags":[],"class_list":["post-27489","post","type-post","status-publish","format-standard","hentry","category-gesundheit-und-rauchstopp"],"yoast_head":"<!-- This site is optimized with the Yoast SEO plugin v26.2 - https:\/\/yoast.com\/wordpress\/plugins\/seo\/ -->\n<title>Der Rauchstopp sch\u00fctzt auch vor Hautkrebs - Rauchfrei Telefon<\/title>\n<meta name=\"robots\" content=\"index, follow, max-snippet:-1, max-image-preview:large, max-video-preview:-1\" \/>\n<link rel=\"canonical\" href=\"https:\/\/rauchfrei.at\/der-rauchstopp-schuetzt-auch-vor-hautkrebs\/\" \/>\n<meta property=\"og:locale\" content=\"en_US\" \/>\n<meta property=\"og:type\" content=\"article\" \/>\n<meta property=\"og:title\" content=\"Der Rauchstopp sch\u00fctzt auch vor Hautkrebs - Rauchfrei Telefon\" \/>\n<meta property=\"og:description\" content=\"Rauchen wirkt sich auch auf die Haut aus und f\u00f6rdert Hautkrebs. Dieser Blogbeitrag informiert Sie dar\u00fcber, weshalb die Rauchfreiheit das Risiko f\u00fcr Hautkrebs reduzieren kann.\" \/>\n<meta property=\"og:url\" content=\"https:\/\/rauchfrei.at\/der-rauchstopp-schuetzt-auch-vor-hautkrebs\/\" \/>\n<meta property=\"og:site_name\" content=\"Rauchfrei Telefon\" \/>\n<meta property=\"article:published_time\" content=\"2023-08-07T06:00:00+00:00\" \/>\n<meta property=\"article:modified_time\" content=\"2023-08-09T11:50:09+00:00\" \/>\n<meta name=\"author\" content=\"Rauchfrei Team\" \/>\n<meta name=\"twitter:card\" content=\"summary_large_image\" \/>\n<meta name=\"twitter:label1\" content=\"Written by\" \/>\n\t<meta name=\"twitter:data1\" content=\"Rauchfrei Team\" \/>\n\t<meta name=\"twitter:label2\" content=\"Est. reading time\" \/>\n\t<meta name=\"twitter:data2\" content=\"2 minutes\" \/>\n<script type=\"application\/ld+json\" class=\"yoast-schema-graph\">{\"@context\":\"https:\/\/schema.org\",\"@graph\":[{\"@type\":\"WebPage\",\"@id\":\"https:\/\/rauchfrei.at\/der-rauchstopp-schuetzt-auch-vor-hautkrebs\/\",\"url\":\"https:\/\/rauchfrei.at\/der-rauchstopp-schuetzt-auch-vor-hautkrebs\/\",\"name\":\"Der Rauchstopp sch\u00fctzt auch vor Hautkrebs - Rauchfrei Telefon\",\"isPartOf\":{\"@id\":\"https:\/\/rauchfrei.at\/#website\"},\"datePublished\":\"2023-08-07T06:00:00+00:00\",\"dateModified\":\"2023-08-09T11:50:09+00:00\",\"author\":{\"@id\":\"https:\/\/rauchfrei.at\/#\/schema\/person\/504bbf90c5482004fc09aef6de7f9277\"},\"inLanguage\":\"en-US\",\"potentialAction\":[{\"@type\":\"ReadAction\",\"target\":[\"https:\/\/rauchfrei.at\/der-rauchstopp-schuetzt-auch-vor-hautkrebs\/\"]}]},{\"@type\":\"WebSite\",\"@id\":\"https:\/\/rauchfrei.at\/#website\",\"url\":\"https:\/\/rauchfrei.at\/\",\"name\":\"Rauchfrei Telefon\",\"description\":\"Eine \u00f6sterreichweite Initiative der Sozialversicherungen.\",\"potentialAction\":[{\"@type\":\"SearchAction\",\"target\":{\"@type\":\"EntryPoint\",\"urlTemplate\":\"https:\/\/rauchfrei.at\/?s={search_term_string}\"},\"query-input\":{\"@type\":\"PropertyValueSpecification\",\"valueRequired\":true,\"valueName\":\"search_term_string\"}}],\"inLanguage\":\"en-US\"},{\"@type\":\"Person\",\"@id\":\"https:\/\/rauchfrei.at\/#\/schema\/person\/504bbf90c5482004fc09aef6de7f9277\",\"name\":\"Rauchfrei Team\",\"image\":{\"@type\":\"ImageObject\",\"inLanguage\":\"en-US\",\"@id\":\"https:\/\/rauchfrei.at\/#\/schema\/person\/image\/\",\"url\":\"https:\/\/secure.gravatar.com\/avatar\/2115b79a00800516fa1523bb5a329611f90e73e89be559131fc7e82b4fdc95ff?s=96&d=mm&r=g\",\"contentUrl\":\"https:\/\/secure.gravatar.com\/avatar\/2115b79a00800516fa1523bb5a329611f90e73e89be559131fc7e82b4fdc95ff?s=96&d=mm&r=g\",\"caption\":\"Rauchfrei Team\"},\"url\":\"https:\/\/rauchfrei.at\/en\/author\/rauchfrei-team\/\"}]}<\/script>\n<!-- \/ Yoast SEO plugin. -->","yoast_head_json":{"title":"Der Rauchstopp sch\u00fctzt auch vor Hautkrebs - Rauchfrei Telefon","robots":{"index":"index","follow":"follow","max-snippet":"max-snippet:-1","max-image-preview":"max-image-preview:large","max-video-preview":"max-video-preview:-1"},"canonical":"https:\/\/rauchfrei.at\/der-rauchstopp-schuetzt-auch-vor-hautkrebs\/","og_locale":"en_US","og_type":"article","og_title":"Der Rauchstopp sch\u00fctzt auch vor Hautkrebs - Rauchfrei Telefon","og_description":"Rauchen wirkt sich auch auf die Haut aus und f\u00f6rdert Hautkrebs. Dieser Blogbeitrag informiert Sie dar\u00fcber, weshalb die Rauchfreiheit das Risiko f\u00fcr Hautkrebs reduzieren kann.","og_url":"https:\/\/rauchfrei.at\/der-rauchstopp-schuetzt-auch-vor-hautkrebs\/","og_site_name":"Rauchfrei Telefon","article_published_time":"2023-08-07T06:00:00+00:00","article_modified_time":"2023-08-09T11:50:09+00:00","author":"Rauchfrei Team","twitter_card":"summary_large_image","twitter_misc":{"Written by":"Rauchfrei Team","Est. reading time":"2 minutes"},"schema":{"@context":"https:\/\/schema.org","@graph":[{"@type":"WebPage","@id":"https:\/\/rauchfrei.at\/der-rauchstopp-schuetzt-auch-vor-hautkrebs\/","url":"https:\/\/rauchfrei.at\/der-rauchstopp-schuetzt-auch-vor-hautkrebs\/","name":"Der Rauchstopp sch\u00fctzt auch vor Hautkrebs - Rauchfrei Telefon","isPartOf":{"@id":"https:\/\/rauchfrei.at\/#website"},"datePublished":"2023-08-07T06:00:00+00:00","dateModified":"2023-08-09T11:50:09+00:00","author":{"@id":"https:\/\/rauchfrei.at\/#\/schema\/person\/504bbf90c5482004fc09aef6de7f9277"},"inLanguage":"en-US","potentialAction":[{"@type":"ReadAction","target":["https:\/\/rauchfrei.at\/der-rauchstopp-schuetzt-auch-vor-hautkrebs\/"]}]},{"@type":"WebSite","@id":"https:\/\/rauchfrei.at\/#website","url":"https:\/\/rauchfrei.at\/","name":"Rauchfrei Telefon","description":"Eine \u00f6sterreichweite Initiative der Sozialversicherungen.","potentialAction":[{"@type":"SearchAction","target":{"@type":"EntryPoint","urlTemplate":"https:\/\/rauchfrei.at\/?s={search_term_string}"},"query-input":{"@type":"PropertyValueSpecification","valueRequired":true,"valueName":"search_term_string"}}],"inLanguage":"en-US"},{"@type":"Person","@id":"https:\/\/rauchfrei.at\/#\/schema\/person\/504bbf90c5482004fc09aef6de7f9277","name":"Rauchfrei Team","image":{"@type":"ImageObject","inLanguage":"en-US","@id":"https:\/\/rauchfrei.at\/#\/schema\/person\/image\/","url":"https:\/\/secure.gravatar.com\/avatar\/2115b79a00800516fa1523bb5a329611f90e73e89be559131fc7e82b4fdc95ff?s=96&d=mm&r=g","contentUrl":"https:\/\/secure.gravatar.com\/avatar\/2115b79a00800516fa1523bb5a329611f90e73e89be559131fc7e82b4fdc95ff?s=96&d=mm&r=g","caption":"Rauchfrei Team"},"url":"https:\/\/rauchfrei.at\/en\/author\/rauchfrei-team\/"}]}},"_links":{"self":[{"href":"https:\/\/rauchfrei.at\/en\/wp-json\/wp\/v2\/posts\/27489","targetHints":{"allow":["GET"]}}],"collection":[{"href":"https:\/\/rauchfrei.at\/en\/wp-json\/wp\/v2\/posts"}],"about":[{"href":"https:\/\/rauchfrei.at\/en\/wp-json\/wp\/v2\/types\/post"}],"author":[{"embeddable":true,"href":"https:\/\/rauchfrei.at\/en\/wp-json\/wp\/v2\/users\/25"}],"replies":[{"embeddable":true,"href":"https:\/\/rauchfrei.at\/en\/wp-json\/wp\/v2\/comments?post=27489"}],"version-history":[{"count":5,"href":"https:\/\/rauchfrei.at\/en\/wp-json\/wp\/v2\/posts\/27489\/revisions"}],"predecessor-version":[{"id":27496,"href":"https:\/\/rauchfrei.at\/en\/wp-json\/wp\/v2\/posts\/27489\/revisions\/27496"}],"wp:attachment":[{"href":"https:\/\/rauchfrei.at\/en\/wp-json\/wp\/v2\/media?parent=27489"}],"wp:term":[{"taxonomy":"category","embeddable":true,"href":"https:\/\/rauchfrei.at\/en\/wp-json\/wp\/v2\/categories?post=27489"},{"taxonomy":"post_tag","embeddable":true,"href":"https:\/\/rauchfrei.at\/en\/wp-json\/wp\/v2\/tags?post=27489"}],"curies":[{"name":"wp","href":"https:\/\/api.w.org\/{rel}","templated":true}]}}