
{"id":27532,"date":"2023-08-21T08:00:00","date_gmt":"2023-08-21T06:00:00","guid":{"rendered":"https:\/\/rauchfrei.at\/?p=27532"},"modified":"2023-08-16T11:27:09","modified_gmt":"2023-08-16T09:27:09","slug":"who-bericht-zum-weltweiten-tabakkonsum-und-den-vermeidbaren-folgen","status":"publish","type":"post","link":"https:\/\/rauchfrei.at\/en\/who-bericht-zum-weltweiten-tabakkonsum-und-den-vermeidbaren-folgen\/","title":{"rendered":"WHO Bericht zum weltweiten Tabakkonsum und den vermeidbaren Folgen"},"content":{"rendered":"\n[et_pb_section fb_built=&#8221;1&#8243; module_class=&#8221;header&#8221; _builder_version=&#8221;4.16&#8243; global_colors_info=&#8221;{}&#8221;][et_pb_row _builder_version=&#8221;4.16&#8243; global_colors_info=&#8221;{}&#8221;][et_pb_column type=&#8221;4_4&#8243; _builder_version=&#8221;4.16&#8243; custom_padding=&#8221;|||&#8221; global_colors_info=&#8221;{}&#8221; custom_padding__hover=&#8221;|||&#8221;][et_pb_dp_dmb_module_10001 subheadline=&#8221;Die WHO unterst\u00fctzt weiterhin erfolgreich Ma\u00dfnahmen gegen die globale Tabak-Epidemie&#8221; _builder_version=&#8221;4.21.0&#8243; global_colors_info=&#8221;{}&#8221;][\/et_pb_dp_dmb_module_10001][\/et_pb_column][\/et_pb_row][\/et_pb_section][et_pb_section fb_built=&#8221;1&#8243; _builder_version=&#8221;4.16&#8243; custom_padding=&#8221;30px|||&#8221; global_colors_info=&#8221;{}&#8221;][et_pb_row column_structure=&#8221;2_3,1_3&#8243; _builder_version=&#8221;4.16&#8243; global_colors_info=&#8221;{}&#8221;][et_pb_column type=&#8221;2_3&#8243; module_class=&#8221;blog-content&#8221; _builder_version=&#8221;4.16&#8243; custom_padding=&#8221;|||&#8221; global_colors_info=&#8221;{}&#8221; custom_padding__hover=&#8221;|||&#8221;][et_pb_text _builder_version=&#8221;4.21.0&#8243; global_colors_info=&#8221;{}&#8221;]<p>Mauritius als erstes afrikanisches und die Niederlande als erstes europ\u00e4isches Land setzen aktuell das gesamte Ma\u00dfnahmenb\u00fcndel der von der WHO empfohlenen Mechanismen zur Tabakkontrolle um.<\/p>\n<p>Dabei handelt es sich zum Beispiel um rauchfreie \u00f6ffentliche Pl\u00e4tze. In einer rauchfreien Umwelt k\u00f6nnen Menschen saubere Luft atmen und sind vor dem gef\u00e4hrlichen Passivrauch gesch\u00fctzt. Junge Menschen geraten weniger in Versuchung mit dem Rauchen oder der Konsumation tabak- und nikotinhaltiger Produkte (wie z.B. E-Zigaretten oder Nikotinbeutel) zu beginnen. Personen, die rauchen, gelingt es dadurch leichter rauchfrei zu werden.<\/p>\n<p>Diese Erfahrungen h\u00f6ren wir auch in der Beratung am Rauchfrei Telefon h\u00e4ufig. F\u00fcr Menschen, die gerade rauchfrei geworden sind, ist es wahrscheinlicher dabei zu bleiben, wenn die Umgebung rauchfrei ist und sie dadurch weniger Gelegenheiten bekommen, zur Zigarette zu greifen.<\/p>\n<p>Trotz aller Erfolge und dem Umstand, dass die Anzahl rauchender Personen sinkt, bleibt Tabak immer noch die Hauptursache f\u00fcr die meisten vermeidbaren Todesf\u00e4lle weltweit.<\/p>\n<p>Quellen: <a href=\"https:\/\/www.who.int\/publications\/i\/item\/9789240077164\">https:\/\/www.who.int\/publications\/i\/item\/9789240077164<\/a><\/p>\n<p><a href=\"https:\/\/www.who.int\/news\/item\/31-07-2023-seven-out-of-10-people-protected-by-at-least-one-tobacco-control-measure\">https:\/\/www.who.int\/news\/item\/31-07-2023-seven-out-of-10-people-protected-by-at-least-one-tobacco-control-measure<\/a><\/p>\n<p>&nbsp;<\/p>[\/et_pb_text][et_pb_post_nav in_same_term=&#8221;off&#8221; _builder_version=&#8221;4.16&#8243; global_colors_info=&#8221;{}&#8221;][\/et_pb_post_nav][\/et_pb_column][et_pb_column type=&#8221;1_3&#8243; module_class=&#8221;cat-and-tag&#8221; _builder_version=&#8221;4.16&#8243; custom_padding=&#8221;|||&#8221; global_colors_info=&#8221;{}&#8221; custom_padding__hover=&#8221;|||&#8221;][et_pb_sidebar area=&#8221;et_pb_widget_area_1&#8243; _builder_version=&#8221;4.16&#8243; global_colors_info=&#8221;{}&#8221;][\/et_pb_sidebar][et_pb_dp_dmb_module_10093 farbe=&#8221;blitzblau&#8221; headline=&#8221;Tabak- und Nikotinprodukte&#8221; image=&#8221;https:\/\/rauchfrei.at\/wp-content\/uploads\/Dampfmaedel_RGB_RZ.png&#8221; image_position=&#8221;center&#8221; link_text=&#8221;mehr Informationen&#8221; link_url=&#8221;https:\/\/rauchfrei.at\/fakten\/andere-tabakprodukte\/&#8221; admin_label=&#8221;Tabak- und Nikotinprodukte&#8221; _builder_version=&#8221;4.20.4&#8243; _module_preset=&#8221;default&#8221; global_module=&#8221;26833&#8243; saved_tabs=&#8221;all&#8221; global_colors_info=&#8221;{}&#8221;]<p>Was ist wo drin?<\/p>\n[\/et_pb_dp_dmb_module_10093][\/et_pb_column][\/et_pb_row][\/et_pb_section]\n","protected":false},"excerpt":{"rendered":"<p>Die neuen Daten der WHO zeigen, dass immer mehr Menschen vor den Auswirkungen des Tabakkonsums gesch\u00fctzt werden k\u00f6nnen. Die Ma\u00dfnahmen mehrerer L\u00e4nder zeigen positive Folgen.<\/p>\n","protected":false},"author":25,"featured_media":0,"comment_status":"open","ping_status":"open","sticky":false,"template":"","format":"standard","meta":{"_et_pb_use_builder":"on","_et_pb_old_content":"","_et_gb_content_width":"2880","footnotes":""},"categories":[237],"tags":[],"class_list":["post-27532","post","type-post","status-publish","format-standard","hentry","category-literatur-und-hintergrundwissen"],"yoast_head":"<!-- This site is optimized with the Yoast SEO plugin v26.2 - https:\/\/yoast.com\/wordpress\/plugins\/seo\/ -->\n<title>WHO Bericht zum weltweiten Tabakkonsum und den vermeidbaren Folgen - Rauchfrei Telefon<\/title>\n<meta name=\"robots\" content=\"index, follow, max-snippet:-1, max-image-preview:large, max-video-preview:-1\" \/>\n<link rel=\"canonical\" href=\"https:\/\/rauchfrei.at\/who-bericht-zum-weltweiten-tabakkonsum-und-den-vermeidbaren-folgen\/\" \/>\n<meta property=\"og:locale\" content=\"en_US\" \/>\n<meta property=\"og:type\" content=\"article\" \/>\n<meta property=\"og:title\" content=\"WHO Bericht zum weltweiten Tabakkonsum und den vermeidbaren Folgen - Rauchfrei Telefon\" \/>\n<meta property=\"og:description\" content=\"Die neuen Daten der WHO zeigen, dass immer mehr Menschen vor den Auswirkungen des Tabakkonsums gesch\u00fctzt werden k\u00f6nnen. Die Ma\u00dfnahmen mehrerer L\u00e4nder zeigen positive Folgen.\" \/>\n<meta property=\"og:url\" content=\"https:\/\/rauchfrei.at\/who-bericht-zum-weltweiten-tabakkonsum-und-den-vermeidbaren-folgen\/\" \/>\n<meta property=\"og:site_name\" content=\"Rauchfrei Telefon\" \/>\n<meta property=\"article:published_time\" content=\"2023-08-21T06:00:00+00:00\" \/>\n<meta name=\"author\" content=\"Rauchfrei Team\" \/>\n<meta name=\"twitter:card\" content=\"summary_large_image\" \/>\n<meta name=\"twitter:label1\" content=\"Written by\" \/>\n\t<meta name=\"twitter:data1\" content=\"Rauchfrei Team\" \/>\n<script type=\"application\/ld+json\" class=\"yoast-schema-graph\">{\"@context\":\"https:\/\/schema.org\",\"@graph\":[{\"@type\":\"WebPage\",\"@id\":\"https:\/\/rauchfrei.at\/who-bericht-zum-weltweiten-tabakkonsum-und-den-vermeidbaren-folgen\/\",\"url\":\"https:\/\/rauchfrei.at\/who-bericht-zum-weltweiten-tabakkonsum-und-den-vermeidbaren-folgen\/\",\"name\":\"WHO Bericht zum weltweiten Tabakkonsum und den vermeidbaren Folgen - Rauchfrei Telefon\",\"isPartOf\":{\"@id\":\"https:\/\/rauchfrei.at\/#website\"},\"datePublished\":\"2023-08-21T06:00:00+00:00\",\"author\":{\"@id\":\"https:\/\/rauchfrei.at\/#\/schema\/person\/504bbf90c5482004fc09aef6de7f9277\"},\"inLanguage\":\"en-US\",\"potentialAction\":[{\"@type\":\"ReadAction\",\"target\":[\"https:\/\/rauchfrei.at\/who-bericht-zum-weltweiten-tabakkonsum-und-den-vermeidbaren-folgen\/\"]}]},{\"@type\":\"WebSite\",\"@id\":\"https:\/\/rauchfrei.at\/#website\",\"url\":\"https:\/\/rauchfrei.at\/\",\"name\":\"Rauchfrei Telefon\",\"description\":\"Eine \u00f6sterreichweite Initiative der Sozialversicherungen.\",\"potentialAction\":[{\"@type\":\"SearchAction\",\"target\":{\"@type\":\"EntryPoint\",\"urlTemplate\":\"https:\/\/rauchfrei.at\/?s={search_term_string}\"},\"query-input\":{\"@type\":\"PropertyValueSpecification\",\"valueRequired\":true,\"valueName\":\"search_term_string\"}}],\"inLanguage\":\"en-US\"},{\"@type\":\"Person\",\"@id\":\"https:\/\/rauchfrei.at\/#\/schema\/person\/504bbf90c5482004fc09aef6de7f9277\",\"name\":\"Rauchfrei Team\",\"image\":{\"@type\":\"ImageObject\",\"inLanguage\":\"en-US\",\"@id\":\"https:\/\/rauchfrei.at\/#\/schema\/person\/image\/\",\"url\":\"https:\/\/secure.gravatar.com\/avatar\/2115b79a00800516fa1523bb5a329611f90e73e89be559131fc7e82b4fdc95ff?s=96&d=mm&r=g\",\"contentUrl\":\"https:\/\/secure.gravatar.com\/avatar\/2115b79a00800516fa1523bb5a329611f90e73e89be559131fc7e82b4fdc95ff?s=96&d=mm&r=g\",\"caption\":\"Rauchfrei Team\"},\"url\":\"https:\/\/rauchfrei.at\/en\/author\/rauchfrei-team\/\"}]}<\/script>\n<!-- \/ Yoast SEO plugin. -->","yoast_head_json":{"title":"WHO Bericht zum weltweiten Tabakkonsum und den vermeidbaren Folgen - Rauchfrei Telefon","robots":{"index":"index","follow":"follow","max-snippet":"max-snippet:-1","max-image-preview":"max-image-preview:large","max-video-preview":"max-video-preview:-1"},"canonical":"https:\/\/rauchfrei.at\/who-bericht-zum-weltweiten-tabakkonsum-und-den-vermeidbaren-folgen\/","og_locale":"en_US","og_type":"article","og_title":"WHO Bericht zum weltweiten Tabakkonsum und den vermeidbaren Folgen - Rauchfrei Telefon","og_description":"Die neuen Daten der WHO zeigen, dass immer mehr Menschen vor den Auswirkungen des Tabakkonsums gesch\u00fctzt werden k\u00f6nnen. Die Ma\u00dfnahmen mehrerer L\u00e4nder zeigen positive Folgen.","og_url":"https:\/\/rauchfrei.at\/who-bericht-zum-weltweiten-tabakkonsum-und-den-vermeidbaren-folgen\/","og_site_name":"Rauchfrei Telefon","article_published_time":"2023-08-21T06:00:00+00:00","author":"Rauchfrei Team","twitter_card":"summary_large_image","twitter_misc":{"Written by":"Rauchfrei Team"},"schema":{"@context":"https:\/\/schema.org","@graph":[{"@type":"WebPage","@id":"https:\/\/rauchfrei.at\/who-bericht-zum-weltweiten-tabakkonsum-und-den-vermeidbaren-folgen\/","url":"https:\/\/rauchfrei.at\/who-bericht-zum-weltweiten-tabakkonsum-und-den-vermeidbaren-folgen\/","name":"WHO Bericht zum weltweiten Tabakkonsum und den vermeidbaren Folgen - Rauchfrei Telefon","isPartOf":{"@id":"https:\/\/rauchfrei.at\/#website"},"datePublished":"2023-08-21T06:00:00+00:00","author":{"@id":"https:\/\/rauchfrei.at\/#\/schema\/person\/504bbf90c5482004fc09aef6de7f9277"},"inLanguage":"en-US","potentialAction":[{"@type":"ReadAction","target":["https:\/\/rauchfrei.at\/who-bericht-zum-weltweiten-tabakkonsum-und-den-vermeidbaren-folgen\/"]}]},{"@type":"WebSite","@id":"https:\/\/rauchfrei.at\/#website","url":"https:\/\/rauchfrei.at\/","name":"Rauchfrei Telefon","description":"Eine \u00f6sterreichweite Initiative der Sozialversicherungen.","potentialAction":[{"@type":"SearchAction","target":{"@type":"EntryPoint","urlTemplate":"https:\/\/rauchfrei.at\/?s={search_term_string}"},"query-input":{"@type":"PropertyValueSpecification","valueRequired":true,"valueName":"search_term_string"}}],"inLanguage":"en-US"},{"@type":"Person","@id":"https:\/\/rauchfrei.at\/#\/schema\/person\/504bbf90c5482004fc09aef6de7f9277","name":"Rauchfrei Team","image":{"@type":"ImageObject","inLanguage":"en-US","@id":"https:\/\/rauchfrei.at\/#\/schema\/person\/image\/","url":"https:\/\/secure.gravatar.com\/avatar\/2115b79a00800516fa1523bb5a329611f90e73e89be559131fc7e82b4fdc95ff?s=96&d=mm&r=g","contentUrl":"https:\/\/secure.gravatar.com\/avatar\/2115b79a00800516fa1523bb5a329611f90e73e89be559131fc7e82b4fdc95ff?s=96&d=mm&r=g","caption":"Rauchfrei Team"},"url":"https:\/\/rauchfrei.at\/en\/author\/rauchfrei-team\/"}]}},"_links":{"self":[{"href":"https:\/\/rauchfrei.at\/en\/wp-json\/wp\/v2\/posts\/27532","targetHints":{"allow":["GET"]}}],"collection":[{"href":"https:\/\/rauchfrei.at\/en\/wp-json\/wp\/v2\/posts"}],"about":[{"href":"https:\/\/rauchfrei.at\/en\/wp-json\/wp\/v2\/types\/post"}],"author":[{"embeddable":true,"href":"https:\/\/rauchfrei.at\/en\/wp-json\/wp\/v2\/users\/25"}],"replies":[{"embeddable":true,"href":"https:\/\/rauchfrei.at\/en\/wp-json\/wp\/v2\/comments?post=27532"}],"version-history":[{"count":6,"href":"https:\/\/rauchfrei.at\/en\/wp-json\/wp\/v2\/posts\/27532\/revisions"}],"predecessor-version":[{"id":27538,"href":"https:\/\/rauchfrei.at\/en\/wp-json\/wp\/v2\/posts\/27532\/revisions\/27538"}],"wp:attachment":[{"href":"https:\/\/rauchfrei.at\/en\/wp-json\/wp\/v2\/media?parent=27532"}],"wp:term":[{"taxonomy":"category","embeddable":true,"href":"https:\/\/rauchfrei.at\/en\/wp-json\/wp\/v2\/categories?post=27532"},{"taxonomy":"post_tag","embeddable":true,"href":"https:\/\/rauchfrei.at\/en\/wp-json\/wp\/v2\/tags?post=27532"}],"curies":[{"name":"wp","href":"https:\/\/api.w.org\/{rel}","templated":true}]}}