
{"id":27669,"date":"2023-10-30T08:00:00","date_gmt":"2023-10-30T06:00:00","guid":{"rendered":"https:\/\/rauchfrei.at\/?p=27669"},"modified":"2023-10-18T14:06:14","modified_gmt":"2023-10-18T12:06:14","slug":"november-rauchfrei-2023-ich-mache-mit","status":"publish","type":"post","link":"https:\/\/rauchfrei.at\/en\/november-rauchfrei-2023-ich-mache-mit\/","title":{"rendered":"November Rauchfrei 2023 \u2013 Ich mache mit!"},"content":{"rendered":"\n[et_pb_section fb_built=&#8221;1&#8243; module_class=&#8221;header&#8221; _builder_version=&#8221;4.16&#8243; global_colors_info=&#8221;{}&#8221;][et_pb_row _builder_version=&#8221;4.16&#8243; global_colors_info=&#8221;{}&#8221;][et_pb_column type=&#8221;4_4&#8243; _builder_version=&#8221;4.16&#8243; custom_padding=&#8221;|||&#8221; global_colors_info=&#8221;{}&#8221; custom_padding__hover=&#8221;|||&#8221;][et_pb_dp_dmb_module_10001 subheadline=&#8221;G\u00f6nnen Sie sich eine Pause vom rauchen, heeten, dampfen, vapen oder snusen! Diese Pause tut Ihnen gut und macht vielleicht Lust auf mehr.&#8221; _builder_version=&#8221;4.22.1&#8243; global_colors_info=&#8221;{}&#8221;][\/et_pb_dp_dmb_module_10001][\/et_pb_column][\/et_pb_row][\/et_pb_section][et_pb_section fb_built=&#8221;1&#8243; _builder_version=&#8221;4.16&#8243; custom_padding=&#8221;30px|||&#8221; global_colors_info=&#8221;{}&#8221;][et_pb_row column_structure=&#8221;2_3,1_3&#8243; _builder_version=&#8221;4.16&#8243; global_colors_info=&#8221;{}&#8221;][et_pb_column type=&#8221;2_3&#8243; module_class=&#8221;blog-content&#8221; _builder_version=&#8221;4.16&#8243; custom_padding=&#8221;|||&#8221; global_colors_info=&#8221;{}&#8221; custom_padding__hover=&#8221;|||&#8221;][et_pb_image src=&#8221;https:\/\/rauchfrei.at\/wp-content\/uploads\/November_Rauchfrei_Sujet_breit_2020-1-scaled.jpg&#8221; title_text=&#8221;November_Rauchfrei_Sujet_breit_2020&#8243; align_tablet=&#8221;center&#8221; align_phone=&#8221;center&#8221; align_last_edited=&#8221;on|desktop&#8221; _builder_version=&#8221;4.22.1&#8243; always_center_on_mobile=&#8221;on&#8221; global_colors_info=&#8221;{}&#8221;][\/et_pb_image][et_pb_text _builder_version=&#8221;4.22.1&#8243; hover_enabled=&#8221;0&#8243; global_colors_info=&#8221;{}&#8221; sticky_enabled=&#8221;0&#8243;]<div>Das Rauchfrei Telefon unterst\u00fctzt auch heuer mit dem NOVEMBER RAUCHFREI alle Menschen, die rauchfrei werden und bleiben wollen. Wir unterst\u00fctzen auch alle jene, die vorerst einmal ausprobieren wollen, was passiert, wenn sie ihr Leben f\u00fcr eine selbstbestimmte Zeit frei von Tabak und Nikotin gestalten.<\/div>\n<div><\/div>\n<ul>\n<li>Rauchen Sie gerne und sp\u00fcren Sie, dass es Ihnen schadet?<\/li>\n<li>Haben Sie die letzten Jahre tagt\u00e4glich geraucht oder Nikotin konsumiert?<\/li>\n<li>Haben Sie das Gef\u00fchl, die Zigarette bestimmt Ihren Tagesablauf?<\/li>\n<li>Werden Sie \u00e4rgerlich, wenn Sie kein Nikotin bekommen?<\/li>\n<li>Wollen Sie sich beweisen, dass Sie jederzeit das Rauchen, Heeten, Vapen, Snusen oder Dampfen beenden k\u00f6nnen?<\/li>\n<li>Wollen Sie Ihrer Gesundheit und der Umwelt etwas Gutes tun?<\/li>\n<\/ul>\n<div><\/div>\n<div>Dann laden wir Sie ein, beim November Rauchfrei mitzumachen! Verbringen Sie eine selbstgew\u00e4hlte \u00a0Zeit frei von Tabak und Nikotin. Von einem Tag bis hin zu einem Monat oder dem Rest des Lebens &#8230; wir begleiten Sie dabei! Wir beraten und informieren Sie zu allen Aspekten des Themas Tabak- und Nikotinkonsum. Mit Vorbereitung und Unterst\u00fctzung gelingt die Rauchfreiheit leichter als alleine.<\/div>\n<div><\/div>\n<div><\/div>\n<div>Wenn Sie Ihre pers\u00f6nliche \u201eNovember Rauchfrei Challenge\u201c in den sozialen Medien zeigen wollen, finden Sie hier ein <a href=\"https:\/\/rauchfrei.at\/wp-content\/uploads\/November_Rauchfrei_Profilbild_2020.jpg\" target=\"_blank\" rel=\"noopener\">Profilbild zum Download<\/a><\/div>\n<div><\/div>\n<div><\/div>\n<div>Vielleicht geht es Ihnen wie Pippi Langstrumpf:<\/div>\n<div>\u201eDas habe ich noch nie vorher versucht, daher bin ich v\u00f6llig sicher, dass ich es schaffe.\u201c<\/div>\n<div><\/div>\n<div>Wir freuen uns auf Ihren Anruf!<\/div>\n<div><\/div>\n<div>Hier finden Sie das <a href=\"https:\/\/rauchfrei.at\/wp-content\/uploads\/Poster-November-Rauchfrei.png\" target=\"_blank\" rel=\"noopener\">Poster zum Download<\/a><\/div>\n<div><\/div>\n<div>Link: <a href=\"https:\/\/rauchfrei.at\/november-rauchfrei\">https:\/\/rauchfrei.at\/november-rauchfrei<\/a><\/div>\n<p>&nbsp;<\/p>[\/et_pb_text][et_pb_post_nav in_same_term=&#8221;off&#8221; _builder_version=&#8221;4.16&#8243; global_colors_info=&#8221;{}&#8221;][\/et_pb_post_nav][\/et_pb_column][et_pb_column type=&#8221;1_3&#8243; module_class=&#8221;cat-and-tag&#8221; _builder_version=&#8221;4.16&#8243; custom_padding=&#8221;|||&#8221; global_colors_info=&#8221;{}&#8221; custom_padding__hover=&#8221;|||&#8221;][et_pb_dp_dmb_module_10093 farbe=&#8221;blitzblau&#8221; headline=&#8221;Tabak- und Nikotinprodukte&#8221; image=&#8221;https:\/\/rauchfrei.at\/wp-content\/uploads\/Dampfmaedel_RGB_RZ.png&#8221; image_position=&#8221;center&#8221; link_text=&#8221;mehr Informationen&#8221; link_url=&#8221;https:\/\/rauchfrei.at\/fakten\/andere-tabakprodukte\/&#8221; admin_label=&#8221;Tabak- und Nikotinprodukte&#8221; _builder_version=&#8221;4.20.4&#8243; _module_preset=&#8221;default&#8221; global_module=&#8221;26833&#8243; saved_tabs=&#8221;all&#8221; global_colors_info=&#8221;{}&#8221;]<p>Was ist wo drin?<\/p>\n[\/et_pb_dp_dmb_module_10093][et_pb_dp_dmb_module_10093 farbe=&#8221;blitzblau&#8221; image=&#8221;https:\/\/rauchfrei.at\/wp-content\/uploads\/Nov_Rauchfreiv02.png&#8221; image_position=&#8221;center&#8221; link_text=&#8221;mehr dazu&#8221; link_url=&#8221;https:\/\/rauchfrei.at\/aufhoeren\/november-rauchfrei\/&#8221; admin_label=&#8221;November rauchfrei&#8221; _builder_version=&#8221;4.18.0&#8243; z_index_tablet=&#8221;500&#8243; global_module=&#8221;17470&#8243; saved_tabs=&#8221;all&#8221; global_colors_info=&#8221;{}&#8221;][\/et_pb_dp_dmb_module_10093][\/et_pb_column][\/et_pb_row][\/et_pb_section]\n","protected":false},"excerpt":{"rendered":"<p>Das Rauchfrei Telefon l\u00e4dt Sie auch heuer wieder zum Abenteuer \u201eNOVEMBER RAUCHFREI\u201c ein. Es geht darum, f\u00fcr sich selbst einen Zeitraum frei von Tabak- und Nikotinkonsum zu bestimmen. Das Team des Rauchfrei Telefons hilft Ihnen gerne dabei.<\/p>\n","protected":false},"author":25,"featured_media":0,"comment_status":"open","ping_status":"open","sticky":false,"template":"","format":"standard","meta":{"_et_pb_use_builder":"on","_et_pb_old_content":"","_et_gb_content_width":"2880","footnotes":""},"categories":[235,232,236],"tags":[],"class_list":["post-27669","post","type-post","status-publish","format-standard","hentry","category-gesundheit-und-rauchstopp","category-nachrichten-vom-rauchfrei-telefon","category-nicht-kategorisiert"],"yoast_head":"<!-- This site is optimized with the Yoast SEO plugin v26.2 - https:\/\/yoast.com\/wordpress\/plugins\/seo\/ -->\n<title>November Rauchfrei 2023 \u2013 Ich mache mit! - Rauchfrei Telefon<\/title>\n<meta name=\"robots\" content=\"index, follow, max-snippet:-1, max-image-preview:large, max-video-preview:-1\" \/>\n<link rel=\"canonical\" href=\"https:\/\/rauchfrei.at\/november-rauchfrei-2023-ich-mache-mit\/\" \/>\n<meta property=\"og:locale\" content=\"en_US\" \/>\n<meta property=\"og:type\" content=\"article\" \/>\n<meta property=\"og:title\" content=\"November Rauchfrei 2023 \u2013 Ich mache mit! - Rauchfrei Telefon\" \/>\n<meta property=\"og:description\" content=\"Das Rauchfrei Telefon l\u00e4dt Sie auch heuer wieder zum Abenteuer \u201eNOVEMBER RAUCHFREI\u201c ein. Es geht darum, f\u00fcr sich selbst einen Zeitraum frei von Tabak- und Nikotinkonsum zu bestimmen. Das Team des Rauchfrei Telefons hilft Ihnen gerne dabei.\" \/>\n<meta property=\"og:url\" content=\"https:\/\/rauchfrei.at\/november-rauchfrei-2023-ich-mache-mit\/\" \/>\n<meta property=\"og:site_name\" content=\"Rauchfrei Telefon\" \/>\n<meta property=\"article:published_time\" content=\"2023-10-30T06:00:00+00:00\" \/>\n<meta name=\"author\" content=\"Rauchfrei Team\" \/>\n<meta name=\"twitter:card\" content=\"summary_large_image\" \/>\n<meta name=\"twitter:label1\" content=\"Written by\" \/>\n\t<meta name=\"twitter:data1\" content=\"Rauchfrei Team\" \/>\n\t<meta name=\"twitter:label2\" content=\"Est. reading time\" \/>\n\t<meta name=\"twitter:data2\" content=\"2 minutes\" \/>\n<script type=\"application\/ld+json\" class=\"yoast-schema-graph\">{\"@context\":\"https:\/\/schema.org\",\"@graph\":[{\"@type\":\"WebPage\",\"@id\":\"https:\/\/rauchfrei.at\/november-rauchfrei-2023-ich-mache-mit\/\",\"url\":\"https:\/\/rauchfrei.at\/november-rauchfrei-2023-ich-mache-mit\/\",\"name\":\"November Rauchfrei 2023 \u2013 Ich mache mit! - Rauchfrei Telefon\",\"isPartOf\":{\"@id\":\"https:\/\/rauchfrei.at\/#website\"},\"datePublished\":\"2023-10-30T06:00:00+00:00\",\"author\":{\"@id\":\"https:\/\/rauchfrei.at\/#\/schema\/person\/504bbf90c5482004fc09aef6de7f9277\"},\"inLanguage\":\"en-US\",\"potentialAction\":[{\"@type\":\"ReadAction\",\"target\":[\"https:\/\/rauchfrei.at\/november-rauchfrei-2023-ich-mache-mit\/\"]}]},{\"@type\":\"WebSite\",\"@id\":\"https:\/\/rauchfrei.at\/#website\",\"url\":\"https:\/\/rauchfrei.at\/\",\"name\":\"Rauchfrei Telefon\",\"description\":\"Eine \u00f6sterreichweite Initiative der Sozialversicherungen.\",\"potentialAction\":[{\"@type\":\"SearchAction\",\"target\":{\"@type\":\"EntryPoint\",\"urlTemplate\":\"https:\/\/rauchfrei.at\/?s={search_term_string}\"},\"query-input\":{\"@type\":\"PropertyValueSpecification\",\"valueRequired\":true,\"valueName\":\"search_term_string\"}}],\"inLanguage\":\"en-US\"},{\"@type\":\"Person\",\"@id\":\"https:\/\/rauchfrei.at\/#\/schema\/person\/504bbf90c5482004fc09aef6de7f9277\",\"name\":\"Rauchfrei Team\",\"image\":{\"@type\":\"ImageObject\",\"inLanguage\":\"en-US\",\"@id\":\"https:\/\/rauchfrei.at\/#\/schema\/person\/image\/\",\"url\":\"https:\/\/secure.gravatar.com\/avatar\/2115b79a00800516fa1523bb5a329611f90e73e89be559131fc7e82b4fdc95ff?s=96&d=mm&r=g\",\"contentUrl\":\"https:\/\/secure.gravatar.com\/avatar\/2115b79a00800516fa1523bb5a329611f90e73e89be559131fc7e82b4fdc95ff?s=96&d=mm&r=g\",\"caption\":\"Rauchfrei Team\"},\"url\":\"https:\/\/rauchfrei.at\/en\/author\/rauchfrei-team\/\"}]}<\/script>\n<!-- \/ Yoast SEO plugin. -->","yoast_head_json":{"title":"November Rauchfrei 2023 \u2013 Ich mache mit! - Rauchfrei Telefon","robots":{"index":"index","follow":"follow","max-snippet":"max-snippet:-1","max-image-preview":"max-image-preview:large","max-video-preview":"max-video-preview:-1"},"canonical":"https:\/\/rauchfrei.at\/november-rauchfrei-2023-ich-mache-mit\/","og_locale":"en_US","og_type":"article","og_title":"November Rauchfrei 2023 \u2013 Ich mache mit! - Rauchfrei Telefon","og_description":"Das Rauchfrei Telefon l\u00e4dt Sie auch heuer wieder zum Abenteuer \u201eNOVEMBER RAUCHFREI\u201c ein. Es geht darum, f\u00fcr sich selbst einen Zeitraum frei von Tabak- und Nikotinkonsum zu bestimmen. Das Team des Rauchfrei Telefons hilft Ihnen gerne dabei.","og_url":"https:\/\/rauchfrei.at\/november-rauchfrei-2023-ich-mache-mit\/","og_site_name":"Rauchfrei Telefon","article_published_time":"2023-10-30T06:00:00+00:00","author":"Rauchfrei Team","twitter_card":"summary_large_image","twitter_misc":{"Written by":"Rauchfrei Team","Est. reading time":"2 minutes"},"schema":{"@context":"https:\/\/schema.org","@graph":[{"@type":"WebPage","@id":"https:\/\/rauchfrei.at\/november-rauchfrei-2023-ich-mache-mit\/","url":"https:\/\/rauchfrei.at\/november-rauchfrei-2023-ich-mache-mit\/","name":"November Rauchfrei 2023 \u2013 Ich mache mit! - Rauchfrei Telefon","isPartOf":{"@id":"https:\/\/rauchfrei.at\/#website"},"datePublished":"2023-10-30T06:00:00+00:00","author":{"@id":"https:\/\/rauchfrei.at\/#\/schema\/person\/504bbf90c5482004fc09aef6de7f9277"},"inLanguage":"en-US","potentialAction":[{"@type":"ReadAction","target":["https:\/\/rauchfrei.at\/november-rauchfrei-2023-ich-mache-mit\/"]}]},{"@type":"WebSite","@id":"https:\/\/rauchfrei.at\/#website","url":"https:\/\/rauchfrei.at\/","name":"Rauchfrei Telefon","description":"Eine \u00f6sterreichweite Initiative der Sozialversicherungen.","potentialAction":[{"@type":"SearchAction","target":{"@type":"EntryPoint","urlTemplate":"https:\/\/rauchfrei.at\/?s={search_term_string}"},"query-input":{"@type":"PropertyValueSpecification","valueRequired":true,"valueName":"search_term_string"}}],"inLanguage":"en-US"},{"@type":"Person","@id":"https:\/\/rauchfrei.at\/#\/schema\/person\/504bbf90c5482004fc09aef6de7f9277","name":"Rauchfrei Team","image":{"@type":"ImageObject","inLanguage":"en-US","@id":"https:\/\/rauchfrei.at\/#\/schema\/person\/image\/","url":"https:\/\/secure.gravatar.com\/avatar\/2115b79a00800516fa1523bb5a329611f90e73e89be559131fc7e82b4fdc95ff?s=96&d=mm&r=g","contentUrl":"https:\/\/secure.gravatar.com\/avatar\/2115b79a00800516fa1523bb5a329611f90e73e89be559131fc7e82b4fdc95ff?s=96&d=mm&r=g","caption":"Rauchfrei Team"},"url":"https:\/\/rauchfrei.at\/en\/author\/rauchfrei-team\/"}]}},"_links":{"self":[{"href":"https:\/\/rauchfrei.at\/en\/wp-json\/wp\/v2\/posts\/27669","targetHints":{"allow":["GET"]}}],"collection":[{"href":"https:\/\/rauchfrei.at\/en\/wp-json\/wp\/v2\/posts"}],"about":[{"href":"https:\/\/rauchfrei.at\/en\/wp-json\/wp\/v2\/types\/post"}],"author":[{"embeddable":true,"href":"https:\/\/rauchfrei.at\/en\/wp-json\/wp\/v2\/users\/25"}],"replies":[{"embeddable":true,"href":"https:\/\/rauchfrei.at\/en\/wp-json\/wp\/v2\/comments?post=27669"}],"version-history":[{"count":10,"href":"https:\/\/rauchfrei.at\/en\/wp-json\/wp\/v2\/posts\/27669\/revisions"}],"predecessor-version":[{"id":27684,"href":"https:\/\/rauchfrei.at\/en\/wp-json\/wp\/v2\/posts\/27669\/revisions\/27684"}],"wp:attachment":[{"href":"https:\/\/rauchfrei.at\/en\/wp-json\/wp\/v2\/media?parent=27669"}],"wp:term":[{"taxonomy":"category","embeddable":true,"href":"https:\/\/rauchfrei.at\/en\/wp-json\/wp\/v2\/categories?post=27669"},{"taxonomy":"post_tag","embeddable":true,"href":"https:\/\/rauchfrei.at\/en\/wp-json\/wp\/v2\/tags?post=27669"}],"curies":[{"name":"wp","href":"https:\/\/api.w.org\/{rel}","templated":true}]}}