
{"id":28398,"date":"2023-12-12T13:26:09","date_gmt":"2023-12-12T11:26:09","guid":{"rendered":"https:\/\/rauchfrei.at\/?p=28398"},"modified":"2023-12-12T13:28:14","modified_gmt":"2023-12-12T11:28:14","slug":"die-21-deutsche-konferenz-fuer-tabakkontrolle","status":"publish","type":"post","link":"https:\/\/rauchfrei.at\/en\/die-21-deutsche-konferenz-fuer-tabakkontrolle\/","title":{"rendered":"Die 21. Deutsche Konferenz f\u00fcr Tabakkontrolle"},"content":{"rendered":"<p>[et_pb_section fb_built=&#8221;1&#8243; module_class=&#8221;header&#8221; _builder_version=&#8221;4.16&#8243; global_colors_info=&#8221;{}&#8221;][et_pb_row _builder_version=&#8221;4.16&#8243; global_colors_info=&#8221;{}&#8221;][et_pb_column type=&#8221;4_4&#8243; _builder_version=&#8221;4.16&#8243; custom_padding=&#8221;|||&#8221; global_colors_info=&#8221;{}&#8221; custom_padding__hover=&#8221;|||&#8221;][et_pb_dp_dmb_module_10001 subheadline=&#8221;Wirksame M\u00f6glichkeiten zur Pr\u00e4vention, Kontrolle und Entw\u00f6hnung von Tabak und Nikotin&#8221; _builder_version=&#8221;4.23.1&#8243; global_colors_info=&#8221;{}&#8221;][\/et_pb_dp_dmb_module_10001][\/et_pb_column][\/et_pb_row][\/et_pb_section][et_pb_section fb_built=&#8221;1&#8243; _builder_version=&#8221;4.16&#8243; custom_padding=&#8221;30px|||&#8221; global_colors_info=&#8221;{}&#8221;][et_pb_row column_structure=&#8221;2_3,1_3&#8243; _builder_version=&#8221;4.16&#8243; global_colors_info=&#8221;{}&#8221;][et_pb_column type=&#8221;2_3&#8243; module_class=&#8221;blog-content&#8221; _builder_version=&#8221;4.16&#8243; custom_padding=&#8221;|||&#8221; global_colors_info=&#8221;{}&#8221; custom_padding__hover=&#8221;|||&#8221;][et_pb_text _builder_version=&#8221;4.23.1&#8243; hover_enabled=&#8221;0&#8243; global_colors_info=&#8221;{}&#8221; sticky_enabled=&#8221;0&#8243;]<\/p>\n<p>J\u00e4hrlich Anfang Dezember findet in Heidelberg die deutsche Konferenz zur Tabakkontrolle statt. Austausch und Information \u00fcber aktuelle Studien, Erfahrungsberichte und international erfolgreiche Modelle sind vor Ort im Deutschen Krebsforschungszentrum als auch online von \u00fcberall kostenfrei f\u00fcr Interessierte m\u00f6glich.<\/p>\n<p>Von politischen Ma\u00dfnahmen, bis hin zu neuen Erkenntnissen zu Inhaltsstoffen in den Nikotinbeuteln, vom bew\u00e4hrten Ottawa Modell bis hin zum Rauchfrei Ticket in Deutschland gaben die Referentinnen und Referenten hilfreiche und praxisrelevante Einblicke in viele Themenbereiche rund um Tabak und Nikotin.<\/p>\n<p>F\u00fcr uns, das Rauchfrei Telefon, war besonders die Pr\u00e4sentation der Studie zur Wirksamkeit von Telefonberatung interessant und motivierend und best\u00e4tigt was wir in der Praxis erleben: Telefonberatung erh\u00f6ht die Wahrscheinlichkeit, rauchfrei zu werden signifikant.<\/p>\n<p>Mit Telefonberatung gelingt die Rauchfreiheit um das 2,5 &#8211; fache h\u00e4ufiger als mit der Nutzung von Selbsthilfebrosch\u00fcren.<\/p>\n<p>Die Pr\u00e4sentationen und Information zu vergangenen und k\u00fcnftigen Konferenzen finden Sie in K\u00fcrze hier:<\/p>\n<p><a href=\"https:\/\/www.dkfz.de\/de\/krebspraevention\/Veranstaltungen\/1_Deutsche-Konferenz-fuer-Tabakkontrolle.html\" target=\"_blank\" rel=\"noopener\">Pr\u00e4sentationen der Konferenz zur Tabakkontrolle<\/a><\/p>\n<p>Die Konferenz wird n\u00e4chstes Jahr am 4. und 5. Dezember stattfinden \u2013 eine Online Teilnahme ist voraussichtlich wieder m\u00f6glich.<\/p>\n<p>Und falls Sie noch rauchen (dampfen, vapen, heeten, snusen, &#8230;) \u2013 rufen Sie uns an, wir beweisen Ihnen gerne die Wirksamkeit der Telefonberatung direkt und sofort :)!<\/p>\n<p>[\/et_pb_text][et_pb_post_nav in_same_term=&#8221;off&#8221; _builder_version=&#8221;4.16&#8243; global_colors_info=&#8221;{}&#8221;][\/et_pb_post_nav][\/et_pb_column][et_pb_column type=&#8221;1_3&#8243; module_class=&#8221;cat-and-tag&#8221; _builder_version=&#8221;4.16&#8243; custom_padding=&#8221;|||&#8221; global_colors_info=&#8221;{}&#8221; custom_padding__hover=&#8221;|||&#8221;][et_pb_dp_dmb_module_10093 farbe=&#8221;blitzblau&#8221; headline=&#8221;Tabak- und Nikotinprodukte&#8221; image=&#8221;https:\/\/rauchfrei.at\/wp-content\/uploads\/Dampfmaedel_RGB_RZ.png&#8221; image_position=&#8221;center&#8221; link_text=&#8221;mehr Informationen&#8221; link_url=&#8221;https:\/\/rauchfrei.at\/fakten\/andere-tabakprodukte\/&#8221; admin_label=&#8221;Tabak- und Nikotinprodukte&#8221; _builder_version=&#8221;4.20.4&#8243; _module_preset=&#8221;default&#8221; global_module=&#8221;26833&#8243; saved_tabs=&#8221;all&#8221; global_colors_info=&#8221;{}&#8221;]<\/p>\n<p>Was ist wo drin?<\/p>\n<p>[\/et_pb_dp_dmb_module_10093][\/et_pb_column][\/et_pb_row][\/et_pb_section]<\/p>\n","protected":false},"excerpt":{"rendered":"<p>J\u00e4hrlich Anfang Dezember findet in Heidelberg die deutsche Konferenz zur Tabakkontrolle statt. Expertinnen und Experten informieren und tauschen sich aus \u00fcber aktuelle Studien, Erfahrungsberichte und international erfolgreiche Modelle aus. <\/p>\n","protected":false},"author":25,"featured_media":0,"comment_status":"open","ping_status":"open","sticky":false,"template":"","format":"standard","meta":{"_et_pb_use_builder":"on","_et_pb_old_content":"","_et_gb_content_width":"2880","footnotes":""},"categories":[237,232],"tags":[],"class_list":["post-28398","post","type-post","status-publish","format-standard","hentry","category-literatur-und-hintergrundwissen","category-nachrichten-vom-rauchfrei-telefon"],"yoast_head":"<!-- This site is optimized with the Yoast SEO plugin v26.2 - https:\/\/yoast.com\/wordpress\/plugins\/seo\/ -->\n<title>Die 21. Deutsche Konferenz f\u00fcr Tabakkontrolle - Rauchfrei Telefon<\/title>\n<meta name=\"robots\" content=\"index, follow, max-snippet:-1, max-image-preview:large, max-video-preview:-1\" \/>\n<link rel=\"canonical\" href=\"https:\/\/rauchfrei.at\/die-21-deutsche-konferenz-fuer-tabakkontrolle\/\" \/>\n<meta property=\"og:locale\" content=\"en_US\" \/>\n<meta property=\"og:type\" content=\"article\" \/>\n<meta property=\"og:title\" content=\"Die 21. Deutsche Konferenz f\u00fcr Tabakkontrolle - Rauchfrei Telefon\" \/>\n<meta property=\"og:description\" content=\"J\u00e4hrlich Anfang Dezember findet in Heidelberg die deutsche Konferenz zur Tabakkontrolle statt. Expertinnen und Experten informieren und tauschen sich aus \u00fcber aktuelle Studien, Erfahrungsberichte und international erfolgreiche Modelle aus.\" \/>\n<meta property=\"og:url\" content=\"https:\/\/rauchfrei.at\/die-21-deutsche-konferenz-fuer-tabakkontrolle\/\" \/>\n<meta property=\"og:site_name\" content=\"Rauchfrei Telefon\" \/>\n<meta property=\"article:published_time\" content=\"2023-12-12T11:26:09+00:00\" \/>\n<meta property=\"article:modified_time\" content=\"2023-12-12T11:28:14+00:00\" \/>\n<meta name=\"author\" content=\"Rauchfrei Team\" \/>\n<meta name=\"twitter:card\" content=\"summary_large_image\" \/>\n<meta name=\"twitter:label1\" content=\"Written by\" \/>\n\t<meta name=\"twitter:data1\" content=\"Rauchfrei Team\" \/>\n\t<meta name=\"twitter:label2\" content=\"Est. reading time\" \/>\n\t<meta name=\"twitter:data2\" content=\"2 minutes\" \/>\n<script type=\"application\/ld+json\" class=\"yoast-schema-graph\">{\"@context\":\"https:\/\/schema.org\",\"@graph\":[{\"@type\":\"WebPage\",\"@id\":\"https:\/\/rauchfrei.at\/die-21-deutsche-konferenz-fuer-tabakkontrolle\/\",\"url\":\"https:\/\/rauchfrei.at\/die-21-deutsche-konferenz-fuer-tabakkontrolle\/\",\"name\":\"Die 21. Deutsche Konferenz f\u00fcr Tabakkontrolle - Rauchfrei Telefon\",\"isPartOf\":{\"@id\":\"https:\/\/rauchfrei.at\/#website\"},\"datePublished\":\"2023-12-12T11:26:09+00:00\",\"dateModified\":\"2023-12-12T11:28:14+00:00\",\"author\":{\"@id\":\"https:\/\/rauchfrei.at\/#\/schema\/person\/504bbf90c5482004fc09aef6de7f9277\"},\"inLanguage\":\"en-US\",\"potentialAction\":[{\"@type\":\"ReadAction\",\"target\":[\"https:\/\/rauchfrei.at\/die-21-deutsche-konferenz-fuer-tabakkontrolle\/\"]}]},{\"@type\":\"WebSite\",\"@id\":\"https:\/\/rauchfrei.at\/#website\",\"url\":\"https:\/\/rauchfrei.at\/\",\"name\":\"Rauchfrei Telefon\",\"description\":\"Eine \u00f6sterreichweite Initiative der Sozialversicherungen.\",\"potentialAction\":[{\"@type\":\"SearchAction\",\"target\":{\"@type\":\"EntryPoint\",\"urlTemplate\":\"https:\/\/rauchfrei.at\/?s={search_term_string}\"},\"query-input\":{\"@type\":\"PropertyValueSpecification\",\"valueRequired\":true,\"valueName\":\"search_term_string\"}}],\"inLanguage\":\"en-US\"},{\"@type\":\"Person\",\"@id\":\"https:\/\/rauchfrei.at\/#\/schema\/person\/504bbf90c5482004fc09aef6de7f9277\",\"name\":\"Rauchfrei Team\",\"image\":{\"@type\":\"ImageObject\",\"inLanguage\":\"en-US\",\"@id\":\"https:\/\/rauchfrei.at\/#\/schema\/person\/image\/\",\"url\":\"https:\/\/secure.gravatar.com\/avatar\/2115b79a00800516fa1523bb5a329611f90e73e89be559131fc7e82b4fdc95ff?s=96&d=mm&r=g\",\"contentUrl\":\"https:\/\/secure.gravatar.com\/avatar\/2115b79a00800516fa1523bb5a329611f90e73e89be559131fc7e82b4fdc95ff?s=96&d=mm&r=g\",\"caption\":\"Rauchfrei Team\"},\"url\":\"https:\/\/rauchfrei.at\/en\/author\/rauchfrei-team\/\"}]}<\/script>\n<!-- \/ Yoast SEO plugin. -->","yoast_head_json":{"title":"Die 21. Deutsche Konferenz f\u00fcr Tabakkontrolle - Rauchfrei Telefon","robots":{"index":"index","follow":"follow","max-snippet":"max-snippet:-1","max-image-preview":"max-image-preview:large","max-video-preview":"max-video-preview:-1"},"canonical":"https:\/\/rauchfrei.at\/die-21-deutsche-konferenz-fuer-tabakkontrolle\/","og_locale":"en_US","og_type":"article","og_title":"Die 21. Deutsche Konferenz f\u00fcr Tabakkontrolle - Rauchfrei Telefon","og_description":"J\u00e4hrlich Anfang Dezember findet in Heidelberg die deutsche Konferenz zur Tabakkontrolle statt. Expertinnen und Experten informieren und tauschen sich aus \u00fcber aktuelle Studien, Erfahrungsberichte und international erfolgreiche Modelle aus.","og_url":"https:\/\/rauchfrei.at\/die-21-deutsche-konferenz-fuer-tabakkontrolle\/","og_site_name":"Rauchfrei Telefon","article_published_time":"2023-12-12T11:26:09+00:00","article_modified_time":"2023-12-12T11:28:14+00:00","author":"Rauchfrei Team","twitter_card":"summary_large_image","twitter_misc":{"Written by":"Rauchfrei Team","Est. reading time":"2 minutes"},"schema":{"@context":"https:\/\/schema.org","@graph":[{"@type":"WebPage","@id":"https:\/\/rauchfrei.at\/die-21-deutsche-konferenz-fuer-tabakkontrolle\/","url":"https:\/\/rauchfrei.at\/die-21-deutsche-konferenz-fuer-tabakkontrolle\/","name":"Die 21. Deutsche Konferenz f\u00fcr Tabakkontrolle - Rauchfrei Telefon","isPartOf":{"@id":"https:\/\/rauchfrei.at\/#website"},"datePublished":"2023-12-12T11:26:09+00:00","dateModified":"2023-12-12T11:28:14+00:00","author":{"@id":"https:\/\/rauchfrei.at\/#\/schema\/person\/504bbf90c5482004fc09aef6de7f9277"},"inLanguage":"en-US","potentialAction":[{"@type":"ReadAction","target":["https:\/\/rauchfrei.at\/die-21-deutsche-konferenz-fuer-tabakkontrolle\/"]}]},{"@type":"WebSite","@id":"https:\/\/rauchfrei.at\/#website","url":"https:\/\/rauchfrei.at\/","name":"Rauchfrei Telefon","description":"Eine \u00f6sterreichweite Initiative der Sozialversicherungen.","potentialAction":[{"@type":"SearchAction","target":{"@type":"EntryPoint","urlTemplate":"https:\/\/rauchfrei.at\/?s={search_term_string}"},"query-input":{"@type":"PropertyValueSpecification","valueRequired":true,"valueName":"search_term_string"}}],"inLanguage":"en-US"},{"@type":"Person","@id":"https:\/\/rauchfrei.at\/#\/schema\/person\/504bbf90c5482004fc09aef6de7f9277","name":"Rauchfrei Team","image":{"@type":"ImageObject","inLanguage":"en-US","@id":"https:\/\/rauchfrei.at\/#\/schema\/person\/image\/","url":"https:\/\/secure.gravatar.com\/avatar\/2115b79a00800516fa1523bb5a329611f90e73e89be559131fc7e82b4fdc95ff?s=96&d=mm&r=g","contentUrl":"https:\/\/secure.gravatar.com\/avatar\/2115b79a00800516fa1523bb5a329611f90e73e89be559131fc7e82b4fdc95ff?s=96&d=mm&r=g","caption":"Rauchfrei Team"},"url":"https:\/\/rauchfrei.at\/en\/author\/rauchfrei-team\/"}]}},"_links":{"self":[{"href":"https:\/\/rauchfrei.at\/en\/wp-json\/wp\/v2\/posts\/28398","targetHints":{"allow":["GET"]}}],"collection":[{"href":"https:\/\/rauchfrei.at\/en\/wp-json\/wp\/v2\/posts"}],"about":[{"href":"https:\/\/rauchfrei.at\/en\/wp-json\/wp\/v2\/types\/post"}],"author":[{"embeddable":true,"href":"https:\/\/rauchfrei.at\/en\/wp-json\/wp\/v2\/users\/25"}],"replies":[{"embeddable":true,"href":"https:\/\/rauchfrei.at\/en\/wp-json\/wp\/v2\/comments?post=28398"}],"version-history":[{"count":4,"href":"https:\/\/rauchfrei.at\/en\/wp-json\/wp\/v2\/posts\/28398\/revisions"}],"predecessor-version":[{"id":28407,"href":"https:\/\/rauchfrei.at\/en\/wp-json\/wp\/v2\/posts\/28398\/revisions\/28407"}],"wp:attachment":[{"href":"https:\/\/rauchfrei.at\/en\/wp-json\/wp\/v2\/media?parent=28398"}],"wp:term":[{"taxonomy":"category","embeddable":true,"href":"https:\/\/rauchfrei.at\/en\/wp-json\/wp\/v2\/categories?post=28398"},{"taxonomy":"post_tag","embeddable":true,"href":"https:\/\/rauchfrei.at\/en\/wp-json\/wp\/v2\/tags?post=28398"}],"curies":[{"name":"wp","href":"https:\/\/api.w.org\/{rel}","templated":true}]}}