
{"id":28503,"date":"2024-01-01T08:00:00","date_gmt":"2024-01-01T06:00:00","guid":{"rendered":"https:\/\/rauchfrei.at\/?p=28503"},"modified":"2023-12-21T19:01:15","modified_gmt":"2023-12-21T17:01:15","slug":"rauchfrei-bleiben-im-neuen-jahr","status":"publish","type":"post","link":"https:\/\/rauchfrei.at\/en\/rauchfrei-bleiben-im-neuen-jahr\/","title":{"rendered":"Rauchfrei bleiben im neuen Jahr"},"content":{"rendered":"\n[et_pb_section fb_built=&#8221;1&#8243; module_class=&#8221;header&#8221; _builder_version=&#8221;4.16&#8243; global_colors_info=&#8221;{}&#8221;][et_pb_row _builder_version=&#8221;4.16&#8243; global_colors_info=&#8221;{}&#8221;][et_pb_column type=&#8221;4_4&#8243; _builder_version=&#8221;4.16&#8243; custom_padding=&#8221;|||&#8221; global_colors_info=&#8221;{}&#8221; custom_padding__hover=&#8221;|||&#8221;][et_pb_dp_dmb_module_10001 subheadline=&#8221;Rauchfrei werden ist der erste Schritt, rauchfrei bleiben ist der n\u00e4chste Schritt&#8221; _builder_version=&#8221;4.23.1&#8243; global_colors_info=&#8221;{}&#8221;][\/et_pb_dp_dmb_module_10001][\/et_pb_column][\/et_pb_row][\/et_pb_section][et_pb_section fb_built=&#8221;1&#8243; _builder_version=&#8221;4.16&#8243; custom_padding=&#8221;30px|||&#8221; global_colors_info=&#8221;{}&#8221;][et_pb_row column_structure=&#8221;2_3,1_3&#8243; _builder_version=&#8221;4.16&#8243; global_colors_info=&#8221;{}&#8221;][et_pb_column type=&#8221;2_3&#8243; module_class=&#8221;blog-content&#8221; _builder_version=&#8221;4.16&#8243; custom_padding=&#8221;|||&#8221; global_colors_info=&#8221;{}&#8221; custom_padding__hover=&#8221;|||&#8221;][et_pb_text _builder_version=&#8221;4.23.1&#8243; global_colors_info=&#8221;{}&#8221;]<p>Das neue Jahr hat begonnen und Sie haben vielleicht den ersten Schritt in Richtung Rauchfreiheit gewagt. Im letzten Blog haben wir dazu geschrieben, dass der erste rauchfreie Tag mit Vorbereitung und Hilfe leichter gelingt als alleine. Den ersten rauchfreien Tag zu planen war der erste Schritt. Wir gratulieren Ihnen, das war ein wichtiger Schritt.<\/p>\n<p>Nun geht es darum, diese positive Ver\u00e4nderung aufrechtzuerhalten. Der Weg zur Rauchfreiheit ist oft mit Herausforderungen verbunden. In welchen Situationen kommt das Verlangen nach der Zigarette? Was fehlt Ihnen in dem Moment? Ist es eine Pause, eine Belohnung oder Ablenkung?<\/p>\n<p>Und wo gelingt es Ihnen schon leicht, Situationen ohne Zigarette zu verbringen? Wie kurz dauert das Verlangen nach einer Zigarette und wann ist es schon weg?<\/p>\n<p>Setzen Sie die gesunden Alternativen aus Ihrer Vorbereitungsphase fort. Sei es das Knabbern von Gem\u00fcsesticks, das Kaugummi kauen oder das Wasser trinken \u2013 finden Sie die Strategien, die f\u00fcr Sie gut und angenehm sind. Hier finden Sie weitere Anregungen und Ideen.<\/p>\n<p>Auch die Rauchfrei App <a href=\"http:\/\/www.rauchfreiapp.at\">www.rauchfreiapp.at<\/a> bietet Begleitung und gute Tipps!<\/p>\n<p>Wie gelingt es Ihnen, in Gesellschaft rauchfrei zu sein? Ein unterst\u00fctzendes soziales Umfeld kann hilfreich sein. Teilen Sie Ihre Erfahrungen mit Freunden und Familie. \u00dcben Sie auch das Ablehnen einer Zigarette &#8211; \u00a0wie f\u00fchlt es sich an zu sagen \u201eDanke nein, ich habe aufgeh\u00f6rt.\u201c?<\/p>\n<p>Beobachten Sie Situationen die Rauchverlangen ausl\u00f6sen. Stress, Langeweile oder soziale Situationen k\u00f6nnen dazu f\u00fchren, dass Sie sich an die Zigarette erinnern und Gusto bekommen. \u00dcberlegen Sie im Vorhinein wie Sie mit diesen Situationen umgehen k\u00f6nnen.<\/p>\n<p>Gute Alternativen, Nikotinersatzprodukte aus der Apotheke, Bewegung an der frischen Luft \u2013 es gibt viele hilfreiche M\u00f6glichkeiten! Sie haben schon viel erreicht, bleiben Sie dran, auch wenn der Gusto manchmal noch stark ist!<\/p>\n<p>Gerne sind wir am Telefon f\u00fcr Sie da, wenn es schwer erscheint, rauchfrei zu bleiben &#8211; \u00a0melden Sie sich rechtzeitig bei uns, bevor Sie wieder zur Zigarette greifen wollen.<\/p>\n<p>Seien Sie stolz auf sich und auf Ihre Erfolge \u2013denken Sie in kleinen Schritten &#8211;\u00a0 Tag f\u00fcr Tag! Bei Fragen oder anderen Anliegen, rufen Sie uns an! Unter der Telefonnummer 0800 810 013 sind wir werktags von Montag bis Freitag von 10:00 bis 18:00 Uhr pers\u00f6nlich f\u00fcr Sie erreichbar.<\/p>[\/et_pb_text][et_pb_post_nav in_same_term=&#8221;off&#8221; _builder_version=&#8221;4.16&#8243; global_colors_info=&#8221;{}&#8221;][\/et_pb_post_nav][\/et_pb_column][et_pb_column type=&#8221;1_3&#8243; module_class=&#8221;cat-and-tag&#8221; _builder_version=&#8221;4.16&#8243; custom_padding=&#8221;|||&#8221; global_colors_info=&#8221;{}&#8221; custom_padding__hover=&#8221;|||&#8221;][et_pb_dp_dmb_module_10093 farbe=&#8221;blitzblau&#8221; headline=&#8221;Alternativen zum Rauchen&#8221; image=&#8221;https:\/\/rauchfrei.at\/wp-content\/uploads\/Relax-in-hammok.png&#8221; image_position=&#8221;center&#8221; link_text=&#8221;mehr&#8221; link_url=&#8221;https:\/\/rauchfrei.at\/alternativen\/&#8221; admin_label=&#8221;Alternativen zum Rauchen&#8221; _builder_version=&#8221;4.16&#8243; z_index_tablet=&#8221;500&#8243; global_module=&#8221;13174&#8243; saved_tabs=&#8221;all&#8221; global_colors_info=&#8221;{}&#8221;]<p>Es gibt viele M\u00f6glichkeiten, um nicht zur Zigarette zu greifen!<\/p>\n[\/et_pb_dp_dmb_module_10093][et_pb_dp_dmb_module_10093 farbe=&#8221;blitzblau&#8221; headline=&#8221;Tabak- und Nikotinprodukte&#8221; image=&#8221;https:\/\/rauchfrei.at\/wp-content\/uploads\/Dampfmaedel_RGB_RZ.png&#8221; image_position=&#8221;center&#8221; link_text=&#8221;mehr Informationen&#8221; link_url=&#8221;https:\/\/rauchfrei.at\/fakten\/andere-tabakprodukte\/&#8221; admin_label=&#8221;Tabak- und Nikotinprodukte&#8221; _builder_version=&#8221;4.20.4&#8243; _module_preset=&#8221;default&#8221; saved_tabs=&#8221;all&#8221; global_colors_info=&#8221;{}&#8221; global_module=&#8221;26833&#8243; theme_builder_area=&#8221;post_content&#8221;]<p>Was ist wo drin?<\/p>\n[\/et_pb_dp_dmb_module_10093][\/et_pb_column][\/et_pb_row][\/et_pb_section]\n","protected":false},"excerpt":{"rendered":"<p>Rauchfrei werden beginnt mit dem ersten rauchfreien Tag und geht dann Tag f\u00fcr Tag weiter. Manchen gelingt es leicht, einen Tag ohne Zigarette zu verbringen. Doch am 2. Oder dritten rauchfreien Tag kommt manchmal der starke \u201eGusto\u201c und die guten Vors\u00e4tze treten in den Hintergrund. Mit Hilfe halten Sie leichter durch als alleine.<\/p>\n","protected":false},"author":25,"featured_media":0,"comment_status":"open","ping_status":"open","sticky":false,"template":"","format":"standard","meta":{"_et_pb_use_builder":"on","_et_pb_old_content":"","_et_gb_content_width":"2880","footnotes":""},"categories":[235,236],"tags":[],"class_list":["post-28503","post","type-post","status-publish","format-standard","hentry","category-gesundheit-und-rauchstopp","category-nicht-kategorisiert"],"yoast_head":"<!-- This site is optimized with the Yoast SEO plugin v26.2 - https:\/\/yoast.com\/wordpress\/plugins\/seo\/ -->\n<title>Rauchfrei bleiben im neuen Jahr - Rauchfrei Telefon<\/title>\n<meta name=\"robots\" content=\"index, follow, max-snippet:-1, max-image-preview:large, max-video-preview:-1\" \/>\n<link rel=\"canonical\" href=\"https:\/\/rauchfrei.at\/rauchfrei-bleiben-im-neuen-jahr\/\" \/>\n<meta property=\"og:locale\" content=\"en_US\" \/>\n<meta property=\"og:type\" content=\"article\" \/>\n<meta property=\"og:title\" content=\"Rauchfrei bleiben im neuen Jahr - Rauchfrei Telefon\" \/>\n<meta property=\"og:description\" content=\"Rauchfrei werden beginnt mit dem ersten rauchfreien Tag und geht dann Tag f\u00fcr Tag weiter. Manchen gelingt es leicht, einen Tag ohne Zigarette zu verbringen. Doch am 2. Oder dritten rauchfreien Tag kommt manchmal der starke \u201eGusto\u201c und die guten Vors\u00e4tze treten in den Hintergrund. Mit Hilfe halten Sie leichter durch als alleine.\" \/>\n<meta property=\"og:url\" content=\"https:\/\/rauchfrei.at\/rauchfrei-bleiben-im-neuen-jahr\/\" \/>\n<meta property=\"og:site_name\" content=\"Rauchfrei Telefon\" \/>\n<meta property=\"article:published_time\" content=\"2024-01-01T06:00:00+00:00\" \/>\n<meta name=\"author\" content=\"Rauchfrei Team\" \/>\n<meta name=\"twitter:card\" content=\"summary_large_image\" \/>\n<meta name=\"twitter:label1\" content=\"Written by\" \/>\n\t<meta name=\"twitter:data1\" content=\"Rauchfrei Team\" \/>\n<script type=\"application\/ld+json\" class=\"yoast-schema-graph\">{\"@context\":\"https:\/\/schema.org\",\"@graph\":[{\"@type\":\"WebPage\",\"@id\":\"https:\/\/rauchfrei.at\/rauchfrei-bleiben-im-neuen-jahr\/\",\"url\":\"https:\/\/rauchfrei.at\/rauchfrei-bleiben-im-neuen-jahr\/\",\"name\":\"Rauchfrei bleiben im neuen Jahr - Rauchfrei Telefon\",\"isPartOf\":{\"@id\":\"https:\/\/rauchfrei.at\/#website\"},\"datePublished\":\"2024-01-01T06:00:00+00:00\",\"author\":{\"@id\":\"https:\/\/rauchfrei.at\/#\/schema\/person\/504bbf90c5482004fc09aef6de7f9277\"},\"inLanguage\":\"en-US\",\"potentialAction\":[{\"@type\":\"ReadAction\",\"target\":[\"https:\/\/rauchfrei.at\/rauchfrei-bleiben-im-neuen-jahr\/\"]}]},{\"@type\":\"WebSite\",\"@id\":\"https:\/\/rauchfrei.at\/#website\",\"url\":\"https:\/\/rauchfrei.at\/\",\"name\":\"Rauchfrei Telefon\",\"description\":\"Eine \u00f6sterreichweite Initiative der Sozialversicherungen.\",\"potentialAction\":[{\"@type\":\"SearchAction\",\"target\":{\"@type\":\"EntryPoint\",\"urlTemplate\":\"https:\/\/rauchfrei.at\/?s={search_term_string}\"},\"query-input\":{\"@type\":\"PropertyValueSpecification\",\"valueRequired\":true,\"valueName\":\"search_term_string\"}}],\"inLanguage\":\"en-US\"},{\"@type\":\"Person\",\"@id\":\"https:\/\/rauchfrei.at\/#\/schema\/person\/504bbf90c5482004fc09aef6de7f9277\",\"name\":\"Rauchfrei Team\",\"image\":{\"@type\":\"ImageObject\",\"inLanguage\":\"en-US\",\"@id\":\"https:\/\/rauchfrei.at\/#\/schema\/person\/image\/\",\"url\":\"https:\/\/secure.gravatar.com\/avatar\/2115b79a00800516fa1523bb5a329611f90e73e89be559131fc7e82b4fdc95ff?s=96&d=mm&r=g\",\"contentUrl\":\"https:\/\/secure.gravatar.com\/avatar\/2115b79a00800516fa1523bb5a329611f90e73e89be559131fc7e82b4fdc95ff?s=96&d=mm&r=g\",\"caption\":\"Rauchfrei Team\"},\"url\":\"https:\/\/rauchfrei.at\/en\/author\/rauchfrei-team\/\"}]}<\/script>\n<!-- \/ Yoast SEO plugin. -->","yoast_head_json":{"title":"Rauchfrei bleiben im neuen Jahr - Rauchfrei Telefon","robots":{"index":"index","follow":"follow","max-snippet":"max-snippet:-1","max-image-preview":"max-image-preview:large","max-video-preview":"max-video-preview:-1"},"canonical":"https:\/\/rauchfrei.at\/rauchfrei-bleiben-im-neuen-jahr\/","og_locale":"en_US","og_type":"article","og_title":"Rauchfrei bleiben im neuen Jahr - Rauchfrei Telefon","og_description":"Rauchfrei werden beginnt mit dem ersten rauchfreien Tag und geht dann Tag f\u00fcr Tag weiter. Manchen gelingt es leicht, einen Tag ohne Zigarette zu verbringen. Doch am 2. Oder dritten rauchfreien Tag kommt manchmal der starke \u201eGusto\u201c und die guten Vors\u00e4tze treten in den Hintergrund. Mit Hilfe halten Sie leichter durch als alleine.","og_url":"https:\/\/rauchfrei.at\/rauchfrei-bleiben-im-neuen-jahr\/","og_site_name":"Rauchfrei Telefon","article_published_time":"2024-01-01T06:00:00+00:00","author":"Rauchfrei Team","twitter_card":"summary_large_image","twitter_misc":{"Written by":"Rauchfrei Team"},"schema":{"@context":"https:\/\/schema.org","@graph":[{"@type":"WebPage","@id":"https:\/\/rauchfrei.at\/rauchfrei-bleiben-im-neuen-jahr\/","url":"https:\/\/rauchfrei.at\/rauchfrei-bleiben-im-neuen-jahr\/","name":"Rauchfrei bleiben im neuen Jahr - Rauchfrei Telefon","isPartOf":{"@id":"https:\/\/rauchfrei.at\/#website"},"datePublished":"2024-01-01T06:00:00+00:00","author":{"@id":"https:\/\/rauchfrei.at\/#\/schema\/person\/504bbf90c5482004fc09aef6de7f9277"},"inLanguage":"en-US","potentialAction":[{"@type":"ReadAction","target":["https:\/\/rauchfrei.at\/rauchfrei-bleiben-im-neuen-jahr\/"]}]},{"@type":"WebSite","@id":"https:\/\/rauchfrei.at\/#website","url":"https:\/\/rauchfrei.at\/","name":"Rauchfrei Telefon","description":"Eine \u00f6sterreichweite Initiative der Sozialversicherungen.","potentialAction":[{"@type":"SearchAction","target":{"@type":"EntryPoint","urlTemplate":"https:\/\/rauchfrei.at\/?s={search_term_string}"},"query-input":{"@type":"PropertyValueSpecification","valueRequired":true,"valueName":"search_term_string"}}],"inLanguage":"en-US"},{"@type":"Person","@id":"https:\/\/rauchfrei.at\/#\/schema\/person\/504bbf90c5482004fc09aef6de7f9277","name":"Rauchfrei Team","image":{"@type":"ImageObject","inLanguage":"en-US","@id":"https:\/\/rauchfrei.at\/#\/schema\/person\/image\/","url":"https:\/\/secure.gravatar.com\/avatar\/2115b79a00800516fa1523bb5a329611f90e73e89be559131fc7e82b4fdc95ff?s=96&d=mm&r=g","contentUrl":"https:\/\/secure.gravatar.com\/avatar\/2115b79a00800516fa1523bb5a329611f90e73e89be559131fc7e82b4fdc95ff?s=96&d=mm&r=g","caption":"Rauchfrei Team"},"url":"https:\/\/rauchfrei.at\/en\/author\/rauchfrei-team\/"}]}},"_links":{"self":[{"href":"https:\/\/rauchfrei.at\/en\/wp-json\/wp\/v2\/posts\/28503","targetHints":{"allow":["GET"]}}],"collection":[{"href":"https:\/\/rauchfrei.at\/en\/wp-json\/wp\/v2\/posts"}],"about":[{"href":"https:\/\/rauchfrei.at\/en\/wp-json\/wp\/v2\/types\/post"}],"author":[{"embeddable":true,"href":"https:\/\/rauchfrei.at\/en\/wp-json\/wp\/v2\/users\/25"}],"replies":[{"embeddable":true,"href":"https:\/\/rauchfrei.at\/en\/wp-json\/wp\/v2\/comments?post=28503"}],"version-history":[{"count":7,"href":"https:\/\/rauchfrei.at\/en\/wp-json\/wp\/v2\/posts\/28503\/revisions"}],"predecessor-version":[{"id":28512,"href":"https:\/\/rauchfrei.at\/en\/wp-json\/wp\/v2\/posts\/28503\/revisions\/28512"}],"wp:attachment":[{"href":"https:\/\/rauchfrei.at\/en\/wp-json\/wp\/v2\/media?parent=28503"}],"wp:term":[{"taxonomy":"category","embeddable":true,"href":"https:\/\/rauchfrei.at\/en\/wp-json\/wp\/v2\/categories?post=28503"},{"taxonomy":"post_tag","embeddable":true,"href":"https:\/\/rauchfrei.at\/en\/wp-json\/wp\/v2\/tags?post=28503"}],"curies":[{"name":"wp","href":"https:\/\/api.w.org\/{rel}","templated":true}]}}