
{"id":28916,"date":"2024-01-29T12:37:54","date_gmt":"2024-01-29T10:37:54","guid":{"rendered":"https:\/\/rauchfrei.at\/?p=28916"},"modified":"2024-01-30T10:11:30","modified_gmt":"2024-01-30T08:11:30","slug":"rauchfrei-leben-krebsrisiko-senken","status":"publish","type":"post","link":"https:\/\/rauchfrei.at\/en\/rauchfrei-leben-krebsrisiko-senken\/","title":{"rendered":"Rauchfrei leben, Krebsrisiko senken"},"content":{"rendered":"\n[et_pb_section fb_built=&#8221;1&#8243; module_class=&#8221;header&#8221; _builder_version=&#8221;4.16&#8243; global_colors_info=&#8221;{}&#8221;][et_pb_row _builder_version=&#8221;4.16&#8243; global_colors_info=&#8221;{}&#8221;][et_pb_column type=&#8221;4_4&#8243; _builder_version=&#8221;4.16&#8243; custom_padding=&#8221;|||&#8221; global_colors_info=&#8221;{}&#8221; custom_padding__hover=&#8221;|||&#8221;][et_pb_dp_dmb_module_10001 subheadline=&#8221;Weltkrebstag 2024 &#8211; die Rauchfreiheit sch\u00fctzt und st\u00e4rkt die Gesundheit &#8221; _builder_version=&#8221;4.23.1&#8243; global_colors_info=&#8221;{}&#8221;][\/et_pb_dp_dmb_module_10001][\/et_pb_column][\/et_pb_row][\/et_pb_section][et_pb_section fb_built=&#8221;1&#8243; _builder_version=&#8221;4.16&#8243; custom_padding=&#8221;30px|||&#8221; global_colors_info=&#8221;{}&#8221;][et_pb_row column_structure=&#8221;2_3,1_3&#8243; _builder_version=&#8221;4.16&#8243; global_colors_info=&#8221;{}&#8221;][et_pb_column type=&#8221;2_3&#8243; module_class=&#8221;blog-content&#8221; _builder_version=&#8221;4.16&#8243; custom_padding=&#8221;|||&#8221; global_colors_info=&#8221;{}&#8221; custom_padding__hover=&#8221;|||&#8221;][et_pb_text _builder_version=&#8221;4.23.1&#8243; hover_enabled=&#8221;0&#8243; global_colors_info=&#8221;{}&#8221; sticky_enabled=&#8221;0&#8243;]<p>Der Weltkrebstag findet heuer zum 24. Mal statt. Er dient dazu, die Aufmerksamkeit auf die Erkrankung und damit verbundene individuelle und gesellschaftliche Aspekte zu richten. Eine gesunde Lebensweise kann 40 Prozent der Krebserkrankungen vermeiden. Ein rauchfreies Leben ist eine gute und wirksame M\u00f6glichkeit, das Risiko f\u00fcr Krebserkrankungen zu verringern und dadurch die Wahrscheinlichkeit f\u00fcr die eigene Gesundheit zu erh\u00f6hen. Bei schon diagnostizierter Krebserkrankung erh\u00f6ht der Rauchstopp die Heilungschancen und verbessert die Wirksamkeit der medikament\u00f6sen Therapie.<\/p>\n<p>Krebs tritt oft nach Jahren des Rauchens ohne Vorwarnung auf. Lungenkrebs und Blasenkrebs h\u00e4ngen ma\u00dfgeblich mit dem Rauchverhalten zusammen. Ungef\u00e4hr 90 % dieser beiden Erkrankungen treten wegen des Rauchens auf. Viele weitere Krebserkrankungen entwickeln sich eher bei Menschen, die rauchen, als bei jenen, die rauchfrei leben. Je fr\u00fcher der Ausstieg aus dem Abh\u00e4ngigkeitsverhalten erfolgt, desto geringer ist der Schaden f\u00fcr den K\u00f6rper.<\/p>\n<p>Auch <a href=\"https:\/\/rauchfrei.at\/fakten\/passivrauch\/\" target=\"_blank\" rel=\"noopener\">Passivrauch<\/a> enth\u00e4lt krebserregende Substanzen und ist ein Innenraumschadstoff. Daher ist eine wichtige Schutzfunktion, alle Innenr\u00e4ume (Wohnung, Haus, Auto, &#8230;) komplett rauchfrei zu halten.<\/p>\n<p>Rauchen wird gelernt. Kinder lernen rauchen, wenn sie es bei den Erwachsenen in ihrer Umgebung sehen. Das rauchfreie Leben st\u00e4rkt die eigene Gesundheit und es hat gute Vorbildwirkung f\u00fcr die Kinder.<\/p>\n<p>Der neue <a href=\"https:\/\/rauchfrei.at\/wp-content\/uploads\/Folder_Rauchen_Krebs_Web.pdf\" target=\"_blank\" rel=\"noopener\">Folder<\/a> des Rauchfrei Telefons informiert zum Zusammenhang von Rauchen, Nikotinabh\u00e4ngigkeit und Krebserkrankungen. Er zeigt, dass es m\u00f6glich ist, die Nikotinabh\u00e4ngigkeit zu beenden und rauchfrei zu werden, um so die Gesundheit zu st\u00e4rken.<\/p>\n<p>Sie k\u00f6nnen ihn kostenfrei unter 0800 810 013 oder <a href=\"https:\/\/rauchfrei.at\/broschueren-downloads\/bestellung\/\" target=\"_blank\" rel=\"noopener\">hier<\/a> bestellen.<\/p>\n<p>Links:<br \/><a href=\"http:\/\/www.rauchfrei.at\/rauchen-krebs\">www.rauchfrei.at\/rauchen-krebs<\/a><\/p>\n<p><a href=\"https:\/\/ec.europa.eu\/info\/law\/better-regulation\/have-your-say\/initiatives\/12154-Europaischer-Plan-zur-Krebsbekampfung_de\">https:\/\/ec.europa.eu\/info\/law\/better-regulation\/have-your-say\/initiatives\/12154-Europaischer-Plan-zur-Krebsbekampfung_de<\/a><\/p>\n<p><a href=\"http:\/\/www.worldcancerday.org\">www.worldcancerday.org<\/a><\/p>[\/et_pb_text][et_pb_post_nav in_same_term=&#8221;off&#8221; _builder_version=&#8221;4.16&#8243; global_colors_info=&#8221;{}&#8221;][\/et_pb_post_nav][\/et_pb_column][et_pb_column type=&#8221;1_3&#8243; module_class=&#8221;cat-and-tag&#8221; _builder_version=&#8221;4.16&#8243; custom_padding=&#8221;|||&#8221; global_colors_info=&#8221;{}&#8221; custom_padding__hover=&#8221;|||&#8221;][et_pb_dp_dmb_module_10093 farbe=&#8221;blitzblau&#8221; headline=&#8221;Alternativen zum Rauchen&#8221; image=&#8221;https:\/\/rauchfrei.at\/wp-content\/uploads\/Relax-in-hammok.png&#8221; image_position=&#8221;center&#8221; link_text=&#8221;mehr&#8221; link_url=&#8221;https:\/\/rauchfrei.at\/alternativen\/&#8221; admin_label=&#8221;Alternativen zum Rauchen&#8221; _builder_version=&#8221;4.16&#8243; z_index_tablet=&#8221;500&#8243; global_module=&#8221;13174&#8243; saved_tabs=&#8221;all&#8221; global_colors_info=&#8221;{}&#8221;]<p>Es gibt viele M\u00f6glichkeiten, um nicht zur Zigarette zu greifen!<\/p>\n[\/et_pb_dp_dmb_module_10093][\/et_pb_column][\/et_pb_row][\/et_pb_section]\n","protected":false},"excerpt":{"rendered":"<p>Der Weltkrebstag am 4. Februar macht auf die vielf\u00e4ltigen Aspekte von Tumorerkrankungen aufmerksam. Rauchen f\u00f6rdert Krebs. Das rauchfreie Leben ist eine M\u00f6glichkeit, mit der jede Person ihr Krebsrisiko reduzieren kann. Die Voraussetzung, rauchfrei zu leben ist meist, die Nikotinabh\u00e4ngigkeit zu beenden. Unser neuer Folder informiert Sie dazu! <\/p>\n","protected":false},"author":25,"featured_media":0,"comment_status":"open","ping_status":"open","sticky":false,"template":"","format":"standard","meta":{"_et_pb_use_builder":"on","_et_pb_old_content":"","_et_gb_content_width":"2880","footnotes":""},"categories":[235,232],"tags":[],"class_list":["post-28916","post","type-post","status-publish","format-standard","hentry","category-gesundheit-und-rauchstopp","category-nachrichten-vom-rauchfrei-telefon"],"yoast_head":"<!-- This site is optimized with the Yoast SEO plugin v26.2 - https:\/\/yoast.com\/wordpress\/plugins\/seo\/ -->\n<title>Rauchfrei leben, Krebsrisiko senken - Rauchfrei Telefon<\/title>\n<meta name=\"robots\" content=\"index, follow, max-snippet:-1, max-image-preview:large, max-video-preview:-1\" \/>\n<link rel=\"canonical\" href=\"https:\/\/rauchfrei.at\/rauchfrei-leben-krebsrisiko-senken\/\" \/>\n<meta property=\"og:locale\" content=\"en_US\" \/>\n<meta property=\"og:type\" content=\"article\" \/>\n<meta property=\"og:title\" content=\"Rauchfrei leben, Krebsrisiko senken - Rauchfrei Telefon\" \/>\n<meta property=\"og:description\" content=\"Der Weltkrebstag am 4. Februar macht auf die vielf\u00e4ltigen Aspekte von Tumorerkrankungen aufmerksam. Rauchen f\u00f6rdert Krebs. Das rauchfreie Leben ist eine M\u00f6glichkeit, mit der jede Person ihr Krebsrisiko reduzieren kann. Die Voraussetzung, rauchfrei zu leben ist meist, die Nikotinabh\u00e4ngigkeit zu beenden. Unser neuer Folder informiert Sie dazu!\" \/>\n<meta property=\"og:url\" content=\"https:\/\/rauchfrei.at\/rauchfrei-leben-krebsrisiko-senken\/\" \/>\n<meta property=\"og:site_name\" content=\"Rauchfrei Telefon\" \/>\n<meta property=\"article:published_time\" content=\"2024-01-29T10:37:54+00:00\" \/>\n<meta property=\"article:modified_time\" content=\"2024-01-30T08:11:30+00:00\" \/>\n<meta name=\"author\" content=\"Rauchfrei Team\" \/>\n<meta name=\"twitter:card\" content=\"summary_large_image\" \/>\n<meta name=\"twitter:label1\" content=\"Written by\" \/>\n\t<meta name=\"twitter:data1\" content=\"Rauchfrei Team\" \/>\n<script type=\"application\/ld+json\" class=\"yoast-schema-graph\">{\"@context\":\"https:\/\/schema.org\",\"@graph\":[{\"@type\":\"WebPage\",\"@id\":\"https:\/\/rauchfrei.at\/rauchfrei-leben-krebsrisiko-senken\/\",\"url\":\"https:\/\/rauchfrei.at\/rauchfrei-leben-krebsrisiko-senken\/\",\"name\":\"Rauchfrei leben, Krebsrisiko senken - Rauchfrei Telefon\",\"isPartOf\":{\"@id\":\"https:\/\/rauchfrei.at\/#website\"},\"datePublished\":\"2024-01-29T10:37:54+00:00\",\"dateModified\":\"2024-01-30T08:11:30+00:00\",\"author\":{\"@id\":\"https:\/\/rauchfrei.at\/#\/schema\/person\/504bbf90c5482004fc09aef6de7f9277\"},\"inLanguage\":\"en-US\",\"potentialAction\":[{\"@type\":\"ReadAction\",\"target\":[\"https:\/\/rauchfrei.at\/rauchfrei-leben-krebsrisiko-senken\/\"]}]},{\"@type\":\"WebSite\",\"@id\":\"https:\/\/rauchfrei.at\/#website\",\"url\":\"https:\/\/rauchfrei.at\/\",\"name\":\"Rauchfrei Telefon\",\"description\":\"Eine \u00f6sterreichweite Initiative der Sozialversicherungen.\",\"potentialAction\":[{\"@type\":\"SearchAction\",\"target\":{\"@type\":\"EntryPoint\",\"urlTemplate\":\"https:\/\/rauchfrei.at\/?s={search_term_string}\"},\"query-input\":{\"@type\":\"PropertyValueSpecification\",\"valueRequired\":true,\"valueName\":\"search_term_string\"}}],\"inLanguage\":\"en-US\"},{\"@type\":\"Person\",\"@id\":\"https:\/\/rauchfrei.at\/#\/schema\/person\/504bbf90c5482004fc09aef6de7f9277\",\"name\":\"Rauchfrei Team\",\"image\":{\"@type\":\"ImageObject\",\"inLanguage\":\"en-US\",\"@id\":\"https:\/\/rauchfrei.at\/#\/schema\/person\/image\/\",\"url\":\"https:\/\/secure.gravatar.com\/avatar\/2115b79a00800516fa1523bb5a329611f90e73e89be559131fc7e82b4fdc95ff?s=96&d=mm&r=g\",\"contentUrl\":\"https:\/\/secure.gravatar.com\/avatar\/2115b79a00800516fa1523bb5a329611f90e73e89be559131fc7e82b4fdc95ff?s=96&d=mm&r=g\",\"caption\":\"Rauchfrei Team\"},\"url\":\"https:\/\/rauchfrei.at\/en\/author\/rauchfrei-team\/\"}]}<\/script>\n<!-- \/ Yoast SEO plugin. -->","yoast_head_json":{"title":"Rauchfrei leben, Krebsrisiko senken - Rauchfrei Telefon","robots":{"index":"index","follow":"follow","max-snippet":"max-snippet:-1","max-image-preview":"max-image-preview:large","max-video-preview":"max-video-preview:-1"},"canonical":"https:\/\/rauchfrei.at\/rauchfrei-leben-krebsrisiko-senken\/","og_locale":"en_US","og_type":"article","og_title":"Rauchfrei leben, Krebsrisiko senken - Rauchfrei Telefon","og_description":"Der Weltkrebstag am 4. Februar macht auf die vielf\u00e4ltigen Aspekte von Tumorerkrankungen aufmerksam. Rauchen f\u00f6rdert Krebs. Das rauchfreie Leben ist eine M\u00f6glichkeit, mit der jede Person ihr Krebsrisiko reduzieren kann. Die Voraussetzung, rauchfrei zu leben ist meist, die Nikotinabh\u00e4ngigkeit zu beenden. Unser neuer Folder informiert Sie dazu!","og_url":"https:\/\/rauchfrei.at\/rauchfrei-leben-krebsrisiko-senken\/","og_site_name":"Rauchfrei Telefon","article_published_time":"2024-01-29T10:37:54+00:00","article_modified_time":"2024-01-30T08:11:30+00:00","author":"Rauchfrei Team","twitter_card":"summary_large_image","twitter_misc":{"Written by":"Rauchfrei Team"},"schema":{"@context":"https:\/\/schema.org","@graph":[{"@type":"WebPage","@id":"https:\/\/rauchfrei.at\/rauchfrei-leben-krebsrisiko-senken\/","url":"https:\/\/rauchfrei.at\/rauchfrei-leben-krebsrisiko-senken\/","name":"Rauchfrei leben, Krebsrisiko senken - Rauchfrei Telefon","isPartOf":{"@id":"https:\/\/rauchfrei.at\/#website"},"datePublished":"2024-01-29T10:37:54+00:00","dateModified":"2024-01-30T08:11:30+00:00","author":{"@id":"https:\/\/rauchfrei.at\/#\/schema\/person\/504bbf90c5482004fc09aef6de7f9277"},"inLanguage":"en-US","potentialAction":[{"@type":"ReadAction","target":["https:\/\/rauchfrei.at\/rauchfrei-leben-krebsrisiko-senken\/"]}]},{"@type":"WebSite","@id":"https:\/\/rauchfrei.at\/#website","url":"https:\/\/rauchfrei.at\/","name":"Rauchfrei Telefon","description":"Eine \u00f6sterreichweite Initiative der Sozialversicherungen.","potentialAction":[{"@type":"SearchAction","target":{"@type":"EntryPoint","urlTemplate":"https:\/\/rauchfrei.at\/?s={search_term_string}"},"query-input":{"@type":"PropertyValueSpecification","valueRequired":true,"valueName":"search_term_string"}}],"inLanguage":"en-US"},{"@type":"Person","@id":"https:\/\/rauchfrei.at\/#\/schema\/person\/504bbf90c5482004fc09aef6de7f9277","name":"Rauchfrei Team","image":{"@type":"ImageObject","inLanguage":"en-US","@id":"https:\/\/rauchfrei.at\/#\/schema\/person\/image\/","url":"https:\/\/secure.gravatar.com\/avatar\/2115b79a00800516fa1523bb5a329611f90e73e89be559131fc7e82b4fdc95ff?s=96&d=mm&r=g","contentUrl":"https:\/\/secure.gravatar.com\/avatar\/2115b79a00800516fa1523bb5a329611f90e73e89be559131fc7e82b4fdc95ff?s=96&d=mm&r=g","caption":"Rauchfrei Team"},"url":"https:\/\/rauchfrei.at\/en\/author\/rauchfrei-team\/"}]}},"_links":{"self":[{"href":"https:\/\/rauchfrei.at\/en\/wp-json\/wp\/v2\/posts\/28916","targetHints":{"allow":["GET"]}}],"collection":[{"href":"https:\/\/rauchfrei.at\/en\/wp-json\/wp\/v2\/posts"}],"about":[{"href":"https:\/\/rauchfrei.at\/en\/wp-json\/wp\/v2\/types\/post"}],"author":[{"embeddable":true,"href":"https:\/\/rauchfrei.at\/en\/wp-json\/wp\/v2\/users\/25"}],"replies":[{"embeddable":true,"href":"https:\/\/rauchfrei.at\/en\/wp-json\/wp\/v2\/comments?post=28916"}],"version-history":[{"count":7,"href":"https:\/\/rauchfrei.at\/en\/wp-json\/wp\/v2\/posts\/28916\/revisions"}],"predecessor-version":[{"id":29046,"href":"https:\/\/rauchfrei.at\/en\/wp-json\/wp\/v2\/posts\/28916\/revisions\/29046"}],"wp:attachment":[{"href":"https:\/\/rauchfrei.at\/en\/wp-json\/wp\/v2\/media?parent=28916"}],"wp:term":[{"taxonomy":"category","embeddable":true,"href":"https:\/\/rauchfrei.at\/en\/wp-json\/wp\/v2\/categories?post=28916"},{"taxonomy":"post_tag","embeddable":true,"href":"https:\/\/rauchfrei.at\/en\/wp-json\/wp\/v2\/tags?post=28916"}],"curies":[{"name":"wp","href":"https:\/\/api.w.org\/{rel}","templated":true}]}}