
{"id":29150,"date":"2024-02-14T09:40:55","date_gmt":"2024-02-14T07:40:55","guid":{"rendered":"https:\/\/rauchfrei.at\/?p=29150"},"modified":"2024-02-14T09:56:30","modified_gmt":"2024-02-14T07:56:30","slug":"umfrage-zum-thema-persoenlichkeit-rauchverhalten","status":"publish","type":"post","link":"https:\/\/rauchfrei.at\/en\/umfrage-zum-thema-persoenlichkeit-rauchverhalten\/","title":{"rendered":"Umfrage zum Thema Pers\u00f6nlichkeit &amp; Rauchverhalten"},"content":{"rendered":"<p>[et_pb_section fb_built=&#8221;1&#8243; module_class=&#8221;header&#8221; _builder_version=&#8221;4.16&#8243; global_colors_info=&#8221;{}&#8221;][et_pb_row _builder_version=&#8221;4.16&#8243; global_colors_info=&#8221;{}&#8221;][et_pb_column type=&#8221;4_4&#8243; _builder_version=&#8221;4.16&#8243; custom_padding=&#8221;|||&#8221; global_colors_info=&#8221;{}&#8221; custom_padding__hover=&#8221;|||&#8221;][et_pb_dp_dmb_module_10001 subheadline=&#8221;Unterst\u00fctzen Sie eine Masterarbeit an der Universit\u00e4t Graz&#8221; _builder_version=&#8221;4.23.1&#8243; global_colors_info=&#8221;{}&#8221;][\/et_pb_dp_dmb_module_10001][\/et_pb_column][\/et_pb_row][\/et_pb_section][et_pb_section fb_built=&#8221;1&#8243; _builder_version=&#8221;4.16&#8243; custom_padding=&#8221;30px|||&#8221; global_colors_info=&#8221;{}&#8221;][et_pb_row column_structure=&#8221;2_3,1_3&#8243; _builder_version=&#8221;4.16&#8243; global_colors_info=&#8221;{}&#8221;][et_pb_column type=&#8221;2_3&#8243; module_class=&#8221;blog-content&#8221; _builder_version=&#8221;4.16&#8243; custom_padding=&#8221;|||&#8221; global_colors_info=&#8221;{}&#8221; custom_padding__hover=&#8221;|||&#8221;][et_pb_text _builder_version=&#8221;4.23.1&#8243; global_colors_info=&#8221;{}&#8221;]<\/p>\n<p>Grundlegendes Wissen stellt die Basis f\u00fcr erfolgreiche pr\u00e4ventive Ma\u00dfnahmen dar und verbessert die Abl\u00e4ufe von Gesundheitsleistungen.<a href=\"mailto:lena.pascale@edu.uni-graz.at\"><\/a><\/p>\n<p>[\/et_pb_text][et_pb_image src=&#8221;https:\/\/rauchfrei.at\/wp-content\/uploads\/Bild_Blog_TeilnehmerInnen-gesucht.png&#8221; title_text=&#8221;Bild_Blog_TeilnehmerInnen gesucht&#8221; align_tablet=&#8221;center&#8221; align_phone=&#8221;center&#8221; align_last_edited=&#8221;on|desktop&#8221; _builder_version=&#8221;4.23.1&#8243; always_center_on_mobile=&#8221;on&#8221; global_colors_info=&#8221;{}&#8221;][\/et_pb_image][et_pb_text _builder_version=&#8221;4.23.1&#8243; global_colors_info=&#8221;{}&#8221;]<\/p>\n<blockquote>\n<p>Unterst\u00fctzen Sie mit der Teilnahme an dieser Umfrage eine Studentin der Universit\u00e4t Graz und die Wissenschaft!<\/p>\n<\/blockquote>\n<p>Ich, Lena Pascale arbeite gerade an meiner Abschlussarbeit meines Psychologiestudiums und w\u00fcrde mich daher sehr freuen, Sie als TeilnehmerIn dieses Projektes begr\u00fc\u00dfen zu d\u00fcrfen! In dieser <a href=\"https:\/\/edu.survey.uni-graz.at\/index.php\/153154?lang=de\" target=\"_blank\" rel=\"noopener\">Online-Umfrage<\/a> werden sowohl allgemeine Fragen zur Pers\u00f6nlichkeit, zum Rauchverhalten (u.a. Rauchstatus, Konsumh\u00f6he, Zufriedenheit) sowie dem Alkoholkonsum gestellt. Alle Antworten werden dabei vollst\u00e4ndig anonymisiert und es gibt keinen R\u00fcckschluss darauf, welche Personen an der Umfrage teilnahmen und welche Antworten von welcher Person stammen. Die Dauer betr\u00e4gt maximal 15-20 Minuten.<\/p>\n<p>Falls Sie Interesse an einer Teilnahme haben, k\u00f6nnen Sie den untenstehenden Link \u00f6ffnen &amp; Sie werden direkt zu den Frageb\u00f6gen weitergeleitet. Gerne k\u00f6nnen Sie den Umfrage-Link auch an Bekannte und Freunde weiterleiten! Vielen herzlichen Dank f\u00fcr Ihre Unterst\u00fctzung!<\/p>\n<p>Link: <a href=\"https:\/\/edu.survey.uni-graz.at\/index.php\/153154?lang=de\">https:\/\/edu.survey.uni-graz.at\/index.php\/153154?lang=de<\/a><a href=\"https:\/\/rauchfrei.at\/wp-content\/uploads\/Abschlusstext-Online-Umfrage.pdf\" target=\"_blank\" rel=\"noopener\"><\/a><br \/>Lena Pascale Kontakt: <a href=\"mailto:lena.pascale@edu.uni-graz.at\">lena.pascale@edu.uni-graz.at<\/a><\/p>\n<p>[\/et_pb_text][et_pb_post_nav in_same_term=&#8221;off&#8221; _builder_version=&#8221;4.16&#8243; global_colors_info=&#8221;{}&#8221;][\/et_pb_post_nav][\/et_pb_column][et_pb_column type=&#8221;1_3&#8243; module_class=&#8221;cat-and-tag&#8221; _builder_version=&#8221;4.16&#8243; custom_padding=&#8221;|||&#8221; global_colors_info=&#8221;{}&#8221; custom_padding__hover=&#8221;|||&#8221;][et_pb_dp_dmb_module_10093 farbe=&#8221;beige&#8221; headline=&#8221;Die Rauchfrei App &#8221; image=&#8221;https:\/\/rauchfrei.at\/wp-content\/uploads\/rauchfreiapp_screens.png&#8221; image_position=&#8221;center&#8221; link_text=&#8221;mehr &#8221; link_url=&#8221;https:\/\/rauchfrei.at\/die-rauchfrei-app\/&#8221; image_size=&#8221;80&#8243; admin_label=&#8221;Infos zur Rauchfrei App&#8221; _builder_version=&#8221;3.21.1&#8243; z_index_tablet=&#8221;500&#8243; global_module=&#8221;13152&#8243; saved_tabs=&#8221;all&#8221; global_colors_info=&#8221;{}&#8221;]<\/p>\n<p>Die Rauchfrei App hilft und unterst\u00fctzt kostenfrei!<\/p>\n<p>[\/et_pb_dp_dmb_module_10093][\/et_pb_column][\/et_pb_row][\/et_pb_section]<\/p>\n","protected":false},"excerpt":{"rendered":"<p>TeilnehmerInnen gesucht: F\u00fcr eine Masterarbeit an der Universit\u00e4t Graz wird zur Teilnahme an einer Umfrage zum Thema Pers\u00f6nlichkeit &#038; Rauchverhalten eingeladen \u2013 jede Teilnahme stellt eine enorme Unterst\u00fctzung dar und hilft, den derzeitigen Wissensstand zu erweitern.<\/p>\n","protected":false},"author":17,"featured_media":0,"comment_status":"open","ping_status":"open","sticky":false,"template":"","format":"standard","meta":{"_et_pb_use_builder":"on","_et_pb_old_content":"","_et_gb_content_width":"2880","footnotes":""},"categories":[232],"tags":[],"class_list":["post-29150","post","type-post","status-publish","format-standard","hentry","category-nachrichten-vom-rauchfrei-telefon"],"yoast_head":"<!-- This site is optimized with the Yoast SEO plugin v26.2 - https:\/\/yoast.com\/wordpress\/plugins\/seo\/ -->\n<title>Umfrage zum Thema Pers\u00f6nlichkeit &amp; Rauchverhalten - Rauchfrei Telefon<\/title>\n<meta name=\"robots\" content=\"index, follow, max-snippet:-1, max-image-preview:large, max-video-preview:-1\" \/>\n<link rel=\"canonical\" href=\"https:\/\/rauchfrei.at\/umfrage-zum-thema-persoenlichkeit-rauchverhalten\/\" \/>\n<meta property=\"og:locale\" content=\"en_US\" \/>\n<meta property=\"og:type\" content=\"article\" \/>\n<meta property=\"og:title\" content=\"Umfrage zum Thema Pers\u00f6nlichkeit &amp; Rauchverhalten - Rauchfrei Telefon\" \/>\n<meta property=\"og:description\" content=\"TeilnehmerInnen gesucht: F\u00fcr eine Masterarbeit an der Universit\u00e4t Graz wird zur Teilnahme an einer Umfrage zum Thema Pers\u00f6nlichkeit &amp; Rauchverhalten eingeladen \u2013 jede Teilnahme stellt eine enorme Unterst\u00fctzung dar und hilft, den derzeitigen Wissensstand zu erweitern.\" \/>\n<meta property=\"og:url\" content=\"https:\/\/rauchfrei.at\/umfrage-zum-thema-persoenlichkeit-rauchverhalten\/\" \/>\n<meta property=\"og:site_name\" content=\"Rauchfrei Telefon\" \/>\n<meta property=\"article:published_time\" content=\"2024-02-14T07:40:55+00:00\" \/>\n<meta property=\"article:modified_time\" content=\"2024-02-14T07:56:30+00:00\" \/>\n<meta name=\"author\" content=\"Gastkommentar\" \/>\n<meta name=\"twitter:card\" content=\"summary_large_image\" \/>\n<meta name=\"twitter:label1\" content=\"Written by\" \/>\n\t<meta name=\"twitter:data1\" content=\"Gastkommentar\" \/>\n<script type=\"application\/ld+json\" class=\"yoast-schema-graph\">{\"@context\":\"https:\/\/schema.org\",\"@graph\":[{\"@type\":\"WebPage\",\"@id\":\"https:\/\/rauchfrei.at\/umfrage-zum-thema-persoenlichkeit-rauchverhalten\/\",\"url\":\"https:\/\/rauchfrei.at\/umfrage-zum-thema-persoenlichkeit-rauchverhalten\/\",\"name\":\"Umfrage zum Thema Pers\u00f6nlichkeit &amp; Rauchverhalten - Rauchfrei Telefon\",\"isPartOf\":{\"@id\":\"https:\/\/rauchfrei.at\/#website\"},\"datePublished\":\"2024-02-14T07:40:55+00:00\",\"dateModified\":\"2024-02-14T07:56:30+00:00\",\"author\":{\"@id\":\"https:\/\/rauchfrei.at\/#\/schema\/person\/5fc25ba0c5c18c7bb72f39740e4d31da\"},\"inLanguage\":\"en-US\",\"potentialAction\":[{\"@type\":\"ReadAction\",\"target\":[\"https:\/\/rauchfrei.at\/umfrage-zum-thema-persoenlichkeit-rauchverhalten\/\"]}]},{\"@type\":\"WebSite\",\"@id\":\"https:\/\/rauchfrei.at\/#website\",\"url\":\"https:\/\/rauchfrei.at\/\",\"name\":\"Rauchfrei Telefon\",\"description\":\"Eine \u00f6sterreichweite Initiative der Sozialversicherungen.\",\"potentialAction\":[{\"@type\":\"SearchAction\",\"target\":{\"@type\":\"EntryPoint\",\"urlTemplate\":\"https:\/\/rauchfrei.at\/?s={search_term_string}\"},\"query-input\":{\"@type\":\"PropertyValueSpecification\",\"valueRequired\":true,\"valueName\":\"search_term_string\"}}],\"inLanguage\":\"en-US\"},{\"@type\":\"Person\",\"@id\":\"https:\/\/rauchfrei.at\/#\/schema\/person\/5fc25ba0c5c18c7bb72f39740e4d31da\",\"name\":\"Gastkommentar\",\"image\":{\"@type\":\"ImageObject\",\"inLanguage\":\"en-US\",\"@id\":\"https:\/\/rauchfrei.at\/#\/schema\/person\/image\/\",\"url\":\"https:\/\/secure.gravatar.com\/avatar\/85407d990e69802a3bded43886ed11ed06b45db3bbf254d52dd9f9c82c33dd83?s=96&d=mm&r=g\",\"contentUrl\":\"https:\/\/secure.gravatar.com\/avatar\/85407d990e69802a3bded43886ed11ed06b45db3bbf254d52dd9f9c82c33dd83?s=96&d=mm&r=g\",\"caption\":\"Gastkommentar\"},\"url\":\"https:\/\/rauchfrei.at\/en\/author\/gastkommentar\/\"}]}<\/script>\n<!-- \/ Yoast SEO plugin. -->","yoast_head_json":{"title":"Umfrage zum Thema Pers\u00f6nlichkeit &amp; Rauchverhalten - Rauchfrei Telefon","robots":{"index":"index","follow":"follow","max-snippet":"max-snippet:-1","max-image-preview":"max-image-preview:large","max-video-preview":"max-video-preview:-1"},"canonical":"https:\/\/rauchfrei.at\/umfrage-zum-thema-persoenlichkeit-rauchverhalten\/","og_locale":"en_US","og_type":"article","og_title":"Umfrage zum Thema Pers\u00f6nlichkeit &amp; Rauchverhalten - Rauchfrei Telefon","og_description":"TeilnehmerInnen gesucht: F\u00fcr eine Masterarbeit an der Universit\u00e4t Graz wird zur Teilnahme an einer Umfrage zum Thema Pers\u00f6nlichkeit & Rauchverhalten eingeladen \u2013 jede Teilnahme stellt eine enorme Unterst\u00fctzung dar und hilft, den derzeitigen Wissensstand zu erweitern.","og_url":"https:\/\/rauchfrei.at\/umfrage-zum-thema-persoenlichkeit-rauchverhalten\/","og_site_name":"Rauchfrei Telefon","article_published_time":"2024-02-14T07:40:55+00:00","article_modified_time":"2024-02-14T07:56:30+00:00","author":"Gastkommentar","twitter_card":"summary_large_image","twitter_misc":{"Written by":"Gastkommentar"},"schema":{"@context":"https:\/\/schema.org","@graph":[{"@type":"WebPage","@id":"https:\/\/rauchfrei.at\/umfrage-zum-thema-persoenlichkeit-rauchverhalten\/","url":"https:\/\/rauchfrei.at\/umfrage-zum-thema-persoenlichkeit-rauchverhalten\/","name":"Umfrage zum Thema Pers\u00f6nlichkeit &amp; Rauchverhalten - Rauchfrei Telefon","isPartOf":{"@id":"https:\/\/rauchfrei.at\/#website"},"datePublished":"2024-02-14T07:40:55+00:00","dateModified":"2024-02-14T07:56:30+00:00","author":{"@id":"https:\/\/rauchfrei.at\/#\/schema\/person\/5fc25ba0c5c18c7bb72f39740e4d31da"},"inLanguage":"en-US","potentialAction":[{"@type":"ReadAction","target":["https:\/\/rauchfrei.at\/umfrage-zum-thema-persoenlichkeit-rauchverhalten\/"]}]},{"@type":"WebSite","@id":"https:\/\/rauchfrei.at\/#website","url":"https:\/\/rauchfrei.at\/","name":"Rauchfrei Telefon","description":"Eine \u00f6sterreichweite Initiative der Sozialversicherungen.","potentialAction":[{"@type":"SearchAction","target":{"@type":"EntryPoint","urlTemplate":"https:\/\/rauchfrei.at\/?s={search_term_string}"},"query-input":{"@type":"PropertyValueSpecification","valueRequired":true,"valueName":"search_term_string"}}],"inLanguage":"en-US"},{"@type":"Person","@id":"https:\/\/rauchfrei.at\/#\/schema\/person\/5fc25ba0c5c18c7bb72f39740e4d31da","name":"Gastkommentar","image":{"@type":"ImageObject","inLanguage":"en-US","@id":"https:\/\/rauchfrei.at\/#\/schema\/person\/image\/","url":"https:\/\/secure.gravatar.com\/avatar\/85407d990e69802a3bded43886ed11ed06b45db3bbf254d52dd9f9c82c33dd83?s=96&d=mm&r=g","contentUrl":"https:\/\/secure.gravatar.com\/avatar\/85407d990e69802a3bded43886ed11ed06b45db3bbf254d52dd9f9c82c33dd83?s=96&d=mm&r=g","caption":"Gastkommentar"},"url":"https:\/\/rauchfrei.at\/en\/author\/gastkommentar\/"}]}},"_links":{"self":[{"href":"https:\/\/rauchfrei.at\/en\/wp-json\/wp\/v2\/posts\/29150","targetHints":{"allow":["GET"]}}],"collection":[{"href":"https:\/\/rauchfrei.at\/en\/wp-json\/wp\/v2\/posts"}],"about":[{"href":"https:\/\/rauchfrei.at\/en\/wp-json\/wp\/v2\/types\/post"}],"author":[{"embeddable":true,"href":"https:\/\/rauchfrei.at\/en\/wp-json\/wp\/v2\/users\/17"}],"replies":[{"embeddable":true,"href":"https:\/\/rauchfrei.at\/en\/wp-json\/wp\/v2\/comments?post=29150"}],"version-history":[{"count":12,"href":"https:\/\/rauchfrei.at\/en\/wp-json\/wp\/v2\/posts\/29150\/revisions"}],"predecessor-version":[{"id":29170,"href":"https:\/\/rauchfrei.at\/en\/wp-json\/wp\/v2\/posts\/29150\/revisions\/29170"}],"wp:attachment":[{"href":"https:\/\/rauchfrei.at\/en\/wp-json\/wp\/v2\/media?parent=29150"}],"wp:term":[{"taxonomy":"category","embeddable":true,"href":"https:\/\/rauchfrei.at\/en\/wp-json\/wp\/v2\/categories?post=29150"},{"taxonomy":"post_tag","embeddable":true,"href":"https:\/\/rauchfrei.at\/en\/wp-json\/wp\/v2\/tags?post=29150"}],"curies":[{"name":"wp","href":"https:\/\/api.w.org\/{rel}","templated":true}]}}