
{"id":29340,"date":"2024-03-25T08:00:00","date_gmt":"2024-03-25T06:00:00","guid":{"rendered":"https:\/\/rauchfrei.at\/?p=29340"},"modified":"2024-03-22T18:49:27","modified_gmt":"2024-03-22T16:49:27","slug":"es-ist-nie-zu-spaet-und-immer-der-richtige-zeitpunkt-fuer-den-rauchstopp","status":"publish","type":"post","link":"https:\/\/rauchfrei.at\/en\/es-ist-nie-zu-spaet-und-immer-der-richtige-zeitpunkt-fuer-den-rauchstopp\/","title":{"rendered":"Es ist nie zu sp\u00e4t und immer der richtige Zeitpunkt f\u00fcr den Rauchstopp"},"content":{"rendered":"\n[et_pb_section fb_built=&#8221;1&#8243; module_class=&#8221;header&#8221; _builder_version=&#8221;4.16&#8243; global_colors_info=&#8221;{}&#8221;][et_pb_row _builder_version=&#8221;4.16&#8243; global_colors_info=&#8221;{}&#8221;][et_pb_column type=&#8221;4_4&#8243; _builder_version=&#8221;4.16&#8243; custom_padding=&#8221;|||&#8221; global_colors_info=&#8221;{}&#8221; custom_padding__hover=&#8221;|||&#8221;][et_pb_dp_dmb_module_10001 subheadline=&#8221; Studie pr\u00e4sentiert wie sehr es sich lohnt rauchfrei zu werden&#8221; _builder_version=&#8221;4.23.1&#8243; global_colors_info=&#8221;{}&#8221;][\/et_pb_dp_dmb_module_10001][\/et_pb_column][\/et_pb_row][\/et_pb_section][et_pb_section fb_built=&#8221;1&#8243; _builder_version=&#8221;4.16&#8243; custom_padding=&#8221;30px|||&#8221; global_colors_info=&#8221;{}&#8221;][et_pb_row column_structure=&#8221;2_3,1_3&#8243; _builder_version=&#8221;4.16&#8243; global_colors_info=&#8221;{}&#8221;][et_pb_column type=&#8221;2_3&#8243; module_class=&#8221;blog-content&#8221; _builder_version=&#8221;4.16&#8243; custom_padding=&#8221;|||&#8221; global_colors_info=&#8221;{}&#8221; custom_padding__hover=&#8221;|||&#8221;][et_pb_text _builder_version=&#8221;4.23.1&#8243; global_colors_info=&#8221;{}&#8221;]<p>Soziale Medien sind voll von Tipps wie die Gesundheit und das Wohlbefinden gesteigert werden k\u00f6nnen.\u00a0 Kaum etwas ist so bedeutsam wie die sch\u00e4dlichen Auswirkungen des Tabakkonsums.<\/p>\n<p>Rauchen ist eine der f\u00fchrenden vermeidbaren Todesursachen weltweit und hat eine Reihe schwerwiegender gesundheitlicher Folgen, darunter Herzkrankheiten, Lungenkrebs und Atemwegserkrankungen.<\/p>\n<p>Eine k\u00fcrzlich ver\u00f6ffentlichte Studie zeigt, dass es nie zu sp\u00e4t ist, mit dem Rauchen aufzuh\u00f6ren.<\/p>\n<p>Das Forschungsteam unter der Leitung von Eo Rin Cho von der Dalla Lana School of Public Health in Kanada hat sich intensiv mit den Auswirkungen eines Rauchstopps auf Menschen eines gro\u00dfen Altersspektrums befasst. Die Ergebnisse ihrer Studie sind bemerkenswert und bieten eine ermutigende Botschaft. Die Studie, die in renommierten Fachzeitschriften ver\u00f6ffentlicht wurde, zeigt, dass Tabakkonsumentinnen und -konsumenten in jedem Lebensalter erheblich von einem Rauchstopp profitieren k\u00f6nnen. Selbst bei Personen, die bereits viele Jahre geraucht haben, k\u00f6nnen positive Ver\u00e4nderungen eintreten, sobald sie die Zigaretten aufgeben.<\/p>\n<p>Um diese Unsicherheit zu kl\u00e4ren, hat ein Forschungsteam Daten aus vier nationalen Kohortenstudien zusammengef\u00fchrt, die von 1974 bis 2018 in den Vereinigten Staaten, im Vereinigten K\u00f6nigreich, in Norwegen und in Kanada durchgef\u00fchrt wurden. Diese umfassende Studie sollte den Einfluss des Rauchstopps auf die Sterblichkeitsraten in verschiedenen Altersgruppen untersuchen.<\/p>\n<p>Unter Ber\u00fccksichtigung von Daten von 1,48 Millionen Erwachsenen im Alter von 20 bis 79 Jahren und einer Nachverfolgung \u00fcber 15 Jahre hinweg wurden insgesamt 122.697 Todesf\u00e4lle verzeichnet. Dabei zeigte sich, dass aktive Raucherinnen und Raucher im Vergleich zu Nichtraucherinnen und Nichtrauchern ein signifikant h\u00f6heres Risiko f\u00fcr den Tod hatten, mit Hazard-Ratios von 2,8 f\u00fcr Frauen und 2,7 f\u00fcr M\u00e4nner.<\/p>\n<p>Besonders alarmierend war die Feststellung, dass Raucherinnen und Raucher zwischen 40 und 79 Jahren im Vergleich zu Nichtraucherinnen und Nichtrauchern im Durchschnitt 12 bis 13 Jahre fr\u00fcher verstarben. Dies bedeutet einen Verlust von etwa 24 bis 26 Lebensjahren f\u00fcr Raucherinnen und Raucher, die an den Folgen des Rauchens starben, im Vergleich zu Nichtraucherinnen und Nichtrauchern, die nicht durch das Rauchen verstarben.<\/p>\n<p>Die Untersuchung ergab auch, dass das Risiko f\u00fcr einen vorzeitigen Tod nach dem Rauchstopp sinkt.<\/p>\n<p>Die positiven Auswirkungen des Rauchstopps wurden bereits drei Jahre nach Beendigung des Rauchens deutlich. Das Absetzen von Zigaretten in jedem Alter war mit einer l\u00e4ngeren Lebenserwartung verbunden, insbesondere wenn der Rauchstopp vor dem 40. Lebensjahr erfolgte.<\/p>\n<p>Insgesamt zeigt die Studie, dass der Rauchstopp, unabh\u00e4ngig vom Alter, mit einer signifikanten Reduzierung der Mortalit\u00e4t und Morbidit\u00e4t einhergeht. Besonders in jungen Jahren ist ein Rauchstopp mit einem geringeren Risiko f\u00fcr vorzeitigen Tod verbunden.<\/p>\n<p>Die Forschung von Eo Rin Cho und ihrem Team unterstreicht die Bedeutung von Ma\u00dfnahmen zur Tabakkontrolle und zur Unterst\u00fctzung von Raucherinnen und Rauchern, die aufh\u00f6ren m\u00f6chten.<\/p>\n<p>Den gemeinsam, also mit Unterst\u00fctzung gelingt der Rauchstopp besser und langfristig erfolgreicher!<\/p>\n<p>Links:<\/p>\n<p><a href=\"https:\/\/evidence.nejm.org\/doi\/full\/10.1056\/EVIDoa2300272\">https:\/\/evidence.nejm.org\/doi\/full\/10.1056\/EVIDoa2300272<\/a><\/p>\n<p><a href=\"https:\/\/science.orf.at\/stories\/3224141\/\">https:\/\/science.orf.at\/stories\/3224141\/<\/a><\/p>[\/et_pb_text][et_pb_post_nav in_same_term=&#8221;off&#8221; _builder_version=&#8221;4.16&#8243; global_colors_info=&#8221;{}&#8221;][\/et_pb_post_nav][\/et_pb_column][et_pb_column type=&#8221;1_3&#8243; module_class=&#8221;cat-and-tag&#8221; _builder_version=&#8221;4.16&#8243; custom_padding=&#8221;|||&#8221; global_colors_info=&#8221;{}&#8221; custom_padding__hover=&#8221;|||&#8221;][et_pb_dp_dmb_module_10093 farbe=&#8221;blitzblau&#8221; headline=&#8221;Tabak- und Nikotinprodukte&#8221; image=&#8221;https:\/\/rauchfrei.at\/wp-content\/uploads\/Dampfmaedel_RGB_RZ.png&#8221; image_position=&#8221;center&#8221; link_text=&#8221;mehr Informationen&#8221; link_url=&#8221;https:\/\/rauchfrei.at\/fakten\/andere-tabakprodukte\/&#8221; admin_label=&#8221;Tabak- und Nikotinprodukte&#8221; _builder_version=&#8221;4.20.4&#8243; _module_preset=&#8221;default&#8221; global_module=&#8221;26833&#8243; saved_tabs=&#8221;all&#8221; global_colors_info=&#8221;{}&#8221;]<p>Was ist wo drin?<\/p>\n[\/et_pb_dp_dmb_module_10093][et_pb_dp_dmb_module_10093 farbe=&#8221;blitzblau&#8221; headline=&#8221;Alternativen zum Rauchen&#8221; image=&#8221;https:\/\/rauchfrei.at\/wp-content\/uploads\/Relax-in-hammok.png&#8221; image_position=&#8221;center&#8221; link_text=&#8221;mehr&#8221; link_url=&#8221;https:\/\/rauchfrei.at\/alternativen\/&#8221; admin_label=&#8221;Alternativen zum Rauchen&#8221; _builder_version=&#8221;4.16&#8243; z_index_tablet=&#8221;500&#8243; saved_tabs=&#8221;all&#8221; global_colors_info=&#8221;{}&#8221; global_module=&#8221;13174&#8243; theme_builder_area=&#8221;post_content&#8221;]<p>Es gibt viele M\u00f6glichkeiten, um nicht zur Zigarette zu greifen!<\/p>\n[\/et_pb_dp_dmb_module_10093][\/et_pb_column][\/et_pb_row][\/et_pb_section]\n","protected":false},"excerpt":{"rendered":"<p>Es ist nicht \u00fcberraschend, dass je eher man den Rauchstopp umsetzt, desto besser die Folgen f\u00fcr die eigene Gesundheit. Eindr\u00fcckliche Ergebnisse zeigt dazu eine Studie, aus der hervorgeht, dass der Rauchstopp vor dem 40. Lebensjahr rasch zu einer beachtlichen Verbesserung der Allgemeingesundheit f\u00fchrt.<\/p>\n","protected":false},"author":25,"featured_media":0,"comment_status":"open","ping_status":"open","sticky":false,"template":"","format":"standard","meta":{"_et_pb_use_builder":"on","_et_pb_old_content":"","_et_gb_content_width":"2880","footnotes":""},"categories":[235,237,236],"tags":[],"class_list":["post-29340","post","type-post","status-publish","format-standard","hentry","category-gesundheit-und-rauchstopp","category-literatur-und-hintergrundwissen","category-nicht-kategorisiert"],"yoast_head":"<!-- This site is optimized with the Yoast SEO plugin v26.2 - https:\/\/yoast.com\/wordpress\/plugins\/seo\/ -->\n<title>Es ist nie zu sp\u00e4t und immer der richtige Zeitpunkt f\u00fcr den Rauchstopp - Rauchfrei Telefon<\/title>\n<meta name=\"robots\" content=\"index, follow, max-snippet:-1, max-image-preview:large, max-video-preview:-1\" \/>\n<link rel=\"canonical\" href=\"https:\/\/rauchfrei.at\/es-ist-nie-zu-spaet-und-immer-der-richtige-zeitpunkt-fuer-den-rauchstopp\/\" \/>\n<meta property=\"og:locale\" content=\"en_US\" \/>\n<meta property=\"og:type\" content=\"article\" \/>\n<meta property=\"og:title\" content=\"Es ist nie zu sp\u00e4t und immer der richtige Zeitpunkt f\u00fcr den Rauchstopp - Rauchfrei Telefon\" \/>\n<meta property=\"og:description\" content=\"Es ist nicht \u00fcberraschend, dass je eher man den Rauchstopp umsetzt, desto besser die Folgen f\u00fcr die eigene Gesundheit. Eindr\u00fcckliche Ergebnisse zeigt dazu eine Studie, aus der hervorgeht, dass der Rauchstopp vor dem 40. Lebensjahr rasch zu einer beachtlichen Verbesserung der Allgemeingesundheit f\u00fchrt.\" \/>\n<meta property=\"og:url\" content=\"https:\/\/rauchfrei.at\/es-ist-nie-zu-spaet-und-immer-der-richtige-zeitpunkt-fuer-den-rauchstopp\/\" \/>\n<meta property=\"og:site_name\" content=\"Rauchfrei Telefon\" \/>\n<meta property=\"article:published_time\" content=\"2024-03-25T06:00:00+00:00\" \/>\n<meta name=\"author\" content=\"Rauchfrei Team\" \/>\n<meta name=\"twitter:card\" content=\"summary_large_image\" \/>\n<meta name=\"twitter:label1\" content=\"Written by\" \/>\n\t<meta name=\"twitter:data1\" content=\"Rauchfrei Team\" \/>\n<script type=\"application\/ld+json\" class=\"yoast-schema-graph\">{\"@context\":\"https:\/\/schema.org\",\"@graph\":[{\"@type\":\"WebPage\",\"@id\":\"https:\/\/rauchfrei.at\/es-ist-nie-zu-spaet-und-immer-der-richtige-zeitpunkt-fuer-den-rauchstopp\/\",\"url\":\"https:\/\/rauchfrei.at\/es-ist-nie-zu-spaet-und-immer-der-richtige-zeitpunkt-fuer-den-rauchstopp\/\",\"name\":\"Es ist nie zu sp\u00e4t und immer der richtige Zeitpunkt f\u00fcr den Rauchstopp - Rauchfrei Telefon\",\"isPartOf\":{\"@id\":\"https:\/\/rauchfrei.at\/#website\"},\"datePublished\":\"2024-03-25T06:00:00+00:00\",\"author\":{\"@id\":\"https:\/\/rauchfrei.at\/#\/schema\/person\/504bbf90c5482004fc09aef6de7f9277\"},\"inLanguage\":\"en-US\",\"potentialAction\":[{\"@type\":\"ReadAction\",\"target\":[\"https:\/\/rauchfrei.at\/es-ist-nie-zu-spaet-und-immer-der-richtige-zeitpunkt-fuer-den-rauchstopp\/\"]}]},{\"@type\":\"WebSite\",\"@id\":\"https:\/\/rauchfrei.at\/#website\",\"url\":\"https:\/\/rauchfrei.at\/\",\"name\":\"Rauchfrei Telefon\",\"description\":\"Eine \u00f6sterreichweite Initiative der Sozialversicherungen.\",\"potentialAction\":[{\"@type\":\"SearchAction\",\"target\":{\"@type\":\"EntryPoint\",\"urlTemplate\":\"https:\/\/rauchfrei.at\/?s={search_term_string}\"},\"query-input\":{\"@type\":\"PropertyValueSpecification\",\"valueRequired\":true,\"valueName\":\"search_term_string\"}}],\"inLanguage\":\"en-US\"},{\"@type\":\"Person\",\"@id\":\"https:\/\/rauchfrei.at\/#\/schema\/person\/504bbf90c5482004fc09aef6de7f9277\",\"name\":\"Rauchfrei Team\",\"image\":{\"@type\":\"ImageObject\",\"inLanguage\":\"en-US\",\"@id\":\"https:\/\/rauchfrei.at\/#\/schema\/person\/image\/\",\"url\":\"https:\/\/secure.gravatar.com\/avatar\/2115b79a00800516fa1523bb5a329611f90e73e89be559131fc7e82b4fdc95ff?s=96&d=mm&r=g\",\"contentUrl\":\"https:\/\/secure.gravatar.com\/avatar\/2115b79a00800516fa1523bb5a329611f90e73e89be559131fc7e82b4fdc95ff?s=96&d=mm&r=g\",\"caption\":\"Rauchfrei Team\"},\"url\":\"https:\/\/rauchfrei.at\/en\/author\/rauchfrei-team\/\"}]}<\/script>\n<!-- \/ Yoast SEO plugin. -->","yoast_head_json":{"title":"Es ist nie zu sp\u00e4t und immer der richtige Zeitpunkt f\u00fcr den Rauchstopp - Rauchfrei Telefon","robots":{"index":"index","follow":"follow","max-snippet":"max-snippet:-1","max-image-preview":"max-image-preview:large","max-video-preview":"max-video-preview:-1"},"canonical":"https:\/\/rauchfrei.at\/es-ist-nie-zu-spaet-und-immer-der-richtige-zeitpunkt-fuer-den-rauchstopp\/","og_locale":"en_US","og_type":"article","og_title":"Es ist nie zu sp\u00e4t und immer der richtige Zeitpunkt f\u00fcr den Rauchstopp - Rauchfrei Telefon","og_description":"Es ist nicht \u00fcberraschend, dass je eher man den Rauchstopp umsetzt, desto besser die Folgen f\u00fcr die eigene Gesundheit. Eindr\u00fcckliche Ergebnisse zeigt dazu eine Studie, aus der hervorgeht, dass der Rauchstopp vor dem 40. Lebensjahr rasch zu einer beachtlichen Verbesserung der Allgemeingesundheit f\u00fchrt.","og_url":"https:\/\/rauchfrei.at\/es-ist-nie-zu-spaet-und-immer-der-richtige-zeitpunkt-fuer-den-rauchstopp\/","og_site_name":"Rauchfrei Telefon","article_published_time":"2024-03-25T06:00:00+00:00","author":"Rauchfrei Team","twitter_card":"summary_large_image","twitter_misc":{"Written by":"Rauchfrei Team"},"schema":{"@context":"https:\/\/schema.org","@graph":[{"@type":"WebPage","@id":"https:\/\/rauchfrei.at\/es-ist-nie-zu-spaet-und-immer-der-richtige-zeitpunkt-fuer-den-rauchstopp\/","url":"https:\/\/rauchfrei.at\/es-ist-nie-zu-spaet-und-immer-der-richtige-zeitpunkt-fuer-den-rauchstopp\/","name":"Es ist nie zu sp\u00e4t und immer der richtige Zeitpunkt f\u00fcr den Rauchstopp - Rauchfrei Telefon","isPartOf":{"@id":"https:\/\/rauchfrei.at\/#website"},"datePublished":"2024-03-25T06:00:00+00:00","author":{"@id":"https:\/\/rauchfrei.at\/#\/schema\/person\/504bbf90c5482004fc09aef6de7f9277"},"inLanguage":"en-US","potentialAction":[{"@type":"ReadAction","target":["https:\/\/rauchfrei.at\/es-ist-nie-zu-spaet-und-immer-der-richtige-zeitpunkt-fuer-den-rauchstopp\/"]}]},{"@type":"WebSite","@id":"https:\/\/rauchfrei.at\/#website","url":"https:\/\/rauchfrei.at\/","name":"Rauchfrei Telefon","description":"Eine \u00f6sterreichweite Initiative der Sozialversicherungen.","potentialAction":[{"@type":"SearchAction","target":{"@type":"EntryPoint","urlTemplate":"https:\/\/rauchfrei.at\/?s={search_term_string}"},"query-input":{"@type":"PropertyValueSpecification","valueRequired":true,"valueName":"search_term_string"}}],"inLanguage":"en-US"},{"@type":"Person","@id":"https:\/\/rauchfrei.at\/#\/schema\/person\/504bbf90c5482004fc09aef6de7f9277","name":"Rauchfrei Team","image":{"@type":"ImageObject","inLanguage":"en-US","@id":"https:\/\/rauchfrei.at\/#\/schema\/person\/image\/","url":"https:\/\/secure.gravatar.com\/avatar\/2115b79a00800516fa1523bb5a329611f90e73e89be559131fc7e82b4fdc95ff?s=96&d=mm&r=g","contentUrl":"https:\/\/secure.gravatar.com\/avatar\/2115b79a00800516fa1523bb5a329611f90e73e89be559131fc7e82b4fdc95ff?s=96&d=mm&r=g","caption":"Rauchfrei Team"},"url":"https:\/\/rauchfrei.at\/en\/author\/rauchfrei-team\/"}]}},"_links":{"self":[{"href":"https:\/\/rauchfrei.at\/en\/wp-json\/wp\/v2\/posts\/29340","targetHints":{"allow":["GET"]}}],"collection":[{"href":"https:\/\/rauchfrei.at\/en\/wp-json\/wp\/v2\/posts"}],"about":[{"href":"https:\/\/rauchfrei.at\/en\/wp-json\/wp\/v2\/types\/post"}],"author":[{"embeddable":true,"href":"https:\/\/rauchfrei.at\/en\/wp-json\/wp\/v2\/users\/25"}],"replies":[{"embeddable":true,"href":"https:\/\/rauchfrei.at\/en\/wp-json\/wp\/v2\/comments?post=29340"}],"version-history":[{"count":7,"href":"https:\/\/rauchfrei.at\/en\/wp-json\/wp\/v2\/posts\/29340\/revisions"}],"predecessor-version":[{"id":29351,"href":"https:\/\/rauchfrei.at\/en\/wp-json\/wp\/v2\/posts\/29340\/revisions\/29351"}],"wp:attachment":[{"href":"https:\/\/rauchfrei.at\/en\/wp-json\/wp\/v2\/media?parent=29340"}],"wp:term":[{"taxonomy":"category","embeddable":true,"href":"https:\/\/rauchfrei.at\/en\/wp-json\/wp\/v2\/categories?post=29340"},{"taxonomy":"post_tag","embeddable":true,"href":"https:\/\/rauchfrei.at\/en\/wp-json\/wp\/v2\/tags?post=29340"}],"curies":[{"name":"wp","href":"https:\/\/api.w.org\/{rel}","templated":true}]}}