
{"id":29354,"date":"2024-04-08T08:00:00","date_gmt":"2024-04-08T06:00:00","guid":{"rendered":"https:\/\/rauchfrei.at\/?p=29354"},"modified":"2024-04-03T13:16:04","modified_gmt":"2024-04-03T11:16:04","slug":"der-jahresbericht-2023","status":"publish","type":"post","link":"https:\/\/rauchfrei.at\/en\/der-jahresbericht-2023\/","title":{"rendered":"Der Jahresbericht 2023"},"content":{"rendered":"\n[et_pb_section fb_built=&#8221;1&#8243; module_class=&#8221;header&#8221; _builder_version=&#8221;4.16&#8243; global_colors_info=&#8221;{}&#8221;][et_pb_row _builder_version=&#8221;4.16&#8243; global_colors_info=&#8221;{}&#8221;][et_pb_column type=&#8221;4_4&#8243; _builder_version=&#8221;4.16&#8243; custom_padding=&#8221;|||&#8221; global_colors_info=&#8221;{}&#8221; custom_padding__hover=&#8221;|||&#8221;][et_pb_dp_dmb_module_10001 subheadline=&#8221;Einblick in die T\u00e4tigkeiten des Rauchfrei Telefons 2023&#8243; _builder_version=&#8221;4.23.1&#8243; global_colors_info=&#8221;{}&#8221;][\/et_pb_dp_dmb_module_10001][\/et_pb_column][\/et_pb_row][\/et_pb_section][et_pb_section fb_built=&#8221;1&#8243; _builder_version=&#8221;4.16&#8243; custom_padding=&#8221;30px|||&#8221; global_colors_info=&#8221;{}&#8221;][et_pb_row column_structure=&#8221;2_3,1_3&#8243; _builder_version=&#8221;4.16&#8243; global_colors_info=&#8221;{}&#8221;][et_pb_column type=&#8221;2_3&#8243; module_class=&#8221;blog-content&#8221; _builder_version=&#8221;4.16&#8243; custom_padding=&#8221;|||&#8221; global_colors_info=&#8221;{}&#8221; custom_padding__hover=&#8221;|||&#8221;][et_pb_text _builder_version=&#8221;4.23.1&#8243; global_colors_info=&#8221;{}&#8221;]<p>Das Rauchfrei Telefon bietet seit 18 Jahren Informationsvermittlung, Beratung und Weitervermittlung zu Behandlungsangeboten in ganz \u00d6sterreich an. Seit 2016 ist die Telefonnummer des Rauchfrei Telefons auf jeder \u00f6sterreichischen Zigarettenpackung aufgedruckt und im Tabak- und Nichtraucher\/innenschutzgesetz verankert. Der Gro\u00dfteil der Anruferinnen und Anrufer gibt an, aufgrund dieses Aufdrucks beim Rauchfrei Telefon anzurufen.<\/p>\n<p>Zus\u00e4tzlich zur Beratung zum Thema Rauchen, Nikotinkonsum und -abh\u00e4ngigkeit deckt das Rauchfrei Telefon mit der Website und der Rauchfrei App eine gro\u00dfe Bandbreite der Informationsvermittlung f\u00fcr vielf\u00e4ltige Personengruppen ab. \u00a0Wir vermitteln zu Behandlungsangeboten in ganz \u00d6sterreich, informieren zu aktuellen Themen und dienen als Anlaufstelle auch f\u00fcr Gesundheitsfachleute und Medien. Das Rauchfrei Ticket, ein Kooperationsmodell, dient als Verbindung zwischen Gesundheitsinstitutionen und Behandlungsangeboten. 15 Partner finanzieren gemeinsam das \u00f6sterreichweite Angebot, die \u00d6GK betreibt das Rauchfrei Telefon. \u00a0Wir danken unseren 15 kooperierenden Partnern f\u00fcr die gute und kontinuierliche Zusammenarbeit im vergangenen Jahr.<\/p>\n<p>Der Jahresbericht des Rauchfrei Telefons gibt Ihnen Einblick in die Arbeit des vergangenen Jahres &#8211; mit Gespr\u00e4chsbeispielen, Nutzungszahlen und Information zu neuen Materialien. Sie finden ihn <strong><a href=\"https:\/\/rauchfrei.at\/wp-content\/uploads\/2023_Jahresbericht_Rauchfrei-Telefon_Web.pdf\" target=\"_blank\" rel=\"noopener\">hier<\/a>.<\/strong><\/p>[\/et_pb_text][et_pb_post_nav in_same_term=&#8221;off&#8221; _builder_version=&#8221;4.16&#8243; global_colors_info=&#8221;{}&#8221;][\/et_pb_post_nav][\/et_pb_column][et_pb_column type=&#8221;1_3&#8243; module_class=&#8221;cat-and-tag&#8221; _builder_version=&#8221;4.16&#8243; custom_padding=&#8221;|||&#8221; global_colors_info=&#8221;{}&#8221; custom_padding__hover=&#8221;|||&#8221;][et_pb_text admin_label=&#8221;Das Rauchfrei Ticket&#8221; _builder_version=&#8221;3.27.4&#8243; global_module=&#8221;15221&#8243; saved_tabs=&#8221;all&#8221; global_colors_info=&#8221;{}&#8221;]<h2>Das Rauchfrei Ticket &#8211; Informationen f\u00fcr Profis<\/h2>\n<p><img loading=\"lazy\" decoding=\"async\" class=\"size-medium alignnone\" style=\"border: 3px solid #212121;\" src=\"https:\/\/rauchfrei.at\/wp-content\/uploads\/eins-2.jpg\" alt=\"\" width=\"1215\" height=\"1179\" \/><\/p>\n<a href='https:\/\/rauchfrei.at\/fuer-gesundheitsberufe\/das-rauchfrei-ticket\/' class='small-button smallblue'>mehr<\/a>\n[\/et_pb_text][\/et_pb_column][\/et_pb_row][\/et_pb_section]\n","protected":false},"excerpt":{"rendered":"<p>Unser Jahresbericht gibt Ihnen auch heuer wieder Einblicke in die t\u00e4gliche Arbeit des Rauchfrei Telefons. Der Gro\u00dfteil jener, die uns anrufen, findet die Telefonnummer auf der Zigarettenpackung. Immer \u00f6fter sagen uns auch Anruferinnen und Anrufer: \u201eMeine Freundin, mein Arbeitskollege hat mit Euch aufgeh\u00f6rt und hat gesagt, ich soll auch mal anrufen\u201c Das freut uns besonders. Unsere Informationsvermittlung und Beratung tr\u00e4gt h\u00e4ufig dazu bei, dass der Ausstieg aus der Nikotinabh\u00e4ngigkeit leichter und angenehmer gelingt als alleine.<\/p>\n","protected":false},"author":25,"featured_media":0,"comment_status":"open","ping_status":"open","sticky":false,"template":"","format":"standard","meta":{"_et_pb_use_builder":"on","_et_pb_old_content":"","_et_gb_content_width":"2880","footnotes":""},"categories":[232,236],"tags":[],"class_list":["post-29354","post","type-post","status-publish","format-standard","hentry","category-nachrichten-vom-rauchfrei-telefon","category-nicht-kategorisiert"],"yoast_head":"<!-- This site is optimized with the Yoast SEO plugin v26.2 - https:\/\/yoast.com\/wordpress\/plugins\/seo\/ -->\n<title>Der Jahresbericht 2023 - Rauchfrei Telefon<\/title>\n<meta name=\"robots\" content=\"index, follow, max-snippet:-1, max-image-preview:large, max-video-preview:-1\" \/>\n<link rel=\"canonical\" href=\"https:\/\/rauchfrei.at\/der-jahresbericht-2023\/\" \/>\n<meta property=\"og:locale\" content=\"en_US\" \/>\n<meta property=\"og:type\" content=\"article\" \/>\n<meta property=\"og:title\" content=\"Der Jahresbericht 2023 - Rauchfrei Telefon\" \/>\n<meta property=\"og:description\" content=\"Unser Jahresbericht gibt Ihnen auch heuer wieder Einblicke in die t\u00e4gliche Arbeit des Rauchfrei Telefons. Der Gro\u00dfteil jener, die uns anrufen, findet die Telefonnummer auf der Zigarettenpackung. Immer \u00f6fter sagen uns auch Anruferinnen und Anrufer: \u201eMeine Freundin, mein Arbeitskollege hat mit Euch aufgeh\u00f6rt und hat gesagt, ich soll auch mal anrufen\u201c Das freut uns besonders. Unsere Informationsvermittlung und Beratung tr\u00e4gt h\u00e4ufig dazu bei, dass der Ausstieg aus der Nikotinabh\u00e4ngigkeit leichter und angenehmer gelingt als alleine.\" \/>\n<meta property=\"og:url\" content=\"https:\/\/rauchfrei.at\/der-jahresbericht-2023\/\" \/>\n<meta property=\"og:site_name\" content=\"Rauchfrei Telefon\" \/>\n<meta property=\"article:published_time\" content=\"2024-04-08T06:00:00+00:00\" \/>\n<meta property=\"og:image\" content=\"https:\/\/rauchfrei.at\/wp-content\/uploads\/eins-2.jpg\" \/>\n<meta name=\"author\" content=\"Rauchfrei Team\" \/>\n<meta name=\"twitter:card\" content=\"summary_large_image\" \/>\n<meta name=\"twitter:label1\" content=\"Written by\" \/>\n\t<meta name=\"twitter:data1\" content=\"Rauchfrei Team\" \/>\n\t<meta name=\"twitter:label2\" content=\"Est. reading time\" \/>\n\t<meta name=\"twitter:data2\" content=\"2 minutes\" \/>\n<script type=\"application\/ld+json\" class=\"yoast-schema-graph\">{\"@context\":\"https:\/\/schema.org\",\"@graph\":[{\"@type\":\"WebPage\",\"@id\":\"https:\/\/rauchfrei.at\/der-jahresbericht-2023\/\",\"url\":\"https:\/\/rauchfrei.at\/der-jahresbericht-2023\/\",\"name\":\"Der Jahresbericht 2023 - Rauchfrei Telefon\",\"isPartOf\":{\"@id\":\"https:\/\/rauchfrei.at\/#website\"},\"primaryImageOfPage\":{\"@id\":\"https:\/\/rauchfrei.at\/der-jahresbericht-2023\/#primaryimage\"},\"image\":{\"@id\":\"https:\/\/rauchfrei.at\/der-jahresbericht-2023\/#primaryimage\"},\"thumbnailUrl\":\"https:\/\/rauchfrei.at\/wp-content\/uploads\/eins-2.jpg\",\"datePublished\":\"2024-04-08T06:00:00+00:00\",\"author\":{\"@id\":\"https:\/\/rauchfrei.at\/#\/schema\/person\/504bbf90c5482004fc09aef6de7f9277\"},\"inLanguage\":\"en-US\",\"potentialAction\":[{\"@type\":\"ReadAction\",\"target\":[\"https:\/\/rauchfrei.at\/der-jahresbericht-2023\/\"]}]},{\"@type\":\"ImageObject\",\"inLanguage\":\"en-US\",\"@id\":\"https:\/\/rauchfrei.at\/der-jahresbericht-2023\/#primaryimage\",\"url\":\"https:\/\/rauchfrei.at\/wp-content\/uploads\/eins-2.jpg\",\"contentUrl\":\"https:\/\/rauchfrei.at\/wp-content\/uploads\/eins-2.jpg\"},{\"@type\":\"WebSite\",\"@id\":\"https:\/\/rauchfrei.at\/#website\",\"url\":\"https:\/\/rauchfrei.at\/\",\"name\":\"Rauchfrei Telefon\",\"description\":\"Eine \u00f6sterreichweite Initiative der Sozialversicherungen.\",\"potentialAction\":[{\"@type\":\"SearchAction\",\"target\":{\"@type\":\"EntryPoint\",\"urlTemplate\":\"https:\/\/rauchfrei.at\/?s={search_term_string}\"},\"query-input\":{\"@type\":\"PropertyValueSpecification\",\"valueRequired\":true,\"valueName\":\"search_term_string\"}}],\"inLanguage\":\"en-US\"},{\"@type\":\"Person\",\"@id\":\"https:\/\/rauchfrei.at\/#\/schema\/person\/504bbf90c5482004fc09aef6de7f9277\",\"name\":\"Rauchfrei Team\",\"image\":{\"@type\":\"ImageObject\",\"inLanguage\":\"en-US\",\"@id\":\"https:\/\/rauchfrei.at\/#\/schema\/person\/image\/\",\"url\":\"https:\/\/secure.gravatar.com\/avatar\/2115b79a00800516fa1523bb5a329611f90e73e89be559131fc7e82b4fdc95ff?s=96&d=mm&r=g\",\"contentUrl\":\"https:\/\/secure.gravatar.com\/avatar\/2115b79a00800516fa1523bb5a329611f90e73e89be559131fc7e82b4fdc95ff?s=96&d=mm&r=g\",\"caption\":\"Rauchfrei Team\"},\"url\":\"https:\/\/rauchfrei.at\/en\/author\/rauchfrei-team\/\"}]}<\/script>\n<!-- \/ Yoast SEO plugin. -->","yoast_head_json":{"title":"Der Jahresbericht 2023 - Rauchfrei Telefon","robots":{"index":"index","follow":"follow","max-snippet":"max-snippet:-1","max-image-preview":"max-image-preview:large","max-video-preview":"max-video-preview:-1"},"canonical":"https:\/\/rauchfrei.at\/der-jahresbericht-2023\/","og_locale":"en_US","og_type":"article","og_title":"Der Jahresbericht 2023 - Rauchfrei Telefon","og_description":"Unser Jahresbericht gibt Ihnen auch heuer wieder Einblicke in die t\u00e4gliche Arbeit des Rauchfrei Telefons. Der Gro\u00dfteil jener, die uns anrufen, findet die Telefonnummer auf der Zigarettenpackung. Immer \u00f6fter sagen uns auch Anruferinnen und Anrufer: \u201eMeine Freundin, mein Arbeitskollege hat mit Euch aufgeh\u00f6rt und hat gesagt, ich soll auch mal anrufen\u201c Das freut uns besonders. Unsere Informationsvermittlung und Beratung tr\u00e4gt h\u00e4ufig dazu bei, dass der Ausstieg aus der Nikotinabh\u00e4ngigkeit leichter und angenehmer gelingt als alleine.","og_url":"https:\/\/rauchfrei.at\/der-jahresbericht-2023\/","og_site_name":"Rauchfrei Telefon","article_published_time":"2024-04-08T06:00:00+00:00","og_image":[{"url":"https:\/\/rauchfrei.at\/wp-content\/uploads\/eins-2.jpg","type":"","width":"","height":""}],"author":"Rauchfrei Team","twitter_card":"summary_large_image","twitter_misc":{"Written by":"Rauchfrei Team","Est. reading time":"2 minutes"},"schema":{"@context":"https:\/\/schema.org","@graph":[{"@type":"WebPage","@id":"https:\/\/rauchfrei.at\/der-jahresbericht-2023\/","url":"https:\/\/rauchfrei.at\/der-jahresbericht-2023\/","name":"Der Jahresbericht 2023 - Rauchfrei Telefon","isPartOf":{"@id":"https:\/\/rauchfrei.at\/#website"},"primaryImageOfPage":{"@id":"https:\/\/rauchfrei.at\/der-jahresbericht-2023\/#primaryimage"},"image":{"@id":"https:\/\/rauchfrei.at\/der-jahresbericht-2023\/#primaryimage"},"thumbnailUrl":"https:\/\/rauchfrei.at\/wp-content\/uploads\/eins-2.jpg","datePublished":"2024-04-08T06:00:00+00:00","author":{"@id":"https:\/\/rauchfrei.at\/#\/schema\/person\/504bbf90c5482004fc09aef6de7f9277"},"inLanguage":"en-US","potentialAction":[{"@type":"ReadAction","target":["https:\/\/rauchfrei.at\/der-jahresbericht-2023\/"]}]},{"@type":"ImageObject","inLanguage":"en-US","@id":"https:\/\/rauchfrei.at\/der-jahresbericht-2023\/#primaryimage","url":"https:\/\/rauchfrei.at\/wp-content\/uploads\/eins-2.jpg","contentUrl":"https:\/\/rauchfrei.at\/wp-content\/uploads\/eins-2.jpg"},{"@type":"WebSite","@id":"https:\/\/rauchfrei.at\/#website","url":"https:\/\/rauchfrei.at\/","name":"Rauchfrei Telefon","description":"Eine \u00f6sterreichweite Initiative der Sozialversicherungen.","potentialAction":[{"@type":"SearchAction","target":{"@type":"EntryPoint","urlTemplate":"https:\/\/rauchfrei.at\/?s={search_term_string}"},"query-input":{"@type":"PropertyValueSpecification","valueRequired":true,"valueName":"search_term_string"}}],"inLanguage":"en-US"},{"@type":"Person","@id":"https:\/\/rauchfrei.at\/#\/schema\/person\/504bbf90c5482004fc09aef6de7f9277","name":"Rauchfrei Team","image":{"@type":"ImageObject","inLanguage":"en-US","@id":"https:\/\/rauchfrei.at\/#\/schema\/person\/image\/","url":"https:\/\/secure.gravatar.com\/avatar\/2115b79a00800516fa1523bb5a329611f90e73e89be559131fc7e82b4fdc95ff?s=96&d=mm&r=g","contentUrl":"https:\/\/secure.gravatar.com\/avatar\/2115b79a00800516fa1523bb5a329611f90e73e89be559131fc7e82b4fdc95ff?s=96&d=mm&r=g","caption":"Rauchfrei Team"},"url":"https:\/\/rauchfrei.at\/en\/author\/rauchfrei-team\/"}]}},"_links":{"self":[{"href":"https:\/\/rauchfrei.at\/en\/wp-json\/wp\/v2\/posts\/29354","targetHints":{"allow":["GET"]}}],"collection":[{"href":"https:\/\/rauchfrei.at\/en\/wp-json\/wp\/v2\/posts"}],"about":[{"href":"https:\/\/rauchfrei.at\/en\/wp-json\/wp\/v2\/types\/post"}],"author":[{"embeddable":true,"href":"https:\/\/rauchfrei.at\/en\/wp-json\/wp\/v2\/users\/25"}],"replies":[{"embeddable":true,"href":"https:\/\/rauchfrei.at\/en\/wp-json\/wp\/v2\/comments?post=29354"}],"version-history":[{"count":7,"href":"https:\/\/rauchfrei.at\/en\/wp-json\/wp\/v2\/posts\/29354\/revisions"}],"predecessor-version":[{"id":29388,"href":"https:\/\/rauchfrei.at\/en\/wp-json\/wp\/v2\/posts\/29354\/revisions\/29388"}],"wp:attachment":[{"href":"https:\/\/rauchfrei.at\/en\/wp-json\/wp\/v2\/media?parent=29354"}],"wp:term":[{"taxonomy":"category","embeddable":true,"href":"https:\/\/rauchfrei.at\/en\/wp-json\/wp\/v2\/categories?post=29354"},{"taxonomy":"post_tag","embeddable":true,"href":"https:\/\/rauchfrei.at\/en\/wp-json\/wp\/v2\/tags?post=29354"}],"curies":[{"name":"wp","href":"https:\/\/api.w.org\/{rel}","templated":true}]}}