
{"id":29370,"date":"2024-06-24T08:00:00","date_gmt":"2024-06-24T06:00:00","guid":{"rendered":"https:\/\/rauchfrei.at\/?p=29370"},"modified":"2024-06-27T08:13:38","modified_gmt":"2024-06-27T06:13:38","slug":"ein-rauchfreier-tagesablauf","status":"publish","type":"post","link":"https:\/\/rauchfrei.at\/en\/ein-rauchfreier-tagesablauf\/","title":{"rendered":"Ein rauchfreier Tagesablauf:"},"content":{"rendered":"\n[et_pb_section fb_built=&#8221;1&#8243; module_class=&#8221;header&#8221; _builder_version=&#8221;4.16&#8243; global_colors_info=&#8221;{}&#8221;][et_pb_row _builder_version=&#8221;4.16&#8243; global_colors_info=&#8221;{}&#8221;][et_pb_column type=&#8221;4_4&#8243; _builder_version=&#8221;4.16&#8243; custom_padding=&#8221;|||&#8221; global_colors_info=&#8221;{}&#8221; custom_padding__hover=&#8221;|||&#8221;][et_pb_dp_dmb_module_10001 subheadline=&#8221;Wie ein neuer Alltag gut gelingen kann &#8221; _builder_version=&#8221;4.23.1&#8243; global_colors_info=&#8221;{}&#8221;][\/et_pb_dp_dmb_module_10001][\/et_pb_column][\/et_pb_row][\/et_pb_section][et_pb_section fb_built=&#8221;1&#8243; _builder_version=&#8221;4.16&#8243; custom_padding=&#8221;30px|||&#8221; global_colors_info=&#8221;{}&#8221;][et_pb_row column_structure=&#8221;2_3,1_3&#8243; _builder_version=&#8221;4.16&#8243; global_colors_info=&#8221;{}&#8221;][et_pb_column type=&#8221;2_3&#8243; module_class=&#8221;blog-content&#8221; _builder_version=&#8221;4.16&#8243; custom_padding=&#8221;|||&#8221; global_colors_info=&#8221;{}&#8221; custom_padding__hover=&#8221;|||&#8221;][et_pb_text _builder_version=&#8221;4.23.1&#8243; global_colors_info=&#8221;{}&#8221;]<p>Wenn Sie langfristig das Rauchen oder Konsumieren von (E)-Zigaretten beenden wollen, ist es hilfreich, wenn Sie neue Pausenrituale in Ihren Alltag integrieren.<\/p>\n<p><strong>Hier finden Sie ein Beispiel f\u00fcr einen gesunden neuen Tagesablauf:<\/strong><\/p>\n<p><strong>In der Fr\u00fch:<\/strong> statt der ersten \u201eMorgenzigarette\u201c: bleiben Sie f\u00fcnf Minuten l\u00e4nger im Bett,, strecken und dehnen Sie sich und g\u00e4hnen, bis sich sich wach f\u00fchlen. Stehen Sie langsam auf und nehme drei Atemz\u00fcge Frischluft am Fenster.<\/p>\n<p><strong>Der erste Kaffee:<\/strong> manche finden es hilfreich, \u00a0den \u201eMorgenkaffee\u201c zu Beginn der rauchfreien Zeit mit Tee oder Orangensaft zu ersetzen.<\/p>\n<p><strong>Zwischendurch:<\/strong> werfen Sie bei Rauchverlangen einen Euro in ein \u201eRauchfrei\u201c Sparglas und freuen Sie sich auf die Belohnung, die Sie sich damit g\u00f6nnen werden.<\/p>\n<p><strong>Bei Gusto zwischendurch:<\/strong> Knabbern Sie Karotten oder Gurken, das lenkt ab und bringt auch die Verdauung in Schwung<\/p>\n<p><strong>Nach der Mittagsessen:<\/strong> Legen Sie einen \u201ePower-Nap\u201c ein<\/p>\n<p><strong>Beim Nachmittagstief:<\/strong> Holen Sie sich mit einem \u201eKneipp`schen &#8211;\u00a0 Espresso\u201c Schwung, <strong>das bedeutet, k\u00fchles Wasser \u00fcber die Handgelenke laufen zu lassen.<\/strong><\/p>\n<p><strong>Zwischendurch:<\/strong> an Zimtstangen oder Gew\u00fcrznelken kauen, an guten Aroma\u00f6len riechen, Frischluft einatmen.<\/p>\n<p><strong>Abends:<\/strong> Genie\u00dfen Sie neue Rituale: Trinken Sie einen besonderen Tee genie\u00dfen Sie ihn, g\u00f6nnen Sie sich Zeit f\u00fcr die Abendpflege mit Duschbad oder K\u00f6rpercreme, oder schreiben Sie Tagebuch und g\u00f6nnen Sie sich Zeit, den Tag Revue passieren zu lassen.<\/p>\n<p>&nbsp;<\/p>[\/et_pb_text][et_pb_post_nav in_same_term=&#8221;off&#8221; _builder_version=&#8221;4.16&#8243; global_colors_info=&#8221;{}&#8221;][\/et_pb_post_nav][\/et_pb_column][et_pb_column type=&#8221;1_3&#8243; module_class=&#8221;cat-and-tag&#8221; _builder_version=&#8221;4.16&#8243; custom_padding=&#8221;|||&#8221; global_colors_info=&#8221;{}&#8221; custom_padding__hover=&#8221;|||&#8221;][et_pb_dp_dmb_module_10093 farbe=&#8221;blitzgelb&#8221; headline=&#8221;Trauen Sie sich den Rauchstopp zu!&#8221; image=&#8221;https:\/\/rauchfrei.at\/wp-content\/uploads\/Quitting-Yellow.png&#8221; image_position=&#8221;center&#8221; link_text=&#8221;mehr&#8221; link_url=&#8221;https:\/\/rauchfrei.at\/aufhoeren\/schritte-zum-rauchstopp\/trauen-sie-sich-den-rauchstopp-zu\/&#8221; admin_label=&#8221;Trauen Sie sich den Rauchstopp zu&#8221; _builder_version=&#8221;4.23.1&#8243; global_module=&#8221;13173&#8243; saved_tabs=&#8221;all&#8221; global_colors_info=&#8221;{}&#8221;]<p>Wollen Sie etwas \u00e4ndern? Worauf warten Sie?<\/p>\n[\/et_pb_dp_dmb_module_10093][\/et_pb_column][\/et_pb_row][\/et_pb_section]\n","protected":false},"excerpt":{"rendered":"<p>Lesen Sie hier wie Sie Rauchpausen mit gesunden Gewohnheiten ersetzen k\u00f6nnen.<\/p>\n","protected":false},"author":25,"featured_media":0,"comment_status":"open","ping_status":"open","sticky":false,"template":"","format":"standard","meta":{"_et_pb_use_builder":"on","_et_pb_old_content":"","_et_gb_content_width":"2880","footnotes":""},"categories":[236],"tags":[],"class_list":["post-29370","post","type-post","status-publish","format-standard","hentry","category-nicht-kategorisiert"],"yoast_head":"<!-- This site is optimized with the Yoast SEO plugin v26.2 - https:\/\/yoast.com\/wordpress\/plugins\/seo\/ -->\n<title>Ein rauchfreier Tagesablauf: - Rauchfrei Telefon<\/title>\n<meta name=\"robots\" content=\"index, follow, max-snippet:-1, max-image-preview:large, max-video-preview:-1\" \/>\n<link rel=\"canonical\" href=\"https:\/\/rauchfrei.at\/ein-rauchfreier-tagesablauf\/\" \/>\n<meta property=\"og:locale\" content=\"en_US\" \/>\n<meta property=\"og:type\" content=\"article\" \/>\n<meta property=\"og:title\" content=\"Ein rauchfreier Tagesablauf: - Rauchfrei Telefon\" \/>\n<meta property=\"og:description\" content=\"Lesen Sie hier wie Sie Rauchpausen mit gesunden Gewohnheiten ersetzen k\u00f6nnen.\" \/>\n<meta property=\"og:url\" content=\"https:\/\/rauchfrei.at\/ein-rauchfreier-tagesablauf\/\" \/>\n<meta property=\"og:site_name\" content=\"Rauchfrei Telefon\" \/>\n<meta property=\"article:published_time\" content=\"2024-06-24T06:00:00+00:00\" \/>\n<meta property=\"article:modified_time\" content=\"2024-06-27T06:13:38+00:00\" \/>\n<meta name=\"author\" content=\"Rauchfrei Team\" \/>\n<meta name=\"twitter:card\" content=\"summary_large_image\" \/>\n<meta name=\"twitter:label1\" content=\"Written by\" \/>\n\t<meta name=\"twitter:data1\" content=\"Rauchfrei Team\" \/>\n\t<meta name=\"twitter:label2\" content=\"Est. reading time\" \/>\n\t<meta name=\"twitter:data2\" content=\"2 minutes\" \/>\n<script type=\"application\/ld+json\" class=\"yoast-schema-graph\">{\"@context\":\"https:\/\/schema.org\",\"@graph\":[{\"@type\":\"WebPage\",\"@id\":\"https:\/\/rauchfrei.at\/ein-rauchfreier-tagesablauf\/\",\"url\":\"https:\/\/rauchfrei.at\/ein-rauchfreier-tagesablauf\/\",\"name\":\"Ein rauchfreier Tagesablauf: - Rauchfrei Telefon\",\"isPartOf\":{\"@id\":\"https:\/\/rauchfrei.at\/#website\"},\"datePublished\":\"2024-06-24T06:00:00+00:00\",\"dateModified\":\"2024-06-27T06:13:38+00:00\",\"author\":{\"@id\":\"https:\/\/rauchfrei.at\/#\/schema\/person\/504bbf90c5482004fc09aef6de7f9277\"},\"inLanguage\":\"en-US\",\"potentialAction\":[{\"@type\":\"ReadAction\",\"target\":[\"https:\/\/rauchfrei.at\/ein-rauchfreier-tagesablauf\/\"]}]},{\"@type\":\"WebSite\",\"@id\":\"https:\/\/rauchfrei.at\/#website\",\"url\":\"https:\/\/rauchfrei.at\/\",\"name\":\"Rauchfrei Telefon\",\"description\":\"Eine \u00f6sterreichweite Initiative der Sozialversicherungen.\",\"potentialAction\":[{\"@type\":\"SearchAction\",\"target\":{\"@type\":\"EntryPoint\",\"urlTemplate\":\"https:\/\/rauchfrei.at\/?s={search_term_string}\"},\"query-input\":{\"@type\":\"PropertyValueSpecification\",\"valueRequired\":true,\"valueName\":\"search_term_string\"}}],\"inLanguage\":\"en-US\"},{\"@type\":\"Person\",\"@id\":\"https:\/\/rauchfrei.at\/#\/schema\/person\/504bbf90c5482004fc09aef6de7f9277\",\"name\":\"Rauchfrei Team\",\"image\":{\"@type\":\"ImageObject\",\"inLanguage\":\"en-US\",\"@id\":\"https:\/\/rauchfrei.at\/#\/schema\/person\/image\/\",\"url\":\"https:\/\/secure.gravatar.com\/avatar\/2115b79a00800516fa1523bb5a329611f90e73e89be559131fc7e82b4fdc95ff?s=96&d=mm&r=g\",\"contentUrl\":\"https:\/\/secure.gravatar.com\/avatar\/2115b79a00800516fa1523bb5a329611f90e73e89be559131fc7e82b4fdc95ff?s=96&d=mm&r=g\",\"caption\":\"Rauchfrei Team\"},\"url\":\"https:\/\/rauchfrei.at\/en\/author\/rauchfrei-team\/\"}]}<\/script>\n<!-- \/ Yoast SEO plugin. -->","yoast_head_json":{"title":"Ein rauchfreier Tagesablauf: - Rauchfrei Telefon","robots":{"index":"index","follow":"follow","max-snippet":"max-snippet:-1","max-image-preview":"max-image-preview:large","max-video-preview":"max-video-preview:-1"},"canonical":"https:\/\/rauchfrei.at\/ein-rauchfreier-tagesablauf\/","og_locale":"en_US","og_type":"article","og_title":"Ein rauchfreier Tagesablauf: - Rauchfrei Telefon","og_description":"Lesen Sie hier wie Sie Rauchpausen mit gesunden Gewohnheiten ersetzen k\u00f6nnen.","og_url":"https:\/\/rauchfrei.at\/ein-rauchfreier-tagesablauf\/","og_site_name":"Rauchfrei Telefon","article_published_time":"2024-06-24T06:00:00+00:00","article_modified_time":"2024-06-27T06:13:38+00:00","author":"Rauchfrei Team","twitter_card":"summary_large_image","twitter_misc":{"Written by":"Rauchfrei Team","Est. reading time":"2 minutes"},"schema":{"@context":"https:\/\/schema.org","@graph":[{"@type":"WebPage","@id":"https:\/\/rauchfrei.at\/ein-rauchfreier-tagesablauf\/","url":"https:\/\/rauchfrei.at\/ein-rauchfreier-tagesablauf\/","name":"Ein rauchfreier Tagesablauf: - Rauchfrei Telefon","isPartOf":{"@id":"https:\/\/rauchfrei.at\/#website"},"datePublished":"2024-06-24T06:00:00+00:00","dateModified":"2024-06-27T06:13:38+00:00","author":{"@id":"https:\/\/rauchfrei.at\/#\/schema\/person\/504bbf90c5482004fc09aef6de7f9277"},"inLanguage":"en-US","potentialAction":[{"@type":"ReadAction","target":["https:\/\/rauchfrei.at\/ein-rauchfreier-tagesablauf\/"]}]},{"@type":"WebSite","@id":"https:\/\/rauchfrei.at\/#website","url":"https:\/\/rauchfrei.at\/","name":"Rauchfrei Telefon","description":"Eine \u00f6sterreichweite Initiative der Sozialversicherungen.","potentialAction":[{"@type":"SearchAction","target":{"@type":"EntryPoint","urlTemplate":"https:\/\/rauchfrei.at\/?s={search_term_string}"},"query-input":{"@type":"PropertyValueSpecification","valueRequired":true,"valueName":"search_term_string"}}],"inLanguage":"en-US"},{"@type":"Person","@id":"https:\/\/rauchfrei.at\/#\/schema\/person\/504bbf90c5482004fc09aef6de7f9277","name":"Rauchfrei Team","image":{"@type":"ImageObject","inLanguage":"en-US","@id":"https:\/\/rauchfrei.at\/#\/schema\/person\/image\/","url":"https:\/\/secure.gravatar.com\/avatar\/2115b79a00800516fa1523bb5a329611f90e73e89be559131fc7e82b4fdc95ff?s=96&d=mm&r=g","contentUrl":"https:\/\/secure.gravatar.com\/avatar\/2115b79a00800516fa1523bb5a329611f90e73e89be559131fc7e82b4fdc95ff?s=96&d=mm&r=g","caption":"Rauchfrei Team"},"url":"https:\/\/rauchfrei.at\/en\/author\/rauchfrei-team\/"}]}},"_links":{"self":[{"href":"https:\/\/rauchfrei.at\/en\/wp-json\/wp\/v2\/posts\/29370","targetHints":{"allow":["GET"]}}],"collection":[{"href":"https:\/\/rauchfrei.at\/en\/wp-json\/wp\/v2\/posts"}],"about":[{"href":"https:\/\/rauchfrei.at\/en\/wp-json\/wp\/v2\/types\/post"}],"author":[{"embeddable":true,"href":"https:\/\/rauchfrei.at\/en\/wp-json\/wp\/v2\/users\/25"}],"replies":[{"embeddable":true,"href":"https:\/\/rauchfrei.at\/en\/wp-json\/wp\/v2\/comments?post=29370"}],"version-history":[{"count":12,"href":"https:\/\/rauchfrei.at\/en\/wp-json\/wp\/v2\/posts\/29370\/revisions"}],"predecessor-version":[{"id":29634,"href":"https:\/\/rauchfrei.at\/en\/wp-json\/wp\/v2\/posts\/29370\/revisions\/29634"}],"wp:attachment":[{"href":"https:\/\/rauchfrei.at\/en\/wp-json\/wp\/v2\/media?parent=29370"}],"wp:term":[{"taxonomy":"category","embeddable":true,"href":"https:\/\/rauchfrei.at\/en\/wp-json\/wp\/v2\/categories?post=29370"},{"taxonomy":"post_tag","embeddable":true,"href":"https:\/\/rauchfrei.at\/en\/wp-json\/wp\/v2\/tags?post=29370"}],"curies":[{"name":"wp","href":"https:\/\/api.w.org\/{rel}","templated":true}]}}