
{"id":29548,"date":"2024-05-27T08:00:00","date_gmt":"2024-05-27T06:00:00","guid":{"rendered":"https:\/\/rauchfrei.at\/?p=29548"},"modified":"2024-06-05T11:23:05","modified_gmt":"2024-06-05T09:23:05","slug":"automatisch-gespeicherter-entwurf-29548","status":"publish","type":"post","link":"https:\/\/rauchfrei.at\/en\/automatisch-gespeicherter-entwurf-29548\/","title":{"rendered":"Am 31.05. ist Weltnichtrauchertag!"},"content":{"rendered":"\n[et_pb_section fb_built=&#8221;1&#8243; module_class=&#8221;header&#8221; _builder_version=&#8221;4.16&#8243; global_colors_info=&#8221;{}&#8221;][et_pb_row _builder_version=&#8221;4.16&#8243; global_colors_info=&#8221;{}&#8221;][et_pb_column type=&#8221;4_4&#8243; _builder_version=&#8221;4.16&#8243; custom_padding=&#8221;|||&#8221; global_colors_info=&#8221;{}&#8221; custom_padding__hover=&#8221;|||&#8221;][et_pb_dp_dmb_module_10001 subheadline=&#8221;Im Fokus 2024: Schutz der Kinder und Jugendlichen&#8221; _builder_version=&#8221;4.23.1&#8243; global_colors_info=&#8221;{}&#8221;][\/et_pb_dp_dmb_module_10001][\/et_pb_column][\/et_pb_row][\/et_pb_section][et_pb_section fb_built=&#8221;1&#8243; _builder_version=&#8221;4.16&#8243; custom_padding=&#8221;30px|||&#8221; global_colors_info=&#8221;{}&#8221;][et_pb_row column_structure=&#8221;2_3,1_3&#8243; _builder_version=&#8221;4.16&#8243; global_colors_info=&#8221;{}&#8221;][et_pb_column type=&#8221;2_3&#8243; module_class=&#8221;blog-content&#8221; _builder_version=&#8221;4.16&#8243; custom_padding=&#8221;|||&#8221; global_colors_info=&#8221;{}&#8221; custom_padding__hover=&#8221;|||&#8221;][et_pb_text _builder_version=&#8221;4.23.1&#8243; hover_enabled=&#8221;0&#8243; global_colors_info=&#8221;{}&#8221; sticky_enabled=&#8221;0&#8243;]<p><strong>Die Zahlen<\/strong><\/p>\n<p>Weltweit konsumieren laut erhobenen Daten aus dem Jahr 2022 mindestens 37 Millionen Jugendliche im Alter von 13 \u2013 15 Jahren Tabakprodukte. In Europa sind es ca. 4 Millionen junge Menschen, die davon betroffen sind.<\/p>\n<p><strong>Neue Produkte statt der klassischen Zigarette<\/strong><\/p>\n<p>Auch neue Produkte sind vor allem bei jungen Personen im Vormarsch. Es handelt sich h\u00e4ufig nicht mehr um die klassische Zigarette, sondern auch tabakhaltige Beutel oder Tabakerhitzer. Haupts\u00e4chlich kommen aber nikotinhaltige Produkte ohne Tabak bei den Jugendlichen immer mehr an. Dabei handelt es sich meist um E- Zigaretten oder Nikotinbeutel, die nikotinabh\u00e4ngig machen und die Gefahr erh\u00f6hen, ein Leben lang Tabak und Nikotin zu konsumieren.<\/p>\n<p><strong>Die Ursache<\/strong><\/p>\n<p>In vielen L\u00e4ndern tragen Pr\u00e4ventionsarbeit, gesteigertes Gesundheitsbewusstsein und wirksame Tabakkontrollma\u00dfnahmen dazu bei, dass immer mehr Menschen rauchfrei leben m\u00f6chten. Als Alternative zum Rauchen kommen neue Produkte auf den Markt, die noch nicht unter das Werbeverbot fallen und die Neugier wecken. Mit gezielten Marketingstrategien soll v.a. die n\u00e4chste Generation f\u00fcr diese Produkte gewonnen werden. Die Werbung ist daher h\u00e4ufig gezielt auf Kinder und Jugendliche zugeschnitten.<\/p>\n<p>Um auf diese Entwicklung aufmerksam zu machen, r\u00fcckt die WHO zum <a href=\"https:\/\/www.who.int\/campaigns\/world-no-tobacco-day\" target=\"_blank\" rel=\"noopener\">Weltnichtrauchertag<\/a>: <a href=\"https:\/\/www.who.int\/campaigns\/world-no-tobacco-day\"><\/a>heuer den Schutz von Kindern und Jugendlichen besonders in den Vordergrund.<\/p>\n<p>Am 1.Juli um 8:00h, soll ausgehend von Kapstadt, ein symbolischer, f\u00fcnf Kilometer langer Spaziergang in vielen St\u00e4dten auf der ganzen Welt stattfinden, an dem m\u00f6glichst viele Jugendliche teilnehmen, um auf dieses wichtige Thema aufmerksam zu machen. Jeder und jede kann das Event in seinem Umfeld selbst organisieren und teilnehmen. N\u00e4here Infos dazu sind in nachstehendem Link zu finden: <a href=\"https:\/\/www.who.int\/campaigns\/world-no-tobacco-day\/2024\/event-toolkit\" target=\"_blank\" rel=\"noopener\">https:\/\/www.who.int\/campaigns\/world-no-tobacco-day\/2024\/event-toolkit<\/a><\/p>\n<p>Link zum Podcast anl\u00e4sslich des Weltnichtrauchertages 2024:<\/p>\n<p><a href=\"https:\/\/www.youtube.com\/watch?v=OsBVtZVV_SQ\" target=\"_blank\" rel=\"noopener\">Podcast \u00fcber YouTube<\/a><a href=\"https:\/\/open.spotify.com\/episode\/3HtuwOpSQRHg57fNfCh5jl?si=TH2CVcGoT_SyjV8UcdiPVQ&amp;nd=1&amp;dlsi=35d02b3a2e9e4ef3\"><\/a><\/p>\n<p><a href=\"https:\/\/open.spotify.com\/episode\/3HtuwOpSQRHg57fNfCh5jl?si=TH2CVcGoT_SyjV8UcdiPVQ&amp;nd=1&amp;dlsi=35d02b3a2e9e4ef3\" target=\"_blank\" rel=\"noopener\">Podcast \u00fcber Spotify<\/a> <\/p>[\/et_pb_text][et_pb_post_nav in_same_term=&#8221;off&#8221; _builder_version=&#8221;4.16&#8243; global_colors_info=&#8221;{}&#8221;][\/et_pb_post_nav][\/et_pb_column][et_pb_column type=&#8221;1_3&#8243; module_class=&#8221;cat-and-tag&#8221; _builder_version=&#8221;4.16&#8243; custom_padding=&#8221;|||&#8221; global_colors_info=&#8221;{}&#8221; custom_padding__hover=&#8221;|||&#8221;][et_pb_sidebar area=&#8221;et_pb_widget_area_1&#8243; _builder_version=&#8221;4.16&#8243; global_colors_info=&#8221;{}&#8221;][\/et_pb_sidebar][et_pb_dp_dmb_module_10093 farbe=&#8221;blitzblau&#8221; headline=&#8221;Tabak- und Nikotinprodukte&#8221; image=&#8221;https:\/\/rauchfrei.at\/wp-content\/uploads\/Dampfmaedel_RGB_RZ.png&#8221; image_position=&#8221;center&#8221; link_text=&#8221;mehr Informationen&#8221; link_url=&#8221;https:\/\/rauchfrei.at\/fakten\/andere-tabakprodukte\/&#8221; admin_label=&#8221;Tabak- und Nikotinprodukte&#8221; _builder_version=&#8221;4.20.4&#8243; _module_preset=&#8221;default&#8221; global_module=&#8221;26833&#8243; saved_tabs=&#8221;all&#8221; global_colors_info=&#8221;{}&#8221;]<p>Was ist wo drin?<\/p>\n[\/et_pb_dp_dmb_module_10093][\/et_pb_column][\/et_pb_row][\/et_pb_section]\n","protected":false},"excerpt":{"rendered":"<p>Der Weltnichtrauchertag steht heuer ganz im Zeichen des Schutzes von Kindern und Jugendlichen. Sie sollen noch mehr vor dem Einfluss der Tabakindustrie bewahrt werden, fordert die der Weltgesundheitsorganisation (WHO) mit dem diesj\u00e4hrigen Motto.<\/p>\n","protected":false},"author":25,"featured_media":0,"comment_status":"open","ping_status":"open","sticky":false,"template":"","format":"standard","meta":{"_et_pb_use_builder":"on","_et_pb_old_content":"","_et_gb_content_width":"2880","footnotes":""},"categories":[236],"tags":[],"class_list":["post-29548","post","type-post","status-publish","format-standard","hentry","category-nicht-kategorisiert"],"yoast_head":"<!-- This site is optimized with the Yoast SEO plugin v26.2 - https:\/\/yoast.com\/wordpress\/plugins\/seo\/ -->\n<title>Am 31.05. ist Weltnichtrauchertag! - Rauchfrei Telefon<\/title>\n<meta name=\"robots\" content=\"index, follow, max-snippet:-1, max-image-preview:large, max-video-preview:-1\" \/>\n<link rel=\"canonical\" href=\"https:\/\/rauchfrei.at\/automatisch-gespeicherter-entwurf-29548\/\" \/>\n<meta property=\"og:locale\" content=\"en_US\" \/>\n<meta property=\"og:type\" content=\"article\" \/>\n<meta property=\"og:title\" content=\"Am 31.05. ist Weltnichtrauchertag! - Rauchfrei Telefon\" \/>\n<meta property=\"og:description\" content=\"Der Weltnichtrauchertag steht heuer ganz im Zeichen des Schutzes von Kindern und Jugendlichen. Sie sollen noch mehr vor dem Einfluss der Tabakindustrie bewahrt werden, fordert die der Weltgesundheitsorganisation (WHO) mit dem diesj\u00e4hrigen Motto.\" \/>\n<meta property=\"og:url\" content=\"https:\/\/rauchfrei.at\/automatisch-gespeicherter-entwurf-29548\/\" \/>\n<meta property=\"og:site_name\" content=\"Rauchfrei Telefon\" \/>\n<meta property=\"article:published_time\" content=\"2024-05-27T06:00:00+00:00\" \/>\n<meta property=\"article:modified_time\" content=\"2024-06-05T09:23:05+00:00\" \/>\n<meta name=\"author\" content=\"Rauchfrei Team\" \/>\n<meta name=\"twitter:card\" content=\"summary_large_image\" \/>\n<meta name=\"twitter:label1\" content=\"Written by\" \/>\n\t<meta name=\"twitter:data1\" content=\"Rauchfrei Team\" \/>\n\t<meta name=\"twitter:label2\" content=\"Est. reading time\" \/>\n\t<meta name=\"twitter:data2\" content=\"2 minutes\" \/>\n<script type=\"application\/ld+json\" class=\"yoast-schema-graph\">{\"@context\":\"https:\/\/schema.org\",\"@graph\":[{\"@type\":\"WebPage\",\"@id\":\"https:\/\/rauchfrei.at\/automatisch-gespeicherter-entwurf-29548\/\",\"url\":\"https:\/\/rauchfrei.at\/automatisch-gespeicherter-entwurf-29548\/\",\"name\":\"Am 31.05. ist Weltnichtrauchertag! - Rauchfrei Telefon\",\"isPartOf\":{\"@id\":\"https:\/\/rauchfrei.at\/#website\"},\"datePublished\":\"2024-05-27T06:00:00+00:00\",\"dateModified\":\"2024-06-05T09:23:05+00:00\",\"author\":{\"@id\":\"https:\/\/rauchfrei.at\/#\/schema\/person\/504bbf90c5482004fc09aef6de7f9277\"},\"inLanguage\":\"en-US\",\"potentialAction\":[{\"@type\":\"ReadAction\",\"target\":[\"https:\/\/rauchfrei.at\/automatisch-gespeicherter-entwurf-29548\/\"]}]},{\"@type\":\"WebSite\",\"@id\":\"https:\/\/rauchfrei.at\/#website\",\"url\":\"https:\/\/rauchfrei.at\/\",\"name\":\"Rauchfrei Telefon\",\"description\":\"Eine \u00f6sterreichweite Initiative der Sozialversicherungen.\",\"potentialAction\":[{\"@type\":\"SearchAction\",\"target\":{\"@type\":\"EntryPoint\",\"urlTemplate\":\"https:\/\/rauchfrei.at\/?s={search_term_string}\"},\"query-input\":{\"@type\":\"PropertyValueSpecification\",\"valueRequired\":true,\"valueName\":\"search_term_string\"}}],\"inLanguage\":\"en-US\"},{\"@type\":\"Person\",\"@id\":\"https:\/\/rauchfrei.at\/#\/schema\/person\/504bbf90c5482004fc09aef6de7f9277\",\"name\":\"Rauchfrei Team\",\"image\":{\"@type\":\"ImageObject\",\"inLanguage\":\"en-US\",\"@id\":\"https:\/\/rauchfrei.at\/#\/schema\/person\/image\/\",\"url\":\"https:\/\/secure.gravatar.com\/avatar\/2115b79a00800516fa1523bb5a329611f90e73e89be559131fc7e82b4fdc95ff?s=96&d=mm&r=g\",\"contentUrl\":\"https:\/\/secure.gravatar.com\/avatar\/2115b79a00800516fa1523bb5a329611f90e73e89be559131fc7e82b4fdc95ff?s=96&d=mm&r=g\",\"caption\":\"Rauchfrei Team\"},\"url\":\"https:\/\/rauchfrei.at\/en\/author\/rauchfrei-team\/\"}]}<\/script>\n<!-- \/ Yoast SEO plugin. -->","yoast_head_json":{"title":"Am 31.05. ist Weltnichtrauchertag! - Rauchfrei Telefon","robots":{"index":"index","follow":"follow","max-snippet":"max-snippet:-1","max-image-preview":"max-image-preview:large","max-video-preview":"max-video-preview:-1"},"canonical":"https:\/\/rauchfrei.at\/automatisch-gespeicherter-entwurf-29548\/","og_locale":"en_US","og_type":"article","og_title":"Am 31.05. ist Weltnichtrauchertag! - Rauchfrei Telefon","og_description":"Der Weltnichtrauchertag steht heuer ganz im Zeichen des Schutzes von Kindern und Jugendlichen. Sie sollen noch mehr vor dem Einfluss der Tabakindustrie bewahrt werden, fordert die der Weltgesundheitsorganisation (WHO) mit dem diesj\u00e4hrigen Motto.","og_url":"https:\/\/rauchfrei.at\/automatisch-gespeicherter-entwurf-29548\/","og_site_name":"Rauchfrei Telefon","article_published_time":"2024-05-27T06:00:00+00:00","article_modified_time":"2024-06-05T09:23:05+00:00","author":"Rauchfrei Team","twitter_card":"summary_large_image","twitter_misc":{"Written by":"Rauchfrei Team","Est. reading time":"2 minutes"},"schema":{"@context":"https:\/\/schema.org","@graph":[{"@type":"WebPage","@id":"https:\/\/rauchfrei.at\/automatisch-gespeicherter-entwurf-29548\/","url":"https:\/\/rauchfrei.at\/automatisch-gespeicherter-entwurf-29548\/","name":"Am 31.05. ist Weltnichtrauchertag! - Rauchfrei Telefon","isPartOf":{"@id":"https:\/\/rauchfrei.at\/#website"},"datePublished":"2024-05-27T06:00:00+00:00","dateModified":"2024-06-05T09:23:05+00:00","author":{"@id":"https:\/\/rauchfrei.at\/#\/schema\/person\/504bbf90c5482004fc09aef6de7f9277"},"inLanguage":"en-US","potentialAction":[{"@type":"ReadAction","target":["https:\/\/rauchfrei.at\/automatisch-gespeicherter-entwurf-29548\/"]}]},{"@type":"WebSite","@id":"https:\/\/rauchfrei.at\/#website","url":"https:\/\/rauchfrei.at\/","name":"Rauchfrei Telefon","description":"Eine \u00f6sterreichweite Initiative der Sozialversicherungen.","potentialAction":[{"@type":"SearchAction","target":{"@type":"EntryPoint","urlTemplate":"https:\/\/rauchfrei.at\/?s={search_term_string}"},"query-input":{"@type":"PropertyValueSpecification","valueRequired":true,"valueName":"search_term_string"}}],"inLanguage":"en-US"},{"@type":"Person","@id":"https:\/\/rauchfrei.at\/#\/schema\/person\/504bbf90c5482004fc09aef6de7f9277","name":"Rauchfrei Team","image":{"@type":"ImageObject","inLanguage":"en-US","@id":"https:\/\/rauchfrei.at\/#\/schema\/person\/image\/","url":"https:\/\/secure.gravatar.com\/avatar\/2115b79a00800516fa1523bb5a329611f90e73e89be559131fc7e82b4fdc95ff?s=96&d=mm&r=g","contentUrl":"https:\/\/secure.gravatar.com\/avatar\/2115b79a00800516fa1523bb5a329611f90e73e89be559131fc7e82b4fdc95ff?s=96&d=mm&r=g","caption":"Rauchfrei Team"},"url":"https:\/\/rauchfrei.at\/en\/author\/rauchfrei-team\/"}]}},"_links":{"self":[{"href":"https:\/\/rauchfrei.at\/en\/wp-json\/wp\/v2\/posts\/29548","targetHints":{"allow":["GET"]}}],"collection":[{"href":"https:\/\/rauchfrei.at\/en\/wp-json\/wp\/v2\/posts"}],"about":[{"href":"https:\/\/rauchfrei.at\/en\/wp-json\/wp\/v2\/types\/post"}],"author":[{"embeddable":true,"href":"https:\/\/rauchfrei.at\/en\/wp-json\/wp\/v2\/users\/25"}],"replies":[{"embeddable":true,"href":"https:\/\/rauchfrei.at\/en\/wp-json\/wp\/v2\/comments?post=29548"}],"version-history":[{"count":10,"href":"https:\/\/rauchfrei.at\/en\/wp-json\/wp\/v2\/posts\/29548\/revisions"}],"predecessor-version":[{"id":29589,"href":"https:\/\/rauchfrei.at\/en\/wp-json\/wp\/v2\/posts\/29548\/revisions\/29589"}],"wp:attachment":[{"href":"https:\/\/rauchfrei.at\/en\/wp-json\/wp\/v2\/media?parent=29548"}],"wp:term":[{"taxonomy":"category","embeddable":true,"href":"https:\/\/rauchfrei.at\/en\/wp-json\/wp\/v2\/categories?post=29548"},{"taxonomy":"post_tag","embeddable":true,"href":"https:\/\/rauchfrei.at\/en\/wp-json\/wp\/v2\/tags?post=29548"}],"curies":[{"name":"wp","href":"https:\/\/api.w.org\/{rel}","templated":true}]}}