
{"id":29792,"date":"2024-09-02T08:00:00","date_gmt":"2024-09-02T06:00:00","guid":{"rendered":"https:\/\/rauchfrei.at\/?p=29792"},"modified":"2024-08-28T10:15:15","modified_gmt":"2024-08-28T08:15:15","slug":"automatisch-gespeicherter-entwurf-29792","status":"publish","type":"post","link":"https:\/\/rauchfrei.at\/en\/automatisch-gespeicherter-entwurf-29792\/","title":{"rendered":"Nikotinfrei zur\u00fcck in die Schule"},"content":{"rendered":"\n[et_pb_section fb_built=&#8221;1&#8243; module_class=&#8221;header&#8221; _builder_version=&#8221;4.16&#8243; global_colors_info=&#8221;{}&#8221;][et_pb_row _builder_version=&#8221;4.16&#8243; global_colors_info=&#8221;{}&#8221;][et_pb_column type=&#8221;4_4&#8243; _builder_version=&#8221;4.16&#8243; custom_padding=&#8221;|||&#8221; global_colors_info=&#8221;{}&#8221; custom_padding__hover=&#8221;|||&#8221;][et_pb_dp_dmb_module_10001 subheadline=&#8221;Wie gelingt der Schulstart ohne Tabak und Nikotin?&#8221; _builder_version=&#8221;4.23.1&#8243; global_colors_info=&#8221;{}&#8221;][\/et_pb_dp_dmb_module_10001][\/et_pb_column][\/et_pb_row][\/et_pb_section][et_pb_section fb_built=&#8221;1&#8243; _builder_version=&#8221;4.16&#8243; custom_padding=&#8221;30px|||&#8221; global_colors_info=&#8221;{}&#8221;][et_pb_row column_structure=&#8221;2_3,1_3&#8243; _builder_version=&#8221;4.16&#8243; global_colors_info=&#8221;{}&#8221;][et_pb_column type=&#8221;2_3&#8243; module_class=&#8221;blog-content&#8221; _builder_version=&#8221;4.16&#8243; custom_padding=&#8221;|||&#8221; global_colors_info=&#8221;{}&#8221; custom_padding__hover=&#8221;|||&#8221;][et_pb_text _builder_version=&#8221;4.23.1&#8243; global_colors_info=&#8221;{}&#8221; custom_padding=&#8221;||0px|||&#8221;]<p>In den Ferien war Zeit f\u00fcr Erholung, Freunde und Familie. Mit dem Beginn der Schule starten der Alltag und neue Herausforderungen f\u00fcr Eltern und ihre Kinder. Das kann es erschweren, auf das Rauchen oder den Konsum von Nikotin zu verzichten.<\/p>\n<p>Manche Eltern machen sich au\u00dferdem Sorgen, dass ihr Kind das erste Mal Zigaretten, E-Zigaretten oder Nikotinbeutel konsumieren k\u00f6nnte. Neue Studien weisen darauf hin, dass es einen kausalen Zusammenhang zwischen Nikotinkonsum im Jugendalter und beeintr\u00e4chtigter Hirnreifung, verminderter Lernf\u00e4higkeit sowie erh\u00f6hter \u00c4ngstlichkeit und erh\u00f6hter Impulsivit\u00e4t geben k\u00f6nnte: Gute Argumente, Ihr Kind dabei zu unterst\u00fctzen, den Nikotinkonsum zu beenden bzw. sie zu ermutigen, nie damit zu beginnen. .<\/p>\n<p>Die Gr\u00fcnde aus denen Jugendliche zur Zigarette oder Nikotinprodukten greifen, unterscheiden sich nicht so sehr von denen, die Erwachsene uns h\u00e4ufig am Telefon schildern:<\/p>\n<ul>\n<li>ein Gemeinschaftserlebnis mit Anderen oder zur Kontaktaufnahme<\/li>\n<li>Leistungsanforderungen bew\u00e4ltigen wollen<\/li>\n<li>schlank bleiben oder werden wollen<\/li>\n<li>Langeweile \u00fcberbr\u00fccken wollen<\/li>\n<li>sich besser konzentrieren wollen<\/li>\n<li>k\u00f6rperliche Abh\u00e4ngigkeit<\/li>\n<\/ul>\n<p>Wenn Eltern eigene \u00c4ngste oder den Konsum ansprechen m\u00f6chten, gilt es ein paar Dinge zu beachten: Eine wertsch\u00e4tzende Grundhaltung, gen\u00fcgend Zeit und echtes Interesse sind eine gute Grundlage f\u00fcr ein Gespr\u00e4ch. Weitere Tipps finden Sie hier: Brosch\u00fcre <a href=\"https:\/\/www.praevention.at\/fileadmin\/user_upload\/09_Infobox\/Infomaterialien\/Ueber_Rauchen_reden_2015.pdf\" target=\"_blank\" rel=\"noopener\">&#8220;\u00dcbers Rauchen reden&#8221;<\/a><\/p>\n<p>Falls Sie als Eltern selbst rauchen oder Nikotinprodukte konsumieren, bedenken Sie, dass Kinder und Jugendliche Verhaltensweisen (z.B. den Umgang mit Stress)) durch Vorbilder erlernen. Vielleicht kann Sie das dazu motivieren, sich beim Rauchfrei Telefon Unterst\u00fctzung f\u00fcr den eigenen Rauchstopp zu holen. Auch wenn Sie sich von Expertinnen beraten lassen m\u00f6chten,, wie Sie mit Ihrem Kind \u00fcber das Thema sprechen sollen, sind wir f\u00fcr Sie da:<\/p>\n<p>Rauchfrei Telefon: Tel. Nr.: 0800 810 013, Mo-Fr 10:00h \u2013 18:00h<\/p>\n<p>Anhang:<a href=\"https:\/\/rauchfrei.at\/wp-content\/uploads\/Jugendfolder_Besser-Schluss-machen.pdf\"> Jugendfolder<\/a>, <a href=\"https:\/\/rauchfrei.at\/wp-content\/uploads\/rf23_Neue-Nikotinprodukte_folder_v7_online.pdf\">Nikotinprodukte-Folder<\/a><\/p>[\/et_pb_text][et_pb_post_nav in_same_term=&#8221;off&#8221; _builder_version=&#8221;4.16&#8243; global_colors_info=&#8221;{}&#8221;][\/et_pb_post_nav][\/et_pb_column][et_pb_column type=&#8221;1_3&#8243; module_class=&#8221;cat-and-tag&#8221; _builder_version=&#8221;4.16&#8243; custom_padding=&#8221;|||&#8221; global_colors_info=&#8221;{}&#8221; custom_padding__hover=&#8221;|||&#8221;][et_pb_sidebar area=&#8221;et_pb_widget_area_1&#8243; _builder_version=&#8221;4.16&#8243; global_colors_info=&#8221;{}&#8221;][\/et_pb_sidebar][et_pb_dp_dmb_module_10093 farbe=&#8221;blitzblau&#8221; headline=&#8221;Alternativen zum Rauchen&#8221; image=&#8221;https:\/\/rauchfrei.at\/wp-content\/uploads\/Relax-in-hammok.png&#8221; image_position=&#8221;center&#8221; link_text=&#8221;mehr&#8221; link_url=&#8221;https:\/\/rauchfrei.at\/alternativen\/&#8221; admin_label=&#8221;Alternativen zum Rauchen&#8221; _builder_version=&#8221;4.16&#8243; z_index_tablet=&#8221;500&#8243; global_module=&#8221;13174&#8243; saved_tabs=&#8221;all&#8221; global_colors_info=&#8221;{}&#8221;]<p>Es gibt viele M\u00f6glichkeiten, um nicht zur Zigarette zu greifen!<\/p>\n[\/et_pb_dp_dmb_module_10093][\/et_pb_column][\/et_pb_row][\/et_pb_section]\n","protected":false},"excerpt":{"rendered":"<p>In diesem Blogbeitrag finden Sie Tipps f\u00fcr Eltern, wie sie ihre \u00a0Kinder dabei unterst\u00fctzen k\u00f6nnen, im neuen Schuljahr nikotinfrei zu bleiben.<\/p>\n","protected":false},"author":25,"featured_media":0,"comment_status":"open","ping_status":"open","sticky":false,"template":"","format":"standard","meta":{"_et_pb_use_builder":"on","_et_pb_old_content":"","_et_gb_content_width":"2880","footnotes":""},"categories":[236,233],"tags":[],"class_list":["post-29792","post","type-post","status-publish","format-standard","hentry","category-nicht-kategorisiert","category-unterstuetzung-beim-rauchstopp"],"yoast_head":"<!-- This site is optimized with the Yoast SEO plugin v26.2 - https:\/\/yoast.com\/wordpress\/plugins\/seo\/ -->\n<title>Nikotinfrei zur\u00fcck in die Schule - Rauchfrei Telefon<\/title>\n<meta name=\"robots\" content=\"index, follow, max-snippet:-1, max-image-preview:large, max-video-preview:-1\" \/>\n<link rel=\"canonical\" href=\"https:\/\/rauchfrei.at\/automatisch-gespeicherter-entwurf-29792\/\" \/>\n<meta property=\"og:locale\" content=\"en_US\" \/>\n<meta property=\"og:type\" content=\"article\" \/>\n<meta property=\"og:title\" content=\"Nikotinfrei zur\u00fcck in die Schule - Rauchfrei Telefon\" \/>\n<meta property=\"og:description\" content=\"In diesem Blogbeitrag finden Sie Tipps f\u00fcr Eltern, wie sie ihre \u00a0Kinder dabei unterst\u00fctzen k\u00f6nnen, im neuen Schuljahr nikotinfrei zu bleiben.\" \/>\n<meta property=\"og:url\" content=\"https:\/\/rauchfrei.at\/automatisch-gespeicherter-entwurf-29792\/\" \/>\n<meta property=\"og:site_name\" content=\"Rauchfrei Telefon\" \/>\n<meta property=\"article:published_time\" content=\"2024-09-02T06:00:00+00:00\" \/>\n<meta name=\"author\" content=\"Rauchfrei Team\" \/>\n<meta name=\"twitter:card\" content=\"summary_large_image\" \/>\n<meta name=\"twitter:label1\" content=\"Written by\" \/>\n\t<meta name=\"twitter:data1\" content=\"Rauchfrei Team\" \/>\n<script type=\"application\/ld+json\" class=\"yoast-schema-graph\">{\"@context\":\"https:\/\/schema.org\",\"@graph\":[{\"@type\":\"WebPage\",\"@id\":\"https:\/\/rauchfrei.at\/automatisch-gespeicherter-entwurf-29792\/\",\"url\":\"https:\/\/rauchfrei.at\/automatisch-gespeicherter-entwurf-29792\/\",\"name\":\"Nikotinfrei zur\u00fcck in die Schule - Rauchfrei Telefon\",\"isPartOf\":{\"@id\":\"https:\/\/rauchfrei.at\/#website\"},\"datePublished\":\"2024-09-02T06:00:00+00:00\",\"author\":{\"@id\":\"https:\/\/rauchfrei.at\/#\/schema\/person\/504bbf90c5482004fc09aef6de7f9277\"},\"inLanguage\":\"en-US\",\"potentialAction\":[{\"@type\":\"ReadAction\",\"target\":[\"https:\/\/rauchfrei.at\/automatisch-gespeicherter-entwurf-29792\/\"]}]},{\"@type\":\"WebSite\",\"@id\":\"https:\/\/rauchfrei.at\/#website\",\"url\":\"https:\/\/rauchfrei.at\/\",\"name\":\"Rauchfrei Telefon\",\"description\":\"Eine \u00f6sterreichweite Initiative der Sozialversicherungen.\",\"potentialAction\":[{\"@type\":\"SearchAction\",\"target\":{\"@type\":\"EntryPoint\",\"urlTemplate\":\"https:\/\/rauchfrei.at\/?s={search_term_string}\"},\"query-input\":{\"@type\":\"PropertyValueSpecification\",\"valueRequired\":true,\"valueName\":\"search_term_string\"}}],\"inLanguage\":\"en-US\"},{\"@type\":\"Person\",\"@id\":\"https:\/\/rauchfrei.at\/#\/schema\/person\/504bbf90c5482004fc09aef6de7f9277\",\"name\":\"Rauchfrei Team\",\"image\":{\"@type\":\"ImageObject\",\"inLanguage\":\"en-US\",\"@id\":\"https:\/\/rauchfrei.at\/#\/schema\/person\/image\/\",\"url\":\"https:\/\/secure.gravatar.com\/avatar\/2115b79a00800516fa1523bb5a329611f90e73e89be559131fc7e82b4fdc95ff?s=96&d=mm&r=g\",\"contentUrl\":\"https:\/\/secure.gravatar.com\/avatar\/2115b79a00800516fa1523bb5a329611f90e73e89be559131fc7e82b4fdc95ff?s=96&d=mm&r=g\",\"caption\":\"Rauchfrei Team\"},\"url\":\"https:\/\/rauchfrei.at\/en\/author\/rauchfrei-team\/\"}]}<\/script>\n<!-- \/ Yoast SEO plugin. -->","yoast_head_json":{"title":"Nikotinfrei zur\u00fcck in die Schule - Rauchfrei Telefon","robots":{"index":"index","follow":"follow","max-snippet":"max-snippet:-1","max-image-preview":"max-image-preview:large","max-video-preview":"max-video-preview:-1"},"canonical":"https:\/\/rauchfrei.at\/automatisch-gespeicherter-entwurf-29792\/","og_locale":"en_US","og_type":"article","og_title":"Nikotinfrei zur\u00fcck in die Schule - Rauchfrei Telefon","og_description":"In diesem Blogbeitrag finden Sie Tipps f\u00fcr Eltern, wie sie ihre \u00a0Kinder dabei unterst\u00fctzen k\u00f6nnen, im neuen Schuljahr nikotinfrei zu bleiben.","og_url":"https:\/\/rauchfrei.at\/automatisch-gespeicherter-entwurf-29792\/","og_site_name":"Rauchfrei Telefon","article_published_time":"2024-09-02T06:00:00+00:00","author":"Rauchfrei Team","twitter_card":"summary_large_image","twitter_misc":{"Written by":"Rauchfrei Team"},"schema":{"@context":"https:\/\/schema.org","@graph":[{"@type":"WebPage","@id":"https:\/\/rauchfrei.at\/automatisch-gespeicherter-entwurf-29792\/","url":"https:\/\/rauchfrei.at\/automatisch-gespeicherter-entwurf-29792\/","name":"Nikotinfrei zur\u00fcck in die Schule - Rauchfrei Telefon","isPartOf":{"@id":"https:\/\/rauchfrei.at\/#website"},"datePublished":"2024-09-02T06:00:00+00:00","author":{"@id":"https:\/\/rauchfrei.at\/#\/schema\/person\/504bbf90c5482004fc09aef6de7f9277"},"inLanguage":"en-US","potentialAction":[{"@type":"ReadAction","target":["https:\/\/rauchfrei.at\/automatisch-gespeicherter-entwurf-29792\/"]}]},{"@type":"WebSite","@id":"https:\/\/rauchfrei.at\/#website","url":"https:\/\/rauchfrei.at\/","name":"Rauchfrei Telefon","description":"Eine \u00f6sterreichweite Initiative der Sozialversicherungen.","potentialAction":[{"@type":"SearchAction","target":{"@type":"EntryPoint","urlTemplate":"https:\/\/rauchfrei.at\/?s={search_term_string}"},"query-input":{"@type":"PropertyValueSpecification","valueRequired":true,"valueName":"search_term_string"}}],"inLanguage":"en-US"},{"@type":"Person","@id":"https:\/\/rauchfrei.at\/#\/schema\/person\/504bbf90c5482004fc09aef6de7f9277","name":"Rauchfrei Team","image":{"@type":"ImageObject","inLanguage":"en-US","@id":"https:\/\/rauchfrei.at\/#\/schema\/person\/image\/","url":"https:\/\/secure.gravatar.com\/avatar\/2115b79a00800516fa1523bb5a329611f90e73e89be559131fc7e82b4fdc95ff?s=96&d=mm&r=g","contentUrl":"https:\/\/secure.gravatar.com\/avatar\/2115b79a00800516fa1523bb5a329611f90e73e89be559131fc7e82b4fdc95ff?s=96&d=mm&r=g","caption":"Rauchfrei Team"},"url":"https:\/\/rauchfrei.at\/en\/author\/rauchfrei-team\/"}]}},"_links":{"self":[{"href":"https:\/\/rauchfrei.at\/en\/wp-json\/wp\/v2\/posts\/29792","targetHints":{"allow":["GET"]}}],"collection":[{"href":"https:\/\/rauchfrei.at\/en\/wp-json\/wp\/v2\/posts"}],"about":[{"href":"https:\/\/rauchfrei.at\/en\/wp-json\/wp\/v2\/types\/post"}],"author":[{"embeddable":true,"href":"https:\/\/rauchfrei.at\/en\/wp-json\/wp\/v2\/users\/25"}],"replies":[{"embeddable":true,"href":"https:\/\/rauchfrei.at\/en\/wp-json\/wp\/v2\/comments?post=29792"}],"version-history":[{"count":9,"href":"https:\/\/rauchfrei.at\/en\/wp-json\/wp\/v2\/posts\/29792\/revisions"}],"predecessor-version":[{"id":29803,"href":"https:\/\/rauchfrei.at\/en\/wp-json\/wp\/v2\/posts\/29792\/revisions\/29803"}],"wp:attachment":[{"href":"https:\/\/rauchfrei.at\/en\/wp-json\/wp\/v2\/media?parent=29792"}],"wp:term":[{"taxonomy":"category","embeddable":true,"href":"https:\/\/rauchfrei.at\/en\/wp-json\/wp\/v2\/categories?post=29792"},{"taxonomy":"post_tag","embeddable":true,"href":"https:\/\/rauchfrei.at\/en\/wp-json\/wp\/v2\/tags?post=29792"}],"curies":[{"name":"wp","href":"https:\/\/api.w.org\/{rel}","templated":true}]}}