
{"id":29891,"date":"2024-10-03T14:59:53","date_gmt":"2024-10-03T12:59:53","guid":{"rendered":"https:\/\/rauchfrei.at\/?p=29891"},"modified":"2024-10-03T15:29:47","modified_gmt":"2024-10-03T13:29:47","slug":"traurige-nachrichten-vom-rauchfrei-telefon","status":"publish","type":"post","link":"https:\/\/rauchfrei.at\/en\/traurige-nachrichten-vom-rauchfrei-telefon\/","title":{"rendered":"Traurige Nachrichten vom Rauchfrei Telefon"},"content":{"rendered":"<p>[et_pb_section fb_built=&#8221;1&#8243; module_class=&#8221;header&#8221; _builder_version=&#8221;4.16&#8243; global_colors_info=&#8221;{}&#8221;][et_pb_row _builder_version=&#8221;4.16&#8243; global_colors_info=&#8221;{}&#8221;][et_pb_column type=&#8221;4_4&#8243; _builder_version=&#8221;4.16&#8243; custom_padding=&#8221;|||&#8221; global_colors_info=&#8221;{}&#8221; custom_padding__hover=&#8221;|||&#8221;][et_pb_dp_dmb_module_10001 subheadline=&#8221;Nachruf Prim. MR Dr. med. Kurt Aigner&#8221; _builder_version=&#8221;4.23.1&#8243; global_colors_info=&#8221;{}&#8221;][\/et_pb_dp_dmb_module_10001][\/et_pb_column][\/et_pb_row][\/et_pb_section][et_pb_section fb_built=&#8221;1&#8243; _builder_version=&#8221;4.16&#8243; custom_padding=&#8221;30px|||&#8221; global_colors_info=&#8221;{}&#8221;][et_pb_row column_structure=&#8221;2_3,1_3&#8243; _builder_version=&#8221;4.16&#8243; global_colors_info=&#8221;{}&#8221;][et_pb_column type=&#8221;2_3&#8243; module_class=&#8221;blog-content&#8221; _builder_version=&#8221;4.16&#8243; custom_padding=&#8221;|||&#8221; global_colors_info=&#8221;{}&#8221; custom_padding__hover=&#8221;|||&#8221;][et_pb_text _builder_version=&#8221;4.23.1&#8243; global_colors_info=&#8221;{}&#8221;]<\/p>\n<p>Letzte Woche hat uns die traurige Nachricht ereilt, dass Prim. MR Dr. med. Kurt Aigner, FCCP em. verstorben ist.<\/p>\n<p>Sein unerm\u00fcdlicher Einsatz f\u00fcr die Aufkl\u00e4rung \u00fcber die Gefahren des Rauchens und seine Unterst\u00fctzung f\u00fcr Betroffene waren von unsch\u00e4tzbarem Wert.<\/p>\n<p>Dr. Kurt Aigner war als Vorsitzender der Initiative \u00c4rzte gegen Rauchersch\u00e4den und als jahrelanges Mitglied des wissenschaftlichen Beirats beim Rauchfrei Telefon ein unerm\u00fcdlicher K\u00e4mpfer f\u00fcr die Gesundheit der Menschen in \u00d6sterreich.<\/p>\n<p>Dr. Aigner wird uns als engagierter Arzt und empathischer Unterst\u00fctzer in Erinnerung bleiben. Sein Wissen und seine Menschlichkeit haben vielen Motivation auf den Weg in ein rauchfreies Leben gegeben. Sein Verm\u00e4chtnis wird weiterhin Inspiration f\u00fcr die Arbeit im Gesundheitsbereich sein. Wir werden seine wertsch\u00e4tzenden Worte f\u00fcr unsere Arbeit vermissen!<\/p>\n<p>Wir m\u00f6chten seiner Familie und seinen Freunden unser tiefstes Mitgef\u00fchl aussprechen und werden Dr. Aigner stets in ehrender Erinnerung behalten.<\/p>\n<p>Die Kolleginnen vom Rauchfrei Telefon<\/p>\n<p>Link: Initiative \u00c4rzte gegen Rauchersch\u00e4den<\/p>\n<p><a href=\"https:\/\/www.aerzteinitiative.at\/_Vorstand_1.htm\">https:\/\/www.aerzteinitiative.at\/_Vorstand_1.htm<\/a><\/p>\n<p>[\/et_pb_text][et_pb_post_nav in_same_term=&#8221;off&#8221; _builder_version=&#8221;4.16&#8243; global_colors_info=&#8221;{}&#8221;][\/et_pb_post_nav][\/et_pb_column][et_pb_column type=&#8221;1_3&#8243; module_class=&#8221;cat-and-tag&#8221; _builder_version=&#8221;4.16&#8243; custom_padding=&#8221;|||&#8221; global_colors_info=&#8221;{}&#8221; custom_padding__hover=&#8221;|||&#8221;][\/et_pb_column][\/et_pb_row][\/et_pb_section]<\/p>\n","protected":false},"excerpt":{"rendered":"<p>Mit tiefem Bedauern nehmen wir Abschied von Dr. Kurt Aigner, der als Mitglied des wissenschaftlichen Beirats beim Rauchfrei Telefon ma\u00dfgeblichen Einfluss auf die Tabakpr\u00e4vention und -entw\u00f6hnung hatte. <\/p>\n","protected":false},"author":25,"featured_media":0,"comment_status":"open","ping_status":"open","sticky":false,"template":"","format":"standard","meta":{"_et_pb_use_builder":"on","_et_pb_old_content":"","_et_gb_content_width":"2880","footnotes":""},"categories":[232],"tags":[],"class_list":["post-29891","post","type-post","status-publish","format-standard","hentry","category-nachrichten-vom-rauchfrei-telefon"],"yoast_head":"<!-- This site is optimized with the Yoast SEO plugin v26.2 - https:\/\/yoast.com\/wordpress\/plugins\/seo\/ -->\n<title>Traurige Nachrichten vom Rauchfrei Telefon - Rauchfrei Telefon<\/title>\n<meta name=\"robots\" content=\"index, follow, max-snippet:-1, max-image-preview:large, max-video-preview:-1\" \/>\n<link rel=\"canonical\" href=\"https:\/\/rauchfrei.at\/traurige-nachrichten-vom-rauchfrei-telefon\/\" \/>\n<meta property=\"og:locale\" content=\"en_US\" \/>\n<meta property=\"og:type\" content=\"article\" \/>\n<meta property=\"og:title\" content=\"Traurige Nachrichten vom Rauchfrei Telefon - Rauchfrei Telefon\" \/>\n<meta property=\"og:description\" content=\"Mit tiefem Bedauern nehmen wir Abschied von Dr. Kurt Aigner, der als Mitglied des wissenschaftlichen Beirats beim Rauchfrei Telefon ma\u00dfgeblichen Einfluss auf die Tabakpr\u00e4vention und -entw\u00f6hnung hatte.\" \/>\n<meta property=\"og:url\" content=\"https:\/\/rauchfrei.at\/traurige-nachrichten-vom-rauchfrei-telefon\/\" \/>\n<meta property=\"og:site_name\" content=\"Rauchfrei Telefon\" \/>\n<meta property=\"article:published_time\" content=\"2024-10-03T12:59:53+00:00\" \/>\n<meta property=\"article:modified_time\" content=\"2024-10-03T13:29:47+00:00\" \/>\n<meta name=\"author\" content=\"Rauchfrei Team\" \/>\n<meta name=\"twitter:card\" content=\"summary_large_image\" \/>\n<meta name=\"twitter:label1\" content=\"Written by\" \/>\n\t<meta name=\"twitter:data1\" content=\"Rauchfrei Team\" \/>\n\t<meta name=\"twitter:label2\" content=\"Est. reading time\" \/>\n\t<meta name=\"twitter:data2\" content=\"2 minutes\" \/>\n<script type=\"application\/ld+json\" class=\"yoast-schema-graph\">{\"@context\":\"https:\/\/schema.org\",\"@graph\":[{\"@type\":\"WebPage\",\"@id\":\"https:\/\/rauchfrei.at\/traurige-nachrichten-vom-rauchfrei-telefon\/\",\"url\":\"https:\/\/rauchfrei.at\/traurige-nachrichten-vom-rauchfrei-telefon\/\",\"name\":\"Traurige Nachrichten vom Rauchfrei Telefon - Rauchfrei Telefon\",\"isPartOf\":{\"@id\":\"https:\/\/rauchfrei.at\/#website\"},\"datePublished\":\"2024-10-03T12:59:53+00:00\",\"dateModified\":\"2024-10-03T13:29:47+00:00\",\"author\":{\"@id\":\"https:\/\/rauchfrei.at\/#\/schema\/person\/504bbf90c5482004fc09aef6de7f9277\"},\"inLanguage\":\"en-US\",\"potentialAction\":[{\"@type\":\"ReadAction\",\"target\":[\"https:\/\/rauchfrei.at\/traurige-nachrichten-vom-rauchfrei-telefon\/\"]}]},{\"@type\":\"WebSite\",\"@id\":\"https:\/\/rauchfrei.at\/#website\",\"url\":\"https:\/\/rauchfrei.at\/\",\"name\":\"Rauchfrei Telefon\",\"description\":\"Eine \u00f6sterreichweite Initiative der Sozialversicherungen.\",\"potentialAction\":[{\"@type\":\"SearchAction\",\"target\":{\"@type\":\"EntryPoint\",\"urlTemplate\":\"https:\/\/rauchfrei.at\/?s={search_term_string}\"},\"query-input\":{\"@type\":\"PropertyValueSpecification\",\"valueRequired\":true,\"valueName\":\"search_term_string\"}}],\"inLanguage\":\"en-US\"},{\"@type\":\"Person\",\"@id\":\"https:\/\/rauchfrei.at\/#\/schema\/person\/504bbf90c5482004fc09aef6de7f9277\",\"name\":\"Rauchfrei Team\",\"image\":{\"@type\":\"ImageObject\",\"inLanguage\":\"en-US\",\"@id\":\"https:\/\/rauchfrei.at\/#\/schema\/person\/image\/\",\"url\":\"https:\/\/secure.gravatar.com\/avatar\/2115b79a00800516fa1523bb5a329611f90e73e89be559131fc7e82b4fdc95ff?s=96&d=mm&r=g\",\"contentUrl\":\"https:\/\/secure.gravatar.com\/avatar\/2115b79a00800516fa1523bb5a329611f90e73e89be559131fc7e82b4fdc95ff?s=96&d=mm&r=g\",\"caption\":\"Rauchfrei Team\"},\"url\":\"https:\/\/rauchfrei.at\/en\/author\/rauchfrei-team\/\"}]}<\/script>\n<!-- \/ Yoast SEO plugin. -->","yoast_head_json":{"title":"Traurige Nachrichten vom Rauchfrei Telefon - Rauchfrei Telefon","robots":{"index":"index","follow":"follow","max-snippet":"max-snippet:-1","max-image-preview":"max-image-preview:large","max-video-preview":"max-video-preview:-1"},"canonical":"https:\/\/rauchfrei.at\/traurige-nachrichten-vom-rauchfrei-telefon\/","og_locale":"en_US","og_type":"article","og_title":"Traurige Nachrichten vom Rauchfrei Telefon - Rauchfrei Telefon","og_description":"Mit tiefem Bedauern nehmen wir Abschied von Dr. Kurt Aigner, der als Mitglied des wissenschaftlichen Beirats beim Rauchfrei Telefon ma\u00dfgeblichen Einfluss auf die Tabakpr\u00e4vention und -entw\u00f6hnung hatte.","og_url":"https:\/\/rauchfrei.at\/traurige-nachrichten-vom-rauchfrei-telefon\/","og_site_name":"Rauchfrei Telefon","article_published_time":"2024-10-03T12:59:53+00:00","article_modified_time":"2024-10-03T13:29:47+00:00","author":"Rauchfrei Team","twitter_card":"summary_large_image","twitter_misc":{"Written by":"Rauchfrei Team","Est. reading time":"2 minutes"},"schema":{"@context":"https:\/\/schema.org","@graph":[{"@type":"WebPage","@id":"https:\/\/rauchfrei.at\/traurige-nachrichten-vom-rauchfrei-telefon\/","url":"https:\/\/rauchfrei.at\/traurige-nachrichten-vom-rauchfrei-telefon\/","name":"Traurige Nachrichten vom Rauchfrei Telefon - Rauchfrei Telefon","isPartOf":{"@id":"https:\/\/rauchfrei.at\/#website"},"datePublished":"2024-10-03T12:59:53+00:00","dateModified":"2024-10-03T13:29:47+00:00","author":{"@id":"https:\/\/rauchfrei.at\/#\/schema\/person\/504bbf90c5482004fc09aef6de7f9277"},"inLanguage":"en-US","potentialAction":[{"@type":"ReadAction","target":["https:\/\/rauchfrei.at\/traurige-nachrichten-vom-rauchfrei-telefon\/"]}]},{"@type":"WebSite","@id":"https:\/\/rauchfrei.at\/#website","url":"https:\/\/rauchfrei.at\/","name":"Rauchfrei Telefon","description":"Eine \u00f6sterreichweite Initiative der Sozialversicherungen.","potentialAction":[{"@type":"SearchAction","target":{"@type":"EntryPoint","urlTemplate":"https:\/\/rauchfrei.at\/?s={search_term_string}"},"query-input":{"@type":"PropertyValueSpecification","valueRequired":true,"valueName":"search_term_string"}}],"inLanguage":"en-US"},{"@type":"Person","@id":"https:\/\/rauchfrei.at\/#\/schema\/person\/504bbf90c5482004fc09aef6de7f9277","name":"Rauchfrei Team","image":{"@type":"ImageObject","inLanguage":"en-US","@id":"https:\/\/rauchfrei.at\/#\/schema\/person\/image\/","url":"https:\/\/secure.gravatar.com\/avatar\/2115b79a00800516fa1523bb5a329611f90e73e89be559131fc7e82b4fdc95ff?s=96&d=mm&r=g","contentUrl":"https:\/\/secure.gravatar.com\/avatar\/2115b79a00800516fa1523bb5a329611f90e73e89be559131fc7e82b4fdc95ff?s=96&d=mm&r=g","caption":"Rauchfrei Team"},"url":"https:\/\/rauchfrei.at\/en\/author\/rauchfrei-team\/"}]}},"_links":{"self":[{"href":"https:\/\/rauchfrei.at\/en\/wp-json\/wp\/v2\/posts\/29891","targetHints":{"allow":["GET"]}}],"collection":[{"href":"https:\/\/rauchfrei.at\/en\/wp-json\/wp\/v2\/posts"}],"about":[{"href":"https:\/\/rauchfrei.at\/en\/wp-json\/wp\/v2\/types\/post"}],"author":[{"embeddable":true,"href":"https:\/\/rauchfrei.at\/en\/wp-json\/wp\/v2\/users\/25"}],"replies":[{"embeddable":true,"href":"https:\/\/rauchfrei.at\/en\/wp-json\/wp\/v2\/comments?post=29891"}],"version-history":[{"count":4,"href":"https:\/\/rauchfrei.at\/en\/wp-json\/wp\/v2\/posts\/29891\/revisions"}],"predecessor-version":[{"id":29897,"href":"https:\/\/rauchfrei.at\/en\/wp-json\/wp\/v2\/posts\/29891\/revisions\/29897"}],"wp:attachment":[{"href":"https:\/\/rauchfrei.at\/en\/wp-json\/wp\/v2\/media?parent=29891"}],"wp:term":[{"taxonomy":"category","embeddable":true,"href":"https:\/\/rauchfrei.at\/en\/wp-json\/wp\/v2\/categories?post=29891"},{"taxonomy":"post_tag","embeddable":true,"href":"https:\/\/rauchfrei.at\/en\/wp-json\/wp\/v2\/tags?post=29891"}],"curies":[{"name":"wp","href":"https:\/\/api.w.org\/{rel}","templated":true}]}}