
{"id":29902,"date":"2024-10-14T08:00:00","date_gmt":"2024-10-14T06:00:00","guid":{"rendered":"https:\/\/rauchfrei.at\/?p=29902"},"modified":"2024-10-09T09:54:46","modified_gmt":"2024-10-09T07:54:46","slug":"das-war-die-diesjaehrige-tagung-der-oesterreichischen-gesellschaft-fuer-pneumologie","status":"publish","type":"post","link":"https:\/\/rauchfrei.at\/en\/das-war-die-diesjaehrige-tagung-der-oesterreichischen-gesellschaft-fuer-pneumologie\/","title":{"rendered":"Das war die diesj\u00e4hrige Tagung der \u00f6sterreichischen Gesellschaft f\u00fcr Pneumologie"},"content":{"rendered":"\n[et_pb_section fb_built=&#8221;1&#8243; module_class=&#8221;header&#8221; _builder_version=&#8221;4.16&#8243; global_colors_info=&#8221;{}&#8221;][et_pb_row _builder_version=&#8221;4.16&#8243; global_colors_info=&#8221;{}&#8221;][et_pb_column type=&#8221;4_4&#8243; _builder_version=&#8221;4.16&#8243; custom_padding=&#8221;|||&#8221; global_colors_info=&#8221;{}&#8221; custom_padding__hover=&#8221;|||&#8221;][et_pb_dp_dmb_module_10001 subheadline=&#8221;Aktuelle Einblicke in die Medizin&#8221; _builder_version=&#8221;4.23.1&#8243; global_colors_info=&#8221;{}&#8221;][\/et_pb_dp_dmb_module_10001][\/et_pb_column][\/et_pb_row][\/et_pb_section][et_pb_section fb_built=&#8221;1&#8243; _builder_version=&#8221;4.16&#8243; custom_padding=&#8221;30px|||&#8221; global_colors_info=&#8221;{}&#8221;][et_pb_row column_structure=&#8221;2_3,1_3&#8243; _builder_version=&#8221;4.16&#8243; global_colors_info=&#8221;{}&#8221;][et_pb_column type=&#8221;2_3&#8243; module_class=&#8221;blog-content&#8221; _builder_version=&#8221;4.16&#8243; custom_padding=&#8221;|||&#8221; global_colors_info=&#8221;{}&#8221; custom_padding__hover=&#8221;|||&#8221;][et_pb_image src=&#8221;https:\/\/rauchfrei.at\/wp-content\/uploads\/Foyer-1-scaled.jpg&#8221; title_text=&#8221;Foyer&#8221; align_tablet=&#8221;center&#8221; align_phone=&#8221;center&#8221; align_last_edited=&#8221;on|desktop&#8221; _builder_version=&#8221;4.23.1&#8243; always_center_on_mobile=&#8221;on&#8221; global_colors_info=&#8221;{}&#8221;][\/et_pb_image][et_pb_text _builder_version=&#8221;4.23.1&#8243; global_colors_info=&#8221;{}&#8221;]<p>Die diesj\u00e4hrige Tagung der \u00f6sterreichischen Gesellschaft f\u00fcr Pneumologie (\u00d6GP), gemeinsam mit der\u00a0 \u00d6sterreichischen Gesellschaft f\u00fcr Thoraxchirurgie (\u00d6GTC) fand vom 26. bis 28. September 2024 in der Wiener Hofburg unter dem Motto: \u201eLunge im Wandel\u201c statt.<\/p>\n<p>Die Tagung konzentrierte sich auf die aktuellen Herausforderungen der Lungengesundheit.<\/p>\n<p>\u201eLunge im Wandel\u201c stand f\u00fcr mehrere Aspekte wie z.B. die demografische Ver\u00e4nderung in der Bev\u00f6lkerung. Durch eine l\u00e4ngere Lebenserwartung steigt auch der Anteil an altersassoziierten Lungenerkrankungen. So leidet bereits jeder 10. Erwachsene in \u00d6sterreich an der chronisch obstruktiven Lungenerkrankung COPD.<\/p>\n<p>Auch der Klimawandel bleibe nicht ohne Auswirkungen auf die Lungengesundheit. Extrem hohe Temperaturen und lange Hitzeperioden setzten Menschen mit einer Lungenerkrankung besonders stark zu.<\/p>\n<p>Au\u00dferdem wurde der Fortschritt in Diagnostik und Therapie von Lungenerkrankungen, wie z.B. Lungenkrebs hervorgehoben und ein landesweites Vorsorgeprogramm diskutiert.<\/p>\n<p>Beeindruckend war auch der Er\u00f6ffnungsvortrag von Apnoetaucher Christian Redl, der auf der B\u00fchne demonstrierte wie lernf\u00e4hig die menschliche Lunge sein kann.<br \/><img loading=\"lazy\" decoding=\"async\" src=\"https:\/\/rauchfrei.at\/wp-content\/uploads\/saal-225x169.jpg\" alt=\"\" class=\"wp-image-29910 alignnone size-medium\" width=\"225\" height=\"169\" \/> (C) Rauchfrei Telefon<\/p>\n<p>Das Rauchfrei Telefon war mit einem Stand vertreten &#8211; so konnten Brosch\u00fcren und Informationsmaterial an interessierte Mediziner\/innen und Personen aus dem Gesundheitswesen weitergegeben werden. Ebenfalls wurde in Vortr\u00e4gen die wichtige Arbeit des Rauchfrei Telefons erw\u00e4hnt. Die Tagung war eine ausgezeichnete Gelegenheit f\u00fcr das Rauchfrei Telefon, sich zu vernetzen und Kontakte zu intensivieren. <\/p>\n<p><img loading=\"lazy\" decoding=\"async\" src=\"https:\/\/rauchfrei.at\/wp-content\/uploads\/20240927_160053-1-225x400.jpg\" alt=\"\" class=\"wp-image-29912 alignnone size-medium\" width=\"225\" height=\"400\" \/>(C) Rauchfrei Telefon<\/p>\n<p><a href=\"https:\/\/www.ogp-kongress.at\/programm\/hauptprogramm\/\">https:\/\/www.ogp-kongress.at\/programm\/hauptprogramm\/<\/a><\/p>\n<p><a href=\"https:\/\/www.ogp.at\/\">https:\/\/www.ogp.at\/<\/a><\/p>\n<p><a href=\"https:\/\/ogtc.at\/\">https:\/\/ogtc.at\/<\/a><\/p>\n<p><a href=\"https:\/\/christianredl.com\/\">https:\/\/christianredl.com\/<\/a><\/p>\n<p>&nbsp;<\/p>[\/et_pb_text][et_pb_post_nav in_same_term=&#8221;off&#8221; _builder_version=&#8221;4.16&#8243; global_colors_info=&#8221;{}&#8221;][\/et_pb_post_nav][\/et_pb_column][et_pb_column type=&#8221;1_3&#8243; module_class=&#8221;cat-and-tag&#8221; _builder_version=&#8221;4.16&#8243; custom_padding=&#8221;|||&#8221; global_colors_info=&#8221;{}&#8221; custom_padding__hover=&#8221;|||&#8221;][et_pb_dp_dmb_module_10093 farbe=&#8221;blitzgelb&#8221; headline=&#8221;Rufen Sie uns an! &#8221; image=&#8221;https:\/\/rauchfrei.at\/wp-content\/uploads\/rauchfrei-telefondame-auf-gelb.png&#8221; image_position=&#8221;center&#8221; link_text=&#8221;mehr&#8221; link_url=&#8221;https:\/\/rauchfrei.at\/beratung-vom-rauchfrei-telefon\/&#8221; image_size=&#8221;80&#8243; admin_label=&#8221;Rufen Sie uns an!&#8221; _builder_version=&#8221;4.20.4&#8243; global_module=&#8221;13167&#8243; saved_tabs=&#8221;all&#8221; global_colors_info=&#8221;{}&#8221;]<p>Wir beraten und informieren Sie gerne!<\/p>\n[\/et_pb_dp_dmb_module_10093][et_pb_dp_dmb_module_10093 farbe=&#8221;blitzgelb&#8221; headline=&#8221;Trauen Sie sich den Rauchstopp zu!&#8221; image=&#8221;https:\/\/rauchfrei.at\/wp-content\/uploads\/Quitting-Yellow.png&#8221; image_position=&#8221;center&#8221; link_text=&#8221;mehr&#8221; link_url=&#8221;https:\/\/rauchfrei.at\/aufhoeren\/schritte-zum-rauchstopp\/trauen-sie-sich-den-rauchstopp-zu\/&#8221; admin_label=&#8221;Trauen Sie sich den Rauchstopp zu&#8221; _builder_version=&#8221;4.23.1&#8243; saved_tabs=&#8221;all&#8221; global_colors_info=&#8221;{}&#8221; global_module=&#8221;13173&#8243; theme_builder_area=&#8221;post_content&#8221;]<p>Wollen Sie etwas \u00e4ndern? Worauf warten Sie?<\/p>[\/et_pb_dp_dmb_module_10093][\/et_pb_column][\/et_pb_row][\/et_pb_section]\n","protected":false},"excerpt":{"rendered":"<p>\u201eLunge im Wandel\u201c unter diesem Motto stand die diesj\u00e4hrige Tagung der \u00f6sterreichischen Gesellschaft f\u00fcr Pneumologie (\u00d6GP). <\/p>\n","protected":false},"author":25,"featured_media":0,"comment_status":"open","ping_status":"open","sticky":false,"template":"","format":"standard","meta":{"_et_pb_use_builder":"on","_et_pb_old_content":"","_et_gb_content_width":"2880","footnotes":""},"categories":[237,232],"tags":[],"class_list":["post-29902","post","type-post","status-publish","format-standard","hentry","category-literatur-und-hintergrundwissen","category-nachrichten-vom-rauchfrei-telefon"],"yoast_head":"<!-- This site is optimized with the Yoast SEO plugin v26.2 - https:\/\/yoast.com\/wordpress\/plugins\/seo\/ -->\n<title>Das war die diesj\u00e4hrige Tagung der \u00f6sterreichischen Gesellschaft f\u00fcr Pneumologie - Rauchfrei Telefon<\/title>\n<meta name=\"robots\" content=\"index, follow, max-snippet:-1, max-image-preview:large, max-video-preview:-1\" \/>\n<link rel=\"canonical\" href=\"https:\/\/rauchfrei.at\/das-war-die-diesjaehrige-tagung-der-oesterreichischen-gesellschaft-fuer-pneumologie\/\" \/>\n<meta property=\"og:locale\" content=\"en_US\" \/>\n<meta property=\"og:type\" content=\"article\" \/>\n<meta property=\"og:title\" content=\"Das war die diesj\u00e4hrige Tagung der \u00f6sterreichischen Gesellschaft f\u00fcr Pneumologie - Rauchfrei Telefon\" \/>\n<meta property=\"og:description\" content=\"\u201eLunge im Wandel\u201c unter diesem Motto stand die diesj\u00e4hrige Tagung der \u00f6sterreichischen Gesellschaft f\u00fcr Pneumologie (\u00d6GP).\" \/>\n<meta property=\"og:url\" content=\"https:\/\/rauchfrei.at\/das-war-die-diesjaehrige-tagung-der-oesterreichischen-gesellschaft-fuer-pneumologie\/\" \/>\n<meta property=\"og:site_name\" content=\"Rauchfrei Telefon\" \/>\n<meta property=\"article:published_time\" content=\"2024-10-14T06:00:00+00:00\" \/>\n<meta property=\"og:image\" content=\"https:\/\/rauchfrei.at\/wp-content\/uploads\/saal-225x169.jpg\" \/>\n<meta name=\"author\" content=\"Rauchfrei Team\" \/>\n<meta name=\"twitter:card\" content=\"summary_large_image\" \/>\n<meta name=\"twitter:label1\" content=\"Written by\" \/>\n\t<meta name=\"twitter:data1\" content=\"Rauchfrei Team\" \/>\n\t<meta name=\"twitter:label2\" content=\"Est. reading time\" \/>\n\t<meta name=\"twitter:data2\" content=\"3 minutes\" \/>\n<script type=\"application\/ld+json\" class=\"yoast-schema-graph\">{\"@context\":\"https:\/\/schema.org\",\"@graph\":[{\"@type\":\"WebPage\",\"@id\":\"https:\/\/rauchfrei.at\/das-war-die-diesjaehrige-tagung-der-oesterreichischen-gesellschaft-fuer-pneumologie\/\",\"url\":\"https:\/\/rauchfrei.at\/das-war-die-diesjaehrige-tagung-der-oesterreichischen-gesellschaft-fuer-pneumologie\/\",\"name\":\"Das war die diesj\u00e4hrige Tagung der \u00f6sterreichischen Gesellschaft f\u00fcr Pneumologie - Rauchfrei Telefon\",\"isPartOf\":{\"@id\":\"https:\/\/rauchfrei.at\/#website\"},\"primaryImageOfPage\":{\"@id\":\"https:\/\/rauchfrei.at\/das-war-die-diesjaehrige-tagung-der-oesterreichischen-gesellschaft-fuer-pneumologie\/#primaryimage\"},\"image\":{\"@id\":\"https:\/\/rauchfrei.at\/das-war-die-diesjaehrige-tagung-der-oesterreichischen-gesellschaft-fuer-pneumologie\/#primaryimage\"},\"thumbnailUrl\":\"https:\/\/rauchfrei.at\/wp-content\/uploads\/saal-225x169.jpg\",\"datePublished\":\"2024-10-14T06:00:00+00:00\",\"author\":{\"@id\":\"https:\/\/rauchfrei.at\/#\/schema\/person\/504bbf90c5482004fc09aef6de7f9277\"},\"inLanguage\":\"en-US\",\"potentialAction\":[{\"@type\":\"ReadAction\",\"target\":[\"https:\/\/rauchfrei.at\/das-war-die-diesjaehrige-tagung-der-oesterreichischen-gesellschaft-fuer-pneumologie\/\"]}]},{\"@type\":\"ImageObject\",\"inLanguage\":\"en-US\",\"@id\":\"https:\/\/rauchfrei.at\/das-war-die-diesjaehrige-tagung-der-oesterreichischen-gesellschaft-fuer-pneumologie\/#primaryimage\",\"url\":\"https:\/\/rauchfrei.at\/wp-content\/uploads\/saal-225x169.jpg\",\"contentUrl\":\"https:\/\/rauchfrei.at\/wp-content\/uploads\/saal-225x169.jpg\"},{\"@type\":\"WebSite\",\"@id\":\"https:\/\/rauchfrei.at\/#website\",\"url\":\"https:\/\/rauchfrei.at\/\",\"name\":\"Rauchfrei Telefon\",\"description\":\"Eine \u00f6sterreichweite Initiative der Sozialversicherungen.\",\"potentialAction\":[{\"@type\":\"SearchAction\",\"target\":{\"@type\":\"EntryPoint\",\"urlTemplate\":\"https:\/\/rauchfrei.at\/?s={search_term_string}\"},\"query-input\":{\"@type\":\"PropertyValueSpecification\",\"valueRequired\":true,\"valueName\":\"search_term_string\"}}],\"inLanguage\":\"en-US\"},{\"@type\":\"Person\",\"@id\":\"https:\/\/rauchfrei.at\/#\/schema\/person\/504bbf90c5482004fc09aef6de7f9277\",\"name\":\"Rauchfrei Team\",\"image\":{\"@type\":\"ImageObject\",\"inLanguage\":\"en-US\",\"@id\":\"https:\/\/rauchfrei.at\/#\/schema\/person\/image\/\",\"url\":\"https:\/\/secure.gravatar.com\/avatar\/2115b79a00800516fa1523bb5a329611f90e73e89be559131fc7e82b4fdc95ff?s=96&d=mm&r=g\",\"contentUrl\":\"https:\/\/secure.gravatar.com\/avatar\/2115b79a00800516fa1523bb5a329611f90e73e89be559131fc7e82b4fdc95ff?s=96&d=mm&r=g\",\"caption\":\"Rauchfrei Team\"},\"url\":\"https:\/\/rauchfrei.at\/en\/author\/rauchfrei-team\/\"}]}<\/script>\n<!-- \/ Yoast SEO plugin. -->","yoast_head_json":{"title":"Das war die diesj\u00e4hrige Tagung der \u00f6sterreichischen Gesellschaft f\u00fcr Pneumologie - Rauchfrei Telefon","robots":{"index":"index","follow":"follow","max-snippet":"max-snippet:-1","max-image-preview":"max-image-preview:large","max-video-preview":"max-video-preview:-1"},"canonical":"https:\/\/rauchfrei.at\/das-war-die-diesjaehrige-tagung-der-oesterreichischen-gesellschaft-fuer-pneumologie\/","og_locale":"en_US","og_type":"article","og_title":"Das war die diesj\u00e4hrige Tagung der \u00f6sterreichischen Gesellschaft f\u00fcr Pneumologie - Rauchfrei Telefon","og_description":"\u201eLunge im Wandel\u201c unter diesem Motto stand die diesj\u00e4hrige Tagung der \u00f6sterreichischen Gesellschaft f\u00fcr Pneumologie (\u00d6GP).","og_url":"https:\/\/rauchfrei.at\/das-war-die-diesjaehrige-tagung-der-oesterreichischen-gesellschaft-fuer-pneumologie\/","og_site_name":"Rauchfrei Telefon","article_published_time":"2024-10-14T06:00:00+00:00","og_image":[{"url":"https:\/\/rauchfrei.at\/wp-content\/uploads\/saal-225x169.jpg","type":"","width":"","height":""}],"author":"Rauchfrei Team","twitter_card":"summary_large_image","twitter_misc":{"Written by":"Rauchfrei Team","Est. reading time":"3 minutes"},"schema":{"@context":"https:\/\/schema.org","@graph":[{"@type":"WebPage","@id":"https:\/\/rauchfrei.at\/das-war-die-diesjaehrige-tagung-der-oesterreichischen-gesellschaft-fuer-pneumologie\/","url":"https:\/\/rauchfrei.at\/das-war-die-diesjaehrige-tagung-der-oesterreichischen-gesellschaft-fuer-pneumologie\/","name":"Das war die diesj\u00e4hrige Tagung der \u00f6sterreichischen Gesellschaft f\u00fcr Pneumologie - Rauchfrei Telefon","isPartOf":{"@id":"https:\/\/rauchfrei.at\/#website"},"primaryImageOfPage":{"@id":"https:\/\/rauchfrei.at\/das-war-die-diesjaehrige-tagung-der-oesterreichischen-gesellschaft-fuer-pneumologie\/#primaryimage"},"image":{"@id":"https:\/\/rauchfrei.at\/das-war-die-diesjaehrige-tagung-der-oesterreichischen-gesellschaft-fuer-pneumologie\/#primaryimage"},"thumbnailUrl":"https:\/\/rauchfrei.at\/wp-content\/uploads\/saal-225x169.jpg","datePublished":"2024-10-14T06:00:00+00:00","author":{"@id":"https:\/\/rauchfrei.at\/#\/schema\/person\/504bbf90c5482004fc09aef6de7f9277"},"inLanguage":"en-US","potentialAction":[{"@type":"ReadAction","target":["https:\/\/rauchfrei.at\/das-war-die-diesjaehrige-tagung-der-oesterreichischen-gesellschaft-fuer-pneumologie\/"]}]},{"@type":"ImageObject","inLanguage":"en-US","@id":"https:\/\/rauchfrei.at\/das-war-die-diesjaehrige-tagung-der-oesterreichischen-gesellschaft-fuer-pneumologie\/#primaryimage","url":"https:\/\/rauchfrei.at\/wp-content\/uploads\/saal-225x169.jpg","contentUrl":"https:\/\/rauchfrei.at\/wp-content\/uploads\/saal-225x169.jpg"},{"@type":"WebSite","@id":"https:\/\/rauchfrei.at\/#website","url":"https:\/\/rauchfrei.at\/","name":"Rauchfrei Telefon","description":"Eine \u00f6sterreichweite Initiative der Sozialversicherungen.","potentialAction":[{"@type":"SearchAction","target":{"@type":"EntryPoint","urlTemplate":"https:\/\/rauchfrei.at\/?s={search_term_string}"},"query-input":{"@type":"PropertyValueSpecification","valueRequired":true,"valueName":"search_term_string"}}],"inLanguage":"en-US"},{"@type":"Person","@id":"https:\/\/rauchfrei.at\/#\/schema\/person\/504bbf90c5482004fc09aef6de7f9277","name":"Rauchfrei Team","image":{"@type":"ImageObject","inLanguage":"en-US","@id":"https:\/\/rauchfrei.at\/#\/schema\/person\/image\/","url":"https:\/\/secure.gravatar.com\/avatar\/2115b79a00800516fa1523bb5a329611f90e73e89be559131fc7e82b4fdc95ff?s=96&d=mm&r=g","contentUrl":"https:\/\/secure.gravatar.com\/avatar\/2115b79a00800516fa1523bb5a329611f90e73e89be559131fc7e82b4fdc95ff?s=96&d=mm&r=g","caption":"Rauchfrei Team"},"url":"https:\/\/rauchfrei.at\/en\/author\/rauchfrei-team\/"}]}},"_links":{"self":[{"href":"https:\/\/rauchfrei.at\/en\/wp-json\/wp\/v2\/posts\/29902","targetHints":{"allow":["GET"]}}],"collection":[{"href":"https:\/\/rauchfrei.at\/en\/wp-json\/wp\/v2\/posts"}],"about":[{"href":"https:\/\/rauchfrei.at\/en\/wp-json\/wp\/v2\/types\/post"}],"author":[{"embeddable":true,"href":"https:\/\/rauchfrei.at\/en\/wp-json\/wp\/v2\/users\/25"}],"replies":[{"embeddable":true,"href":"https:\/\/rauchfrei.at\/en\/wp-json\/wp\/v2\/comments?post=29902"}],"version-history":[{"count":8,"href":"https:\/\/rauchfrei.at\/en\/wp-json\/wp\/v2\/posts\/29902\/revisions"}],"predecessor-version":[{"id":29918,"href":"https:\/\/rauchfrei.at\/en\/wp-json\/wp\/v2\/posts\/29902\/revisions\/29918"}],"wp:attachment":[{"href":"https:\/\/rauchfrei.at\/en\/wp-json\/wp\/v2\/media?parent=29902"}],"wp:term":[{"taxonomy":"category","embeddable":true,"href":"https:\/\/rauchfrei.at\/en\/wp-json\/wp\/v2\/categories?post=29902"},{"taxonomy":"post_tag","embeddable":true,"href":"https:\/\/rauchfrei.at\/en\/wp-json\/wp\/v2\/tags?post=29902"}],"curies":[{"name":"wp","href":"https:\/\/api.w.org\/{rel}","templated":true}]}}