
{"id":30003,"date":"2024-11-01T17:13:51","date_gmt":"2024-11-01T15:13:51","guid":{"rendered":"https:\/\/rauchfrei.at\/?p=30003"},"modified":"2024-10-30T11:42:28","modified_gmt":"2024-10-30T09:42:28","slug":"november-rauchfrei-2024-machen-sie-mit","status":"publish","type":"post","link":"https:\/\/rauchfrei.at\/en\/november-rauchfrei-2024-machen-sie-mit\/","title":{"rendered":"NOVEMBER RAUCHFREI 2024 \u2013 MACHEN SIE MIT!"},"content":{"rendered":"\n[et_pb_section fb_built=&#8221;1&#8243; module_class=&#8221;header&#8221; _builder_version=&#8221;4.16&#8243; global_colors_info=&#8221;{}&#8221;][et_pb_row _builder_version=&#8221;4.16&#8243; global_colors_info=&#8221;{}&#8221;][et_pb_column type=&#8221;4_4&#8243; _builder_version=&#8221;4.16&#8243; custom_padding=&#8221;|||&#8221; global_colors_info=&#8221;{}&#8221; custom_padding__hover=&#8221;|||&#8221;][et_pb_dp_dmb_module_10001 subheadline=&#8221;Zeit f\u00fcr Ver\u00e4nderung&#8221; _builder_version=&#8221;4.23.1&#8243; global_colors_info=&#8221;{}&#8221;][\/et_pb_dp_dmb_module_10001][\/et_pb_column][\/et_pb_row][\/et_pb_section][et_pb_section fb_built=&#8221;1&#8243; _builder_version=&#8221;4.16&#8243; custom_padding=&#8221;30px|||&#8221; global_colors_info=&#8221;{}&#8221;][et_pb_row column_structure=&#8221;2_3,1_3&#8243; _builder_version=&#8221;4.16&#8243; global_colors_info=&#8221;{}&#8221;][et_pb_column type=&#8221;2_3&#8243; module_class=&#8221;blog-content&#8221; _builder_version=&#8221;4.16&#8243; custom_padding=&#8221;|||&#8221; global_colors_info=&#8221;{}&#8221; custom_padding__hover=&#8221;|||&#8221;][et_pb_text _builder_version=&#8221;4.23.1&#8243; global_colors_info=&#8221;{}&#8221;]<p>Der Herbst steht f\u00fcr Ver\u00e4nderung. Das Rauchfrei Telefon l\u00e4dt deshalb auch heuer wieder dazu ein, beim November Rauchfrei mitzumachen.<\/p>\n<p>Ziel ist es, im November einen selbst bestimmten Zeitraum frei von Tabak-\/Nikotinprodukten zu verbringen!<\/p>\n<p><strong>Es gibt mehrere M\u00f6glichkeiten, mitzumachen:<\/strong><\/p>\n<ul>\n<li><strong>1 Monat rauchfrei<\/strong> ab 1. November<strong> (Rauchpause)<\/strong><\/li>\n<li><strong>1 Tag ohne <\/strong><strong>Tabak und Nikotin<\/strong> im November<\/li>\n<li>Im November <strong>rauchfrei werden und\/oder<\/strong> <strong>bleiben<\/strong><\/li>\n<\/ul>\n<p><strong>Im November rauchfrei zu sein, bedeutet \u2026<\/strong><\/p>\n<ul>\n<li>eine St\u00e4rkung Ihres Immunsystems und eine geringere Infektanf\u00e4lligkeit.<\/li>\n<li>eine Erholung f\u00fcr Ihren K\u00f6rper.<\/li>\n<li>die M\u00f6glichkeit, statt dem Rauchen\/Dampfen etc. andere Verhaltensweisen zu entdecken.<\/li>\n<li>eine h\u00f6here Wahrscheinlichkeit, das neue Jahr rauchfrei zu beginnen.<\/li>\n<li>mehr Geld f\u00fcr andere Dinge.<\/li>\n<\/ul>\n<p>Interessiert? Dann machen Sie mit!<\/p>\n<p>Mit Hilfe gelingt es leichter als alleine. Melden Sie sich gleich an f\u00fcr ein kostenfreies <a href=\"https:\/\/rauchfrei.at\/beratung\/anruf-gewuenscht\/\" target=\"_blank\" rel=\"noopener\">Beratungsgespr\u00e4ch<\/a> oder laden Sie sich die <a href=\"http:\/\/www.rauchfreiapp.at\" target=\"_blank\" rel=\"noopener\">Rauchfrei App<\/a> runter.<\/p>[\/et_pb_text][et_pb_post_nav in_same_term=&#8221;off&#8221; _builder_version=&#8221;4.16&#8243; global_colors_info=&#8221;{}&#8221;][\/et_pb_post_nav][\/et_pb_column][et_pb_column type=&#8221;1_3&#8243; module_class=&#8221;cat-and-tag&#8221; _builder_version=&#8221;4.16&#8243; custom_padding=&#8221;|||&#8221; global_colors_info=&#8221;{}&#8221; custom_padding__hover=&#8221;|||&#8221;][et_pb_sidebar area=&#8221;et_pb_widget_area_1&#8243; _builder_version=&#8221;4.16&#8243; global_colors_info=&#8221;{}&#8221;][\/et_pb_sidebar][et_pb_dp_dmb_module_10093 farbe=&#8221;blitzblau&#8221; image=&#8221;https:\/\/rauchfrei.at\/wp-content\/uploads\/Nov_Rauchfreiv02.png&#8221; image_position=&#8221;center&#8221; link_text=&#8221;mehr dazu&#8221; link_url=&#8221;https:\/\/rauchfrei.at\/aufhoeren\/november-rauchfrei\/&#8221; admin_label=&#8221;November rauchfrei&#8221; _builder_version=&#8221;4.18.0&#8243; z_index_tablet=&#8221;500&#8243; global_module=&#8221;17470&#8243; saved_tabs=&#8221;all&#8221; global_colors_info=&#8221;{}&#8221;][\/et_pb_dp_dmb_module_10093][\/et_pb_column][\/et_pb_row][\/et_pb_section]\n","protected":false},"excerpt":{"rendered":"<p>Brauchen Sie auch eine Pause vom Rauchen und Dampfen? Die Aktion des Rauchfrei Telefons bietet die Gelegenheit dazu und unterst\u00fctzt mit zahlreichen Angeboten. G\u00f6nnen Sie sich eine Auszeit von Tabak und Nikotin im November und erleben Sie die vielen Vorteile am eigenen K\u00f6rper.<\/p>\n","protected":false},"author":25,"featured_media":0,"comment_status":"open","ping_status":"open","sticky":false,"template":"","format":"standard","meta":{"_et_pb_use_builder":"on","_et_pb_old_content":"","_et_gb_content_width":"2880","footnotes":""},"categories":[232,236],"tags":[],"class_list":["post-30003","post","type-post","status-publish","format-standard","hentry","category-nachrichten-vom-rauchfrei-telefon","category-nicht-kategorisiert"],"yoast_head":"<!-- This site is optimized with the Yoast SEO plugin v26.2 - https:\/\/yoast.com\/wordpress\/plugins\/seo\/ -->\n<title>NOVEMBER RAUCHFREI 2024 \u2013 MACHEN SIE MIT! - Rauchfrei Telefon<\/title>\n<meta name=\"robots\" content=\"index, follow, max-snippet:-1, max-image-preview:large, max-video-preview:-1\" \/>\n<link rel=\"canonical\" href=\"https:\/\/rauchfrei.at\/november-rauchfrei-2024-machen-sie-mit\/\" \/>\n<meta property=\"og:locale\" content=\"en_US\" \/>\n<meta property=\"og:type\" content=\"article\" \/>\n<meta property=\"og:title\" content=\"NOVEMBER RAUCHFREI 2024 \u2013 MACHEN SIE MIT! - Rauchfrei Telefon\" \/>\n<meta property=\"og:description\" content=\"Brauchen Sie auch eine Pause vom Rauchen und Dampfen? Die Aktion des Rauchfrei Telefons bietet die Gelegenheit dazu und unterst\u00fctzt mit zahlreichen Angeboten. G\u00f6nnen Sie sich eine Auszeit von Tabak und Nikotin im November und erleben Sie die vielen Vorteile am eigenen K\u00f6rper.\" \/>\n<meta property=\"og:url\" content=\"https:\/\/rauchfrei.at\/november-rauchfrei-2024-machen-sie-mit\/\" \/>\n<meta property=\"og:site_name\" content=\"Rauchfrei Telefon\" \/>\n<meta property=\"article:published_time\" content=\"2024-11-01T15:13:51+00:00\" \/>\n<meta name=\"author\" content=\"Rauchfrei Team\" \/>\n<meta name=\"twitter:card\" content=\"summary_large_image\" \/>\n<meta name=\"twitter:label1\" content=\"Written by\" \/>\n\t<meta name=\"twitter:data1\" content=\"Rauchfrei Team\" \/>\n\t<meta name=\"twitter:label2\" content=\"Est. reading time\" \/>\n\t<meta name=\"twitter:data2\" content=\"2 minutes\" \/>\n<script type=\"application\/ld+json\" class=\"yoast-schema-graph\">{\"@context\":\"https:\/\/schema.org\",\"@graph\":[{\"@type\":\"WebPage\",\"@id\":\"https:\/\/rauchfrei.at\/november-rauchfrei-2024-machen-sie-mit\/\",\"url\":\"https:\/\/rauchfrei.at\/november-rauchfrei-2024-machen-sie-mit\/\",\"name\":\"NOVEMBER RAUCHFREI 2024 \u2013 MACHEN SIE MIT! - Rauchfrei Telefon\",\"isPartOf\":{\"@id\":\"https:\/\/rauchfrei.at\/#website\"},\"datePublished\":\"2024-11-01T15:13:51+00:00\",\"author\":{\"@id\":\"https:\/\/rauchfrei.at\/#\/schema\/person\/504bbf90c5482004fc09aef6de7f9277\"},\"inLanguage\":\"en-US\",\"potentialAction\":[{\"@type\":\"ReadAction\",\"target\":[\"https:\/\/rauchfrei.at\/november-rauchfrei-2024-machen-sie-mit\/\"]}]},{\"@type\":\"WebSite\",\"@id\":\"https:\/\/rauchfrei.at\/#website\",\"url\":\"https:\/\/rauchfrei.at\/\",\"name\":\"Rauchfrei Telefon\",\"description\":\"Eine \u00f6sterreichweite Initiative der Sozialversicherungen.\",\"potentialAction\":[{\"@type\":\"SearchAction\",\"target\":{\"@type\":\"EntryPoint\",\"urlTemplate\":\"https:\/\/rauchfrei.at\/?s={search_term_string}\"},\"query-input\":{\"@type\":\"PropertyValueSpecification\",\"valueRequired\":true,\"valueName\":\"search_term_string\"}}],\"inLanguage\":\"en-US\"},{\"@type\":\"Person\",\"@id\":\"https:\/\/rauchfrei.at\/#\/schema\/person\/504bbf90c5482004fc09aef6de7f9277\",\"name\":\"Rauchfrei Team\",\"image\":{\"@type\":\"ImageObject\",\"inLanguage\":\"en-US\",\"@id\":\"https:\/\/rauchfrei.at\/#\/schema\/person\/image\/\",\"url\":\"https:\/\/secure.gravatar.com\/avatar\/2115b79a00800516fa1523bb5a329611f90e73e89be559131fc7e82b4fdc95ff?s=96&d=mm&r=g\",\"contentUrl\":\"https:\/\/secure.gravatar.com\/avatar\/2115b79a00800516fa1523bb5a329611f90e73e89be559131fc7e82b4fdc95ff?s=96&d=mm&r=g\",\"caption\":\"Rauchfrei Team\"},\"url\":\"https:\/\/rauchfrei.at\/en\/author\/rauchfrei-team\/\"}]}<\/script>\n<!-- \/ Yoast SEO plugin. -->","yoast_head_json":{"title":"NOVEMBER RAUCHFREI 2024 \u2013 MACHEN SIE MIT! - Rauchfrei Telefon","robots":{"index":"index","follow":"follow","max-snippet":"max-snippet:-1","max-image-preview":"max-image-preview:large","max-video-preview":"max-video-preview:-1"},"canonical":"https:\/\/rauchfrei.at\/november-rauchfrei-2024-machen-sie-mit\/","og_locale":"en_US","og_type":"article","og_title":"NOVEMBER RAUCHFREI 2024 \u2013 MACHEN SIE MIT! - Rauchfrei Telefon","og_description":"Brauchen Sie auch eine Pause vom Rauchen und Dampfen? Die Aktion des Rauchfrei Telefons bietet die Gelegenheit dazu und unterst\u00fctzt mit zahlreichen Angeboten. G\u00f6nnen Sie sich eine Auszeit von Tabak und Nikotin im November und erleben Sie die vielen Vorteile am eigenen K\u00f6rper.","og_url":"https:\/\/rauchfrei.at\/november-rauchfrei-2024-machen-sie-mit\/","og_site_name":"Rauchfrei Telefon","article_published_time":"2024-11-01T15:13:51+00:00","author":"Rauchfrei Team","twitter_card":"summary_large_image","twitter_misc":{"Written by":"Rauchfrei Team","Est. reading time":"2 minutes"},"schema":{"@context":"https:\/\/schema.org","@graph":[{"@type":"WebPage","@id":"https:\/\/rauchfrei.at\/november-rauchfrei-2024-machen-sie-mit\/","url":"https:\/\/rauchfrei.at\/november-rauchfrei-2024-machen-sie-mit\/","name":"NOVEMBER RAUCHFREI 2024 \u2013 MACHEN SIE MIT! - Rauchfrei Telefon","isPartOf":{"@id":"https:\/\/rauchfrei.at\/#website"},"datePublished":"2024-11-01T15:13:51+00:00","author":{"@id":"https:\/\/rauchfrei.at\/#\/schema\/person\/504bbf90c5482004fc09aef6de7f9277"},"inLanguage":"en-US","potentialAction":[{"@type":"ReadAction","target":["https:\/\/rauchfrei.at\/november-rauchfrei-2024-machen-sie-mit\/"]}]},{"@type":"WebSite","@id":"https:\/\/rauchfrei.at\/#website","url":"https:\/\/rauchfrei.at\/","name":"Rauchfrei Telefon","description":"Eine \u00f6sterreichweite Initiative der Sozialversicherungen.","potentialAction":[{"@type":"SearchAction","target":{"@type":"EntryPoint","urlTemplate":"https:\/\/rauchfrei.at\/?s={search_term_string}"},"query-input":{"@type":"PropertyValueSpecification","valueRequired":true,"valueName":"search_term_string"}}],"inLanguage":"en-US"},{"@type":"Person","@id":"https:\/\/rauchfrei.at\/#\/schema\/person\/504bbf90c5482004fc09aef6de7f9277","name":"Rauchfrei Team","image":{"@type":"ImageObject","inLanguage":"en-US","@id":"https:\/\/rauchfrei.at\/#\/schema\/person\/image\/","url":"https:\/\/secure.gravatar.com\/avatar\/2115b79a00800516fa1523bb5a329611f90e73e89be559131fc7e82b4fdc95ff?s=96&d=mm&r=g","contentUrl":"https:\/\/secure.gravatar.com\/avatar\/2115b79a00800516fa1523bb5a329611f90e73e89be559131fc7e82b4fdc95ff?s=96&d=mm&r=g","caption":"Rauchfrei Team"},"url":"https:\/\/rauchfrei.at\/en\/author\/rauchfrei-team\/"}]}},"_links":{"self":[{"href":"https:\/\/rauchfrei.at\/en\/wp-json\/wp\/v2\/posts\/30003","targetHints":{"allow":["GET"]}}],"collection":[{"href":"https:\/\/rauchfrei.at\/en\/wp-json\/wp\/v2\/posts"}],"about":[{"href":"https:\/\/rauchfrei.at\/en\/wp-json\/wp\/v2\/types\/post"}],"author":[{"embeddable":true,"href":"https:\/\/rauchfrei.at\/en\/wp-json\/wp\/v2\/users\/25"}],"replies":[{"embeddable":true,"href":"https:\/\/rauchfrei.at\/en\/wp-json\/wp\/v2\/comments?post=30003"}],"version-history":[{"count":5,"href":"https:\/\/rauchfrei.at\/en\/wp-json\/wp\/v2\/posts\/30003\/revisions"}],"predecessor-version":[{"id":30016,"href":"https:\/\/rauchfrei.at\/en\/wp-json\/wp\/v2\/posts\/30003\/revisions\/30016"}],"wp:attachment":[{"href":"https:\/\/rauchfrei.at\/en\/wp-json\/wp\/v2\/media?parent=30003"}],"wp:term":[{"taxonomy":"category","embeddable":true,"href":"https:\/\/rauchfrei.at\/en\/wp-json\/wp\/v2\/categories?post=30003"},{"taxonomy":"post_tag","embeddable":true,"href":"https:\/\/rauchfrei.at\/en\/wp-json\/wp\/v2\/tags?post=30003"}],"curies":[{"name":"wp","href":"https:\/\/api.w.org\/{rel}","templated":true}]}}