
{"id":30021,"date":"2024-10-30T11:32:15","date_gmt":"2024-10-30T09:32:15","guid":{"rendered":"https:\/\/rauchfrei.at\/?p=30021"},"modified":"2024-10-30T11:35:22","modified_gmt":"2024-10-30T09:35:22","slug":"wir-wuenschen-dir-das-beste","status":"publish","type":"post","link":"https:\/\/rauchfrei.at\/en\/wir-wuenschen-dir-das-beste\/","title":{"rendered":"Abschied von unserer fachliche Leiterin MMag. Sophie Meingassner"},"content":{"rendered":"\n[et_pb_section fb_built=&#8221;1&#8243; module_class=&#8221;header&#8221; _builder_version=&#8221;4.16&#8243; global_colors_info=&#8221;{}&#8221;][et_pb_row _builder_version=&#8221;4.16&#8243; global_colors_info=&#8221;{}&#8221;][et_pb_column type=&#8221;4_4&#8243; _builder_version=&#8221;4.16&#8243; custom_padding=&#8221;|||&#8221; global_colors_info=&#8221;{}&#8221; custom_padding__hover=&#8221;|||&#8221;][et_pb_dp_dmb_module_10001 subheadline=&#8221;Wir w\u00fcnschen dir das Beste!&#8221; _builder_version=&#8221;4.23.1&#8243; hover_enabled=&#8221;0&#8243; global_colors_info=&#8221;{}&#8221; sticky_enabled=&#8221;0&#8243;][\/et_pb_dp_dmb_module_10001][\/et_pb_column][\/et_pb_row][\/et_pb_section][et_pb_section fb_built=&#8221;1&#8243; _builder_version=&#8221;4.16&#8243; custom_padding=&#8221;30px|||&#8221; global_colors_info=&#8221;{}&#8221;][et_pb_row column_structure=&#8221;2_3,1_3&#8243; _builder_version=&#8221;4.16&#8243; global_colors_info=&#8221;{}&#8221;][et_pb_column type=&#8221;2_3&#8243; module_class=&#8221;blog-content&#8221; _builder_version=&#8221;4.16&#8243; custom_padding=&#8221;|||&#8221; global_colors_info=&#8221;{}&#8221; custom_padding__hover=&#8221;|||&#8221;][et_pb_text _builder_version=&#8221;4.23.1&#8243; hover_enabled=&#8221;0&#8243; global_colors_info=&#8221;{}&#8221; sticky_enabled=&#8221;0&#8243;]<p>Im Jahr 2006 hat unsere fachliche Leiterin MMag. Sophie Meingassner mit ihrem Team das Rauchfrei Telefon ins Leben gerufen. Nach vielf\u00e4ltigen Vorarbeiten auf allen Ebenen konnte sie p\u00fcnktlich zum Weltnichtrauchertag am 31. Mai 2006 die Telefonleitungen er\u00f6ffnen. Wochentags mit Beratungszeiten von 15:00 bis 18:00 Uhr war das Angebot rasch stark genutzt. In weiteren Schritten wurden die Beratungszeiten, sowie die Anzahl der Telefonleitungen erweitert.<\/p>\n<p>Die Telefonberatung wurde begleitet durch selbst gestaltete Informationsmaterialien, einen Webauftritt, direkte Beratung auf Gesundheitstagen, Vernetzung mit dem Gesundheitswesen, \u00d6ffentlichkeitsarbeit und vielem mehr.<\/p>\n<p>Sophie Meingassner hat nicht nur die Inhalte der Beratung definiert, sondern sich in vielen Bereichen auch kreativ eingebracht, z.B. bei der ersten Auflage der Infobrosch\u00fcre mit eigenen Fotos, als Testimonial oder Fotomodell, bei der Gestaltung des \u201e100 Tage Rauchfrei Kalender\u201c etc.<\/p>\n<p>Wissenschaftlich immer am Puls der Zeit trieb Sophie Meingassner unerm\u00fcdlich die Weiterentwicklung des Rauchfrei Telefons voran. Sei es die direkte Anmeldung von rauchenden Patientinnen und Patienten mittels Rauchfrei Ticket oder die Implementierung des Rauchfrei Telefons als Nachbetreuungsangebot nach ambulanten Kursen oder station\u00e4rer Entw\u00f6hnung. Auch zahlreiche Innovationen wie eine zielgruppenorientierte deutschsprachige Rauchfrei App wurden durch ihren pers\u00f6nlichen Einsatz umgesetzt.<\/p>\n<p>In regelm\u00e4\u00dfigen Team-Besprechungen schuf sie den Rahmen f\u00fcr qualitativ hochwertigen fachlichen Austausch und sorgte so nicht nur f\u00fcr die passende Atmosph\u00e4re im Team, sondern auch f\u00fcr die Qualit\u00e4tssicherung.<\/p>\n<p>\u00dcber die Jahre, man kann schon sagen Jahrzehnte, ist MMag. Meingassner zur einer der f\u00fchrenden Expertinnen im Themenfeld Tabak- und Nikotinentw\u00f6hnung geworden. Auf vielen Tagungen und Kongressen hat sie ihre Expertise geteilt, weiterentwickelt und verfeinert.<\/p>\n<p>Sophie Meingassner hat sich zwar schon vor l\u00e4ngerer Zeit entschlossen, Ihre Anstellung bei der \u00d6sterreichischen Gesundheitskassen und damit auch beim Rauchfrei Telefon zu beenden, aber nun endet das Dienstverh\u00e4ltnis und damit beginnt der Start in eine neue berufliche Zukunft f\u00fcr Sie.<\/p>\n<p>Der Abschied f\u00e4llt uns sehr schwer. Wir blicken zur\u00fcck auf viele erfolgreiche gemeinsame Jahre. Wir sagen DANKE f\u00fcr diese gemeinsame Zeit, f\u00fcr die gute Zusammenarbeit, f\u00fcr das gro\u00dfe Engagement, \u2026. einfach f\u00fcr alles.<\/p>\n<p>Als neue fachliche Leitung des Rauchfrei Telefons treten Mag. Alexandra Beroggio und Mag. Melanie Stulik \u2013 beide seit Anbeginn im Team des Rauchfrei Telefons &#8211; in gro\u00dfe Fu\u00dfstapfen.<\/p>\n<p>Liebe Sophie! Wir bem\u00fchen uns, das Rauchfrei Telefon in deinem Sinne und der bew\u00e4hrten Qualit\u00e4t weiter zu f\u00fchren und w\u00fcnschen Dir alles Gute f\u00fcr deine berufliche und private Zukunft!<\/p>\n<p>Alles Liebe<\/p>\n<p>Dein Rauchfrei Team<\/p>[\/et_pb_text][et_pb_post_nav in_same_term=&#8221;off&#8221; _builder_version=&#8221;4.16&#8243; global_colors_info=&#8221;{}&#8221;][\/et_pb_post_nav][\/et_pb_column][et_pb_column type=&#8221;1_3&#8243; module_class=&#8221;cat-and-tag&#8221; _builder_version=&#8221;4.16&#8243; custom_padding=&#8221;|||&#8221; global_colors_info=&#8221;{}&#8221; custom_padding__hover=&#8221;|||&#8221;][et_pb_sidebar area=&#8221;et_pb_widget_area_1&#8243; _builder_version=&#8221;4.16&#8243; global_colors_info=&#8221;{}&#8221;][\/et_pb_sidebar][\/et_pb_column][\/et_pb_row][\/et_pb_section]\n","protected":false},"excerpt":{"rendered":"<p>Wir sagen DANKE f\u00fcr diese gemeinsame Zeit, f\u00fcr die gute Zusammenarbeit, f\u00fcr das gro\u00dfe Engagement, \u2026. einfach f\u00fcr alles.<\/p>\n","protected":false},"author":25,"featured_media":0,"comment_status":"open","ping_status":"open","sticky":false,"template":"","format":"standard","meta":{"_et_pb_use_builder":"on","_et_pb_old_content":"","_et_gb_content_width":"2880","footnotes":""},"categories":[232],"tags":[],"class_list":["post-30021","post","type-post","status-publish","format-standard","hentry","category-nachrichten-vom-rauchfrei-telefon"],"yoast_head":"<!-- This site is optimized with the Yoast SEO plugin v26.2 - https:\/\/yoast.com\/wordpress\/plugins\/seo\/ -->\n<title>Abschied von unserer fachliche Leiterin MMag. Sophie Meingassner - Rauchfrei Telefon<\/title>\n<meta name=\"robots\" content=\"index, follow, max-snippet:-1, max-image-preview:large, max-video-preview:-1\" \/>\n<link rel=\"canonical\" href=\"https:\/\/rauchfrei.at\/wir-wuenschen-dir-das-beste\/\" \/>\n<meta property=\"og:locale\" content=\"en_US\" \/>\n<meta property=\"og:type\" content=\"article\" \/>\n<meta property=\"og:title\" content=\"Abschied von unserer fachliche Leiterin MMag. Sophie Meingassner - Rauchfrei Telefon\" \/>\n<meta property=\"og:description\" content=\"Wir sagen DANKE f\u00fcr diese gemeinsame Zeit, f\u00fcr die gute Zusammenarbeit, f\u00fcr das gro\u00dfe Engagement, \u2026. einfach f\u00fcr alles.\" \/>\n<meta property=\"og:url\" content=\"https:\/\/rauchfrei.at\/wir-wuenschen-dir-das-beste\/\" \/>\n<meta property=\"og:site_name\" content=\"Rauchfrei Telefon\" \/>\n<meta property=\"article:published_time\" content=\"2024-10-30T09:32:15+00:00\" \/>\n<meta property=\"article:modified_time\" content=\"2024-10-30T09:35:22+00:00\" \/>\n<meta name=\"author\" content=\"Rauchfrei Team\" \/>\n<meta name=\"twitter:card\" content=\"summary_large_image\" \/>\n<meta name=\"twitter:label1\" content=\"Written by\" \/>\n\t<meta name=\"twitter:data1\" content=\"Rauchfrei Team\" \/>\n\t<meta name=\"twitter:label2\" content=\"Est. reading time\" \/>\n\t<meta name=\"twitter:data2\" content=\"3 minutes\" \/>\n<script type=\"application\/ld+json\" class=\"yoast-schema-graph\">{\"@context\":\"https:\/\/schema.org\",\"@graph\":[{\"@type\":\"WebPage\",\"@id\":\"https:\/\/rauchfrei.at\/wir-wuenschen-dir-das-beste\/\",\"url\":\"https:\/\/rauchfrei.at\/wir-wuenschen-dir-das-beste\/\",\"name\":\"Abschied von unserer fachliche Leiterin MMag. Sophie Meingassner - Rauchfrei Telefon\",\"isPartOf\":{\"@id\":\"https:\/\/rauchfrei.at\/#website\"},\"datePublished\":\"2024-10-30T09:32:15+00:00\",\"dateModified\":\"2024-10-30T09:35:22+00:00\",\"author\":{\"@id\":\"https:\/\/rauchfrei.at\/#\/schema\/person\/504bbf90c5482004fc09aef6de7f9277\"},\"inLanguage\":\"en-US\",\"potentialAction\":[{\"@type\":\"ReadAction\",\"target\":[\"https:\/\/rauchfrei.at\/wir-wuenschen-dir-das-beste\/\"]}]},{\"@type\":\"WebSite\",\"@id\":\"https:\/\/rauchfrei.at\/#website\",\"url\":\"https:\/\/rauchfrei.at\/\",\"name\":\"Rauchfrei Telefon\",\"description\":\"Eine \u00f6sterreichweite Initiative der Sozialversicherungen.\",\"potentialAction\":[{\"@type\":\"SearchAction\",\"target\":{\"@type\":\"EntryPoint\",\"urlTemplate\":\"https:\/\/rauchfrei.at\/?s={search_term_string}\"},\"query-input\":{\"@type\":\"PropertyValueSpecification\",\"valueRequired\":true,\"valueName\":\"search_term_string\"}}],\"inLanguage\":\"en-US\"},{\"@type\":\"Person\",\"@id\":\"https:\/\/rauchfrei.at\/#\/schema\/person\/504bbf90c5482004fc09aef6de7f9277\",\"name\":\"Rauchfrei Team\",\"image\":{\"@type\":\"ImageObject\",\"inLanguage\":\"en-US\",\"@id\":\"https:\/\/rauchfrei.at\/#\/schema\/person\/image\/\",\"url\":\"https:\/\/secure.gravatar.com\/avatar\/2115b79a00800516fa1523bb5a329611f90e73e89be559131fc7e82b4fdc95ff?s=96&d=mm&r=g\",\"contentUrl\":\"https:\/\/secure.gravatar.com\/avatar\/2115b79a00800516fa1523bb5a329611f90e73e89be559131fc7e82b4fdc95ff?s=96&d=mm&r=g\",\"caption\":\"Rauchfrei Team\"},\"url\":\"https:\/\/rauchfrei.at\/en\/author\/rauchfrei-team\/\"}]}<\/script>\n<!-- \/ Yoast SEO plugin. -->","yoast_head_json":{"title":"Abschied von unserer fachliche Leiterin MMag. Sophie Meingassner - Rauchfrei Telefon","robots":{"index":"index","follow":"follow","max-snippet":"max-snippet:-1","max-image-preview":"max-image-preview:large","max-video-preview":"max-video-preview:-1"},"canonical":"https:\/\/rauchfrei.at\/wir-wuenschen-dir-das-beste\/","og_locale":"en_US","og_type":"article","og_title":"Abschied von unserer fachliche Leiterin MMag. Sophie Meingassner - Rauchfrei Telefon","og_description":"Wir sagen DANKE f\u00fcr diese gemeinsame Zeit, f\u00fcr die gute Zusammenarbeit, f\u00fcr das gro\u00dfe Engagement, \u2026. einfach f\u00fcr alles.","og_url":"https:\/\/rauchfrei.at\/wir-wuenschen-dir-das-beste\/","og_site_name":"Rauchfrei Telefon","article_published_time":"2024-10-30T09:32:15+00:00","article_modified_time":"2024-10-30T09:35:22+00:00","author":"Rauchfrei Team","twitter_card":"summary_large_image","twitter_misc":{"Written by":"Rauchfrei Team","Est. reading time":"3 minutes"},"schema":{"@context":"https:\/\/schema.org","@graph":[{"@type":"WebPage","@id":"https:\/\/rauchfrei.at\/wir-wuenschen-dir-das-beste\/","url":"https:\/\/rauchfrei.at\/wir-wuenschen-dir-das-beste\/","name":"Abschied von unserer fachliche Leiterin MMag. Sophie Meingassner - Rauchfrei Telefon","isPartOf":{"@id":"https:\/\/rauchfrei.at\/#website"},"datePublished":"2024-10-30T09:32:15+00:00","dateModified":"2024-10-30T09:35:22+00:00","author":{"@id":"https:\/\/rauchfrei.at\/#\/schema\/person\/504bbf90c5482004fc09aef6de7f9277"},"inLanguage":"en-US","potentialAction":[{"@type":"ReadAction","target":["https:\/\/rauchfrei.at\/wir-wuenschen-dir-das-beste\/"]}]},{"@type":"WebSite","@id":"https:\/\/rauchfrei.at\/#website","url":"https:\/\/rauchfrei.at\/","name":"Rauchfrei Telefon","description":"Eine \u00f6sterreichweite Initiative der Sozialversicherungen.","potentialAction":[{"@type":"SearchAction","target":{"@type":"EntryPoint","urlTemplate":"https:\/\/rauchfrei.at\/?s={search_term_string}"},"query-input":{"@type":"PropertyValueSpecification","valueRequired":true,"valueName":"search_term_string"}}],"inLanguage":"en-US"},{"@type":"Person","@id":"https:\/\/rauchfrei.at\/#\/schema\/person\/504bbf90c5482004fc09aef6de7f9277","name":"Rauchfrei Team","image":{"@type":"ImageObject","inLanguage":"en-US","@id":"https:\/\/rauchfrei.at\/#\/schema\/person\/image\/","url":"https:\/\/secure.gravatar.com\/avatar\/2115b79a00800516fa1523bb5a329611f90e73e89be559131fc7e82b4fdc95ff?s=96&d=mm&r=g","contentUrl":"https:\/\/secure.gravatar.com\/avatar\/2115b79a00800516fa1523bb5a329611f90e73e89be559131fc7e82b4fdc95ff?s=96&d=mm&r=g","caption":"Rauchfrei Team"},"url":"https:\/\/rauchfrei.at\/en\/author\/rauchfrei-team\/"}]}},"_links":{"self":[{"href":"https:\/\/rauchfrei.at\/en\/wp-json\/wp\/v2\/posts\/30021","targetHints":{"allow":["GET"]}}],"collection":[{"href":"https:\/\/rauchfrei.at\/en\/wp-json\/wp\/v2\/posts"}],"about":[{"href":"https:\/\/rauchfrei.at\/en\/wp-json\/wp\/v2\/types\/post"}],"author":[{"embeddable":true,"href":"https:\/\/rauchfrei.at\/en\/wp-json\/wp\/v2\/users\/25"}],"replies":[{"embeddable":true,"href":"https:\/\/rauchfrei.at\/en\/wp-json\/wp\/v2\/comments?post=30021"}],"version-history":[{"count":6,"href":"https:\/\/rauchfrei.at\/en\/wp-json\/wp\/v2\/posts\/30021\/revisions"}],"predecessor-version":[{"id":30030,"href":"https:\/\/rauchfrei.at\/en\/wp-json\/wp\/v2\/posts\/30021\/revisions\/30030"}],"wp:attachment":[{"href":"https:\/\/rauchfrei.at\/en\/wp-json\/wp\/v2\/media?parent=30021"}],"wp:term":[{"taxonomy":"category","embeddable":true,"href":"https:\/\/rauchfrei.at\/en\/wp-json\/wp\/v2\/categories?post=30021"},{"taxonomy":"post_tag","embeddable":true,"href":"https:\/\/rauchfrei.at\/en\/wp-json\/wp\/v2\/tags?post=30021"}],"curies":[{"name":"wp","href":"https:\/\/api.w.org\/{rel}","templated":true}]}}