
{"id":30105,"date":"2024-11-11T08:00:00","date_gmt":"2024-11-11T06:00:00","guid":{"rendered":"https:\/\/rauchfrei.at\/?p=30105"},"modified":"2024-11-13T11:01:09","modified_gmt":"2024-11-13T09:01:09","slug":"welt-copd-tag-2024-kennen-sie-ihre-lungenfunktion","status":"publish","type":"post","link":"https:\/\/rauchfrei.at\/en\/welt-copd-tag-2024-kennen-sie-ihre-lungenfunktion\/","title":{"rendered":"Welt-COPD-Tag 2024: &#8220;Kennen Sie Ihre Lungenfunktion?&#8221;"},"content":{"rendered":"<p>[et_pb_section fb_built=&#8221;1&#8243; module_class=&#8221;header&#8221; _builder_version=&#8221;4.16&#8243; global_colors_info=&#8221;{}&#8221;][et_pb_row _builder_version=&#8221;4.16&#8243; global_colors_info=&#8221;{}&#8221;][et_pb_column type=&#8221;4_4&#8243; _builder_version=&#8221;4.16&#8243; custom_padding=&#8221;|||&#8221; global_colors_info=&#8221;{}&#8221; custom_padding__hover=&#8221;|||&#8221;][et_pb_dp_dmb_module_10001 subheadline=&#8221;Warum die Vorsorge wichtig ist?&#8221; _builder_version=&#8221;4.23.1&#8243; global_colors_info=&#8221;{}&#8221;][\/et_pb_dp_dmb_module_10001][\/et_pb_column][\/et_pb_row][\/et_pb_section][et_pb_section fb_built=&#8221;1&#8243; _builder_version=&#8221;4.16&#8243; custom_padding=&#8221;30px|||&#8221; global_colors_info=&#8221;{}&#8221;][et_pb_row column_structure=&#8221;2_3,1_3&#8243; _builder_version=&#8221;4.16&#8243; global_colors_info=&#8221;{}&#8221;][et_pb_column type=&#8221;2_3&#8243; module_class=&#8221;blog-content&#8221; _builder_version=&#8221;4.16&#8243; custom_padding=&#8221;|||&#8221; global_colors_info=&#8221;{}&#8221; custom_padding__hover=&#8221;|||&#8221;][et_pb_text _builder_version=&#8221;4.23.1&#8243; global_colors_info=&#8221;{}&#8221;]<\/p>\n<p>Der Welt-COPD-Tag am 20. November 2024 steht unter dem Motto \u201eKennen Sie Ihre Lungenfunktion\u201c. Die Global Initiative for Chronic Obstructive Lung Disease (GOLD) und andere Gesundheitsorganisationen weltweit haben diesen Tag ins Leben gerufen, um auf die Bedeutung von Lungenfunktionstests und fr\u00fchzeitiger COPD-Erkennung aufmerksam zu machen. COPD, eine progressive Lungenerkrankung, die zu Atemnot, chronischem Husten und Schleimproduktion f\u00fchrt, betrifft Millionen Menschen weltweit \u2013 oft ohne deren Wissen.<\/p>\n<blockquote>\n<p>Warum ist die Lungenfunktion so wichtig?<\/p>\n<\/blockquote>\n<p>Unsere Lungen sind von der Geburt bis ins Erwachsenenalter mit uns im Wachstum, dabei jedoch auch empfindlich f\u00fcr Belastungen wie Luftverschmutzung und Infektionen, die sich langfristig auswirken k\u00f6nnen. Eine eingeschr\u00e4nkte Lungenfunktion wird oft erst dann bemerkt, wenn sie fortgeschritten ist. Spirometrie, ein einfacher Lungenfunktionstest, kann schon fr\u00fch Anzeichen erkennen und so entscheidende Hinweise f\u00fcr Pr\u00e4vention und Therapie liefern.<\/p>\n<blockquote>\n<p>Risikofaktoren und Pr\u00e4vention<\/p>\n<\/blockquote>\n<p>Zu den Hauptursachen f\u00fcr COPD geh\u00f6ren das Rauchen und das Einatmen giftiger Partikel in der Luft. Um die Lungenfunktion zu sch\u00fctzen, sind ein rauchfreies Leben und gesunde Luftverh\u00e4ltnisse entscheidend.<\/p>\n<blockquote>\n<p>Wie k\u00f6nnen Sie Ihre Lungenfunktion st\u00e4rken?<\/p>\n<\/blockquote>\n<p>Atemschutz beginnt im Alltag: Der Verzicht auf Rauchen ist der erste und entscheidende Schritt. Nutzen Sie die Gelegenheit, sich selbst und auch Ihr Umfeld zu sch\u00fctzen \u2013 sprechen Sie mit Ihrem Arzt \u00fcber einen Spirometrie-Test und erfahren Sie mehr \u00fcber Ihre Lungenfunktion.<\/p>\n<blockquote>\n<p>Nehmen Sie den Welt-COPD-Tag 2024 zum Anlass und f\u00f6rdern Sie Ihre Atemgesundheit!<\/p>\n<\/blockquote>\n<p>&nbsp;<\/p>\n<p>[\/et_pb_text][et_pb_post_nav in_same_term=&#8221;off&#8221; _builder_version=&#8221;4.16&#8243; global_colors_info=&#8221;{}&#8221;][\/et_pb_post_nav][\/et_pb_column][et_pb_column type=&#8221;1_3&#8243; module_class=&#8221;cat-and-tag&#8221; _builder_version=&#8221;4.16&#8243; custom_padding=&#8221;|||&#8221; global_colors_info=&#8221;{}&#8221; custom_padding__hover=&#8221;|||&#8221;][et_pb_tabs active_tab_background_color=&#8221;#0ca5d3&#8243; inactive_tab_background_color=&#8221;#ffd705&#8243; _builder_version=&#8221;4.16&#8243; body_text_color=&#8221;#000000&#8243; body_font_size=&#8221;17&#8243; tab_font=&#8221;Arial|700|||||||&#8221; tab_font_size=&#8221;19&#8243; filter_saturate=&#8221;101%&#8221; z_index_tablet=&#8221;500&#8243; custom_css_before=&#8221;wwwww&#8221; custom_css_main_element=&#8221;xxxx&#8221; border_radii=&#8221;on|0px|0px|0px|0px&#8221; border_width_all=&#8221;0px&#8221; border_color_top=&#8221;#ffd705&#8243; global_colors_info=&#8221;{}&#8221;][et_pb_tab title=&#8221;1&#8243; _builder_version=&#8221;4.16&#8243; tab_font=&#8221;||||||||&#8221; global_colors_info=&#8221;{}&#8221;]<\/p>\n<h2>Heute bin ich rauchfrei, weil ich meinem K\u00f6rper 24 Stunden etwas Gutes tun m\u00f6chte.<\/h2>\n<p>[\/et_pb_tab][et_pb_tab title=&#8221;2&#8243; _builder_version=&#8221;4.16&#8243; tab_font=&#8221;||||||||&#8221; global_colors_info=&#8221;{}&#8221;]<\/p>\n<h2>Heute bin ich rauchfrei, um freier atmen zu k\u00f6nnen.<\/h2>\n<p>[\/et_pb_tab][et_pb_tab title=&#8221;3&#8243; _builder_version=&#8221;4.16&#8243; tab_font=&#8221;||||||||&#8221; global_colors_info=&#8221;{}&#8221;]<\/p>\n<h2>Bist du rauchfrei im November, atmest freier im Dezember.<\/h2>\n<p>[\/et_pb_tab][et_pb_tab title=&#8221;4&#8243; _builder_version=&#8221;4.16&#8243; tab_font=&#8221;||||||||&#8221; global_colors_info=&#8221;{}&#8221;]<\/p>\n<h2>Heute bin ich rauchfrei, um mich gegen das Coronavirus zu st\u00e4rken. <\/h2>\n<p>[\/et_pb_tab][et_pb_tab title=&#8221;5&#8243; _builder_version=&#8221;4.16&#8243; tab_font=&#8221;||||||||&#8221; global_colors_info=&#8221;{}&#8221;]<\/p>\n<h2>Heute bin ich rauchfrei, um die frische Herbstluft noch mehr zu genie\u00dfen.<\/h2>\n<p>[\/et_pb_tab][et_pb_tab title=&#8221;6&#8243; _builder_version=&#8221;4.16&#8243; tab_font=&#8221;||||||||&#8221; global_colors_info=&#8221;{}&#8221;]<\/p>\n<h2>Heute bin ich rauchfrei, weil Rauchen einfach nicht mehr zu meinem Lebensstil passt.<\/h2>\n<p>[\/et_pb_tab][et_pb_tab title=&#8221;7&#8243; _builder_version=&#8221;4.16&#8243; tab_font=&#8221;||||||||&#8221; global_colors_info=&#8221;{}&#8221;]<\/p>\n<h2>Heute bin ich rauchfrei, um meine Durchblutung zu f\u00f6rdern und meine Adern zu schonen.<\/h2>\n<p>[\/et_pb_tab][et_pb_tab title=&#8221;8&#8243; _builder_version=&#8221;4.16&#8243; tab_font=&#8221;||||||||&#8221; global_colors_info=&#8221;{}&#8221;]<\/p>\n<h2>Heute bin ich rauchfrei, um zu zeigen, dass ich es kann.<\/h2>\n<p>[\/et_pb_tab][et_pb_tab title=&#8221;9&#8243; _builder_version=&#8221;4.16&#8243; tab_font=&#8221;||||||||&#8221; global_colors_info=&#8221;{}&#8221;]<\/p>\n<h2>Heute bin ich rauchfrei, weil ich wei\u00df, dass es mir gut tut.<\/h2>\n<p>[\/et_pb_tab][et_pb_tab title=&#8221;10&#8243; _builder_version=&#8221;4.16&#8243; tab_font=&#8221;||||||||&#8221; global_colors_info=&#8221;{}&#8221;]<\/p>\n<h2>Bist du rauchfrei im November, stinken nicht mehr die Gew\u00e4nder.<\/h2>\n<p>[\/et_pb_tab][et_pb_tab title=&#8221;11&#8243; _builder_version=&#8221;4.16&#8243; tab_font=&#8221;||||||||&#8221; global_colors_info=&#8221;{}&#8221;]<\/p>\n<h2>Heute bin ich rauchfrei, um ein Vorbild in meiner Familie oder im Job zu sein.<\/h2>\n<p>[\/et_pb_tab][et_pb_tab title=&#8221;12&#8243; _builder_version=&#8221;4.16&#8243; tab_font=&#8221;||||||||&#8221; global_colors_info=&#8221;{}&#8221;]<\/p>\n<h2>Heute bin ich rauchfrei, um meiner Partnerin\/meinem Partner und mir eine Freude zu machen.<\/h2>\n<p>[\/et_pb_tab][et_pb_tab title=&#8221;13&#8243; _builder_version=&#8221;4.16&#8243; tab_font=&#8221;||||||||&#8221; global_colors_info=&#8221;{}&#8221;]<\/p>\n<h2>Heute bin ich rauchfrei, weil ich dadurch mehr Zeit f\u00fcr Anderes habe.<\/h2>\n<p>[\/et_pb_tab][et_pb_tab title=&#8221;14&#8243; _builder_version=&#8221;4.16&#8243; tab_font=&#8221;||||||||&#8221; global_colors_info=&#8221;{}&#8221;]<\/p>\n<h2>Heute bin ich rauchfrei,um Diabetes vorzubeugen oder nicht zu verschlechtern.<\/h2>\n<p>[\/et_pb_tab][et_pb_tab title=&#8221;15&#8243; _builder_version=&#8221;4.16&#8243; tab_font=&#8221;||||||||&#8221; global_colors_info=&#8221;{}&#8221;]<\/p>\n<h2>Heute bin ich rauchfrei, weil dadurch meine Haut sch\u00f6ner ist.<\/h2>\n<p>[\/et_pb_tab][et_pb_tab title=&#8221;16&#8243; _builder_version=&#8221;4.16&#8243; tab_font=&#8221;||||||||&#8221; global_colors_info=&#8221;{}&#8221;]<\/p>\n<h2>Heute bin ich rauchfrei, weil K\u00fcsse rauchfrei besser schmecken.<\/h2>\n<p>[\/et_pb_tab][et_pb_tab title=&#8221;17&#8243; _builder_version=&#8221;4.16&#8243; tab_font=&#8221;||||||||&#8221; global_colors_info=&#8221;{}&#8221;]<\/p>\n<h2>Bist du rauchfrei im November, l\u00e4ufst du schneller im Dezember.<\/h2>\n<p>[\/et_pb_tab][et_pb_tab title=&#8221;18&#8243; _builder_version=&#8221;4.16&#8243; tab_font=&#8221;||||||||&#8221; global_colors_info=&#8221;{}&#8221;]<\/p>\n<h2>Heute bin ich rauchfrei, um Bronchitis und COPD vorzubeugen.<\/h2>\n<p>[\/et_pb_tab][et_pb_tab title=&#8221;19&#8243; _builder_version=&#8221;4.16&#8243; tab_font=&#8221;||||||||&#8221; global_colors_info=&#8221;{}&#8221;]<\/p>\n<h2>Heute bin ich rauchfrei, weil ich l\u00e4nger leben m\u00f6chte.<\/h2>\n<p>[\/et_pb_tab][et_pb_tab title=&#8221;20&#8243; _builder_version=&#8221;4.16&#8243; tab_font=&#8221;||||||||&#8221; global_colors_info=&#8221;{}&#8221;]<\/p>\n<h2>Heute bin ich rauchfrei, weil mir mein Herz am Herzen liegt.<\/h2>\n<p>[\/et_pb_tab][et_pb_tab title=&#8221;21&#8243; _builder_version=&#8221;4.16&#8243; tab_font=&#8221;||||||||&#8221; global_colors_info=&#8221;{}&#8221;]<\/p>\n<h2>Heute bin ich rauchfrei, weil ich die Tabakindustrie nicht unterst\u00fctzen m\u00f6chte.<\/h2>\n<p>[\/et_pb_tab][et_pb_tab title=&#8221;22&#8243; _builder_version=&#8221;4.16&#8243; tab_font=&#8221;||||||||&#8221; global_colors_info=&#8221;{}&#8221;]<\/p>\n<h2>Heute bin ich rauchfrei, um besser zu riechen.<\/h2>\n<p>[\/et_pb_tab][et_pb_tab title=&#8221;23&#8243; _builder_version=&#8221;4.16&#8243; tab_font=&#8221;||||||||&#8221; global_colors_info=&#8221;{}&#8221;]<\/p>\n<h2>Heute bin ich rauchfrei, damit ich fitter werde.<\/h2>\n<p>[\/et_pb_tab][et_pb_tab title=&#8221;24&#8243; _builder_version=&#8221;4.16&#8243; tab_font=&#8221;||||||||&#8221; global_colors_info=&#8221;{}&#8221;]<\/p>\n<h2>Bleibst du rauchfrei im November, sparst du Geld bis zum Dezember.<\/h2>\n<p>[\/et_pb_tab][et_pb_tab title=&#8221;25&#8243; _builder_version=&#8221;4.16&#8243; tab_font=&#8221;||||||||&#8221; global_colors_info=&#8221;{}&#8221;]<\/p>\n<h2>Heute bin ich rauchfrei, damit ich weniger M\u00fcll produziere.<\/h2>\n<p>[\/et_pb_tab][et_pb_tab title=&#8221;26&#8243; _builder_version=&#8221;4.16&#8243; tab_font=&#8221;||||||||&#8221; global_colors_info=&#8221;{}&#8221;]<\/p>\n<h2>Heute bin ich rauchfrei, weil ich meinem Blutdruck etwas Gutes tun will.<\/h2>\n<p>[\/et_pb_tab][et_pb_tab title=&#8221;27&#8243; _builder_version=&#8221;4.16&#8243; tab_font=&#8221;||||||||&#8221; global_colors_info=&#8221;{}&#8221;]<\/p>\n<h2>Heute bin ich rauchfrei, damit ich einen Beitrag zum Klimaschutz leiste.<\/h2>\n<p>[\/et_pb_tab][et_pb_tab title=&#8221;28&#8243; _builder_version=&#8221;4.16&#8243; tab_font=&#8221;||||||||&#8221; global_colors_info=&#8221;{}&#8221;]<\/p>\n<h2>Heute bin ich rauchfrei, weil ich frei von der Sucht sein will.<\/h2>\n<p>[\/et_pb_tab][et_pb_tab title=&#8221;29&#8243; _builder_version=&#8221;4.16&#8243; tab_font=&#8221;||||||||&#8221; global_colors_info=&#8221;{}&#8221;]<\/p>\n<h2>Heute bin ich rauchfrei, damit ich gesund bleibe.<\/h2>\n<p>[\/et_pb_tab][et_pb_tab title=&#8221;30&#8243; _builder_version=&#8221;4.16&#8243; tab_font=&#8221;||||||||&#8221; global_colors_info=&#8221;{}&#8221;]<\/p>\n<h2>Ich bin rauchfrei, weil es sch\u00f6n ist, nicht zu rauchen.<\/h2>\n<p>[\/et_pb_tab][\/et_pb_tabs][\/et_pb_column][\/et_pb_row][\/et_pb_section]<\/p>\n","protected":false},"excerpt":{"rendered":"<p>Der Welt-COPD-Tag 2024 l\u00e4dt unter dem Motto \u201eKennen Sie Ihre Lungenfunktion\u201c dazu ein, sich mit einem oft untersch\u00e4tzten, jedoch lebenswichtigen Gesundheitsfaktor zu befassen. Erfahren Sie, wie eine fr\u00fchzeitige Diagnostik und gezielte Vorsorge lebensrettend sein k\u00f6nnen.<\/p>\n","protected":false},"author":25,"featured_media":0,"comment_status":"open","ping_status":"open","sticky":false,"template":"","format":"standard","meta":{"_et_pb_use_builder":"on","_et_pb_old_content":"","_et_gb_content_width":"2880","footnotes":""},"categories":[236],"tags":[],"class_list":["post-30105","post","type-post","status-publish","format-standard","hentry","category-nicht-kategorisiert"],"yoast_head":"<!-- This site is optimized with the Yoast SEO plugin v26.2 - https:\/\/yoast.com\/wordpress\/plugins\/seo\/ -->\n<title>Welt-COPD-Tag 2024: &quot;Kennen Sie Ihre Lungenfunktion?&quot; - Rauchfrei Telefon<\/title>\n<meta name=\"robots\" content=\"index, follow, max-snippet:-1, max-image-preview:large, max-video-preview:-1\" \/>\n<link rel=\"canonical\" href=\"https:\/\/rauchfrei.at\/welt-copd-tag-2024-kennen-sie-ihre-lungenfunktion\/\" \/>\n<meta property=\"og:locale\" content=\"en_US\" \/>\n<meta property=\"og:type\" content=\"article\" \/>\n<meta property=\"og:title\" content=\"Welt-COPD-Tag 2024: &quot;Kennen Sie Ihre Lungenfunktion?&quot; - Rauchfrei Telefon\" \/>\n<meta property=\"og:description\" content=\"Der Welt-COPD-Tag 2024 l\u00e4dt unter dem Motto \u201eKennen Sie Ihre Lungenfunktion\u201c dazu ein, sich mit einem oft untersch\u00e4tzten, jedoch lebenswichtigen Gesundheitsfaktor zu befassen. Erfahren Sie, wie eine fr\u00fchzeitige Diagnostik und gezielte Vorsorge lebensrettend sein k\u00f6nnen.\" \/>\n<meta property=\"og:url\" content=\"https:\/\/rauchfrei.at\/welt-copd-tag-2024-kennen-sie-ihre-lungenfunktion\/\" \/>\n<meta property=\"og:site_name\" content=\"Rauchfrei Telefon\" \/>\n<meta property=\"article:published_time\" content=\"2024-11-11T06:00:00+00:00\" \/>\n<meta property=\"article:modified_time\" content=\"2024-11-13T09:01:09+00:00\" \/>\n<meta name=\"author\" content=\"Rauchfrei Team\" \/>\n<meta name=\"twitter:card\" content=\"summary_large_image\" \/>\n<meta name=\"twitter:label1\" content=\"Written by\" \/>\n\t<meta name=\"twitter:data1\" content=\"Rauchfrei Team\" \/>\n\t<meta name=\"twitter:label2\" content=\"Est. reading time\" \/>\n\t<meta name=\"twitter:data2\" content=\"5 minutes\" \/>\n<script type=\"application\/ld+json\" class=\"yoast-schema-graph\">{\"@context\":\"https:\/\/schema.org\",\"@graph\":[{\"@type\":\"WebPage\",\"@id\":\"https:\/\/rauchfrei.at\/welt-copd-tag-2024-kennen-sie-ihre-lungenfunktion\/\",\"url\":\"https:\/\/rauchfrei.at\/welt-copd-tag-2024-kennen-sie-ihre-lungenfunktion\/\",\"name\":\"Welt-COPD-Tag 2024: \\\"Kennen Sie Ihre Lungenfunktion?\\\" - Rauchfrei Telefon\",\"isPartOf\":{\"@id\":\"https:\/\/rauchfrei.at\/#website\"},\"datePublished\":\"2024-11-11T06:00:00+00:00\",\"dateModified\":\"2024-11-13T09:01:09+00:00\",\"author\":{\"@id\":\"https:\/\/rauchfrei.at\/#\/schema\/person\/504bbf90c5482004fc09aef6de7f9277\"},\"inLanguage\":\"en-US\",\"potentialAction\":[{\"@type\":\"ReadAction\",\"target\":[\"https:\/\/rauchfrei.at\/welt-copd-tag-2024-kennen-sie-ihre-lungenfunktion\/\"]}]},{\"@type\":\"WebSite\",\"@id\":\"https:\/\/rauchfrei.at\/#website\",\"url\":\"https:\/\/rauchfrei.at\/\",\"name\":\"Rauchfrei Telefon\",\"description\":\"Eine \u00f6sterreichweite Initiative der Sozialversicherungen.\",\"potentialAction\":[{\"@type\":\"SearchAction\",\"target\":{\"@type\":\"EntryPoint\",\"urlTemplate\":\"https:\/\/rauchfrei.at\/?s={search_term_string}\"},\"query-input\":{\"@type\":\"PropertyValueSpecification\",\"valueRequired\":true,\"valueName\":\"search_term_string\"}}],\"inLanguage\":\"en-US\"},{\"@type\":\"Person\",\"@id\":\"https:\/\/rauchfrei.at\/#\/schema\/person\/504bbf90c5482004fc09aef6de7f9277\",\"name\":\"Rauchfrei Team\",\"image\":{\"@type\":\"ImageObject\",\"inLanguage\":\"en-US\",\"@id\":\"https:\/\/rauchfrei.at\/#\/schema\/person\/image\/\",\"url\":\"https:\/\/secure.gravatar.com\/avatar\/2115b79a00800516fa1523bb5a329611f90e73e89be559131fc7e82b4fdc95ff?s=96&d=mm&r=g\",\"contentUrl\":\"https:\/\/secure.gravatar.com\/avatar\/2115b79a00800516fa1523bb5a329611f90e73e89be559131fc7e82b4fdc95ff?s=96&d=mm&r=g\",\"caption\":\"Rauchfrei Team\"},\"url\":\"https:\/\/rauchfrei.at\/en\/author\/rauchfrei-team\/\"}]}<\/script>\n<!-- \/ Yoast SEO plugin. -->","yoast_head_json":{"title":"Welt-COPD-Tag 2024: \"Kennen Sie Ihre Lungenfunktion?\" - Rauchfrei Telefon","robots":{"index":"index","follow":"follow","max-snippet":"max-snippet:-1","max-image-preview":"max-image-preview:large","max-video-preview":"max-video-preview:-1"},"canonical":"https:\/\/rauchfrei.at\/welt-copd-tag-2024-kennen-sie-ihre-lungenfunktion\/","og_locale":"en_US","og_type":"article","og_title":"Welt-COPD-Tag 2024: \"Kennen Sie Ihre Lungenfunktion?\" - Rauchfrei Telefon","og_description":"Der Welt-COPD-Tag 2024 l\u00e4dt unter dem Motto \u201eKennen Sie Ihre Lungenfunktion\u201c dazu ein, sich mit einem oft untersch\u00e4tzten, jedoch lebenswichtigen Gesundheitsfaktor zu befassen. Erfahren Sie, wie eine fr\u00fchzeitige Diagnostik und gezielte Vorsorge lebensrettend sein k\u00f6nnen.","og_url":"https:\/\/rauchfrei.at\/welt-copd-tag-2024-kennen-sie-ihre-lungenfunktion\/","og_site_name":"Rauchfrei Telefon","article_published_time":"2024-11-11T06:00:00+00:00","article_modified_time":"2024-11-13T09:01:09+00:00","author":"Rauchfrei Team","twitter_card":"summary_large_image","twitter_misc":{"Written by":"Rauchfrei Team","Est. reading time":"5 minutes"},"schema":{"@context":"https:\/\/schema.org","@graph":[{"@type":"WebPage","@id":"https:\/\/rauchfrei.at\/welt-copd-tag-2024-kennen-sie-ihre-lungenfunktion\/","url":"https:\/\/rauchfrei.at\/welt-copd-tag-2024-kennen-sie-ihre-lungenfunktion\/","name":"Welt-COPD-Tag 2024: \"Kennen Sie Ihre Lungenfunktion?\" - Rauchfrei Telefon","isPartOf":{"@id":"https:\/\/rauchfrei.at\/#website"},"datePublished":"2024-11-11T06:00:00+00:00","dateModified":"2024-11-13T09:01:09+00:00","author":{"@id":"https:\/\/rauchfrei.at\/#\/schema\/person\/504bbf90c5482004fc09aef6de7f9277"},"inLanguage":"en-US","potentialAction":[{"@type":"ReadAction","target":["https:\/\/rauchfrei.at\/welt-copd-tag-2024-kennen-sie-ihre-lungenfunktion\/"]}]},{"@type":"WebSite","@id":"https:\/\/rauchfrei.at\/#website","url":"https:\/\/rauchfrei.at\/","name":"Rauchfrei Telefon","description":"Eine \u00f6sterreichweite Initiative der Sozialversicherungen.","potentialAction":[{"@type":"SearchAction","target":{"@type":"EntryPoint","urlTemplate":"https:\/\/rauchfrei.at\/?s={search_term_string}"},"query-input":{"@type":"PropertyValueSpecification","valueRequired":true,"valueName":"search_term_string"}}],"inLanguage":"en-US"},{"@type":"Person","@id":"https:\/\/rauchfrei.at\/#\/schema\/person\/504bbf90c5482004fc09aef6de7f9277","name":"Rauchfrei Team","image":{"@type":"ImageObject","inLanguage":"en-US","@id":"https:\/\/rauchfrei.at\/#\/schema\/person\/image\/","url":"https:\/\/secure.gravatar.com\/avatar\/2115b79a00800516fa1523bb5a329611f90e73e89be559131fc7e82b4fdc95ff?s=96&d=mm&r=g","contentUrl":"https:\/\/secure.gravatar.com\/avatar\/2115b79a00800516fa1523bb5a329611f90e73e89be559131fc7e82b4fdc95ff?s=96&d=mm&r=g","caption":"Rauchfrei Team"},"url":"https:\/\/rauchfrei.at\/en\/author\/rauchfrei-team\/"}]}},"_links":{"self":[{"href":"https:\/\/rauchfrei.at\/en\/wp-json\/wp\/v2\/posts\/30105","targetHints":{"allow":["GET"]}}],"collection":[{"href":"https:\/\/rauchfrei.at\/en\/wp-json\/wp\/v2\/posts"}],"about":[{"href":"https:\/\/rauchfrei.at\/en\/wp-json\/wp\/v2\/types\/post"}],"author":[{"embeddable":true,"href":"https:\/\/rauchfrei.at\/en\/wp-json\/wp\/v2\/users\/25"}],"replies":[{"embeddable":true,"href":"https:\/\/rauchfrei.at\/en\/wp-json\/wp\/v2\/comments?post=30105"}],"version-history":[{"count":7,"href":"https:\/\/rauchfrei.at\/en\/wp-json\/wp\/v2\/posts\/30105\/revisions"}],"predecessor-version":[{"id":30115,"href":"https:\/\/rauchfrei.at\/en\/wp-json\/wp\/v2\/posts\/30105\/revisions\/30115"}],"wp:attachment":[{"href":"https:\/\/rauchfrei.at\/en\/wp-json\/wp\/v2\/media?parent=30105"}],"wp:term":[{"taxonomy":"category","embeddable":true,"href":"https:\/\/rauchfrei.at\/en\/wp-json\/wp\/v2\/categories?post=30105"},{"taxonomy":"post_tag","embeddable":true,"href":"https:\/\/rauchfrei.at\/en\/wp-json\/wp\/v2\/tags?post=30105"}],"curies":[{"name":"wp","href":"https:\/\/api.w.org\/{rel}","templated":true}]}}