
{"id":30240,"date":"2024-12-31T08:00:00","date_gmt":"2024-12-31T06:00:00","guid":{"rendered":"https:\/\/rauchfrei.at\/?p=30240"},"modified":"2025-01-02T14:45:47","modified_gmt":"2025-01-02T12:45:47","slug":"aufatmen-zum-jahresbeginn","status":"publish","type":"post","link":"https:\/\/rauchfrei.at\/en\/aufatmen-zum-jahresbeginn\/","title":{"rendered":"Aufatmen zum Jahresbeginn"},"content":{"rendered":"\n[et_pb_section fb_built=&#8221;1&#8243; module_class=&#8221;header&#8221; _builder_version=&#8221;4.16&#8243; global_colors_info=&#8221;{}&#8221;][et_pb_row _builder_version=&#8221;4.16&#8243; global_colors_info=&#8221;{}&#8221;][et_pb_column type=&#8221;4_4&#8243; _builder_version=&#8221;4.16&#8243; custom_padding=&#8221;|||&#8221; global_colors_info=&#8221;{}&#8221; custom_padding__hover=&#8221;|||&#8221;][et_pb_dp_dmb_module_10001 subheadline=&#8221;So gelingt ein nikotinfreier Start ins Jahr 2025&#8243; _builder_version=&#8221;4.23.1&#8243; global_colors_info=&#8221;{}&#8221;][\/et_pb_dp_dmb_module_10001][\/et_pb_column][\/et_pb_row][\/et_pb_section][et_pb_section fb_built=&#8221;1&#8243; _builder_version=&#8221;4.16&#8243; custom_padding=&#8221;30px|||&#8221; global_colors_info=&#8221;{}&#8221;][et_pb_row column_structure=&#8221;2_3,1_3&#8243; _builder_version=&#8221;4.16&#8243; global_colors_info=&#8221;{}&#8221;][et_pb_column type=&#8221;2_3&#8243; module_class=&#8221;blog-content&#8221; _builder_version=&#8221;4.16&#8243; custom_padding=&#8221;|||&#8221; global_colors_info=&#8221;{}&#8221; custom_padding__hover=&#8221;|||&#8221;][et_pb_text _builder_version=&#8221;4.23.1&#8243; hover_enabled=&#8221;0&#8243; global_colors_info=&#8221;{}&#8221; sticky_enabled=&#8221;0&#8243;]<p>Warum nicht die Aufbruchsstimmung eines beginnenden Jahres n\u00fctzen, um sich ein f\u00fcr die Gesundheit so wichtiges Ziel vorzunehmen? Es gilt dabei jedoch einiges zu beachten, damit der Wunsch nikotinfrei zu werden nicht zur \u00dcberforderung wird. Denn allzu oft hat man zu Silvester den unrealistischen Wunsch alles ver\u00e4ndern zu wollen. Meist braucht es jedoch viele kleine Schritte und einiges an Durchhalteverm\u00f6gen, um ein Ziel erfolgreich umzusetzen.<\/p>\n<p>Hier ein paar Tipps von uns:<\/p>\n<p><strong>Motivation aufschreiben<\/strong><\/p>\n<p>Das Aufschreiben der Gr\u00fcnde f\u00fcr die Rauchfreiheit hilft dabei, sich bewusst zu werden, was f\u00fcr einen pers\u00f6nlich wichtig ist.<\/p>\n<p>In einem zweiten Schritt ist es wichtig darauf zu achten positiv, umsetzbar und einfach zu formulieren: Als Beispiel: Ich m\u00f6chte durch den Rauchstopp freier atmen k\u00f6nnen. In einem zweiten Schritt k\u00f6nnen realistische Teiletappen formuliert werden, die zum Rauchstopp f\u00fchren k\u00f6nnen. Es hilft immer wieder dar\u00fcber nachzudenken, wo man bei der Erreichung der Schritte derzeit steht:<\/p>\n<ul>\n<li>Ver\u00e4ndert sich bereits etwas oder brauche ich noch neue Ideen?<\/li>\n<li>F\u00fchrt mein Verhalten bereits zu dem erw\u00fcnschten Erfolg?<\/li>\n<\/ul>\n<p>Es kann helfen, ein Ver\u00e4nderungs- und Fortschrittstagebuch zu f\u00fchren. Auch durch die Beratung beim \u00a0Rauchfrei Telefon l\u00e4sst sich herauszufinden, welche Teilziele zum Rauchstopp f\u00fchren, was schon gut funktioniert und wo es noch eine neue Strategie braucht.<\/p>\n<p><strong>Rituale und Routinen<\/strong><\/p>\n<p>Rituale und Routinen kennen Sie bereits vom Rauchen, jetzt geht es darum, neue Verhaltensweisen umzusetzen. Dabei k\u00f6nnen neue Routinen anfangs wie andere Termine auch in den Kalender eingetragen werden, um sie nicht zu vergessen und auch umzusetzen: z. B: abends statt dem Rauchen ein Teeritual, jeden Donnerstag am Abend laufen oder spazieren gehen etc\u2026<\/p>\n<p><strong>Ich sch\u00e4tze mich selbst<\/strong><\/p>\n<p>Wertsch\u00e4tzung f\u00fcr sich selbst zu empfinden ist eine wichtige Grundlage f\u00fcr Ver\u00e4nderungsprozesse . Dazu geh\u00f6rt, nicht zu ungeduldig mit sich selbst zu sein und den Fokus immer wieder auf das schon Erreichte zu richten.<\/p>\n<p>Folgende Fragen k\u00f6nnen dabei hilfreich sein:<\/p>\n<ul>\n<li>Welche Situationen habe ich schon in meinem Leben gemeistert und wie habe ich das geschafft?<\/li>\n<li>Was ist meine beste Eigenschaft? Wie hat sie mein Leben besser gemacht?<\/li>\n<\/ul>\n<p><strong>Die Freiheit des Verzichts<\/strong><\/p>\n<p>Worauf freue ich mich heute? Bemerke ich schon Vorteile der Rauchfreiheit? Was gewinne ich bereits dadurch? Auf diese Fragen lassen sich meist gen\u00fcgend Antworten finden, die wiederum neue Kraft geben dranzubleiben am rauchfrei sein.<\/p>\n<p>Starten Sie bewusster ins Jahr 2025 und freuen Sie sich auf viele gesundheitliche Vorteile! Gerne unterst\u00fctzen wir Sie mit mehreren Beratungsgespr\u00e4chen unter 0800 810 013.<\/p>\n<p>Weitere Angebote finden Sie auch unter <a href=\"http:\/\/www.gesundheitskasse.at\/nikotinfrei\">www.gesundheitskasse.at\/nikotinfrei<\/a>.<\/p>\n<p>&nbsp;<\/p>[\/et_pb_text][et_pb_post_nav in_same_term=&#8221;off&#8221; _builder_version=&#8221;4.16&#8243; global_colors_info=&#8221;{}&#8221;][\/et_pb_post_nav][\/et_pb_column][et_pb_column type=&#8221;1_3&#8243; module_class=&#8221;cat-and-tag&#8221; _builder_version=&#8221;4.16&#8243; custom_padding=&#8221;|||&#8221; global_colors_info=&#8221;{}&#8221; custom_padding__hover=&#8221;|||&#8221;][et_pb_sidebar area=&#8221;et_pb_widget_area_1&#8243; _builder_version=&#8221;4.16&#8243; global_colors_info=&#8221;{}&#8221;][\/et_pb_sidebar][et_pb_dp_dmb_module_10093 farbe=&#8221;blitzblau&#8221; headline=&#8221;Alternativen zum Rauchen&#8221; image=&#8221;https:\/\/rauchfrei.at\/wp-content\/uploads\/Relax-in-hammok.png&#8221; image_position=&#8221;center&#8221; link_text=&#8221;mehr&#8221; link_url=&#8221;https:\/\/rauchfrei.at\/alternativen\/&#8221; admin_label=&#8221;Alternativen zum Rauchen&#8221; _builder_version=&#8221;4.16&#8243; z_index_tablet=&#8221;500&#8243; global_module=&#8221;13174&#8243; saved_tabs=&#8221;all&#8221; global_colors_info=&#8221;{}&#8221;]<p>Es gibt viele M\u00f6glichkeiten, um nicht zur Zigarette zu greifen!<\/p>\n[\/et_pb_dp_dmb_module_10093][\/et_pb_column][\/et_pb_row][\/et_pb_section]\n","protected":false},"excerpt":{"rendered":"<p>Der frische Wind des neuen Jahres bringt viele dazu, sich dieses Ziel vorzunehmen. Wie kann die Umsetzung leichter gelingen?<\/p>\n","protected":false},"author":25,"featured_media":0,"comment_status":"open","ping_status":"open","sticky":false,"template":"","format":"standard","meta":{"_et_pb_use_builder":"on","_et_pb_old_content":"","_et_gb_content_width":"2880","footnotes":""},"categories":[236],"tags":[],"class_list":["post-30240","post","type-post","status-publish","format-standard","hentry","category-nicht-kategorisiert"],"yoast_head":"<!-- This site is optimized with the Yoast SEO plugin v26.2 - https:\/\/yoast.com\/wordpress\/plugins\/seo\/ -->\n<title>Aufatmen zum Jahresbeginn - Rauchfrei Telefon<\/title>\n<meta name=\"robots\" content=\"index, follow, max-snippet:-1, max-image-preview:large, max-video-preview:-1\" \/>\n<link rel=\"canonical\" href=\"https:\/\/rauchfrei.at\/aufatmen-zum-jahresbeginn\/\" \/>\n<meta property=\"og:locale\" content=\"en_US\" \/>\n<meta property=\"og:type\" content=\"article\" \/>\n<meta property=\"og:title\" content=\"Aufatmen zum Jahresbeginn - Rauchfrei Telefon\" \/>\n<meta property=\"og:description\" content=\"Der frische Wind des neuen Jahres bringt viele dazu, sich dieses Ziel vorzunehmen. Wie kann die Umsetzung leichter gelingen?\" \/>\n<meta property=\"og:url\" content=\"https:\/\/rauchfrei.at\/aufatmen-zum-jahresbeginn\/\" \/>\n<meta property=\"og:site_name\" content=\"Rauchfrei Telefon\" \/>\n<meta property=\"article:published_time\" content=\"2024-12-31T06:00:00+00:00\" \/>\n<meta property=\"article:modified_time\" content=\"2025-01-02T12:45:47+00:00\" \/>\n<meta name=\"author\" content=\"Rauchfrei Team\" \/>\n<meta name=\"twitter:card\" content=\"summary_large_image\" \/>\n<meta name=\"twitter:label1\" content=\"Written by\" \/>\n\t<meta name=\"twitter:data1\" content=\"Rauchfrei Team\" \/>\n\t<meta name=\"twitter:label2\" content=\"Est. reading time\" \/>\n\t<meta name=\"twitter:data2\" content=\"3 minutes\" \/>\n<script type=\"application\/ld+json\" class=\"yoast-schema-graph\">{\"@context\":\"https:\/\/schema.org\",\"@graph\":[{\"@type\":\"WebPage\",\"@id\":\"https:\/\/rauchfrei.at\/aufatmen-zum-jahresbeginn\/\",\"url\":\"https:\/\/rauchfrei.at\/aufatmen-zum-jahresbeginn\/\",\"name\":\"Aufatmen zum Jahresbeginn - Rauchfrei Telefon\",\"isPartOf\":{\"@id\":\"https:\/\/rauchfrei.at\/#website\"},\"datePublished\":\"2024-12-31T06:00:00+00:00\",\"dateModified\":\"2025-01-02T12:45:47+00:00\",\"author\":{\"@id\":\"https:\/\/rauchfrei.at\/#\/schema\/person\/504bbf90c5482004fc09aef6de7f9277\"},\"inLanguage\":\"en-US\",\"potentialAction\":[{\"@type\":\"ReadAction\",\"target\":[\"https:\/\/rauchfrei.at\/aufatmen-zum-jahresbeginn\/\"]}]},{\"@type\":\"WebSite\",\"@id\":\"https:\/\/rauchfrei.at\/#website\",\"url\":\"https:\/\/rauchfrei.at\/\",\"name\":\"Rauchfrei Telefon\",\"description\":\"Eine \u00f6sterreichweite Initiative der Sozialversicherungen.\",\"potentialAction\":[{\"@type\":\"SearchAction\",\"target\":{\"@type\":\"EntryPoint\",\"urlTemplate\":\"https:\/\/rauchfrei.at\/?s={search_term_string}\"},\"query-input\":{\"@type\":\"PropertyValueSpecification\",\"valueRequired\":true,\"valueName\":\"search_term_string\"}}],\"inLanguage\":\"en-US\"},{\"@type\":\"Person\",\"@id\":\"https:\/\/rauchfrei.at\/#\/schema\/person\/504bbf90c5482004fc09aef6de7f9277\",\"name\":\"Rauchfrei Team\",\"image\":{\"@type\":\"ImageObject\",\"inLanguage\":\"en-US\",\"@id\":\"https:\/\/rauchfrei.at\/#\/schema\/person\/image\/\",\"url\":\"https:\/\/secure.gravatar.com\/avatar\/2115b79a00800516fa1523bb5a329611f90e73e89be559131fc7e82b4fdc95ff?s=96&d=mm&r=g\",\"contentUrl\":\"https:\/\/secure.gravatar.com\/avatar\/2115b79a00800516fa1523bb5a329611f90e73e89be559131fc7e82b4fdc95ff?s=96&d=mm&r=g\",\"caption\":\"Rauchfrei Team\"},\"url\":\"https:\/\/rauchfrei.at\/en\/author\/rauchfrei-team\/\"}]}<\/script>\n<!-- \/ Yoast SEO plugin. -->","yoast_head_json":{"title":"Aufatmen zum Jahresbeginn - Rauchfrei Telefon","robots":{"index":"index","follow":"follow","max-snippet":"max-snippet:-1","max-image-preview":"max-image-preview:large","max-video-preview":"max-video-preview:-1"},"canonical":"https:\/\/rauchfrei.at\/aufatmen-zum-jahresbeginn\/","og_locale":"en_US","og_type":"article","og_title":"Aufatmen zum Jahresbeginn - Rauchfrei Telefon","og_description":"Der frische Wind des neuen Jahres bringt viele dazu, sich dieses Ziel vorzunehmen. Wie kann die Umsetzung leichter gelingen?","og_url":"https:\/\/rauchfrei.at\/aufatmen-zum-jahresbeginn\/","og_site_name":"Rauchfrei Telefon","article_published_time":"2024-12-31T06:00:00+00:00","article_modified_time":"2025-01-02T12:45:47+00:00","author":"Rauchfrei Team","twitter_card":"summary_large_image","twitter_misc":{"Written by":"Rauchfrei Team","Est. reading time":"3 minutes"},"schema":{"@context":"https:\/\/schema.org","@graph":[{"@type":"WebPage","@id":"https:\/\/rauchfrei.at\/aufatmen-zum-jahresbeginn\/","url":"https:\/\/rauchfrei.at\/aufatmen-zum-jahresbeginn\/","name":"Aufatmen zum Jahresbeginn - Rauchfrei Telefon","isPartOf":{"@id":"https:\/\/rauchfrei.at\/#website"},"datePublished":"2024-12-31T06:00:00+00:00","dateModified":"2025-01-02T12:45:47+00:00","author":{"@id":"https:\/\/rauchfrei.at\/#\/schema\/person\/504bbf90c5482004fc09aef6de7f9277"},"inLanguage":"en-US","potentialAction":[{"@type":"ReadAction","target":["https:\/\/rauchfrei.at\/aufatmen-zum-jahresbeginn\/"]}]},{"@type":"WebSite","@id":"https:\/\/rauchfrei.at\/#website","url":"https:\/\/rauchfrei.at\/","name":"Rauchfrei Telefon","description":"Eine \u00f6sterreichweite Initiative der Sozialversicherungen.","potentialAction":[{"@type":"SearchAction","target":{"@type":"EntryPoint","urlTemplate":"https:\/\/rauchfrei.at\/?s={search_term_string}"},"query-input":{"@type":"PropertyValueSpecification","valueRequired":true,"valueName":"search_term_string"}}],"inLanguage":"en-US"},{"@type":"Person","@id":"https:\/\/rauchfrei.at\/#\/schema\/person\/504bbf90c5482004fc09aef6de7f9277","name":"Rauchfrei Team","image":{"@type":"ImageObject","inLanguage":"en-US","@id":"https:\/\/rauchfrei.at\/#\/schema\/person\/image\/","url":"https:\/\/secure.gravatar.com\/avatar\/2115b79a00800516fa1523bb5a329611f90e73e89be559131fc7e82b4fdc95ff?s=96&d=mm&r=g","contentUrl":"https:\/\/secure.gravatar.com\/avatar\/2115b79a00800516fa1523bb5a329611f90e73e89be559131fc7e82b4fdc95ff?s=96&d=mm&r=g","caption":"Rauchfrei Team"},"url":"https:\/\/rauchfrei.at\/en\/author\/rauchfrei-team\/"}]}},"_links":{"self":[{"href":"https:\/\/rauchfrei.at\/en\/wp-json\/wp\/v2\/posts\/30240","targetHints":{"allow":["GET"]}}],"collection":[{"href":"https:\/\/rauchfrei.at\/en\/wp-json\/wp\/v2\/posts"}],"about":[{"href":"https:\/\/rauchfrei.at\/en\/wp-json\/wp\/v2\/types\/post"}],"author":[{"embeddable":true,"href":"https:\/\/rauchfrei.at\/en\/wp-json\/wp\/v2\/users\/25"}],"replies":[{"embeddable":true,"href":"https:\/\/rauchfrei.at\/en\/wp-json\/wp\/v2\/comments?post=30240"}],"version-history":[{"count":6,"href":"https:\/\/rauchfrei.at\/en\/wp-json\/wp\/v2\/posts\/30240\/revisions"}],"predecessor-version":[{"id":30294,"href":"https:\/\/rauchfrei.at\/en\/wp-json\/wp\/v2\/posts\/30240\/revisions\/30294"}],"wp:attachment":[{"href":"https:\/\/rauchfrei.at\/en\/wp-json\/wp\/v2\/media?parent=30240"}],"wp:term":[{"taxonomy":"category","embeddable":true,"href":"https:\/\/rauchfrei.at\/en\/wp-json\/wp\/v2\/categories?post=30240"},{"taxonomy":"post_tag","embeddable":true,"href":"https:\/\/rauchfrei.at\/en\/wp-json\/wp\/v2\/tags?post=30240"}],"curies":[{"name":"wp","href":"https:\/\/api.w.org\/{rel}","templated":true}]}}