
{"id":30263,"date":"2024-12-23T10:54:34","date_gmt":"2024-12-23T08:54:34","guid":{"rendered":"https:\/\/rauchfrei.at\/?p=30263"},"modified":"2024-12-20T10:58:29","modified_gmt":"2024-12-20T08:58:29","slug":"rueckblick-2024","status":"publish","type":"post","link":"https:\/\/rauchfrei.at\/en\/rueckblick-2024\/","title":{"rendered":"R\u00fcckblick 2024"},"content":{"rendered":"\n[et_pb_section fb_built=&#8221;1&#8243; module_class=&#8221;header&#8221; _builder_version=&#8221;4.16&#8243; global_colors_info=&#8221;{}&#8221; theme_builder_area=&#8221;post_content&#8221;][et_pb_row _builder_version=&#8221;4.16&#8243; global_colors_info=&#8221;{}&#8221; theme_builder_area=&#8221;post_content&#8221;][et_pb_column type=&#8221;4_4&#8243; _builder_version=&#8221;4.16&#8243; custom_padding=&#8221;|||&#8221; global_colors_info=&#8221;{}&#8221; custom_padding__hover=&#8221;|||&#8221; theme_builder_area=&#8221;post_content&#8221;][et_pb_dp_dmb_module_10001 subheadline=&#8221;Ver\u00e4nderungen beim Rauchfrei Telefon&#8221; _builder_version=&#8221;4.23.1&#8243; hover_enabled=&#8221;0&#8243; global_colors_info=&#8221;{}&#8221; theme_builder_area=&#8221;post_content&#8221; sticky_enabled=&#8221;0&#8243;][\/et_pb_dp_dmb_module_10001][\/et_pb_column][\/et_pb_row][\/et_pb_section][et_pb_section fb_built=&#8221;1&#8243; _builder_version=&#8221;4.16&#8243; custom_padding=&#8221;30px|||&#8221; global_colors_info=&#8221;{}&#8221; theme_builder_area=&#8221;post_content&#8221;][et_pb_row _builder_version=&#8221;4.16&#8243; global_colors_info=&#8221;{}&#8221; column_structure=&#8221;2_3,1_3&#8243; theme_builder_area=&#8221;post_content&#8221;][et_pb_column type=&#8221;2_3&#8243; module_class=&#8221;blog-content&#8221; _builder_version=&#8221;4.16&#8243; custom_padding=&#8221;|||&#8221; global_colors_info=&#8221;{}&#8221; custom_padding__hover=&#8221;|||&#8221; theme_builder_area=&#8221;post_content&#8221;][et_pb_text _builder_version=&#8221;4.23.1&#8243; hover_enabled=&#8221;0&#8243; global_colors_info=&#8221;{}&#8221; theme_builder_area=&#8221;post_content&#8221; sticky_enabled=&#8221;0&#8243;]<p>Das alte Jahr neigt sich dem Ende zu und beim Rauchfrei Telefon hat sich einiges im letzten Jahr ver\u00e4ndert.<\/p>\n<p>Ein neuer Informationsfolder zum Thema \u201eRauchfrei leben &#8211; Risiko senken. Rauchfreiheit sch\u00fctzt vor Krebs\u201c ist entstanden und anl\u00e4sslich des letzten Weltkrebstages seit Februar 2024 bei uns erh\u00e4ltlich.<\/p>\n<p>Seit Mai 2024 ist ein neues rezeptfreies Medikament mit dem Wirkstoff Cytisin in den \u00f6sterreichischen Apotheken verf\u00fcgbar, welches als medikament\u00f6se Unterst\u00fctzung zum Rauch- bzw. Nikotinstopp neben den bisher schon bekannten Nikotinersatzprodukten aus den Apotheken eine weitere M\u00f6glichkeit der Begleitung in der Phase um den Rauch- bzw. Nikotinstopps bieten kann.<\/p>\n<p>Nach dem emotionalen Abschied unserer Fachlichen Leitung Sophie Meingassner hat Mag. Alexandra Beroggio die Leitung \u00fcbernommen und Mag. Melanie Stulik wurde zur ihrer fachlichen Stellvertretung ernannt. Beide sind langj\u00e4hrige Expertinnen zum Thema Tabak- und Nikotinentw\u00f6hnung, haben das Rauchfrei Telefon in seinen \u201eKinderschuhen\u201c vor 18 Jahren bereits mitbetreut und aufgezogen und kennen die \u00f6sterreichweite Unterst\u00fctzung f\u00fcr Raucher und Raucherinnen in ganz \u00d6sterreich von Beratungsbeginn an.<\/p>\n<p>Rund um den Weltnichtrauchertag am 31.5. 2024 gab es einige Aktionen und einen Podcast zum Thema \u201eNikotinbeutel und Jugendschutz\u201c. Da sich neben dem Mai auch der November als Rauchfreier Monat etabliert hat, wurde heuer ein eigenes November Rauchfrei-Video produziert, um zum Mitmachen anzuregen.<\/p>\n<p>Anl\u00e4sslich dieser Medienpr\u00e4senz haben sich viele Personen erstmalig bei uns zur Beratung gemeldet und damit einen wesentlichen Schritt zum Nikotinstopp und zu mehr Gesundheit gesetzt.<\/p>\n<p>Auch 2024 trugen die Teilnahmen an Tagungen, Fortbildungen, der Deutschen Konferenz f\u00fcr Tabakkontrolle sowie den Vernetzungstreffen Tabakpr\u00e4vention und \u2013 entw\u00f6hnung zur Qualit\u00e4tssicherung der Beratung nach neuesten wissenschaftlichen Erkenntnissen bei.<\/p>\n<p>F\u00fcr den Wunsch einer Unterst\u00fctzung beim Rauch- und Nikotinstopp im neuen Jahr gilt wie immer: Sie erreichen uns unter der Telefonnummer 0800 810 013 von Montag bis Freitag von 10:00 bis 18:00 Uhr (abgesehen von den gesetzlichen Feiertagen).<\/p>\n<p>Rund um die Feiertage steht die telefonische Beratung am 23.12., 27.12., 30.12. sowie am 2.1 und 3.1. zur Verf\u00fcgung. Wir w\u00fcnschen frohe Feiertage!<\/p>[\/et_pb_text][et_pb_post_nav in_same_term=&#8221;off&#8221; _builder_version=&#8221;4.16&#8243; global_colors_info=&#8221;{}&#8221; theme_builder_area=&#8221;post_content&#8221;][\/et_pb_post_nav][\/et_pb_column][et_pb_column type=&#8221;1_3&#8243; module_class=&#8221;cat-and-tag&#8221; _builder_version=&#8221;4.16&#8243; custom_padding=&#8221;|||&#8221; global_colors_info=&#8221;{}&#8221; custom_padding__hover=&#8221;|||&#8221; theme_builder_area=&#8221;post_content&#8221;][et_pb_sidebar area=&#8221;et_pb_widget_area_1&#8243; _builder_version=&#8221;4.16&#8243; global_colors_info=&#8221;{}&#8221; theme_builder_area=&#8221;post_content&#8221;][\/et_pb_sidebar][et_pb_dp_dmb_module_10093 farbe=&#8221;blitzblau&#8221; headline=&#8221;Tabak- und Nikotinprodukte&#8221; image=&#8221;https:\/\/rauchfrei.at\/wp-content\/uploads\/Dampfmaedel_RGB_RZ.png&#8221; image_position=&#8221;center&#8221; link_text=&#8221;mehr Informationen&#8221; link_url=&#8221;https:\/\/rauchfrei.at\/fakten\/andere-tabakprodukte\/&#8221; admin_label=&#8221;Tabak- und Nikotinprodukte&#8221; _builder_version=&#8221;4.20.4&#8243; _module_preset=&#8221;default&#8221; saved_tabs=&#8221;all&#8221; global_colors_info=&#8221;{}&#8221; global_module=&#8221;26833&#8243; theme_builder_area=&#8221;post_content&#8221;]<p>Was ist wo drin?<\/p>\n[\/et_pb_dp_dmb_module_10093][\/et_pb_column][\/et_pb_row][\/et_pb_section]\n","protected":false},"excerpt":{"rendered":"<p>Was hat sich beim Rauchfrei Telefon r\u00fcckblickend im bald vergangenen Jahr 2024 getan?<br \/>\nWas bleibt konstant auch im Neuen Jahr<\/p>\n","protected":false},"author":25,"featured_media":0,"comment_status":"open","ping_status":"open","sticky":false,"template":"","format":"standard","meta":{"_et_pb_use_builder":"on","_et_pb_old_content":"","_et_gb_content_width":"2880","footnotes":""},"categories":[232,236],"tags":[],"class_list":["post-30263","post","type-post","status-publish","format-standard","hentry","category-nachrichten-vom-rauchfrei-telefon","category-nicht-kategorisiert"],"yoast_head":"<!-- This site is optimized with the Yoast SEO plugin v26.2 - https:\/\/yoast.com\/wordpress\/plugins\/seo\/ -->\n<title>R\u00fcckblick 2024 - Rauchfrei Telefon<\/title>\n<meta name=\"robots\" content=\"index, follow, max-snippet:-1, max-image-preview:large, max-video-preview:-1\" \/>\n<link rel=\"canonical\" href=\"https:\/\/rauchfrei.at\/rueckblick-2024\/\" \/>\n<meta property=\"og:locale\" content=\"en_US\" \/>\n<meta property=\"og:type\" content=\"article\" \/>\n<meta property=\"og:title\" content=\"R\u00fcckblick 2024 - Rauchfrei Telefon\" \/>\n<meta property=\"og:description\" content=\"Was hat sich beim Rauchfrei Telefon r\u00fcckblickend im bald vergangenen Jahr 2024 getan? Was bleibt konstant auch im Neuen Jahr\" \/>\n<meta property=\"og:url\" content=\"https:\/\/rauchfrei.at\/rueckblick-2024\/\" \/>\n<meta property=\"og:site_name\" content=\"Rauchfrei Telefon\" \/>\n<meta property=\"article:published_time\" content=\"2024-12-23T08:54:34+00:00\" \/>\n<meta name=\"author\" content=\"Rauchfrei Team\" \/>\n<meta name=\"twitter:card\" content=\"summary_large_image\" \/>\n<meta name=\"twitter:label1\" content=\"Written by\" \/>\n\t<meta name=\"twitter:data1\" content=\"Rauchfrei Team\" \/>\n\t<meta name=\"twitter:label2\" content=\"Est. reading time\" \/>\n\t<meta name=\"twitter:data2\" content=\"3 minutes\" \/>\n<script type=\"application\/ld+json\" class=\"yoast-schema-graph\">{\"@context\":\"https:\/\/schema.org\",\"@graph\":[{\"@type\":\"WebPage\",\"@id\":\"https:\/\/rauchfrei.at\/rueckblick-2024\/\",\"url\":\"https:\/\/rauchfrei.at\/rueckblick-2024\/\",\"name\":\"R\u00fcckblick 2024 - Rauchfrei Telefon\",\"isPartOf\":{\"@id\":\"https:\/\/rauchfrei.at\/#website\"},\"datePublished\":\"2024-12-23T08:54:34+00:00\",\"author\":{\"@id\":\"https:\/\/rauchfrei.at\/#\/schema\/person\/504bbf90c5482004fc09aef6de7f9277\"},\"inLanguage\":\"en-US\",\"potentialAction\":[{\"@type\":\"ReadAction\",\"target\":[\"https:\/\/rauchfrei.at\/rueckblick-2024\/\"]}]},{\"@type\":\"WebSite\",\"@id\":\"https:\/\/rauchfrei.at\/#website\",\"url\":\"https:\/\/rauchfrei.at\/\",\"name\":\"Rauchfrei Telefon\",\"description\":\"Eine \u00f6sterreichweite Initiative der Sozialversicherungen.\",\"potentialAction\":[{\"@type\":\"SearchAction\",\"target\":{\"@type\":\"EntryPoint\",\"urlTemplate\":\"https:\/\/rauchfrei.at\/?s={search_term_string}\"},\"query-input\":{\"@type\":\"PropertyValueSpecification\",\"valueRequired\":true,\"valueName\":\"search_term_string\"}}],\"inLanguage\":\"en-US\"},{\"@type\":\"Person\",\"@id\":\"https:\/\/rauchfrei.at\/#\/schema\/person\/504bbf90c5482004fc09aef6de7f9277\",\"name\":\"Rauchfrei Team\",\"image\":{\"@type\":\"ImageObject\",\"inLanguage\":\"en-US\",\"@id\":\"https:\/\/rauchfrei.at\/#\/schema\/person\/image\/\",\"url\":\"https:\/\/secure.gravatar.com\/avatar\/2115b79a00800516fa1523bb5a329611f90e73e89be559131fc7e82b4fdc95ff?s=96&d=mm&r=g\",\"contentUrl\":\"https:\/\/secure.gravatar.com\/avatar\/2115b79a00800516fa1523bb5a329611f90e73e89be559131fc7e82b4fdc95ff?s=96&d=mm&r=g\",\"caption\":\"Rauchfrei Team\"},\"url\":\"https:\/\/rauchfrei.at\/en\/author\/rauchfrei-team\/\"}]}<\/script>\n<!-- \/ Yoast SEO plugin. -->","yoast_head_json":{"title":"R\u00fcckblick 2024 - Rauchfrei Telefon","robots":{"index":"index","follow":"follow","max-snippet":"max-snippet:-1","max-image-preview":"max-image-preview:large","max-video-preview":"max-video-preview:-1"},"canonical":"https:\/\/rauchfrei.at\/rueckblick-2024\/","og_locale":"en_US","og_type":"article","og_title":"R\u00fcckblick 2024 - Rauchfrei Telefon","og_description":"Was hat sich beim Rauchfrei Telefon r\u00fcckblickend im bald vergangenen Jahr 2024 getan? Was bleibt konstant auch im Neuen Jahr","og_url":"https:\/\/rauchfrei.at\/rueckblick-2024\/","og_site_name":"Rauchfrei Telefon","article_published_time":"2024-12-23T08:54:34+00:00","author":"Rauchfrei Team","twitter_card":"summary_large_image","twitter_misc":{"Written by":"Rauchfrei Team","Est. reading time":"3 minutes"},"schema":{"@context":"https:\/\/schema.org","@graph":[{"@type":"WebPage","@id":"https:\/\/rauchfrei.at\/rueckblick-2024\/","url":"https:\/\/rauchfrei.at\/rueckblick-2024\/","name":"R\u00fcckblick 2024 - Rauchfrei Telefon","isPartOf":{"@id":"https:\/\/rauchfrei.at\/#website"},"datePublished":"2024-12-23T08:54:34+00:00","author":{"@id":"https:\/\/rauchfrei.at\/#\/schema\/person\/504bbf90c5482004fc09aef6de7f9277"},"inLanguage":"en-US","potentialAction":[{"@type":"ReadAction","target":["https:\/\/rauchfrei.at\/rueckblick-2024\/"]}]},{"@type":"WebSite","@id":"https:\/\/rauchfrei.at\/#website","url":"https:\/\/rauchfrei.at\/","name":"Rauchfrei Telefon","description":"Eine \u00f6sterreichweite Initiative der Sozialversicherungen.","potentialAction":[{"@type":"SearchAction","target":{"@type":"EntryPoint","urlTemplate":"https:\/\/rauchfrei.at\/?s={search_term_string}"},"query-input":{"@type":"PropertyValueSpecification","valueRequired":true,"valueName":"search_term_string"}}],"inLanguage":"en-US"},{"@type":"Person","@id":"https:\/\/rauchfrei.at\/#\/schema\/person\/504bbf90c5482004fc09aef6de7f9277","name":"Rauchfrei Team","image":{"@type":"ImageObject","inLanguage":"en-US","@id":"https:\/\/rauchfrei.at\/#\/schema\/person\/image\/","url":"https:\/\/secure.gravatar.com\/avatar\/2115b79a00800516fa1523bb5a329611f90e73e89be559131fc7e82b4fdc95ff?s=96&d=mm&r=g","contentUrl":"https:\/\/secure.gravatar.com\/avatar\/2115b79a00800516fa1523bb5a329611f90e73e89be559131fc7e82b4fdc95ff?s=96&d=mm&r=g","caption":"Rauchfrei Team"},"url":"https:\/\/rauchfrei.at\/en\/author\/rauchfrei-team\/"}]}},"_links":{"self":[{"href":"https:\/\/rauchfrei.at\/en\/wp-json\/wp\/v2\/posts\/30263","targetHints":{"allow":["GET"]}}],"collection":[{"href":"https:\/\/rauchfrei.at\/en\/wp-json\/wp\/v2\/posts"}],"about":[{"href":"https:\/\/rauchfrei.at\/en\/wp-json\/wp\/v2\/types\/post"}],"author":[{"embeddable":true,"href":"https:\/\/rauchfrei.at\/en\/wp-json\/wp\/v2\/users\/25"}],"replies":[{"embeddable":true,"href":"https:\/\/rauchfrei.at\/en\/wp-json\/wp\/v2\/comments?post=30263"}],"version-history":[{"count":3,"href":"https:\/\/rauchfrei.at\/en\/wp-json\/wp\/v2\/posts\/30263\/revisions"}],"predecessor-version":[{"id":30267,"href":"https:\/\/rauchfrei.at\/en\/wp-json\/wp\/v2\/posts\/30263\/revisions\/30267"}],"wp:attachment":[{"href":"https:\/\/rauchfrei.at\/en\/wp-json\/wp\/v2\/media?parent=30263"}],"wp:term":[{"taxonomy":"category","embeddable":true,"href":"https:\/\/rauchfrei.at\/en\/wp-json\/wp\/v2\/categories?post=30263"},{"taxonomy":"post_tag","embeddable":true,"href":"https:\/\/rauchfrei.at\/en\/wp-json\/wp\/v2\/tags?post=30263"}],"curies":[{"name":"wp","href":"https:\/\/api.w.org\/{rel}","templated":true}]}}