
{"id":30396,"date":"2025-01-27T08:00:00","date_gmt":"2025-01-27T06:00:00","guid":{"rendered":"https:\/\/rauchfrei.at\/?p=30396"},"modified":"2025-01-28T18:15:42","modified_gmt":"2025-01-28T16:15:42","slug":"weltkrebstag-4-2-2025","status":"publish","type":"post","link":"https:\/\/rauchfrei.at\/en\/weltkrebstag-4-2-2025\/","title":{"rendered":"Weltkrebstag &#8211; 4.2.2025"},"content":{"rendered":"<p>[et_pb_section fb_built=&#8221;1&#8243; module_class=&#8221;header&#8221; _builder_version=&#8221;4.16&#8243; global_colors_info=&#8221;{}&#8221;][et_pb_row _builder_version=&#8221;4.16&#8243; global_colors_info=&#8221;{}&#8221;][et_pb_column type=&#8221;4_4&#8243; _builder_version=&#8221;4.16&#8243; custom_padding=&#8221;|||&#8221; global_colors_info=&#8221;{}&#8221; custom_padding__hover=&#8221;|||&#8221;][et_pb_dp_dmb_module_10001 subheadline=&#8221;Rauchfreiheit senkt Risiken&#8221; _builder_version=&#8221;4.23.1&#8243; global_colors_info=&#8221;{}&#8221;][\/et_pb_dp_dmb_module_10001][\/et_pb_column][\/et_pb_row][\/et_pb_section][et_pb_section fb_built=&#8221;1&#8243; _builder_version=&#8221;4.16&#8243; custom_padding=&#8221;30px|||&#8221; global_colors_info=&#8221;{}&#8221;][et_pb_row column_structure=&#8221;2_3,1_3&#8243; _builder_version=&#8221;4.16&#8243; global_colors_info=&#8221;{}&#8221;][et_pb_column type=&#8221;2_3&#8243; module_class=&#8221;blog-content&#8221; _builder_version=&#8221;4.16&#8243; custom_padding=&#8221;|||&#8221; global_colors_info=&#8221;{}&#8221; custom_padding__hover=&#8221;|||&#8221;][et_pb_text _builder_version=&#8221;4.23.1&#8243; hover_enabled=&#8221;0&#8243; global_colors_info=&#8221;{}&#8221; sticky_enabled=&#8221;0&#8243;]<\/p>\n<p>Eine Krebsdiagnose l\u00f6st bei Betroffenen h\u00e4ufig Angst, Unsicherheit, Verzweiflung aus.\u00a0 Die Behandlung, der Krankheitsverlauf, die Unterst\u00fctzung vom Umfeld, die Nachsorge und auch der eigene Umgang mit der Erkrankung sind individuell sehr verschieden.<\/p>\n<p>So spiegelt auch das diesj\u00e4hrige internationale Motto des Weltkrebstages \u201eUnited by Unique\u201c bzw. \u201eGemeinsam einzigartig\u201c einerseits etwas Gemeinsames wie eine Diagnose und andererseits eine individuelle Behandlung, individuelles Erleben und Bew\u00e4ltigen einer Krebserkrankung wieder.<\/p>\n<p>Ein Leben ohne Tabak- und Nikotinprodukte ist ein wichtiger und wirksamer Schutzfaktor f\u00fcr die Krebspr\u00e4vention. Der Rauchstopp hilft, das eigene Krebsrisiko zu senken. Bei bereits bestehender Erkrankung ist es in vielerlei Hinsicht (Wundheilung, Immunsystem, Behandlung, Nebenwirkungen) hilfreich und gut f\u00fcr den K\u00f6rper, das Rauchen so bald wie m\u00f6glich zu beenden.<\/p>\n<p>Der Rauch- und Nikotinstopp ist f\u00fcr viele Personen ein und dasselbe Ziel und doch so individuell in der Umsetzung und Beratung jeder Einzelnen.<\/p>\n<p>Wir Beraterinnen vom Rauchfrei Telefons unterst\u00fctzen Sie gerne dabei: Mo-Fr 10-18h unter der Telefonnummer: 0800 810 013.<\/p>\n<p>Weitere Infos in unsere Folder: &#8220;<a href=\"https:\/\/rauchfrei.at\/wp-content\/uploads\/Folder_Rauchen_Krebs_Web.pdf\" target=\"_blank\" rel=\"noopener\">Rauchfrei leben, Risiko senken<\/a>&#8220;<\/p>\n<p><a href=\"https:\/\/rauchfrei.at\/wp-content\/uploads\/Folder_Rauchen_Krebs_Web.pdf\" target=\"_blank\" rel=\"noopener\" title=\"Cover des Krebsfolder\"><img loading=\"lazy\" decoding=\"async\" src=\"https:\/\/rauchfrei.at\/wp-content\/uploads\/Krebsfolder-225x471.jpg\" width=\"154\" height=\"322\" alt=\"\" class=\"wp-image-30407 alignnone size-medium\" \/>(C)Rauchfrei Telefon<\/a><\/p>\n<p>Links:<\/p>\n<p><a href=\"https:\/\/www.krebshilfe.de\/informieren\/ueber-krebs\/weltkrebstag\/\">https:\/\/www.krebshilfe.de\/informieren\/ueber-krebs\/weltkrebstag\/<\/a><\/p>\n<p><a href=\"https:\/\/www.krebsliga.ch\/weltkrebstag-2025?utm_source=home&amp;cHash=c6a844cf0ce7323853e7ed0e9637a577\">https:\/\/www.krebsliga.ch\/weltkrebstag-2025?utm_source=home&amp;cHash=c6a844cf0ce7323853e7ed0e9637a577<\/a><\/p>\n<p><a href=\"https:\/\/www.worldcancerday.org\/\">https:\/\/www.worldcancerday.org\/<\/a><\/p>\n<p><a href=\"https:\/\/www.krebshilfe.net\/\">https:\/\/www.krebshilfe.net\/<\/a><\/p>\n<p>&nbsp;<\/p>\n<p>[\/et_pb_text][et_pb_post_nav in_same_term=&#8221;off&#8221; _builder_version=&#8221;4.23.1&#8243; global_colors_info=&#8221;{}&#8221;][\/et_pb_post_nav][\/et_pb_column][et_pb_column type=&#8221;1_3&#8243; module_class=&#8221;cat-and-tag&#8221; _builder_version=&#8221;4.16&#8243; custom_padding=&#8221;|||&#8221; global_colors_info=&#8221;{}&#8221; custom_padding__hover=&#8221;|||&#8221;][et_pb_sidebar area=&#8221;et_pb_widget_area_1&#8243; _builder_version=&#8221;4.16&#8243; global_colors_info=&#8221;{}&#8221;][\/et_pb_sidebar][\/et_pb_column][\/et_pb_row][\/et_pb_section]<\/p>\n","protected":false},"excerpt":{"rendered":"<p>Am 4.2. findet der Weltkrebstag 2025 statt &#8211; diesj\u00e4hriges internationales Motto der UICC (Internationalen Vereinigung gegen Krebs) lautet \u201eGemeinsam einzigartig\u201c bzw. \u201eUnited by Unique\u201c und soll aufmerksam machen auf die Individualit\u00e4t jeder einzelnen erkrankten Person trotz gemeinsamer Diagnose. <\/p>\n","protected":false},"author":25,"featured_media":0,"comment_status":"open","ping_status":"open","sticky":false,"template":"","format":"standard","meta":{"_et_pb_use_builder":"on","_et_pb_old_content":"","_et_gb_content_width":"2880","footnotes":""},"categories":[235,236],"tags":[],"class_list":["post-30396","post","type-post","status-publish","format-standard","hentry","category-gesundheit-und-rauchstopp","category-nicht-kategorisiert"],"yoast_head":"<!-- This site is optimized with the Yoast SEO plugin v26.2 - https:\/\/yoast.com\/wordpress\/plugins\/seo\/ -->\n<title>Weltkrebstag - 4.2.2025 - Rauchfrei Telefon<\/title>\n<meta name=\"robots\" content=\"index, follow, max-snippet:-1, max-image-preview:large, max-video-preview:-1\" \/>\n<link rel=\"canonical\" href=\"https:\/\/rauchfrei.at\/weltkrebstag-4-2-2025\/\" \/>\n<meta property=\"og:locale\" content=\"en_US\" \/>\n<meta property=\"og:type\" content=\"article\" \/>\n<meta property=\"og:title\" content=\"Weltkrebstag - 4.2.2025 - Rauchfrei Telefon\" \/>\n<meta property=\"og:description\" content=\"Am 4.2. findet der Weltkrebstag 2025 statt - diesj\u00e4hriges internationales Motto der UICC (Internationalen Vereinigung gegen Krebs) lautet \u201eGemeinsam einzigartig\u201c bzw. \u201eUnited by Unique\u201c und soll aufmerksam machen auf die Individualit\u00e4t jeder einzelnen erkrankten Person trotz gemeinsamer Diagnose.\" \/>\n<meta property=\"og:url\" content=\"https:\/\/rauchfrei.at\/weltkrebstag-4-2-2025\/\" \/>\n<meta property=\"og:site_name\" content=\"Rauchfrei Telefon\" \/>\n<meta property=\"article:published_time\" content=\"2025-01-27T06:00:00+00:00\" \/>\n<meta property=\"article:modified_time\" content=\"2025-01-28T16:15:42+00:00\" \/>\n<meta property=\"og:image\" content=\"https:\/\/rauchfrei.at\/wp-content\/uploads\/Krebsfolder-225x471.jpg\" \/>\n<meta name=\"author\" content=\"Rauchfrei Team\" \/>\n<meta name=\"twitter:card\" content=\"summary_large_image\" \/>\n<meta name=\"twitter:label1\" content=\"Written by\" \/>\n\t<meta name=\"twitter:data1\" content=\"Rauchfrei Team\" \/>\n\t<meta name=\"twitter:label2\" content=\"Est. reading time\" \/>\n\t<meta name=\"twitter:data2\" content=\"2 minutes\" \/>\n<script type=\"application\/ld+json\" class=\"yoast-schema-graph\">{\"@context\":\"https:\/\/schema.org\",\"@graph\":[{\"@type\":\"WebPage\",\"@id\":\"https:\/\/rauchfrei.at\/weltkrebstag-4-2-2025\/\",\"url\":\"https:\/\/rauchfrei.at\/weltkrebstag-4-2-2025\/\",\"name\":\"Weltkrebstag - 4.2.2025 - Rauchfrei Telefon\",\"isPartOf\":{\"@id\":\"https:\/\/rauchfrei.at\/#website\"},\"primaryImageOfPage\":{\"@id\":\"https:\/\/rauchfrei.at\/weltkrebstag-4-2-2025\/#primaryimage\"},\"image\":{\"@id\":\"https:\/\/rauchfrei.at\/weltkrebstag-4-2-2025\/#primaryimage\"},\"thumbnailUrl\":\"https:\/\/rauchfrei.at\/wp-content\/uploads\/Krebsfolder-225x471.jpg\",\"datePublished\":\"2025-01-27T06:00:00+00:00\",\"dateModified\":\"2025-01-28T16:15:42+00:00\",\"author\":{\"@id\":\"https:\/\/rauchfrei.at\/#\/schema\/person\/504bbf90c5482004fc09aef6de7f9277\"},\"inLanguage\":\"en-US\",\"potentialAction\":[{\"@type\":\"ReadAction\",\"target\":[\"https:\/\/rauchfrei.at\/weltkrebstag-4-2-2025\/\"]}]},{\"@type\":\"ImageObject\",\"inLanguage\":\"en-US\",\"@id\":\"https:\/\/rauchfrei.at\/weltkrebstag-4-2-2025\/#primaryimage\",\"url\":\"https:\/\/rauchfrei.at\/wp-content\/uploads\/Krebsfolder-225x471.jpg\",\"contentUrl\":\"https:\/\/rauchfrei.at\/wp-content\/uploads\/Krebsfolder-225x471.jpg\"},{\"@type\":\"WebSite\",\"@id\":\"https:\/\/rauchfrei.at\/#website\",\"url\":\"https:\/\/rauchfrei.at\/\",\"name\":\"Rauchfrei Telefon\",\"description\":\"Eine \u00f6sterreichweite Initiative der Sozialversicherungen.\",\"potentialAction\":[{\"@type\":\"SearchAction\",\"target\":{\"@type\":\"EntryPoint\",\"urlTemplate\":\"https:\/\/rauchfrei.at\/?s={search_term_string}\"},\"query-input\":{\"@type\":\"PropertyValueSpecification\",\"valueRequired\":true,\"valueName\":\"search_term_string\"}}],\"inLanguage\":\"en-US\"},{\"@type\":\"Person\",\"@id\":\"https:\/\/rauchfrei.at\/#\/schema\/person\/504bbf90c5482004fc09aef6de7f9277\",\"name\":\"Rauchfrei Team\",\"image\":{\"@type\":\"ImageObject\",\"inLanguage\":\"en-US\",\"@id\":\"https:\/\/rauchfrei.at\/#\/schema\/person\/image\/\",\"url\":\"https:\/\/secure.gravatar.com\/avatar\/2115b79a00800516fa1523bb5a329611f90e73e89be559131fc7e82b4fdc95ff?s=96&d=mm&r=g\",\"contentUrl\":\"https:\/\/secure.gravatar.com\/avatar\/2115b79a00800516fa1523bb5a329611f90e73e89be559131fc7e82b4fdc95ff?s=96&d=mm&r=g\",\"caption\":\"Rauchfrei Team\"},\"url\":\"https:\/\/rauchfrei.at\/en\/author\/rauchfrei-team\/\"}]}<\/script>\n<!-- \/ Yoast SEO plugin. -->","yoast_head_json":{"title":"Weltkrebstag - 4.2.2025 - Rauchfrei Telefon","robots":{"index":"index","follow":"follow","max-snippet":"max-snippet:-1","max-image-preview":"max-image-preview:large","max-video-preview":"max-video-preview:-1"},"canonical":"https:\/\/rauchfrei.at\/weltkrebstag-4-2-2025\/","og_locale":"en_US","og_type":"article","og_title":"Weltkrebstag - 4.2.2025 - Rauchfrei Telefon","og_description":"Am 4.2. findet der Weltkrebstag 2025 statt - diesj\u00e4hriges internationales Motto der UICC (Internationalen Vereinigung gegen Krebs) lautet \u201eGemeinsam einzigartig\u201c bzw. \u201eUnited by Unique\u201c und soll aufmerksam machen auf die Individualit\u00e4t jeder einzelnen erkrankten Person trotz gemeinsamer Diagnose.","og_url":"https:\/\/rauchfrei.at\/weltkrebstag-4-2-2025\/","og_site_name":"Rauchfrei Telefon","article_published_time":"2025-01-27T06:00:00+00:00","article_modified_time":"2025-01-28T16:15:42+00:00","og_image":[{"url":"https:\/\/rauchfrei.at\/wp-content\/uploads\/Krebsfolder-225x471.jpg","type":"","width":"","height":""}],"author":"Rauchfrei Team","twitter_card":"summary_large_image","twitter_misc":{"Written by":"Rauchfrei Team","Est. reading time":"2 minutes"},"schema":{"@context":"https:\/\/schema.org","@graph":[{"@type":"WebPage","@id":"https:\/\/rauchfrei.at\/weltkrebstag-4-2-2025\/","url":"https:\/\/rauchfrei.at\/weltkrebstag-4-2-2025\/","name":"Weltkrebstag - 4.2.2025 - Rauchfrei Telefon","isPartOf":{"@id":"https:\/\/rauchfrei.at\/#website"},"primaryImageOfPage":{"@id":"https:\/\/rauchfrei.at\/weltkrebstag-4-2-2025\/#primaryimage"},"image":{"@id":"https:\/\/rauchfrei.at\/weltkrebstag-4-2-2025\/#primaryimage"},"thumbnailUrl":"https:\/\/rauchfrei.at\/wp-content\/uploads\/Krebsfolder-225x471.jpg","datePublished":"2025-01-27T06:00:00+00:00","dateModified":"2025-01-28T16:15:42+00:00","author":{"@id":"https:\/\/rauchfrei.at\/#\/schema\/person\/504bbf90c5482004fc09aef6de7f9277"},"inLanguage":"en-US","potentialAction":[{"@type":"ReadAction","target":["https:\/\/rauchfrei.at\/weltkrebstag-4-2-2025\/"]}]},{"@type":"ImageObject","inLanguage":"en-US","@id":"https:\/\/rauchfrei.at\/weltkrebstag-4-2-2025\/#primaryimage","url":"https:\/\/rauchfrei.at\/wp-content\/uploads\/Krebsfolder-225x471.jpg","contentUrl":"https:\/\/rauchfrei.at\/wp-content\/uploads\/Krebsfolder-225x471.jpg"},{"@type":"WebSite","@id":"https:\/\/rauchfrei.at\/#website","url":"https:\/\/rauchfrei.at\/","name":"Rauchfrei Telefon","description":"Eine \u00f6sterreichweite Initiative der Sozialversicherungen.","potentialAction":[{"@type":"SearchAction","target":{"@type":"EntryPoint","urlTemplate":"https:\/\/rauchfrei.at\/?s={search_term_string}"},"query-input":{"@type":"PropertyValueSpecification","valueRequired":true,"valueName":"search_term_string"}}],"inLanguage":"en-US"},{"@type":"Person","@id":"https:\/\/rauchfrei.at\/#\/schema\/person\/504bbf90c5482004fc09aef6de7f9277","name":"Rauchfrei Team","image":{"@type":"ImageObject","inLanguage":"en-US","@id":"https:\/\/rauchfrei.at\/#\/schema\/person\/image\/","url":"https:\/\/secure.gravatar.com\/avatar\/2115b79a00800516fa1523bb5a329611f90e73e89be559131fc7e82b4fdc95ff?s=96&d=mm&r=g","contentUrl":"https:\/\/secure.gravatar.com\/avatar\/2115b79a00800516fa1523bb5a329611f90e73e89be559131fc7e82b4fdc95ff?s=96&d=mm&r=g","caption":"Rauchfrei Team"},"url":"https:\/\/rauchfrei.at\/en\/author\/rauchfrei-team\/"}]}},"_links":{"self":[{"href":"https:\/\/rauchfrei.at\/en\/wp-json\/wp\/v2\/posts\/30396","targetHints":{"allow":["GET"]}}],"collection":[{"href":"https:\/\/rauchfrei.at\/en\/wp-json\/wp\/v2\/posts"}],"about":[{"href":"https:\/\/rauchfrei.at\/en\/wp-json\/wp\/v2\/types\/post"}],"author":[{"embeddable":true,"href":"https:\/\/rauchfrei.at\/en\/wp-json\/wp\/v2\/users\/25"}],"replies":[{"embeddable":true,"href":"https:\/\/rauchfrei.at\/en\/wp-json\/wp\/v2\/comments?post=30396"}],"version-history":[{"count":8,"href":"https:\/\/rauchfrei.at\/en\/wp-json\/wp\/v2\/posts\/30396\/revisions"}],"predecessor-version":[{"id":30411,"href":"https:\/\/rauchfrei.at\/en\/wp-json\/wp\/v2\/posts\/30396\/revisions\/30411"}],"wp:attachment":[{"href":"https:\/\/rauchfrei.at\/en\/wp-json\/wp\/v2\/media?parent=30396"}],"wp:term":[{"taxonomy":"category","embeddable":true,"href":"https:\/\/rauchfrei.at\/en\/wp-json\/wp\/v2\/categories?post=30396"},{"taxonomy":"post_tag","embeddable":true,"href":"https:\/\/rauchfrei.at\/en\/wp-json\/wp\/v2\/tags?post=30396"}],"curies":[{"name":"wp","href":"https:\/\/api.w.org\/{rel}","templated":true}]}}