
{"id":30444,"date":"2025-02-14T18:22:09","date_gmt":"2025-02-14T16:22:09","guid":{"rendered":"https:\/\/rauchfrei.at\/?p=30444"},"modified":"2025-02-15T18:42:31","modified_gmt":"2025-02-15T16:42:31","slug":"wir-verabschieden-uns-von-der-app","status":"publish","type":"post","link":"https:\/\/rauchfrei.at\/en\/wir-verabschieden-uns-von-der-app\/","title":{"rendered":"Wir verabschieden uns von der App"},"content":{"rendered":"\n[et_pb_section fb_built=&#8221;1&#8243; module_class=&#8221;header&#8221; _builder_version=&#8221;4.16&#8243; global_colors_info=&#8221;{}&#8221; theme_builder_area=&#8221;post_content&#8221;][et_pb_row _builder_version=&#8221;4.16&#8243; global_colors_info=&#8221;{}&#8221; theme_builder_area=&#8221;post_content&#8221;][et_pb_column type=&#8221;4_4&#8243; _builder_version=&#8221;4.16&#8243; custom_padding=&#8221;|||&#8221; global_colors_info=&#8221;{}&#8221; custom_padding__hover=&#8221;|||&#8221; theme_builder_area=&#8221;post_content&#8221;][et_pb_dp_dmb_module_10001 subheadline=&#8221;Die Rauchfrei App wurde aus technischen Gr\u00fcnden eingestellt&#8221; _builder_version=&#8221;4.23.1&#8243; hover_enabled=&#8221;0&#8243; global_colors_info=&#8221;{}&#8221; theme_builder_area=&#8221;post_content&#8221; sticky_enabled=&#8221;0&#8243;][\/et_pb_dp_dmb_module_10001][\/et_pb_column][\/et_pb_row][\/et_pb_section][et_pb_section fb_built=&#8221;1&#8243; _builder_version=&#8221;4.16&#8243; custom_padding=&#8221;30px|||&#8221; global_colors_info=&#8221;{}&#8221; theme_builder_area=&#8221;post_content&#8221;][et_pb_row _builder_version=&#8221;4.16&#8243; global_colors_info=&#8221;{}&#8221; column_structure=&#8221;2_3,1_3&#8243; theme_builder_area=&#8221;post_content&#8221;][et_pb_column type=&#8221;2_3&#8243; module_class=&#8221;blog-content&#8221; _builder_version=&#8221;4.16&#8243; custom_padding=&#8221;|||&#8221; global_colors_info=&#8221;{}&#8221; custom_padding__hover=&#8221;|||&#8221; theme_builder_area=&#8221;post_content&#8221;][et_pb_text _builder_version=&#8221;4.23.1&#8243; hover_enabled=&#8221;0&#8243; global_colors_info=&#8221;{}&#8221; theme_builder_area=&#8221;post_content&#8221; sticky_enabled=&#8221;0&#8243;]<p>Die Rauchfrei App war ein eigenes Projekt und stand ab dem Weltnichtrauchertag im Mai 2014 erstmals zur Verf\u00fcgung. Im Jahr 2019 wurde die Rauchfrei App f\u00fcr die Zielgruppe der jungen Erwachsenen und Jugendlichen adaptiert und \u00fcberarbeitet. Eine zus\u00e4tzliche Version als Web-Applikation kam im Jahr 2020 hinzu, um die Nutzung unabh\u00e4ngig von einem Smartphone zu erm\u00f6glichen. Eine technische \u00dcberarbeitung erfolgte im Jahr 2023.<\/p>\n<p>Inhaltlich basierte die Rauchfrei App zum einen auf wissenschaftlichen Modellen der Verhaltens\u00e4nderung, zum anderen auf den jahrelangen praktischen Erfahrungen der Klinischen und Gesundheitspsychologinnen des Rauchfrei-Teams. Dar\u00fcber hinaus wurden umfassende Empfehlungen von Expertinnen und Experten sowie Praxisleitlinien ber\u00fccksichtigt.<\/p>\n<p>Die Rauchfrei App steht seit Februar 2025 aus technischen Gr\u00fcnden nicht mehr zur Verf\u00fcgung. An neuen digitalen Unterst\u00fctzungsangeboten wird gearbeitet.<\/p>\n<p>Wir bedanken uns f\u00fcr alle, die zur Entstehung, Umsetzung und Weiterentwicklung beigetragen haben und mit Ihrer Mitarbeit dieses sinnvolle Tool mitgestaltet haben. Insbesondere danken wir unserer ehemaligen fachlichen Leitung MMag. Sophie Meingassner f\u00fcr ihr Engagement.<\/p>\n<p>Von Oktober 2018 bis Februar 2025 wurde die Rauchfrei App von rund 48.000 Menschen genutzt.<\/p>\n<p>Wir danken allen Nutzer*innen f\u00fcr ihr Vertrauen und ihre Motivation.<\/p>\n<p>Das Team des Rauchfrei Telefons steht selbstverst\u00e4ndlich weiterhin mit pers\u00f6nlicher Beratung telefonisch unter 0800 810 013 zur Verf\u00fcgung.<\/p>[\/et_pb_text][et_pb_post_nav in_same_term=&#8221;off&#8221; _builder_version=&#8221;4.16&#8243; global_colors_info=&#8221;{}&#8221; theme_builder_area=&#8221;post_content&#8221;][\/et_pb_post_nav][\/et_pb_column][et_pb_column type=&#8221;1_3&#8243; module_class=&#8221;cat-and-tag&#8221; _builder_version=&#8221;4.16&#8243; custom_padding=&#8221;|||&#8221; global_colors_info=&#8221;{}&#8221; custom_padding__hover=&#8221;|||&#8221; theme_builder_area=&#8221;post_content&#8221;][et_pb_sidebar area=&#8221;et_pb_widget_area_1&#8243; _builder_version=&#8221;4.16&#8243; global_colors_info=&#8221;{}&#8221; theme_builder_area=&#8221;post_content&#8221;][\/et_pb_sidebar][\/et_pb_column][\/et_pb_row][\/et_pb_section]\n","protected":false},"excerpt":{"rendered":"<p>Die Rauchfrei App unterst\u00fctzte seit 2014 mit motivierenden Tools bei der Entw\u00f6hnung. Die rasanten technischen Weiterentwicklungen der Smartphones erforderten laufende \u00dcberarbeitungen. Seit Februar 2025 steht die App aus technischen Gr\u00fcnden nicht mehr zur Verf\u00fcgung. <\/p>\n","protected":false},"author":25,"featured_media":0,"comment_status":"open","ping_status":"open","sticky":false,"template":"","format":"standard","meta":{"_et_pb_use_builder":"on","_et_pb_old_content":"","_et_gb_content_width":"2880","footnotes":""},"categories":[232],"tags":[],"class_list":["post-30444","post","type-post","status-publish","format-standard","hentry","category-nachrichten-vom-rauchfrei-telefon"],"yoast_head":"<!-- This site is optimized with the Yoast SEO plugin v26.2 - https:\/\/yoast.com\/wordpress\/plugins\/seo\/ -->\n<title>Wir verabschieden uns von der App - Rauchfrei Telefon<\/title>\n<meta name=\"robots\" content=\"index, follow, max-snippet:-1, max-image-preview:large, max-video-preview:-1\" \/>\n<link rel=\"canonical\" href=\"https:\/\/rauchfrei.at\/wir-verabschieden-uns-von-der-app\/\" \/>\n<meta property=\"og:locale\" content=\"en_US\" \/>\n<meta property=\"og:type\" content=\"article\" \/>\n<meta property=\"og:title\" content=\"Wir verabschieden uns von der App - Rauchfrei Telefon\" \/>\n<meta property=\"og:description\" content=\"Die Rauchfrei App unterst\u00fctzte seit 2014 mit motivierenden Tools bei der Entw\u00f6hnung. Die rasanten technischen Weiterentwicklungen der Smartphones erforderten laufende \u00dcberarbeitungen. Seit Februar 2025 steht die App aus technischen Gr\u00fcnden nicht mehr zur Verf\u00fcgung.\" \/>\n<meta property=\"og:url\" content=\"https:\/\/rauchfrei.at\/wir-verabschieden-uns-von-der-app\/\" \/>\n<meta property=\"og:site_name\" content=\"Rauchfrei Telefon\" \/>\n<meta property=\"article:published_time\" content=\"2025-02-14T16:22:09+00:00\" \/>\n<meta property=\"article:modified_time\" content=\"2025-02-15T16:42:31+00:00\" \/>\n<meta name=\"author\" content=\"Rauchfrei Team\" \/>\n<meta name=\"twitter:card\" content=\"summary_large_image\" \/>\n<meta name=\"twitter:label1\" content=\"Written by\" \/>\n\t<meta name=\"twitter:data1\" content=\"Rauchfrei Team\" \/>\n\t<meta name=\"twitter:label2\" content=\"Est. reading time\" \/>\n\t<meta name=\"twitter:data2\" content=\"2 minutes\" \/>\n<script type=\"application\/ld+json\" class=\"yoast-schema-graph\">{\"@context\":\"https:\/\/schema.org\",\"@graph\":[{\"@type\":\"WebPage\",\"@id\":\"https:\/\/rauchfrei.at\/wir-verabschieden-uns-von-der-app\/\",\"url\":\"https:\/\/rauchfrei.at\/wir-verabschieden-uns-von-der-app\/\",\"name\":\"Wir verabschieden uns von der App - Rauchfrei Telefon\",\"isPartOf\":{\"@id\":\"https:\/\/rauchfrei.at\/#website\"},\"datePublished\":\"2025-02-14T16:22:09+00:00\",\"dateModified\":\"2025-02-15T16:42:31+00:00\",\"author\":{\"@id\":\"https:\/\/rauchfrei.at\/#\/schema\/person\/504bbf90c5482004fc09aef6de7f9277\"},\"inLanguage\":\"en-US\",\"potentialAction\":[{\"@type\":\"ReadAction\",\"target\":[\"https:\/\/rauchfrei.at\/wir-verabschieden-uns-von-der-app\/\"]}]},{\"@type\":\"WebSite\",\"@id\":\"https:\/\/rauchfrei.at\/#website\",\"url\":\"https:\/\/rauchfrei.at\/\",\"name\":\"Rauchfrei Telefon\",\"description\":\"Eine \u00f6sterreichweite Initiative der Sozialversicherungen.\",\"potentialAction\":[{\"@type\":\"SearchAction\",\"target\":{\"@type\":\"EntryPoint\",\"urlTemplate\":\"https:\/\/rauchfrei.at\/?s={search_term_string}\"},\"query-input\":{\"@type\":\"PropertyValueSpecification\",\"valueRequired\":true,\"valueName\":\"search_term_string\"}}],\"inLanguage\":\"en-US\"},{\"@type\":\"Person\",\"@id\":\"https:\/\/rauchfrei.at\/#\/schema\/person\/504bbf90c5482004fc09aef6de7f9277\",\"name\":\"Rauchfrei Team\",\"image\":{\"@type\":\"ImageObject\",\"inLanguage\":\"en-US\",\"@id\":\"https:\/\/rauchfrei.at\/#\/schema\/person\/image\/\",\"url\":\"https:\/\/secure.gravatar.com\/avatar\/2115b79a00800516fa1523bb5a329611f90e73e89be559131fc7e82b4fdc95ff?s=96&d=mm&r=g\",\"contentUrl\":\"https:\/\/secure.gravatar.com\/avatar\/2115b79a00800516fa1523bb5a329611f90e73e89be559131fc7e82b4fdc95ff?s=96&d=mm&r=g\",\"caption\":\"Rauchfrei Team\"},\"url\":\"https:\/\/rauchfrei.at\/en\/author\/rauchfrei-team\/\"}]}<\/script>\n<!-- \/ Yoast SEO plugin. -->","yoast_head_json":{"title":"Wir verabschieden uns von der App - Rauchfrei Telefon","robots":{"index":"index","follow":"follow","max-snippet":"max-snippet:-1","max-image-preview":"max-image-preview:large","max-video-preview":"max-video-preview:-1"},"canonical":"https:\/\/rauchfrei.at\/wir-verabschieden-uns-von-der-app\/","og_locale":"en_US","og_type":"article","og_title":"Wir verabschieden uns von der App - Rauchfrei Telefon","og_description":"Die Rauchfrei App unterst\u00fctzte seit 2014 mit motivierenden Tools bei der Entw\u00f6hnung. Die rasanten technischen Weiterentwicklungen der Smartphones erforderten laufende \u00dcberarbeitungen. Seit Februar 2025 steht die App aus technischen Gr\u00fcnden nicht mehr zur Verf\u00fcgung.","og_url":"https:\/\/rauchfrei.at\/wir-verabschieden-uns-von-der-app\/","og_site_name":"Rauchfrei Telefon","article_published_time":"2025-02-14T16:22:09+00:00","article_modified_time":"2025-02-15T16:42:31+00:00","author":"Rauchfrei Team","twitter_card":"summary_large_image","twitter_misc":{"Written by":"Rauchfrei Team","Est. reading time":"2 minutes"},"schema":{"@context":"https:\/\/schema.org","@graph":[{"@type":"WebPage","@id":"https:\/\/rauchfrei.at\/wir-verabschieden-uns-von-der-app\/","url":"https:\/\/rauchfrei.at\/wir-verabschieden-uns-von-der-app\/","name":"Wir verabschieden uns von der App - Rauchfrei Telefon","isPartOf":{"@id":"https:\/\/rauchfrei.at\/#website"},"datePublished":"2025-02-14T16:22:09+00:00","dateModified":"2025-02-15T16:42:31+00:00","author":{"@id":"https:\/\/rauchfrei.at\/#\/schema\/person\/504bbf90c5482004fc09aef6de7f9277"},"inLanguage":"en-US","potentialAction":[{"@type":"ReadAction","target":["https:\/\/rauchfrei.at\/wir-verabschieden-uns-von-der-app\/"]}]},{"@type":"WebSite","@id":"https:\/\/rauchfrei.at\/#website","url":"https:\/\/rauchfrei.at\/","name":"Rauchfrei Telefon","description":"Eine \u00f6sterreichweite Initiative der Sozialversicherungen.","potentialAction":[{"@type":"SearchAction","target":{"@type":"EntryPoint","urlTemplate":"https:\/\/rauchfrei.at\/?s={search_term_string}"},"query-input":{"@type":"PropertyValueSpecification","valueRequired":true,"valueName":"search_term_string"}}],"inLanguage":"en-US"},{"@type":"Person","@id":"https:\/\/rauchfrei.at\/#\/schema\/person\/504bbf90c5482004fc09aef6de7f9277","name":"Rauchfrei Team","image":{"@type":"ImageObject","inLanguage":"en-US","@id":"https:\/\/rauchfrei.at\/#\/schema\/person\/image\/","url":"https:\/\/secure.gravatar.com\/avatar\/2115b79a00800516fa1523bb5a329611f90e73e89be559131fc7e82b4fdc95ff?s=96&d=mm&r=g","contentUrl":"https:\/\/secure.gravatar.com\/avatar\/2115b79a00800516fa1523bb5a329611f90e73e89be559131fc7e82b4fdc95ff?s=96&d=mm&r=g","caption":"Rauchfrei Team"},"url":"https:\/\/rauchfrei.at\/en\/author\/rauchfrei-team\/"}]}},"_links":{"self":[{"href":"https:\/\/rauchfrei.at\/en\/wp-json\/wp\/v2\/posts\/30444","targetHints":{"allow":["GET"]}}],"collection":[{"href":"https:\/\/rauchfrei.at\/en\/wp-json\/wp\/v2\/posts"}],"about":[{"href":"https:\/\/rauchfrei.at\/en\/wp-json\/wp\/v2\/types\/post"}],"author":[{"embeddable":true,"href":"https:\/\/rauchfrei.at\/en\/wp-json\/wp\/v2\/users\/25"}],"replies":[{"embeddable":true,"href":"https:\/\/rauchfrei.at\/en\/wp-json\/wp\/v2\/comments?post=30444"}],"version-history":[{"count":4,"href":"https:\/\/rauchfrei.at\/en\/wp-json\/wp\/v2\/posts\/30444\/revisions"}],"predecessor-version":[{"id":30452,"href":"https:\/\/rauchfrei.at\/en\/wp-json\/wp\/v2\/posts\/30444\/revisions\/30452"}],"wp:attachment":[{"href":"https:\/\/rauchfrei.at\/en\/wp-json\/wp\/v2\/media?parent=30444"}],"wp:term":[{"taxonomy":"category","embeddable":true,"href":"https:\/\/rauchfrei.at\/en\/wp-json\/wp\/v2\/categories?post=30444"},{"taxonomy":"post_tag","embeddable":true,"href":"https:\/\/rauchfrei.at\/en\/wp-json\/wp\/v2\/tags?post=30444"}],"curies":[{"name":"wp","href":"https:\/\/api.w.org\/{rel}","templated":true}]}}