
{"id":30492,"date":"2025-03-08T13:28:31","date_gmt":"2025-03-08T11:28:31","guid":{"rendered":"https:\/\/rauchfrei.at\/?p=30492"},"modified":"2025-03-05T12:56:39","modified_gmt":"2025-03-05T10:56:39","slug":"am-8-3-ist-internationaler-weltfrauentag","status":"publish","type":"post","link":"https:\/\/rauchfrei.at\/en\/am-8-3-ist-internationaler-weltfrauentag\/","title":{"rendered":"Am 8.3. ist Internationaler Weltfrauentag"},"content":{"rendered":"\n[et_pb_section fb_built=&#8221;1&#8243; module_class=&#8221;header&#8221; _builder_version=&#8221;4.16&#8243; global_colors_info=&#8221;{}&#8221;][et_pb_row _builder_version=&#8221;4.16&#8243; global_colors_info=&#8221;{}&#8221;][et_pb_column type=&#8221;4_4&#8243; _builder_version=&#8221;4.16&#8243; custom_padding=&#8221;|||&#8221; global_colors_info=&#8221;{}&#8221; custom_padding__hover=&#8221;|||&#8221;][et_pb_dp_dmb_module_10001 subheadline=&#8221;Ein Blick auf Frauenrechte und Frauengesundheit&#8221; _builder_version=&#8221;4.23.1&#8243; global_colors_info=&#8221;{}&#8221;][\/et_pb_dp_dmb_module_10001][\/et_pb_column][\/et_pb_row][\/et_pb_section][et_pb_section fb_built=&#8221;1&#8243; _builder_version=&#8221;4.16&#8243; custom_padding=&#8221;30px|||&#8221; global_colors_info=&#8221;{}&#8221;][et_pb_row column_structure=&#8221;2_3,1_3&#8243; _builder_version=&#8221;4.16&#8243; global_colors_info=&#8221;{}&#8221;][et_pb_column type=&#8221;2_3&#8243; module_class=&#8221;blog-content&#8221; _builder_version=&#8221;4.16&#8243; custom_padding=&#8221;|||&#8221; global_colors_info=&#8221;{}&#8221; custom_padding__hover=&#8221;|||&#8221;][et_pb_text _builder_version=&#8221;4.27.4&#8243; hover_enabled=&#8221;0&#8243; global_colors_info=&#8221;{}&#8221; sticky_enabled=&#8221;0&#8243;]<blockquote>\n<p>Was bedeutet dies nun im Zusammenhang mit dem Thema \u201eRauchen\u201c?<\/p>\n<\/blockquote>\n<p><strong>Die Tabakindustrie<\/strong><\/p>\n<p>Nach wie vor arbeiten haupts\u00e4chlich M\u00e4dchen und Frauen unter menschenunw\u00fcrdigen Bedingungen und ohne entsprechende Arbeitsrechte in der Tabakindustrie. Oftmals bekommen sie keine Schutzkleidung. Nikotin wird dann vermehrt \u00fcber die Haut aufgenommen und f\u00fchrt zu Vergiftungserscheinungen. Besonders fatal ist dieser Umstand, wenn eine Arbeiterin schwanger ist.<\/p>\n<p><strong>Passivrauch<\/strong><\/p>\n<p>Weltweit sind viele Kinder giftigem Passivrauch ausgesetzt. Der weibliche K\u00f6rper reagiert dabei besonders sensibel auf dessen sch\u00e4dliche Wirkung. M\u00e4dchen haben au\u00dferdem besonders h\u00e4ufig wenig Mitspracherecht bei der Gestaltung ihrer unmittelbaren Umgebung.<\/p>\n<p><strong>Weibliche Raucherinnen<\/strong><\/p>\n<p>Der Anteil weiblicher Raucherinnen ist seit einigen Jahren im Steigen begriffen. Daher sind auch auf sie speziell zugeschnittene Beratungsangebote wichtig. Wie zum Beispiel Hilfe bei der Entw\u00f6hnung w\u00e4hrend einer Schwangerschaft. Aber auch, weil Frauen oftmals aus anderen Gr\u00fcnden zur Zigarette oder Rauchprodukten greifen als M\u00e4nner. Bei Frauen geschieht dies sehr h\u00e4ufig zur Stressbew\u00e4ltigung.<\/p>\n<p>K\u00f6rperliche Unterschiede zwischen M\u00e4nnern und Frauen spielen zudem eine Rolle: der weibliche Stoffwechsel funktioniert bei der Verarbeitung von Nikotin anders als der m\u00e4nnliche \u2013 Das Nikotin wird schneller abgebaut als im m\u00e4nnlichen K\u00f6rper. Dadurch sp\u00fcren Frauen eher Entzugserscheinungen. Auf diese und andere geschlechtsspezifische Besonderheiten sollte also bei der Entw\u00f6hnung eingegangen werden, damit sie erfolgreich gelingen kann.<\/p>\n<p>Wir w\u00fcnschen alles Gute zum Weltfrauentag!<\/p>\n<p><a href=\"https:\/\/unfairtobacco.org\/#\/\">https:\/\/unfairtobacco.org\/#\/<\/a><\/p>\n<p><a href=\"https:\/\/www.meduniwien.ac.at\/web\/ueber-uns\/news\/detail\/frauen-rauchen-anders-als-maenner-und-leiden-auch-anders-unter-ihrer-sucht\/\">https:\/\/www.meduniwien.ac.at\/web\/ueber-uns\/news\/detail\/frauen-rauchen-anders-als-maenner-und-leiden-auch-anders-unter-ihrer-sucht\/<\/a><\/p>[\/et_pb_text][et_pb_post_nav in_same_term=&#8221;off&#8221; _builder_version=&#8221;4.16&#8243; global_colors_info=&#8221;{}&#8221;][\/et_pb_post_nav][\/et_pb_column][et_pb_column type=&#8221;1_3&#8243; module_class=&#8221;cat-and-tag&#8221; _builder_version=&#8221;4.16&#8243; custom_padding=&#8221;|||&#8221; global_colors_info=&#8221;{}&#8221; custom_padding__hover=&#8221;|||&#8221;][et_pb_dp_dmb_module_10093 farbe=&#8221;blitzblau&#8221; headline=&#8221;Tabak- und Nikotinprodukte&#8221; image=&#8221;https:\/\/rauchfrei.at\/wp-content\/uploads\/Dampfmaedel_RGB_RZ.png&#8221; image_position=&#8221;center&#8221; link_text=&#8221;mehr Informationen&#8221; link_url=&#8221;https:\/\/rauchfrei.at\/fakten\/andere-tabakprodukte\/&#8221; admin_label=&#8221;Tabak- und Nikotinprodukte&#8221; _builder_version=&#8221;4.20.4&#8243; _module_preset=&#8221;default&#8221; global_module=&#8221;26833&#8243; saved_tabs=&#8221;all&#8221; global_colors_info=&#8221;{}&#8221;]<p>Was ist wo drin?<\/p>\n[\/et_pb_dp_dmb_module_10093][\/et_pb_column][\/et_pb_row][\/et_pb_section]\n","protected":false},"excerpt":{"rendered":"<p>Das Motto des diesj\u00e4hrigen Weltfrauentages lautet: \u201eF\u00fcr ALLE Frauen und M\u00e4dchen: Rechte. Gleichheit. Erm\u00e4chtigung\u201c. Es wird dazu aufgerufen, gleiche Rechte, Macht und Chancen f\u00fcr alle zu verwirklichen. Im Mittelpunkt dieser Vision steht die St\u00e4rkung der n\u00e4chsten Generation junger Frauen und M\u00e4dchen.<\/p>\n","protected":false},"author":25,"featured_media":0,"comment_status":"open","ping_status":"open","sticky":false,"template":"","format":"standard","meta":{"_et_pb_use_builder":"on","_et_pb_old_content":"","_et_gb_content_width":"2880","footnotes":""},"categories":[235,236],"tags":[],"class_list":["post-30492","post","type-post","status-publish","format-standard","hentry","category-gesundheit-und-rauchstopp","category-nicht-kategorisiert"],"yoast_head":"<!-- This site is optimized with the Yoast SEO plugin v26.2 - https:\/\/yoast.com\/wordpress\/plugins\/seo\/ -->\n<title>Am 8.3. ist Internationaler Weltfrauentag - Rauchfrei Telefon<\/title>\n<meta name=\"robots\" content=\"index, follow, max-snippet:-1, max-image-preview:large, max-video-preview:-1\" \/>\n<link rel=\"canonical\" href=\"https:\/\/rauchfrei.at\/am-8-3-ist-internationaler-weltfrauentag\/\" \/>\n<meta property=\"og:locale\" content=\"en_US\" \/>\n<meta property=\"og:type\" content=\"article\" \/>\n<meta property=\"og:title\" content=\"Am 8.3. ist Internationaler Weltfrauentag - Rauchfrei Telefon\" \/>\n<meta property=\"og:description\" content=\"Das Motto des diesj\u00e4hrigen Weltfrauentages lautet: \u201eF\u00fcr ALLE Frauen und M\u00e4dchen: Rechte. Gleichheit. Erm\u00e4chtigung\u201c. Es wird dazu aufgerufen, gleiche Rechte, Macht und Chancen f\u00fcr alle zu verwirklichen. Im Mittelpunkt dieser Vision steht die St\u00e4rkung der n\u00e4chsten Generation junger Frauen und M\u00e4dchen.\" \/>\n<meta property=\"og:url\" content=\"https:\/\/rauchfrei.at\/am-8-3-ist-internationaler-weltfrauentag\/\" \/>\n<meta property=\"og:site_name\" content=\"Rauchfrei Telefon\" \/>\n<meta property=\"article:published_time\" content=\"2025-03-08T11:28:31+00:00\" \/>\n<meta name=\"author\" content=\"Rauchfrei Team\" \/>\n<meta name=\"twitter:card\" content=\"summary_large_image\" \/>\n<meta name=\"twitter:label1\" content=\"Written by\" \/>\n\t<meta name=\"twitter:data1\" content=\"Rauchfrei Team\" \/>\n\t<meta name=\"twitter:label2\" content=\"Est. reading time\" \/>\n\t<meta name=\"twitter:data2\" content=\"2 minutes\" \/>\n<script type=\"application\/ld+json\" class=\"yoast-schema-graph\">{\"@context\":\"https:\/\/schema.org\",\"@graph\":[{\"@type\":\"WebPage\",\"@id\":\"https:\/\/rauchfrei.at\/am-8-3-ist-internationaler-weltfrauentag\/\",\"url\":\"https:\/\/rauchfrei.at\/am-8-3-ist-internationaler-weltfrauentag\/\",\"name\":\"Am 8.3. ist Internationaler Weltfrauentag - Rauchfrei Telefon\",\"isPartOf\":{\"@id\":\"https:\/\/rauchfrei.at\/#website\"},\"datePublished\":\"2025-03-08T11:28:31+00:00\",\"author\":{\"@id\":\"https:\/\/rauchfrei.at\/#\/schema\/person\/504bbf90c5482004fc09aef6de7f9277\"},\"inLanguage\":\"en-US\",\"potentialAction\":[{\"@type\":\"ReadAction\",\"target\":[\"https:\/\/rauchfrei.at\/am-8-3-ist-internationaler-weltfrauentag\/\"]}]},{\"@type\":\"WebSite\",\"@id\":\"https:\/\/rauchfrei.at\/#website\",\"url\":\"https:\/\/rauchfrei.at\/\",\"name\":\"Rauchfrei Telefon\",\"description\":\"Eine \u00f6sterreichweite Initiative der Sozialversicherungen.\",\"potentialAction\":[{\"@type\":\"SearchAction\",\"target\":{\"@type\":\"EntryPoint\",\"urlTemplate\":\"https:\/\/rauchfrei.at\/?s={search_term_string}\"},\"query-input\":{\"@type\":\"PropertyValueSpecification\",\"valueRequired\":true,\"valueName\":\"search_term_string\"}}],\"inLanguage\":\"en-US\"},{\"@type\":\"Person\",\"@id\":\"https:\/\/rauchfrei.at\/#\/schema\/person\/504bbf90c5482004fc09aef6de7f9277\",\"name\":\"Rauchfrei Team\",\"image\":{\"@type\":\"ImageObject\",\"inLanguage\":\"en-US\",\"@id\":\"https:\/\/rauchfrei.at\/#\/schema\/person\/image\/\",\"url\":\"https:\/\/secure.gravatar.com\/avatar\/2115b79a00800516fa1523bb5a329611f90e73e89be559131fc7e82b4fdc95ff?s=96&d=mm&r=g\",\"contentUrl\":\"https:\/\/secure.gravatar.com\/avatar\/2115b79a00800516fa1523bb5a329611f90e73e89be559131fc7e82b4fdc95ff?s=96&d=mm&r=g\",\"caption\":\"Rauchfrei Team\"},\"url\":\"https:\/\/rauchfrei.at\/en\/author\/rauchfrei-team\/\"}]}<\/script>\n<!-- \/ Yoast SEO plugin. -->","yoast_head_json":{"title":"Am 8.3. ist Internationaler Weltfrauentag - Rauchfrei Telefon","robots":{"index":"index","follow":"follow","max-snippet":"max-snippet:-1","max-image-preview":"max-image-preview:large","max-video-preview":"max-video-preview:-1"},"canonical":"https:\/\/rauchfrei.at\/am-8-3-ist-internationaler-weltfrauentag\/","og_locale":"en_US","og_type":"article","og_title":"Am 8.3. ist Internationaler Weltfrauentag - Rauchfrei Telefon","og_description":"Das Motto des diesj\u00e4hrigen Weltfrauentages lautet: \u201eF\u00fcr ALLE Frauen und M\u00e4dchen: Rechte. Gleichheit. Erm\u00e4chtigung\u201c. Es wird dazu aufgerufen, gleiche Rechte, Macht und Chancen f\u00fcr alle zu verwirklichen. Im Mittelpunkt dieser Vision steht die St\u00e4rkung der n\u00e4chsten Generation junger Frauen und M\u00e4dchen.","og_url":"https:\/\/rauchfrei.at\/am-8-3-ist-internationaler-weltfrauentag\/","og_site_name":"Rauchfrei Telefon","article_published_time":"2025-03-08T11:28:31+00:00","author":"Rauchfrei Team","twitter_card":"summary_large_image","twitter_misc":{"Written by":"Rauchfrei Team","Est. reading time":"2 minutes"},"schema":{"@context":"https:\/\/schema.org","@graph":[{"@type":"WebPage","@id":"https:\/\/rauchfrei.at\/am-8-3-ist-internationaler-weltfrauentag\/","url":"https:\/\/rauchfrei.at\/am-8-3-ist-internationaler-weltfrauentag\/","name":"Am 8.3. ist Internationaler Weltfrauentag - Rauchfrei Telefon","isPartOf":{"@id":"https:\/\/rauchfrei.at\/#website"},"datePublished":"2025-03-08T11:28:31+00:00","author":{"@id":"https:\/\/rauchfrei.at\/#\/schema\/person\/504bbf90c5482004fc09aef6de7f9277"},"inLanguage":"en-US","potentialAction":[{"@type":"ReadAction","target":["https:\/\/rauchfrei.at\/am-8-3-ist-internationaler-weltfrauentag\/"]}]},{"@type":"WebSite","@id":"https:\/\/rauchfrei.at\/#website","url":"https:\/\/rauchfrei.at\/","name":"Rauchfrei Telefon","description":"Eine \u00f6sterreichweite Initiative der Sozialversicherungen.","potentialAction":[{"@type":"SearchAction","target":{"@type":"EntryPoint","urlTemplate":"https:\/\/rauchfrei.at\/?s={search_term_string}"},"query-input":{"@type":"PropertyValueSpecification","valueRequired":true,"valueName":"search_term_string"}}],"inLanguage":"en-US"},{"@type":"Person","@id":"https:\/\/rauchfrei.at\/#\/schema\/person\/504bbf90c5482004fc09aef6de7f9277","name":"Rauchfrei Team","image":{"@type":"ImageObject","inLanguage":"en-US","@id":"https:\/\/rauchfrei.at\/#\/schema\/person\/image\/","url":"https:\/\/secure.gravatar.com\/avatar\/2115b79a00800516fa1523bb5a329611f90e73e89be559131fc7e82b4fdc95ff?s=96&d=mm&r=g","contentUrl":"https:\/\/secure.gravatar.com\/avatar\/2115b79a00800516fa1523bb5a329611f90e73e89be559131fc7e82b4fdc95ff?s=96&d=mm&r=g","caption":"Rauchfrei Team"},"url":"https:\/\/rauchfrei.at\/en\/author\/rauchfrei-team\/"}]}},"_links":{"self":[{"href":"https:\/\/rauchfrei.at\/en\/wp-json\/wp\/v2\/posts\/30492","targetHints":{"allow":["GET"]}}],"collection":[{"href":"https:\/\/rauchfrei.at\/en\/wp-json\/wp\/v2\/posts"}],"about":[{"href":"https:\/\/rauchfrei.at\/en\/wp-json\/wp\/v2\/types\/post"}],"author":[{"embeddable":true,"href":"https:\/\/rauchfrei.at\/en\/wp-json\/wp\/v2\/users\/25"}],"replies":[{"embeddable":true,"href":"https:\/\/rauchfrei.at\/en\/wp-json\/wp\/v2\/comments?post=30492"}],"version-history":[{"count":6,"href":"https:\/\/rauchfrei.at\/en\/wp-json\/wp\/v2\/posts\/30492\/revisions"}],"predecessor-version":[{"id":30517,"href":"https:\/\/rauchfrei.at\/en\/wp-json\/wp\/v2\/posts\/30492\/revisions\/30517"}],"wp:attachment":[{"href":"https:\/\/rauchfrei.at\/en\/wp-json\/wp\/v2\/media?parent=30492"}],"wp:term":[{"taxonomy":"category","embeddable":true,"href":"https:\/\/rauchfrei.at\/en\/wp-json\/wp\/v2\/categories?post=30492"},{"taxonomy":"post_tag","embeddable":true,"href":"https:\/\/rauchfrei.at\/en\/wp-json\/wp\/v2\/tags?post=30492"}],"curies":[{"name":"wp","href":"https:\/\/api.w.org\/{rel}","templated":true}]}}