
{"id":30575,"date":"2025-03-20T17:52:59","date_gmt":"2025-03-20T15:52:59","guid":{"rendered":"https:\/\/rauchfrei.at\/?p=30575"},"modified":"2025-03-28T12:37:30","modified_gmt":"2025-03-28T10:37:30","slug":"neubeginn-mit-der-kraft-des-fruehlings","status":"publish","type":"post","link":"https:\/\/rauchfrei.at\/en\/neubeginn-mit-der-kraft-des-fruehlings\/","title":{"rendered":"Neubeginn mit der Kraft des Fr\u00fchlings!"},"content":{"rendered":"<p>[et_pb_section fb_built=&#8221;1&#8243; module_class=&#8221;header&#8221; _builder_version=&#8221;4.16&#8243; global_colors_info=&#8221;{}&#8221;][et_pb_row _builder_version=&#8221;4.16&#8243; global_colors_info=&#8221;{}&#8221;][et_pb_column type=&#8221;4_4&#8243; _builder_version=&#8221;4.16&#8243; custom_padding=&#8221;|||&#8221; global_colors_info=&#8221;{}&#8221; custom_padding__hover=&#8221;|||&#8221;][et_pb_dp_dmb_module_10001 subheadline=&#8221;Wie man den \u201eNeu-Start\u201c (\u201eSchwung\u201c) des Fr\u00fchlings f\u00fcr neue gesunde Gewohnheiten nutzen kann&#8221; _builder_version=&#8221;4.27.4&#8243; global_colors_info=&#8221;{}&#8221;][\/et_pb_dp_dmb_module_10001][\/et_pb_column][\/et_pb_row][\/et_pb_section][et_pb_section fb_built=&#8221;1&#8243; _builder_version=&#8221;4.16&#8243; custom_padding=&#8221;30px|||&#8221; global_colors_info=&#8221;{}&#8221;][et_pb_row column_structure=&#8221;2_3,1_3&#8243; _builder_version=&#8221;4.16&#8243; global_colors_info=&#8221;{}&#8221;][et_pb_column type=&#8221;2_3&#8243; module_class=&#8221;blog-content&#8221; _builder_version=&#8221;4.16&#8243; custom_padding=&#8221;|||&#8221; global_colors_info=&#8221;{}&#8221; custom_padding__hover=&#8221;|||&#8221;][et_pb_text _builder_version=&#8221;4.27.4&#8243; global_colors_info=&#8221;{}&#8221;]<\/p>\n<p>Der Fr\u00fchling bietet sich f\u00fcr einen Neubeginn an. Achtsamer Umgang mit sich selber und seiner Umwelt hilft dabei, alte Verhaltensweisen zu \u00e4ndern und durch neue gesunde Rituale zu ersetzen.\u00a0<\/p>\n<p>\u00dcberlegen Sie zuerst in welchen Situationen Sie bisher geraucht\/Nikotin konsumiert haben und f\u00fchren Sie ein Protokoll. (Mehr dazu: https:\/\/rauchfrei.at\/aufhoeren\/warum-rauche-ich\/)<\/p>\n<p>Warten Sie bei Rauchverlangen etwa 10-15 Minuten ab und sp\u00fcren Sie, ob das Verlangen nach Nikotin kleiner geworden ist?\u00a0<\/p>\n<p>Auch Ablenken- mit der Kraft der Natur beispielweise \u2013f\u00fchrt zu Entspannung auch ohne Tabak oder Nikotin: schaffen Sie sich gezielt Pausen, in denen Sie statt Rauchen einfach vor die T\u00fcre gehen und Frischluft inhalieren oder den Kopf ausl\u00fcften. Nach ein paar Wiederholungen werden Sie bemerken, wie gut das tut!<\/p>\n<p>Am besten funktioniert das mit neuen Gewohnheiten, die das Streichen der gewohnten ungesunden Rituale erleichtern.\u00a0<\/p>\n<blockquote>\n<p>Beispiele gef\u00e4llig?<\/p>\n<\/blockquote>\n<p>* <strong>Morgens<\/strong> zum Kaffee statt rauchen bewusst Fr\u00fchlings-Vogelgezwitscher lauschen.<\/p>\n<p>* <strong>Zwischendurch<\/strong>\u00a0tief durchatmen, strecken, dehnen und g\u00e4hnen<\/p>\n<p>* <strong>Mittags<\/strong> einen gew\u00e4sserten Obst\/Gem\u00fcsesaft schluckweise trinken um die Verdauung anzukurbeln<\/p>\n<p>* <strong>Nachmittags<\/strong>\u00a0einen kalten \u201eKneipp`schen Espresso\u201c anstelle eines warmen Espressos: Dazu zum n\u00e4chsten Waschbecken gehen und eine schnelle Kneipp-Kur durch Laufen von kaltem Wasser \u00fcber die Unterarme versuchen. Dazwischen den Wasserstrahl stoppen, bewusst nachsp\u00fcren und durchatmen. Das erfrischt nach mehrmaliger Anwendung bis in den Kopf hinauf und macht wieder munter!<\/p>\n<p>* <strong>Abends<\/strong> den Sonnenuntergang beobachten und dazu passend davor auch bewusst alle technischen Ger\u00e4te abschalten. Computer, Handy etc. f\u00fchren erwiesenerma\u00dfen zu schlechterer Schlafqualit\u00e4t.\u00a0 Nun werden die Tage automatisch wieder l\u00e4nger und heller, da gelingt es leichter.<\/p>\n<p>Auch wenn es nicht sofort klappt, alte durch neue Gewohnheiten zu ersetzen &#8211; geben Sie nicht auf! Es lohnt sich durch Wiederholung die neuen Verhaltensweisen zu trainieren, um sie dadurch im Alltag zu etablieren.\u00a0<\/p>\n<p>\u00a0<span style=\"font-size: 14px;\">\u00a0<\/span><\/p>\n<p><span style=\"font-size: 14px;\">Hier finden sie das <\/span><a href=\"https:\/\/rauchfrei.at\/wp-content\/uploads\/rauchprotokoll.pdf\" target=\"_blank\" rel=\"noopener\" style=\"font-size: 14px;\">Rauchprotokoll<\/a><\/p>\n<p>&nbsp;<\/p>\n<p>[\/et_pb_text][et_pb_post_nav in_same_term=&#8221;off&#8221; _builder_version=&#8221;4.16&#8243; global_colors_info=&#8221;{}&#8221;][\/et_pb_post_nav][\/et_pb_column][et_pb_column type=&#8221;1_3&#8243; module_class=&#8221;cat-and-tag&#8221; _builder_version=&#8221;4.16&#8243; custom_padding=&#8221;|||&#8221; global_colors_info=&#8221;{}&#8221; custom_padding__hover=&#8221;|||&#8221;][et_pb_dp_dmb_module_10093 farbe=&#8221;blitzgelb&#8221; headline=&#8221;Trauen Sie sich den Rauchstopp zu!&#8221; image=&#8221;https:\/\/rauchfrei.at\/wp-content\/uploads\/Quitting-Yellow.png&#8221; image_position=&#8221;center&#8221; link_text=&#8221;mehr&#8221; link_url=&#8221;https:\/\/rauchfrei.at\/aufhoeren\/schritte-zum-rauchstopp\/trauen-sie-sich-den-rauchstopp-zu\/&#8221; admin_label=&#8221;Trauen Sie sich den Rauchstopp zu&#8221; _builder_version=&#8221;4.23.1&#8243; global_module=&#8221;13173&#8243; saved_tabs=&#8221;all&#8221; global_colors_info=&#8221;{}&#8221;]<\/p>\n<p>Wollen Sie etwas \u00e4ndern? Worauf warten Sie?<\/p>\n<p>[\/et_pb_dp_dmb_module_10093][\/et_pb_column][\/et_pb_row][\/et_pb_section]<\/p>\n","protected":false},"excerpt":{"rendered":"<p>Jetzt ist die perfekte Jahreszeit, um Verhaltensweisen zu \u00e4ndern und bewusst mehr Leichtigkeit &#038; Freiheit in den Lebensalltag zu bringen. Wie ist das umsetzbar und welche neue Gewohnheiten sind hilfreich?<\/p>\n","protected":false},"author":25,"featured_media":0,"comment_status":"open","ping_status":"open","sticky":false,"template":"","format":"standard","meta":{"_et_pb_use_builder":"on","_et_pb_old_content":"","_et_gb_content_width":"2880","footnotes":""},"categories":[236],"tags":[],"class_list":["post-30575","post","type-post","status-publish","format-standard","hentry","category-nicht-kategorisiert"],"yoast_head":"<!-- This site is optimized with the Yoast SEO plugin v26.2 - https:\/\/yoast.com\/wordpress\/plugins\/seo\/ -->\n<title>Neubeginn mit der Kraft des Fr\u00fchlings! - Rauchfrei Telefon<\/title>\n<meta name=\"robots\" content=\"index, follow, max-snippet:-1, max-image-preview:large, max-video-preview:-1\" \/>\n<link rel=\"canonical\" href=\"https:\/\/rauchfrei.at\/neubeginn-mit-der-kraft-des-fruehlings\/\" \/>\n<meta property=\"og:locale\" content=\"en_US\" \/>\n<meta property=\"og:type\" content=\"article\" \/>\n<meta property=\"og:title\" content=\"Neubeginn mit der Kraft des Fr\u00fchlings! - Rauchfrei Telefon\" \/>\n<meta property=\"og:description\" content=\"Jetzt ist die perfekte Jahreszeit, um Verhaltensweisen zu \u00e4ndern und bewusst mehr Leichtigkeit &amp; Freiheit in den Lebensalltag zu bringen. Wie ist das umsetzbar und welche neue Gewohnheiten sind hilfreich?\" \/>\n<meta property=\"og:url\" content=\"https:\/\/rauchfrei.at\/neubeginn-mit-der-kraft-des-fruehlings\/\" \/>\n<meta property=\"og:site_name\" content=\"Rauchfrei Telefon\" \/>\n<meta property=\"article:published_time\" content=\"2025-03-20T15:52:59+00:00\" \/>\n<meta property=\"article:modified_time\" content=\"2025-03-28T10:37:30+00:00\" \/>\n<meta name=\"author\" content=\"Rauchfrei Team\" \/>\n<meta name=\"twitter:card\" content=\"summary_large_image\" \/>\n<meta name=\"twitter:label1\" content=\"Written by\" \/>\n\t<meta name=\"twitter:data1\" content=\"Rauchfrei Team\" \/>\n\t<meta name=\"twitter:label2\" content=\"Est. reading time\" \/>\n\t<meta name=\"twitter:data2\" content=\"3 minutes\" \/>\n<script type=\"application\/ld+json\" class=\"yoast-schema-graph\">{\"@context\":\"https:\/\/schema.org\",\"@graph\":[{\"@type\":\"WebPage\",\"@id\":\"https:\/\/rauchfrei.at\/neubeginn-mit-der-kraft-des-fruehlings\/\",\"url\":\"https:\/\/rauchfrei.at\/neubeginn-mit-der-kraft-des-fruehlings\/\",\"name\":\"Neubeginn mit der Kraft des Fr\u00fchlings! - Rauchfrei Telefon\",\"isPartOf\":{\"@id\":\"https:\/\/rauchfrei.at\/#website\"},\"datePublished\":\"2025-03-20T15:52:59+00:00\",\"dateModified\":\"2025-03-28T10:37:30+00:00\",\"author\":{\"@id\":\"https:\/\/rauchfrei.at\/#\/schema\/person\/504bbf90c5482004fc09aef6de7f9277\"},\"inLanguage\":\"en-US\",\"potentialAction\":[{\"@type\":\"ReadAction\",\"target\":[\"https:\/\/rauchfrei.at\/neubeginn-mit-der-kraft-des-fruehlings\/\"]}]},{\"@type\":\"WebSite\",\"@id\":\"https:\/\/rauchfrei.at\/#website\",\"url\":\"https:\/\/rauchfrei.at\/\",\"name\":\"Rauchfrei Telefon\",\"description\":\"Eine \u00f6sterreichweite Initiative der Sozialversicherungen.\",\"potentialAction\":[{\"@type\":\"SearchAction\",\"target\":{\"@type\":\"EntryPoint\",\"urlTemplate\":\"https:\/\/rauchfrei.at\/?s={search_term_string}\"},\"query-input\":{\"@type\":\"PropertyValueSpecification\",\"valueRequired\":true,\"valueName\":\"search_term_string\"}}],\"inLanguage\":\"en-US\"},{\"@type\":\"Person\",\"@id\":\"https:\/\/rauchfrei.at\/#\/schema\/person\/504bbf90c5482004fc09aef6de7f9277\",\"name\":\"Rauchfrei Team\",\"image\":{\"@type\":\"ImageObject\",\"inLanguage\":\"en-US\",\"@id\":\"https:\/\/rauchfrei.at\/#\/schema\/person\/image\/\",\"url\":\"https:\/\/secure.gravatar.com\/avatar\/2115b79a00800516fa1523bb5a329611f90e73e89be559131fc7e82b4fdc95ff?s=96&d=mm&r=g\",\"contentUrl\":\"https:\/\/secure.gravatar.com\/avatar\/2115b79a00800516fa1523bb5a329611f90e73e89be559131fc7e82b4fdc95ff?s=96&d=mm&r=g\",\"caption\":\"Rauchfrei Team\"},\"url\":\"https:\/\/rauchfrei.at\/en\/author\/rauchfrei-team\/\"}]}<\/script>\n<!-- \/ Yoast SEO plugin. -->","yoast_head_json":{"title":"Neubeginn mit der Kraft des Fr\u00fchlings! - Rauchfrei Telefon","robots":{"index":"index","follow":"follow","max-snippet":"max-snippet:-1","max-image-preview":"max-image-preview:large","max-video-preview":"max-video-preview:-1"},"canonical":"https:\/\/rauchfrei.at\/neubeginn-mit-der-kraft-des-fruehlings\/","og_locale":"en_US","og_type":"article","og_title":"Neubeginn mit der Kraft des Fr\u00fchlings! - Rauchfrei Telefon","og_description":"Jetzt ist die perfekte Jahreszeit, um Verhaltensweisen zu \u00e4ndern und bewusst mehr Leichtigkeit & Freiheit in den Lebensalltag zu bringen. Wie ist das umsetzbar und welche neue Gewohnheiten sind hilfreich?","og_url":"https:\/\/rauchfrei.at\/neubeginn-mit-der-kraft-des-fruehlings\/","og_site_name":"Rauchfrei Telefon","article_published_time":"2025-03-20T15:52:59+00:00","article_modified_time":"2025-03-28T10:37:30+00:00","author":"Rauchfrei Team","twitter_card":"summary_large_image","twitter_misc":{"Written by":"Rauchfrei Team","Est. reading time":"3 minutes"},"schema":{"@context":"https:\/\/schema.org","@graph":[{"@type":"WebPage","@id":"https:\/\/rauchfrei.at\/neubeginn-mit-der-kraft-des-fruehlings\/","url":"https:\/\/rauchfrei.at\/neubeginn-mit-der-kraft-des-fruehlings\/","name":"Neubeginn mit der Kraft des Fr\u00fchlings! - Rauchfrei Telefon","isPartOf":{"@id":"https:\/\/rauchfrei.at\/#website"},"datePublished":"2025-03-20T15:52:59+00:00","dateModified":"2025-03-28T10:37:30+00:00","author":{"@id":"https:\/\/rauchfrei.at\/#\/schema\/person\/504bbf90c5482004fc09aef6de7f9277"},"inLanguage":"en-US","potentialAction":[{"@type":"ReadAction","target":["https:\/\/rauchfrei.at\/neubeginn-mit-der-kraft-des-fruehlings\/"]}]},{"@type":"WebSite","@id":"https:\/\/rauchfrei.at\/#website","url":"https:\/\/rauchfrei.at\/","name":"Rauchfrei Telefon","description":"Eine \u00f6sterreichweite Initiative der Sozialversicherungen.","potentialAction":[{"@type":"SearchAction","target":{"@type":"EntryPoint","urlTemplate":"https:\/\/rauchfrei.at\/?s={search_term_string}"},"query-input":{"@type":"PropertyValueSpecification","valueRequired":true,"valueName":"search_term_string"}}],"inLanguage":"en-US"},{"@type":"Person","@id":"https:\/\/rauchfrei.at\/#\/schema\/person\/504bbf90c5482004fc09aef6de7f9277","name":"Rauchfrei Team","image":{"@type":"ImageObject","inLanguage":"en-US","@id":"https:\/\/rauchfrei.at\/#\/schema\/person\/image\/","url":"https:\/\/secure.gravatar.com\/avatar\/2115b79a00800516fa1523bb5a329611f90e73e89be559131fc7e82b4fdc95ff?s=96&d=mm&r=g","contentUrl":"https:\/\/secure.gravatar.com\/avatar\/2115b79a00800516fa1523bb5a329611f90e73e89be559131fc7e82b4fdc95ff?s=96&d=mm&r=g","caption":"Rauchfrei Team"},"url":"https:\/\/rauchfrei.at\/en\/author\/rauchfrei-team\/"}]}},"_links":{"self":[{"href":"https:\/\/rauchfrei.at\/en\/wp-json\/wp\/v2\/posts\/30575","targetHints":{"allow":["GET"]}}],"collection":[{"href":"https:\/\/rauchfrei.at\/en\/wp-json\/wp\/v2\/posts"}],"about":[{"href":"https:\/\/rauchfrei.at\/en\/wp-json\/wp\/v2\/types\/post"}],"author":[{"embeddable":true,"href":"https:\/\/rauchfrei.at\/en\/wp-json\/wp\/v2\/users\/25"}],"replies":[{"embeddable":true,"href":"https:\/\/rauchfrei.at\/en\/wp-json\/wp\/v2\/comments?post=30575"}],"version-history":[{"count":9,"href":"https:\/\/rauchfrei.at\/en\/wp-json\/wp\/v2\/posts\/30575\/revisions"}],"predecessor-version":[{"id":30600,"href":"https:\/\/rauchfrei.at\/en\/wp-json\/wp\/v2\/posts\/30575\/revisions\/30600"}],"wp:attachment":[{"href":"https:\/\/rauchfrei.at\/en\/wp-json\/wp\/v2\/media?parent=30575"}],"wp:term":[{"taxonomy":"category","embeddable":true,"href":"https:\/\/rauchfrei.at\/en\/wp-json\/wp\/v2\/categories?post=30575"},{"taxonomy":"post_tag","embeddable":true,"href":"https:\/\/rauchfrei.at\/en\/wp-json\/wp\/v2\/tags?post=30575"}],"curies":[{"name":"wp","href":"https:\/\/api.w.org\/{rel}","templated":true}]}}