
{"id":30587,"date":"2025-04-07T08:00:00","date_gmt":"2025-04-07T06:00:00","guid":{"rendered":"https:\/\/rauchfrei.at\/?p=30587"},"modified":"2025-04-16T10:00:18","modified_gmt":"2025-04-16T08:00:18","slug":"weltgesundheitstag-7-april-2025","status":"publish","type":"post","link":"https:\/\/rauchfrei.at\/en\/weltgesundheitstag-7-april-2025\/","title":{"rendered":"Weltgesundheitstag \u2013 7. April 2025"},"content":{"rendered":"\n[et_pb_section fb_built=&#8221;1&#8243; module_class=&#8221;header&#8221; _builder_version=&#8221;4.16&#8243; global_colors_info=&#8221;{}&#8221;][et_pb_row _builder_version=&#8221;4.16&#8243; global_colors_info=&#8221;{}&#8221;][et_pb_column type=&#8221;4_4&#8243; _builder_version=&#8221;4.16&#8243; custom_padding=&#8221;|||&#8221; global_colors_info=&#8221;{}&#8221; custom_padding__hover=&#8221;|||&#8221;][et_pb_dp_dmb_module_10001 subheadline=&#8221; \u201eHealthy beginning\u201c- Start ohne Passivrauch &#038; Dritthandrauch&#8221; _builder_version=&#8221;4.27.4&#8243; global_colors_info=&#8221;{}&#8221;][\/et_pb_dp_dmb_module_10001][\/et_pb_column][\/et_pb_row][\/et_pb_section][et_pb_section fb_built=&#8221;1&#8243; _builder_version=&#8221;4.16&#8243; custom_padding=&#8221;30px|||&#8221; global_colors_info=&#8221;{}&#8221;][et_pb_row column_structure=&#8221;2_3,1_3&#8243; _builder_version=&#8221;4.16&#8243; global_colors_info=&#8221;{}&#8221;][et_pb_column type=&#8221;2_3&#8243; module_class=&#8221;blog-content&#8221; _builder_version=&#8221;4.16&#8243; custom_padding=&#8221;|||&#8221; global_colors_info=&#8221;{}&#8221; custom_padding__hover=&#8221;|||&#8221;][et_pb_text _builder_version=&#8221;4.27.4&#8243; global_colors_info=&#8221;{}&#8221;]<p>Der Weltgesundheitstag wird seit 1954 jedes Jahr am 7. April 2025 begangen.<\/p>\n<p>Durch internationale Themenschwerpunkte kann das Bewusstsein und Interesse der \u00d6ffentlichkeit f\u00fcr bestimmte Gesundheitsthemen geweckt werden und bietet mit Kampagnen, Tagungen und Kongressen einen guten Informationsaustausch dazu an.<\/p>\n<p>Passend zum diesj\u00e4hrigen Motto (\u201eHealthy beginning, hopeful futures\u201c) wollen wir auf die Bedeutung eines rauchfreien Lebens von Anfang an bzw. einen Lebensbeginn ohne Passivrauch und Dritthandrauch aufmerksam machen. \u00a0<\/p>\n<p>Die Chancen rauchfrei aufzuwachsen, erh\u00f6hen die M\u00f6glichkeit einer gesunden Zukunft.<\/p>\n<p>Das bedeutet keinen Giftstoffen und krebserregenden Inhaltsstoffen von Zigaretten in Form von Passivrauch oder Dritthandrauch ausgesetzt zu sein.<\/p>\n<p>Passivrauch ist das Einatmen von Tabakrauch aus der Raumluft. Als Dritthandrauch werden sch\u00e4dliche Feinstaubpartikel bezeichnet, die bei der Verbrennung von Zigaretten entstehen, sich zum Beispiel auf M\u00f6bel, Tapeten, Haut und Kleidung ablagern und noch Tage sp\u00e4ter eingeatmet bzw. aufgenommen werden k\u00f6nnen.<\/p>\n<p>Dieser Rauch enth\u00e4lt giftige und krebserregende Substanzen, die ein erhebliches Gesundheitsrisiko bedeuten. Gerade Kinder reagieren empfindlicher darauf als Erwachsene, weil sich ihr K\u00f6rper noch in Entwicklung befindet.<\/p>\n<p>Kinder, die Passivrauch ausgesetzt sind, haben unter anderem eine erh\u00f6hte Infektanf\u00e4lligkeit und ein erh\u00f6htes Risiko f\u00fcr:<\/p>\n<ul>\n<li>Atemwegsprobleme (Bronchitis, Lungenentz\u00fcndung, Asthma)<\/li>\n<li>Mittelohrentz\u00fcndungen<\/li>\n<li>Schwindel, Bauch- &amp; Kopfschmerzen<\/li>\n<li>Konzentrationsst\u00f6rungen<\/li>\n<li>Kariesentwicklung<\/li>\n<\/ul>\n<p>Sorgen Sie f\u00fcr eine rauchfreie Umgebung und seien Sie selbst Vorbild mit einem nikotinfreien Leben.<\/p>\n<p>Wir m\u00f6chten Sie dazu ermutigen, den Nikotinstopp umzusetzen. Gerne unterst\u00fctzen wir Sie dabei! Sie erreichen uns von Mo-Fr (10-18h) unter der Telefonnummer: 0800 810 013.<\/p>\n<p>Link:<\/p>\n<p><a href=\"https:\/\/rauchfrei.at\/wp-content\/uploads\/Folder_Schwangerschaft_web-5.pdf\">Rauchfrei f\u00fcr mich und mein Kind<\/a><a href=\"https:\/\/rauchfrei.at\/fakten\/passivrauch\/\">\u00a0(Informationsfolder)<\/a><\/p>\n<p>&nbsp;<\/p>\n<p>&nbsp;<\/p>\n<p>&nbsp;<\/p>\n<p>&nbsp;<\/p>[\/et_pb_text][et_pb_post_nav in_same_term=&#8221;off&#8221; _builder_version=&#8221;4.16&#8243; global_colors_info=&#8221;{}&#8221;][\/et_pb_post_nav][\/et_pb_column][et_pb_column type=&#8221;1_3&#8243; module_class=&#8221;cat-and-tag&#8221; _builder_version=&#8221;4.16&#8243; custom_padding=&#8221;|||&#8221; global_colors_info=&#8221;{}&#8221; custom_padding__hover=&#8221;|||&#8221;][et_pb_dp_dmb_module_10093 farbe=&#8221;blitzblau&#8221; headline=&#8221;Passivrauch&#8221; image=&#8221;https:\/\/rauchfrei.at\/wp-content\/uploads\/passivrauch-rauchfrei-fuer-alle.png&#8221; image_position=&#8221;center&#8221; link_text=&#8221;mehr&#8221; link_url=&#8221;https:\/\/rauchfrei.at\/fakten\/passivrauch\/&#8221; image_size=&#8221;70&#8243; admin_label=&#8221;Passivrauch&#8221; _builder_version=&#8221;3.19.15&#8243; global_module=&#8221;13172&#8243; saved_tabs=&#8221;all&#8221; global_colors_info=&#8221;{}&#8221;]<p>Rauch ist giftig, niemand sollte ihn einatmen!<\/p>\n[\/et_pb_dp_dmb_module_10093][\/et_pb_column][\/et_pb_row][\/et_pb_section]\n","protected":false},"excerpt":{"rendered":"<p>Der Weltgesundheitstag findet am 7. April 2025 statt.<br \/>\nSein diesj\u00e4hriges- ins Deutsche \u00fcbersetzte- Motto lautet \u201eGesunde Anf\u00e4nge, hoffnungsvolle Zukunft\u201c.<br \/>\nAuch in einer rauchfreien Umgebung aufzuwachsen, bedeutet f\u00fcr Neugeborene eine weitere wichtige und unterst\u00fctzende Chance f\u00fcr einen gesunden Start ins Leben.<\/p>\n","protected":false},"author":25,"featured_media":0,"comment_status":"open","ping_status":"open","sticky":false,"template":"","format":"standard","meta":{"_et_pb_use_builder":"on","_et_pb_old_content":"","_et_gb_content_width":"2880","footnotes":""},"categories":[235,236],"tags":[],"class_list":["post-30587","post","type-post","status-publish","format-standard","hentry","category-gesundheit-und-rauchstopp","category-nicht-kategorisiert"],"yoast_head":"<!-- This site is optimized with the Yoast SEO plugin v26.2 - https:\/\/yoast.com\/wordpress\/plugins\/seo\/ -->\n<title>Weltgesundheitstag \u2013 7. April 2025 - Rauchfrei Telefon<\/title>\n<meta name=\"robots\" content=\"index, follow, max-snippet:-1, max-image-preview:large, max-video-preview:-1\" \/>\n<link rel=\"canonical\" href=\"https:\/\/rauchfrei.at\/weltgesundheitstag-7-april-2025\/\" \/>\n<meta property=\"og:locale\" content=\"en_US\" \/>\n<meta property=\"og:type\" content=\"article\" \/>\n<meta property=\"og:title\" content=\"Weltgesundheitstag \u2013 7. April 2025 - Rauchfrei Telefon\" \/>\n<meta property=\"og:description\" content=\"Der Weltgesundheitstag findet am 7. April 2025 statt. Sein diesj\u00e4hriges- ins Deutsche \u00fcbersetzte- Motto lautet \u201eGesunde Anf\u00e4nge, hoffnungsvolle Zukunft\u201c. Auch in einer rauchfreien Umgebung aufzuwachsen, bedeutet f\u00fcr Neugeborene eine weitere wichtige und unterst\u00fctzende Chance f\u00fcr einen gesunden Start ins Leben.\" \/>\n<meta property=\"og:url\" content=\"https:\/\/rauchfrei.at\/weltgesundheitstag-7-april-2025\/\" \/>\n<meta property=\"og:site_name\" content=\"Rauchfrei Telefon\" \/>\n<meta property=\"article:published_time\" content=\"2025-04-07T06:00:00+00:00\" \/>\n<meta property=\"article:modified_time\" content=\"2025-04-16T08:00:18+00:00\" \/>\n<meta name=\"author\" content=\"Rauchfrei Team\" \/>\n<meta name=\"twitter:card\" content=\"summary_large_image\" \/>\n<meta name=\"twitter:label1\" content=\"Written by\" \/>\n\t<meta name=\"twitter:data1\" content=\"Rauchfrei Team\" \/>\n\t<meta name=\"twitter:label2\" content=\"Est. reading time\" \/>\n\t<meta name=\"twitter:data2\" content=\"2 minutes\" \/>\n<script type=\"application\/ld+json\" class=\"yoast-schema-graph\">{\"@context\":\"https:\/\/schema.org\",\"@graph\":[{\"@type\":\"WebPage\",\"@id\":\"https:\/\/rauchfrei.at\/weltgesundheitstag-7-april-2025\/\",\"url\":\"https:\/\/rauchfrei.at\/weltgesundheitstag-7-april-2025\/\",\"name\":\"Weltgesundheitstag \u2013 7. April 2025 - Rauchfrei Telefon\",\"isPartOf\":{\"@id\":\"https:\/\/rauchfrei.at\/#website\"},\"datePublished\":\"2025-04-07T06:00:00+00:00\",\"dateModified\":\"2025-04-16T08:00:18+00:00\",\"author\":{\"@id\":\"https:\/\/rauchfrei.at\/#\/schema\/person\/504bbf90c5482004fc09aef6de7f9277\"},\"inLanguage\":\"en-US\",\"potentialAction\":[{\"@type\":\"ReadAction\",\"target\":[\"https:\/\/rauchfrei.at\/weltgesundheitstag-7-april-2025\/\"]}]},{\"@type\":\"WebSite\",\"@id\":\"https:\/\/rauchfrei.at\/#website\",\"url\":\"https:\/\/rauchfrei.at\/\",\"name\":\"Rauchfrei Telefon\",\"description\":\"Eine \u00f6sterreichweite Initiative der Sozialversicherungen.\",\"potentialAction\":[{\"@type\":\"SearchAction\",\"target\":{\"@type\":\"EntryPoint\",\"urlTemplate\":\"https:\/\/rauchfrei.at\/?s={search_term_string}\"},\"query-input\":{\"@type\":\"PropertyValueSpecification\",\"valueRequired\":true,\"valueName\":\"search_term_string\"}}],\"inLanguage\":\"en-US\"},{\"@type\":\"Person\",\"@id\":\"https:\/\/rauchfrei.at\/#\/schema\/person\/504bbf90c5482004fc09aef6de7f9277\",\"name\":\"Rauchfrei Team\",\"image\":{\"@type\":\"ImageObject\",\"inLanguage\":\"en-US\",\"@id\":\"https:\/\/rauchfrei.at\/#\/schema\/person\/image\/\",\"url\":\"https:\/\/secure.gravatar.com\/avatar\/2115b79a00800516fa1523bb5a329611f90e73e89be559131fc7e82b4fdc95ff?s=96&d=mm&r=g\",\"contentUrl\":\"https:\/\/secure.gravatar.com\/avatar\/2115b79a00800516fa1523bb5a329611f90e73e89be559131fc7e82b4fdc95ff?s=96&d=mm&r=g\",\"caption\":\"Rauchfrei Team\"},\"url\":\"https:\/\/rauchfrei.at\/en\/author\/rauchfrei-team\/\"}]}<\/script>\n<!-- \/ Yoast SEO plugin. -->","yoast_head_json":{"title":"Weltgesundheitstag \u2013 7. April 2025 - Rauchfrei Telefon","robots":{"index":"index","follow":"follow","max-snippet":"max-snippet:-1","max-image-preview":"max-image-preview:large","max-video-preview":"max-video-preview:-1"},"canonical":"https:\/\/rauchfrei.at\/weltgesundheitstag-7-april-2025\/","og_locale":"en_US","og_type":"article","og_title":"Weltgesundheitstag \u2013 7. April 2025 - Rauchfrei Telefon","og_description":"Der Weltgesundheitstag findet am 7. April 2025 statt. Sein diesj\u00e4hriges- ins Deutsche \u00fcbersetzte- Motto lautet \u201eGesunde Anf\u00e4nge, hoffnungsvolle Zukunft\u201c. Auch in einer rauchfreien Umgebung aufzuwachsen, bedeutet f\u00fcr Neugeborene eine weitere wichtige und unterst\u00fctzende Chance f\u00fcr einen gesunden Start ins Leben.","og_url":"https:\/\/rauchfrei.at\/weltgesundheitstag-7-april-2025\/","og_site_name":"Rauchfrei Telefon","article_published_time":"2025-04-07T06:00:00+00:00","article_modified_time":"2025-04-16T08:00:18+00:00","author":"Rauchfrei Team","twitter_card":"summary_large_image","twitter_misc":{"Written by":"Rauchfrei Team","Est. reading time":"2 minutes"},"schema":{"@context":"https:\/\/schema.org","@graph":[{"@type":"WebPage","@id":"https:\/\/rauchfrei.at\/weltgesundheitstag-7-april-2025\/","url":"https:\/\/rauchfrei.at\/weltgesundheitstag-7-april-2025\/","name":"Weltgesundheitstag \u2013 7. April 2025 - Rauchfrei Telefon","isPartOf":{"@id":"https:\/\/rauchfrei.at\/#website"},"datePublished":"2025-04-07T06:00:00+00:00","dateModified":"2025-04-16T08:00:18+00:00","author":{"@id":"https:\/\/rauchfrei.at\/#\/schema\/person\/504bbf90c5482004fc09aef6de7f9277"},"inLanguage":"en-US","potentialAction":[{"@type":"ReadAction","target":["https:\/\/rauchfrei.at\/weltgesundheitstag-7-april-2025\/"]}]},{"@type":"WebSite","@id":"https:\/\/rauchfrei.at\/#website","url":"https:\/\/rauchfrei.at\/","name":"Rauchfrei Telefon","description":"Eine \u00f6sterreichweite Initiative der Sozialversicherungen.","potentialAction":[{"@type":"SearchAction","target":{"@type":"EntryPoint","urlTemplate":"https:\/\/rauchfrei.at\/?s={search_term_string}"},"query-input":{"@type":"PropertyValueSpecification","valueRequired":true,"valueName":"search_term_string"}}],"inLanguage":"en-US"},{"@type":"Person","@id":"https:\/\/rauchfrei.at\/#\/schema\/person\/504bbf90c5482004fc09aef6de7f9277","name":"Rauchfrei Team","image":{"@type":"ImageObject","inLanguage":"en-US","@id":"https:\/\/rauchfrei.at\/#\/schema\/person\/image\/","url":"https:\/\/secure.gravatar.com\/avatar\/2115b79a00800516fa1523bb5a329611f90e73e89be559131fc7e82b4fdc95ff?s=96&d=mm&r=g","contentUrl":"https:\/\/secure.gravatar.com\/avatar\/2115b79a00800516fa1523bb5a329611f90e73e89be559131fc7e82b4fdc95ff?s=96&d=mm&r=g","caption":"Rauchfrei Team"},"url":"https:\/\/rauchfrei.at\/en\/author\/rauchfrei-team\/"}]}},"_links":{"self":[{"href":"https:\/\/rauchfrei.at\/en\/wp-json\/wp\/v2\/posts\/30587","targetHints":{"allow":["GET"]}}],"collection":[{"href":"https:\/\/rauchfrei.at\/en\/wp-json\/wp\/v2\/posts"}],"about":[{"href":"https:\/\/rauchfrei.at\/en\/wp-json\/wp\/v2\/types\/post"}],"author":[{"embeddable":true,"href":"https:\/\/rauchfrei.at\/en\/wp-json\/wp\/v2\/users\/25"}],"replies":[{"embeddable":true,"href":"https:\/\/rauchfrei.at\/en\/wp-json\/wp\/v2\/comments?post=30587"}],"version-history":[{"count":6,"href":"https:\/\/rauchfrei.at\/en\/wp-json\/wp\/v2\/posts\/30587\/revisions"}],"predecessor-version":[{"id":30626,"href":"https:\/\/rauchfrei.at\/en\/wp-json\/wp\/v2\/posts\/30587\/revisions\/30626"}],"wp:attachment":[{"href":"https:\/\/rauchfrei.at\/en\/wp-json\/wp\/v2\/media?parent=30587"}],"wp:term":[{"taxonomy":"category","embeddable":true,"href":"https:\/\/rauchfrei.at\/en\/wp-json\/wp\/v2\/categories?post=30587"},{"taxonomy":"post_tag","embeddable":true,"href":"https:\/\/rauchfrei.at\/en\/wp-json\/wp\/v2\/tags?post=30587"}],"curies":[{"name":"wp","href":"https:\/\/api.w.org\/{rel}","templated":true}]}}