
{"id":30629,"date":"2025-05-12T08:00:00","date_gmt":"2025-05-12T06:00:00","guid":{"rendered":"https:\/\/rauchfrei.at\/?p=30629"},"modified":"2025-04-18T10:50:34","modified_gmt":"2025-04-18T08:50:34","slug":"die-weltgesundheitsorganisation-who-feiert-ihr-20-jaehriges-jubilaeum-in-der-tabakkontrolle","status":"publish","type":"post","link":"https:\/\/rauchfrei.at\/en\/die-weltgesundheitsorganisation-who-feiert-ihr-20-jaehriges-jubilaeum-in-der-tabakkontrolle\/","title":{"rendered":"Die Weltgesundheitsorganisation (WHO) feiert ihr 20-j\u00e4hriges Jubil\u00e4um in der Tabakkontrolle"},"content":{"rendered":"\n[et_pb_section fb_built=&#8221;1&#8243; module_class=&#8221;header&#8221; _builder_version=&#8221;4.16&#8243; global_colors_info=&#8221;{}&#8221;][et_pb_row _builder_version=&#8221;4.16&#8243; global_colors_info=&#8221;{}&#8221;][et_pb_column type=&#8221;4_4&#8243; _builder_version=&#8221;4.16&#8243; custom_padding=&#8221;|||&#8221; global_colors_info=&#8221;{}&#8221; custom_padding__hover=&#8221;|||&#8221;][et_pb_dp_dmb_module_10001 subheadline=&#8221;Wichtige Schritte zur Bek\u00e4mpfung der globalen Tabakepidemie&#8221; _builder_version=&#8221;4.27.4&#8243; global_colors_info=&#8221;{}&#8221;][\/et_pb_dp_dmb_module_10001][\/et_pb_column][\/et_pb_row][\/et_pb_section][et_pb_section fb_built=&#8221;1&#8243; _builder_version=&#8221;4.16&#8243; custom_padding=&#8221;30px|||&#8221; global_colors_info=&#8221;{}&#8221;][et_pb_row column_structure=&#8221;2_3,1_3&#8243; _builder_version=&#8221;4.16&#8243; global_colors_info=&#8221;{}&#8221;][et_pb_column type=&#8221;2_3&#8243; module_class=&#8221;blog-content&#8221; _builder_version=&#8221;4.16&#8243; custom_padding=&#8221;|||&#8221; global_colors_info=&#8221;{}&#8221; custom_padding__hover=&#8221;|||&#8221;][et_pb_text _builder_version=&#8221;4.27.4&#8243; hover_enabled=&#8221;0&#8243; global_colors_info=&#8221;{}&#8221; sticky_enabled=&#8221;0&#8243;]<p>Die sogenannte Framework Convention on Tobacco Control (FCTC) der Weltgesundheitsorganisation (WHO) versucht einen globalen Rahmen zur Bek\u00e4mpfung der Folgen des Tabakkonsums zu geben- sie ist ein internationaler Vertrag, der die Grundlage zu den weltweiten Bem\u00fchungen zur Eind\u00e4mmung des Tabakkonsums bilden.<\/p>\n<p><strong>Die FCTC der WHO ist 20 Jahre alt!<\/strong><\/p>\n<p>Im Jahr 2003 wurde sie verabschiedet und trat im Jahr 2005 in Kraft. Seitdem stellt sie den ersten rechtlich bindenden internationalen Vertrag dar, der darauf abzielt, den Tabakkonsum zu bek\u00e4mpfen und die gesundheitlichen, sozialen und wirtschaftlichen Auswirkungen des Tabakkonsums weltweit zu verringern. Mit 183 Parteien, darunter auch die Europ\u00e4ische Union, ist die FCTC ein globaler Erfolg. Das bedeutet, dass nahezu alle L\u00e4nder der Welt die Bedeutung der Tabakkontrolle anerkennen und sich dazu verpflichten, Ma\u00dfnahmen zum Schutz der \u00f6ffentlichen Gesundheit zu ergreifen.<\/p>\n<p><strong>Leben retten \u2013 als Ziel der WHO FCTC: <\/strong><\/p>\n<p>Leben retten, indem der Konsum von Tabakprodukten weltweit reduziert werden soll, ist das Hauptziel der FCTC. Wie das gelingen soll? Die FCTC setzt auf eine Reihe von Ma\u00dfnahmen, um den Zugang zu Tabak zu erschweren:<\/p>\n<ul>\n<li>Rauchverbote im \u00f6ffentlichen Raum: Rauchfreie Zonen um Nichtraucher vor den Gefahren des Passivrauches zu sch\u00fctzen.<\/li>\n<li>Werbeverbote: Tabakwerbung wird eingeschr\u00e4nkt, um besonders Kinder- und Jugendliche vor dem Einstieg zu sch\u00fctzen.<\/li>\n<li>Erh\u00f6hung der Steuerabgaben: Damit Tabak-und Nikotinprodukte weniger leistbar sind und weniger Menschen zu rauchen beginnen.<\/li>\n<li>Warnhinweise auf Verpackungen: Auf den Verpackungen m\u00fcssen Warnhinweise aufgedruckt werden, die auch die gesundheitlichen Risiken des Konsums hinweisen.<\/li>\n<li>Forschung und Pr\u00e4vention: Es wird animiert, dass L\u00e4nder Programme zur Tabakpr\u00e4vention und Aufkl\u00e4rung entwickeln und wissenschaftliche Forschungen zu den Auswirkungen des Konsums von Tabak, betreiben.<\/li>\n<\/ul>\n<p>Viele diese Ma\u00dfnahmen haben in vielen der teilnehmenden L\u00e4nder schon zu sp\u00fcrbaren Verringerungen des Tabakkonsums gef\u00fchrt.<\/p>\n<p>Obwohl es Fortschritte zu verzeichnen gibt, bleiben auch die Herausforderungen gro\u00df.<\/p>\n<p>Weltweit rauchen immer noch rund 1.3 Milliarden Menschen. Bezeichnend ist auch, dass rund 80% der rauchenden Personen in L\u00e4ndern mit niedrigen und mittlerem Einkommen leben. In vielen dieser L\u00e4nder sind die Kosten f\u00fcr die Gesundheitsfolgen immens, w\u00e4hrend der Zugang zur Gesundheitsversorgung oft begrenzt ist.<\/p>\n<p><strong>Was bedeutet das f\u00fcr \u00d6sterreich?<\/strong><\/p>\n<p>\u00d6sterreich hat sich als Mitglied der Europ\u00e4ischen Union ebenfalls verpflichtet, die Ziele der WHO FCTC umzusetzen. Auch hier gibt es bereits umfassende Ma\u00dfnahmen wie das Tabakwerbeverbot, Gesundheitswarnungen\u00a0auf Zigarettenpackungen und rauchfreie Zonen\u00a0in \u00f6ffentlichen Einrichtungen. Dennoch bleibt die Herausforderung, vor allem in Bezug auf den Jugendschutz\u00a0und den Zugang zu Unterst\u00fctzung bei der Raucherentw\u00f6hnung, weiter aufrecht.<\/p>\n<p><strong>\u2026 und f\u00fcr den Rest der Welt?<\/strong><\/p>\n<p>Die WHO FCTC fordert nicht nur gesetzliche Ma\u00dfnahmen, sondern auch eine verst\u00e4rkte Zusammenarbeit zwischen den L\u00e4ndern, um den Tabakkonsum langfristig zu senken. Dazu geh\u00f6ren unter anderem der Austausch bew\u00e4hrter Praktiken, die F\u00f6rderung von Forschung und die Unterst\u00fctzung von L\u00e4ndern mit weniger Ressourcen.<\/p>\n<p>Jeder Schritt z\u00e4hlt, und mit vereinten Kr\u00e4ften kann die globale Tabak-Epidemie gestoppt werden \u2013 f\u00fcr eine ges\u00fcndere und rauchfreie Zukunft.<\/p>\n<p>Link:<a href=\"https:\/\/fctc.who.int\/\" target=\"_blank\" rel=\"noopener\"> WHO Framework Convention on Tobacco Control<\/a><\/p>\n<p>&nbsp;<\/p>[\/et_pb_text][et_pb_post_nav in_same_term=&#8221;off&#8221; _builder_version=&#8221;4.16&#8243; global_colors_info=&#8221;{}&#8221;][\/et_pb_post_nav][\/et_pb_column][et_pb_column type=&#8221;1_3&#8243; module_class=&#8221;cat-and-tag&#8221; _builder_version=&#8221;4.16&#8243; custom_padding=&#8221;|||&#8221; global_colors_info=&#8221;{}&#8221; custom_padding__hover=&#8221;|||&#8221;][et_pb_dp_dmb_module_10093 farbe=&#8221;blitzblau&#8221; headline=&#8221;Tabak- und Nikotinprodukte&#8221; image=&#8221;https:\/\/rauchfrei.at\/wp-content\/uploads\/Dampfmaedel_RGB_RZ.png&#8221; image_position=&#8221;center&#8221; link_text=&#8221;mehr Informationen&#8221; link_url=&#8221;https:\/\/rauchfrei.at\/fakten\/andere-tabakprodukte\/&#8221; admin_label=&#8221;Tabak- und Nikotinprodukte&#8221; _builder_version=&#8221;4.20.4&#8243; _module_preset=&#8221;default&#8221; global_module=&#8221;26833&#8243; saved_tabs=&#8221;all&#8221; global_colors_info=&#8221;{}&#8221;]<p>Was ist wo drin?<\/p>\n[\/et_pb_dp_dmb_module_10093][et_pb_dp_dmb_module_10093 farbe=&#8221;blitzblau&#8221; headline=&#8221;Alternativen zum Rauchen&#8221; image=&#8221;https:\/\/rauchfrei.at\/wp-content\/uploads\/Relax-in-hammok.png&#8221; image_position=&#8221;center&#8221; link_text=&#8221;mehr&#8221; link_url=&#8221;https:\/\/rauchfrei.at\/alternativen\/&#8221; admin_label=&#8221;Alternativen zum Rauchen&#8221; _builder_version=&#8221;4.16&#8243; z_index_tablet=&#8221;500&#8243; saved_tabs=&#8221;all&#8221; global_colors_info=&#8221;{}&#8221; global_module=&#8221;13174&#8243; theme_builder_area=&#8221;post_content&#8221;]<p>Es gibt viele M\u00f6glichkeiten, um nicht zur Zigarette zu greifen!<\/p>\n[\/et_pb_dp_dmb_module_10093][\/et_pb_column][\/et_pb_row][\/et_pb_section]\n","protected":false},"excerpt":{"rendered":"<p>Im Jahr 2005 trat die WHO Framework Convention on Tobacco Control (WHO FCTC) in Kraft und machte sich zum Ziel, die weltweite Gesundheitsbedrohung durch Tabakkonsum einzud\u00e4mmen. <\/p>\n","protected":false},"author":25,"featured_media":0,"comment_status":"open","ping_status":"open","sticky":false,"template":"","format":"standard","meta":{"_et_pb_use_builder":"on","_et_pb_old_content":"","_et_gb_content_width":"2880","footnotes":""},"categories":[237,236],"tags":[],"class_list":["post-30629","post","type-post","status-publish","format-standard","hentry","category-literatur-und-hintergrundwissen","category-nicht-kategorisiert"],"yoast_head":"<!-- This site is optimized with the Yoast SEO plugin v26.2 - https:\/\/yoast.com\/wordpress\/plugins\/seo\/ -->\n<title>Die Weltgesundheitsorganisation (WHO) feiert ihr 20-j\u00e4hriges Jubil\u00e4um in der Tabakkontrolle - Rauchfrei Telefon<\/title>\n<meta name=\"robots\" content=\"index, follow, max-snippet:-1, max-image-preview:large, max-video-preview:-1\" \/>\n<link rel=\"canonical\" href=\"https:\/\/rauchfrei.at\/die-weltgesundheitsorganisation-who-feiert-ihr-20-jaehriges-jubilaeum-in-der-tabakkontrolle\/\" \/>\n<meta property=\"og:locale\" content=\"en_US\" \/>\n<meta property=\"og:type\" content=\"article\" \/>\n<meta property=\"og:title\" content=\"Die Weltgesundheitsorganisation (WHO) feiert ihr 20-j\u00e4hriges Jubil\u00e4um in der Tabakkontrolle - Rauchfrei Telefon\" \/>\n<meta property=\"og:description\" content=\"Im Jahr 2005 trat die WHO Framework Convention on Tobacco Control (WHO FCTC) in Kraft und machte sich zum Ziel, die weltweite Gesundheitsbedrohung durch Tabakkonsum einzud\u00e4mmen.\" \/>\n<meta property=\"og:url\" content=\"https:\/\/rauchfrei.at\/die-weltgesundheitsorganisation-who-feiert-ihr-20-jaehriges-jubilaeum-in-der-tabakkontrolle\/\" \/>\n<meta property=\"og:site_name\" content=\"Rauchfrei Telefon\" \/>\n<meta property=\"article:published_time\" content=\"2025-05-12T06:00:00+00:00\" \/>\n<meta name=\"author\" content=\"Rauchfrei Team\" \/>\n<meta name=\"twitter:card\" content=\"summary_large_image\" \/>\n<meta name=\"twitter:label1\" content=\"Written by\" \/>\n\t<meta name=\"twitter:data1\" content=\"Rauchfrei Team\" \/>\n\t<meta name=\"twitter:label2\" content=\"Est. reading time\" \/>\n\t<meta name=\"twitter:data2\" content=\"4 minutes\" \/>\n<script type=\"application\/ld+json\" class=\"yoast-schema-graph\">{\"@context\":\"https:\/\/schema.org\",\"@graph\":[{\"@type\":\"WebPage\",\"@id\":\"https:\/\/rauchfrei.at\/die-weltgesundheitsorganisation-who-feiert-ihr-20-jaehriges-jubilaeum-in-der-tabakkontrolle\/\",\"url\":\"https:\/\/rauchfrei.at\/die-weltgesundheitsorganisation-who-feiert-ihr-20-jaehriges-jubilaeum-in-der-tabakkontrolle\/\",\"name\":\"Die Weltgesundheitsorganisation (WHO) feiert ihr 20-j\u00e4hriges Jubil\u00e4um in der Tabakkontrolle - Rauchfrei Telefon\",\"isPartOf\":{\"@id\":\"https:\/\/rauchfrei.at\/#website\"},\"datePublished\":\"2025-05-12T06:00:00+00:00\",\"author\":{\"@id\":\"https:\/\/rauchfrei.at\/#\/schema\/person\/504bbf90c5482004fc09aef6de7f9277\"},\"inLanguage\":\"en-US\",\"potentialAction\":[{\"@type\":\"ReadAction\",\"target\":[\"https:\/\/rauchfrei.at\/die-weltgesundheitsorganisation-who-feiert-ihr-20-jaehriges-jubilaeum-in-der-tabakkontrolle\/\"]}]},{\"@type\":\"WebSite\",\"@id\":\"https:\/\/rauchfrei.at\/#website\",\"url\":\"https:\/\/rauchfrei.at\/\",\"name\":\"Rauchfrei Telefon\",\"description\":\"Eine \u00f6sterreichweite Initiative der Sozialversicherungen.\",\"potentialAction\":[{\"@type\":\"SearchAction\",\"target\":{\"@type\":\"EntryPoint\",\"urlTemplate\":\"https:\/\/rauchfrei.at\/?s={search_term_string}\"},\"query-input\":{\"@type\":\"PropertyValueSpecification\",\"valueRequired\":true,\"valueName\":\"search_term_string\"}}],\"inLanguage\":\"en-US\"},{\"@type\":\"Person\",\"@id\":\"https:\/\/rauchfrei.at\/#\/schema\/person\/504bbf90c5482004fc09aef6de7f9277\",\"name\":\"Rauchfrei Team\",\"image\":{\"@type\":\"ImageObject\",\"inLanguage\":\"en-US\",\"@id\":\"https:\/\/rauchfrei.at\/#\/schema\/person\/image\/\",\"url\":\"https:\/\/secure.gravatar.com\/avatar\/2115b79a00800516fa1523bb5a329611f90e73e89be559131fc7e82b4fdc95ff?s=96&d=mm&r=g\",\"contentUrl\":\"https:\/\/secure.gravatar.com\/avatar\/2115b79a00800516fa1523bb5a329611f90e73e89be559131fc7e82b4fdc95ff?s=96&d=mm&r=g\",\"caption\":\"Rauchfrei Team\"},\"url\":\"https:\/\/rauchfrei.at\/en\/author\/rauchfrei-team\/\"}]}<\/script>\n<!-- \/ Yoast SEO plugin. -->","yoast_head_json":{"title":"Die Weltgesundheitsorganisation (WHO) feiert ihr 20-j\u00e4hriges Jubil\u00e4um in der Tabakkontrolle - Rauchfrei Telefon","robots":{"index":"index","follow":"follow","max-snippet":"max-snippet:-1","max-image-preview":"max-image-preview:large","max-video-preview":"max-video-preview:-1"},"canonical":"https:\/\/rauchfrei.at\/die-weltgesundheitsorganisation-who-feiert-ihr-20-jaehriges-jubilaeum-in-der-tabakkontrolle\/","og_locale":"en_US","og_type":"article","og_title":"Die Weltgesundheitsorganisation (WHO) feiert ihr 20-j\u00e4hriges Jubil\u00e4um in der Tabakkontrolle - Rauchfrei Telefon","og_description":"Im Jahr 2005 trat die WHO Framework Convention on Tobacco Control (WHO FCTC) in Kraft und machte sich zum Ziel, die weltweite Gesundheitsbedrohung durch Tabakkonsum einzud\u00e4mmen.","og_url":"https:\/\/rauchfrei.at\/die-weltgesundheitsorganisation-who-feiert-ihr-20-jaehriges-jubilaeum-in-der-tabakkontrolle\/","og_site_name":"Rauchfrei Telefon","article_published_time":"2025-05-12T06:00:00+00:00","author":"Rauchfrei Team","twitter_card":"summary_large_image","twitter_misc":{"Written by":"Rauchfrei Team","Est. reading time":"4 minutes"},"schema":{"@context":"https:\/\/schema.org","@graph":[{"@type":"WebPage","@id":"https:\/\/rauchfrei.at\/die-weltgesundheitsorganisation-who-feiert-ihr-20-jaehriges-jubilaeum-in-der-tabakkontrolle\/","url":"https:\/\/rauchfrei.at\/die-weltgesundheitsorganisation-who-feiert-ihr-20-jaehriges-jubilaeum-in-der-tabakkontrolle\/","name":"Die Weltgesundheitsorganisation (WHO) feiert ihr 20-j\u00e4hriges Jubil\u00e4um in der Tabakkontrolle - Rauchfrei Telefon","isPartOf":{"@id":"https:\/\/rauchfrei.at\/#website"},"datePublished":"2025-05-12T06:00:00+00:00","author":{"@id":"https:\/\/rauchfrei.at\/#\/schema\/person\/504bbf90c5482004fc09aef6de7f9277"},"inLanguage":"en-US","potentialAction":[{"@type":"ReadAction","target":["https:\/\/rauchfrei.at\/die-weltgesundheitsorganisation-who-feiert-ihr-20-jaehriges-jubilaeum-in-der-tabakkontrolle\/"]}]},{"@type":"WebSite","@id":"https:\/\/rauchfrei.at\/#website","url":"https:\/\/rauchfrei.at\/","name":"Rauchfrei Telefon","description":"Eine \u00f6sterreichweite Initiative der Sozialversicherungen.","potentialAction":[{"@type":"SearchAction","target":{"@type":"EntryPoint","urlTemplate":"https:\/\/rauchfrei.at\/?s={search_term_string}"},"query-input":{"@type":"PropertyValueSpecification","valueRequired":true,"valueName":"search_term_string"}}],"inLanguage":"en-US"},{"@type":"Person","@id":"https:\/\/rauchfrei.at\/#\/schema\/person\/504bbf90c5482004fc09aef6de7f9277","name":"Rauchfrei Team","image":{"@type":"ImageObject","inLanguage":"en-US","@id":"https:\/\/rauchfrei.at\/#\/schema\/person\/image\/","url":"https:\/\/secure.gravatar.com\/avatar\/2115b79a00800516fa1523bb5a329611f90e73e89be559131fc7e82b4fdc95ff?s=96&d=mm&r=g","contentUrl":"https:\/\/secure.gravatar.com\/avatar\/2115b79a00800516fa1523bb5a329611f90e73e89be559131fc7e82b4fdc95ff?s=96&d=mm&r=g","caption":"Rauchfrei Team"},"url":"https:\/\/rauchfrei.at\/en\/author\/rauchfrei-team\/"}]}},"_links":{"self":[{"href":"https:\/\/rauchfrei.at\/en\/wp-json\/wp\/v2\/posts\/30629","targetHints":{"allow":["GET"]}}],"collection":[{"href":"https:\/\/rauchfrei.at\/en\/wp-json\/wp\/v2\/posts"}],"about":[{"href":"https:\/\/rauchfrei.at\/en\/wp-json\/wp\/v2\/types\/post"}],"author":[{"embeddable":true,"href":"https:\/\/rauchfrei.at\/en\/wp-json\/wp\/v2\/users\/25"}],"replies":[{"embeddable":true,"href":"https:\/\/rauchfrei.at\/en\/wp-json\/wp\/v2\/comments?post=30629"}],"version-history":[{"count":6,"href":"https:\/\/rauchfrei.at\/en\/wp-json\/wp\/v2\/posts\/30629\/revisions"}],"predecessor-version":[{"id":30640,"href":"https:\/\/rauchfrei.at\/en\/wp-json\/wp\/v2\/posts\/30629\/revisions\/30640"}],"wp:attachment":[{"href":"https:\/\/rauchfrei.at\/en\/wp-json\/wp\/v2\/media?parent=30629"}],"wp:term":[{"taxonomy":"category","embeddable":true,"href":"https:\/\/rauchfrei.at\/en\/wp-json\/wp\/v2\/categories?post=30629"},{"taxonomy":"post_tag","embeddable":true,"href":"https:\/\/rauchfrei.at\/en\/wp-json\/wp\/v2\/tags?post=30629"}],"curies":[{"name":"wp","href":"https:\/\/api.w.org\/{rel}","templated":true}]}}