
{"id":30635,"date":"2025-04-28T08:00:00","date_gmt":"2025-04-28T06:00:00","guid":{"rendered":"https:\/\/rauchfrei.at\/?p=30635"},"modified":"2025-06-10T11:31:01","modified_gmt":"2025-06-10T09:31:01","slug":"suchtfrei-macht-der-mai","status":"publish","type":"post","link":"https:\/\/rauchfrei.at\/en\/suchtfrei-macht-der-mai\/","title":{"rendered":"Suchtfrei macht der Mai"},"content":{"rendered":"<p>[et_pb_section fb_built=&#8221;1&#8243; module_class=&#8221;header&#8221; _builder_version=&#8221;4.16&#8243; global_colors_info=&#8221;{}&#8221;][et_pb_row _builder_version=&#8221;4.16&#8243; global_colors_info=&#8221;{}&#8221;][et_pb_column type=&#8221;4_4&#8243; _builder_version=&#8221;4.16&#8243; custom_padding=&#8221;|||&#8221; global_colors_info=&#8221;{}&#8221; custom_padding__hover=&#8221;|||&#8221;][et_pb_dp_dmb_module_10001 subheadline=&#8221;Der Mai bringt Ver\u00e4nderung&#8221; _builder_version=&#8221;4.27.4&#8243; global_colors_info=&#8221;{}&#8221;][\/et_pb_dp_dmb_module_10001][\/et_pb_column][\/et_pb_row][\/et_pb_section][et_pb_section fb_built=&#8221;1&#8243; _builder_version=&#8221;4.16&#8243; custom_padding=&#8221;30px|||&#8221; global_colors_info=&#8221;{}&#8221;][et_pb_row column_structure=&#8221;2_3,1_3&#8243; _builder_version=&#8221;4.16&#8243; global_colors_info=&#8221;{}&#8221;][et_pb_column type=&#8221;2_3&#8243; module_class=&#8221;blog-content&#8221; _builder_version=&#8221;4.16&#8243; custom_padding=&#8221;|||&#8221; global_colors_info=&#8221;{}&#8221; custom_padding__hover=&#8221;|||&#8221;][et_pb_text _builder_version=&#8221;4.27.4&#8243; hover_enabled=&#8221;0&#8243; global_colors_info=&#8221;{}&#8221; sticky_enabled=&#8221;0&#8243;]<\/p>\n<p>Den Mai nehmen viele zum Anlass, das eigene Konsumverhalten zu \u00fcberdenken. Alkohol und Nikotin sind im Alltag sehr pr\u00e4sent. Immer mehr Menschen entscheiden sich aber bewusst f\u00fcr eine Auszeit. Denn Alkohol und Nikotin sind eine schlechte Kombination. Die Nikotinabh\u00e4ngikeit beeinflusst den Alkoholkonsum und umgekehrt. Rauchen steigert das Verlangen nach Alkohol und Alkohol kann die R\u00fcckfallgefahr nach dem Nikotinstopp erh\u00f6hen.<\/p>\n<p><strong>Start in eine nikotinfreie Zeit<\/strong><\/p>\n<p>F\u00fcr alle, die nikotinfrei werden wollen bietet die \u00d6sterreichische Gesundheitskasse kostenlose Kurse zur Nikotinentw\u00f6hnung. Sie k\u00f6nnen online oder an zahlreichen Standorten \u00f6sterreichweit besucht werden und bieten die Gelegenheit, sich in der Kleingruppe auszutauschen und gegenseitig zu motivieren.<\/p>\n<p>F\u00fcr Schwangere werden eigens abgestimmte Vortr\u00e4ge angeboten, die einf\u00fchlsam \u00fcber M\u00f6glichkeiten<\/p>\n<p>f\u00fcr eine nikotinfreie Schwangerschaft und Stillzeit informieren.<\/p>\n<p>Telefonische Beratung und individuelle Begleitung durch die Gesundheitspsychologinnen des Rauchfrei Telefons kann unter 0800 810 013 genutzt werden.<\/p>\n<p>Weitere Informationen, Videos, Webinare und alle aktuellen Angebote finden Interessierte auf gesundheitskasse.at\/nikotinfrei.<\/p>\n<p><strong>Den Mai alkoholfrei genie\u00dfen<\/strong><\/p>\n<p>Alkohol ist mit vielen gesundheitlichen Risiken verbunden. Die Reduzierung von Alkohol verbessert nicht nur die k\u00f6rperliche Gesundheit, sondern auch die mentale St\u00e4rke, die sozialen Beziehungen und die finanzielle Situation.<\/p>\n<p>Auch die Dialogwoche Alkohol weist auf die Risiken von Alkohol hin und regt dazu an, das eigene Trinkverhalten zu \u00fcberdenken. Sie findet von 05.-11. Mai 2025 unter dem Motto &#8220;<strong>Weniger Alkohol, mehr vom Leben<\/strong>&#8221; statt.<\/p>\n<p>Erwachsene, die ihr Trinkverhalten \u00e4ndern m\u00f6chten, finden unter <span><a href=\"http:\/\/www.alkcoach.at\">www.alkcoach.at<\/a><\/span> ein kostenloses und anonymes Online-Angebot zur Selbsthilfe. Das Programm macht das eigene Konsumverhalten bewusster, erm\u00f6glicht Ver\u00e4nderungen und zeigt individuelle Alternativen zum Alkohol auf.<\/p>\n<p>Weitere hilfreiche Informationen zum Thema erhalten Sie unter gesundheitskasse.at\/alkohol.<\/p>\n<p>&nbsp;<\/p>\n<p>Link: <a href=\"https:\/\/www.fachstelle.at\/ueberalkoholreden_2025\/\" target=\"_blank\" rel=\"noopener\">Online Elternabend \u201c\u00dcber Alkohol reden<\/a>\u201d<\/p>\n<p>[\/et_pb_text][et_pb_post_nav in_same_term=&#8221;off&#8221; _builder_version=&#8221;4.16&#8243; global_colors_info=&#8221;{}&#8221;][\/et_pb_post_nav][\/et_pb_column][et_pb_column type=&#8221;1_3&#8243; module_class=&#8221;cat-and-tag&#8221; _builder_version=&#8221;4.16&#8243; custom_padding=&#8221;|||&#8221; global_colors_info=&#8221;{}&#8221; custom_padding__hover=&#8221;|||&#8221;][et_pb_sidebar area=&#8221;et_pb_widget_area_1&#8243; _builder_version=&#8221;4.16&#8243; global_colors_info=&#8221;{}&#8221;][\/et_pb_sidebar][et_pb_dp_dmb_module_10093 farbe=&#8221;blitzgelb&#8221; headline=&#8221;Trauen Sie sich den Rauchstopp zu!&#8221; image=&#8221;https:\/\/rauchfrei.at\/wp-content\/uploads\/Quitting-Yellow.png&#8221; image_position=&#8221;center&#8221; link_text=&#8221;mehr&#8221; link_url=&#8221;https:\/\/rauchfrei.at\/aufhoeren\/schritte-zum-rauchstopp\/trauen-sie-sich-den-rauchstopp-zu\/&#8221; admin_label=&#8221;Trauen Sie sich den Rauchstopp zu&#8221; _builder_version=&#8221;4.23.1&#8243; global_module=&#8221;13173&#8243; saved_tabs=&#8221;all&#8221; global_colors_info=&#8221;{}&#8221;]<\/p>\n<p>Wollen Sie etwas \u00e4ndern? Worauf warten Sie?<\/p>\n<p>[\/et_pb_dp_dmb_module_10093][\/et_pb_column][\/et_pb_row][\/et_pb_section]<\/p>\n","protected":false},"excerpt":{"rendered":"<p>Der Monat Mai bringt Ver\u00e4nderung. Die bevorstehende Dialogwoche Alkohol und der Weltnichtrauchertag Ende Mai regen dazu an, eine Auszeit von Alkohol und Nikotin zu nehmen. Warum nicht den Mai suchtfrei beginnen?<\/p>\n","protected":false},"author":25,"featured_media":0,"comment_status":"open","ping_status":"open","sticky":false,"template":"","format":"standard","meta":{"_et_pb_use_builder":"on","_et_pb_old_content":"","_et_gb_content_width":"2880","footnotes":""},"categories":[235,237],"tags":[],"class_list":["post-30635","post","type-post","status-publish","format-standard","hentry","category-gesundheit-und-rauchstopp","category-literatur-und-hintergrundwissen"],"yoast_head":"<!-- This site is optimized with the Yoast SEO plugin v26.2 - https:\/\/yoast.com\/wordpress\/plugins\/seo\/ -->\n<title>Suchtfrei macht der Mai - Rauchfrei Telefon<\/title>\n<meta name=\"robots\" content=\"index, follow, max-snippet:-1, max-image-preview:large, max-video-preview:-1\" \/>\n<link rel=\"canonical\" href=\"https:\/\/rauchfrei.at\/suchtfrei-macht-der-mai\/\" \/>\n<meta property=\"og:locale\" content=\"en_US\" \/>\n<meta property=\"og:type\" content=\"article\" \/>\n<meta property=\"og:title\" content=\"Suchtfrei macht der Mai - Rauchfrei Telefon\" \/>\n<meta property=\"og:description\" content=\"Der Monat Mai bringt Ver\u00e4nderung. Die bevorstehende Dialogwoche Alkohol und der Weltnichtrauchertag Ende Mai regen dazu an, eine Auszeit von Alkohol und Nikotin zu nehmen. Warum nicht den Mai suchtfrei beginnen?\" \/>\n<meta property=\"og:url\" content=\"https:\/\/rauchfrei.at\/suchtfrei-macht-der-mai\/\" \/>\n<meta property=\"og:site_name\" content=\"Rauchfrei Telefon\" \/>\n<meta property=\"article:published_time\" content=\"2025-04-28T06:00:00+00:00\" \/>\n<meta property=\"article:modified_time\" content=\"2025-06-10T09:31:01+00:00\" \/>\n<meta name=\"author\" content=\"Rauchfrei Team\" \/>\n<meta name=\"twitter:card\" content=\"summary_large_image\" \/>\n<meta name=\"twitter:label1\" content=\"Written by\" \/>\n\t<meta name=\"twitter:data1\" content=\"Rauchfrei Team\" \/>\n\t<meta name=\"twitter:label2\" content=\"Est. reading time\" \/>\n\t<meta name=\"twitter:data2\" content=\"2 minutes\" \/>\n<script type=\"application\/ld+json\" class=\"yoast-schema-graph\">{\"@context\":\"https:\/\/schema.org\",\"@graph\":[{\"@type\":\"WebPage\",\"@id\":\"https:\/\/rauchfrei.at\/suchtfrei-macht-der-mai\/\",\"url\":\"https:\/\/rauchfrei.at\/suchtfrei-macht-der-mai\/\",\"name\":\"Suchtfrei macht der Mai - Rauchfrei Telefon\",\"isPartOf\":{\"@id\":\"https:\/\/rauchfrei.at\/#website\"},\"datePublished\":\"2025-04-28T06:00:00+00:00\",\"dateModified\":\"2025-06-10T09:31:01+00:00\",\"author\":{\"@id\":\"https:\/\/rauchfrei.at\/#\/schema\/person\/504bbf90c5482004fc09aef6de7f9277\"},\"inLanguage\":\"en-US\",\"potentialAction\":[{\"@type\":\"ReadAction\",\"target\":[\"https:\/\/rauchfrei.at\/suchtfrei-macht-der-mai\/\"]}]},{\"@type\":\"WebSite\",\"@id\":\"https:\/\/rauchfrei.at\/#website\",\"url\":\"https:\/\/rauchfrei.at\/\",\"name\":\"Rauchfrei Telefon\",\"description\":\"Eine \u00f6sterreichweite Initiative der Sozialversicherungen.\",\"potentialAction\":[{\"@type\":\"SearchAction\",\"target\":{\"@type\":\"EntryPoint\",\"urlTemplate\":\"https:\/\/rauchfrei.at\/?s={search_term_string}\"},\"query-input\":{\"@type\":\"PropertyValueSpecification\",\"valueRequired\":true,\"valueName\":\"search_term_string\"}}],\"inLanguage\":\"en-US\"},{\"@type\":\"Person\",\"@id\":\"https:\/\/rauchfrei.at\/#\/schema\/person\/504bbf90c5482004fc09aef6de7f9277\",\"name\":\"Rauchfrei Team\",\"image\":{\"@type\":\"ImageObject\",\"inLanguage\":\"en-US\",\"@id\":\"https:\/\/rauchfrei.at\/#\/schema\/person\/image\/\",\"url\":\"https:\/\/secure.gravatar.com\/avatar\/2115b79a00800516fa1523bb5a329611f90e73e89be559131fc7e82b4fdc95ff?s=96&d=mm&r=g\",\"contentUrl\":\"https:\/\/secure.gravatar.com\/avatar\/2115b79a00800516fa1523bb5a329611f90e73e89be559131fc7e82b4fdc95ff?s=96&d=mm&r=g\",\"caption\":\"Rauchfrei Team\"},\"url\":\"https:\/\/rauchfrei.at\/en\/author\/rauchfrei-team\/\"}]}<\/script>\n<!-- \/ Yoast SEO plugin. -->","yoast_head_json":{"title":"Suchtfrei macht der Mai - Rauchfrei Telefon","robots":{"index":"index","follow":"follow","max-snippet":"max-snippet:-1","max-image-preview":"max-image-preview:large","max-video-preview":"max-video-preview:-1"},"canonical":"https:\/\/rauchfrei.at\/suchtfrei-macht-der-mai\/","og_locale":"en_US","og_type":"article","og_title":"Suchtfrei macht der Mai - Rauchfrei Telefon","og_description":"Der Monat Mai bringt Ver\u00e4nderung. Die bevorstehende Dialogwoche Alkohol und der Weltnichtrauchertag Ende Mai regen dazu an, eine Auszeit von Alkohol und Nikotin zu nehmen. Warum nicht den Mai suchtfrei beginnen?","og_url":"https:\/\/rauchfrei.at\/suchtfrei-macht-der-mai\/","og_site_name":"Rauchfrei Telefon","article_published_time":"2025-04-28T06:00:00+00:00","article_modified_time":"2025-06-10T09:31:01+00:00","author":"Rauchfrei Team","twitter_card":"summary_large_image","twitter_misc":{"Written by":"Rauchfrei Team","Est. reading time":"2 minutes"},"schema":{"@context":"https:\/\/schema.org","@graph":[{"@type":"WebPage","@id":"https:\/\/rauchfrei.at\/suchtfrei-macht-der-mai\/","url":"https:\/\/rauchfrei.at\/suchtfrei-macht-der-mai\/","name":"Suchtfrei macht der Mai - Rauchfrei Telefon","isPartOf":{"@id":"https:\/\/rauchfrei.at\/#website"},"datePublished":"2025-04-28T06:00:00+00:00","dateModified":"2025-06-10T09:31:01+00:00","author":{"@id":"https:\/\/rauchfrei.at\/#\/schema\/person\/504bbf90c5482004fc09aef6de7f9277"},"inLanguage":"en-US","potentialAction":[{"@type":"ReadAction","target":["https:\/\/rauchfrei.at\/suchtfrei-macht-der-mai\/"]}]},{"@type":"WebSite","@id":"https:\/\/rauchfrei.at\/#website","url":"https:\/\/rauchfrei.at\/","name":"Rauchfrei Telefon","description":"Eine \u00f6sterreichweite Initiative der Sozialversicherungen.","potentialAction":[{"@type":"SearchAction","target":{"@type":"EntryPoint","urlTemplate":"https:\/\/rauchfrei.at\/?s={search_term_string}"},"query-input":{"@type":"PropertyValueSpecification","valueRequired":true,"valueName":"search_term_string"}}],"inLanguage":"en-US"},{"@type":"Person","@id":"https:\/\/rauchfrei.at\/#\/schema\/person\/504bbf90c5482004fc09aef6de7f9277","name":"Rauchfrei Team","image":{"@type":"ImageObject","inLanguage":"en-US","@id":"https:\/\/rauchfrei.at\/#\/schema\/person\/image\/","url":"https:\/\/secure.gravatar.com\/avatar\/2115b79a00800516fa1523bb5a329611f90e73e89be559131fc7e82b4fdc95ff?s=96&d=mm&r=g","contentUrl":"https:\/\/secure.gravatar.com\/avatar\/2115b79a00800516fa1523bb5a329611f90e73e89be559131fc7e82b4fdc95ff?s=96&d=mm&r=g","caption":"Rauchfrei Team"},"url":"https:\/\/rauchfrei.at\/en\/author\/rauchfrei-team\/"}]}},"_links":{"self":[{"href":"https:\/\/rauchfrei.at\/en\/wp-json\/wp\/v2\/posts\/30635","targetHints":{"allow":["GET"]}}],"collection":[{"href":"https:\/\/rauchfrei.at\/en\/wp-json\/wp\/v2\/posts"}],"about":[{"href":"https:\/\/rauchfrei.at\/en\/wp-json\/wp\/v2\/types\/post"}],"author":[{"embeddable":true,"href":"https:\/\/rauchfrei.at\/en\/wp-json\/wp\/v2\/users\/25"}],"replies":[{"embeddable":true,"href":"https:\/\/rauchfrei.at\/en\/wp-json\/wp\/v2\/comments?post=30635"}],"version-history":[{"count":4,"href":"https:\/\/rauchfrei.at\/en\/wp-json\/wp\/v2\/posts\/30635\/revisions"}],"predecessor-version":[{"id":30858,"href":"https:\/\/rauchfrei.at\/en\/wp-json\/wp\/v2\/posts\/30635\/revisions\/30858"}],"wp:attachment":[{"href":"https:\/\/rauchfrei.at\/en\/wp-json\/wp\/v2\/media?parent=30635"}],"wp:term":[{"taxonomy":"category","embeddable":true,"href":"https:\/\/rauchfrei.at\/en\/wp-json\/wp\/v2\/categories?post=30635"},{"taxonomy":"post_tag","embeddable":true,"href":"https:\/\/rauchfrei.at\/en\/wp-json\/wp\/v2\/tags?post=30635"}],"curies":[{"name":"wp","href":"https:\/\/api.w.org\/{rel}","templated":true}]}}