
{"id":30747,"date":"2025-05-23T16:56:44","date_gmt":"2025-05-23T14:56:44","guid":{"rendered":"https:\/\/rauchfrei.at\/?p=30747"},"modified":"2025-05-23T17:02:18","modified_gmt":"2025-05-23T15:02:18","slug":"der-jahresbericht-2024","status":"publish","type":"post","link":"https:\/\/rauchfrei.at\/en\/der-jahresbericht-2024\/","title":{"rendered":"Der Jahresbericht 2024"},"content":{"rendered":"<p>[et_pb_section fb_built=&#8221;1&#8243; module_class=&#8221;header&#8221; _builder_version=&#8221;4.16&#8243; global_colors_info=&#8221;{}&#8221;][et_pb_row _builder_version=&#8221;4.16&#8243; global_colors_info=&#8221;{}&#8221;][et_pb_column type=&#8221;4_4&#8243; _builder_version=&#8221;4.16&#8243; custom_padding=&#8221;|||&#8221; global_colors_info=&#8221;{}&#8221; custom_padding__hover=&#8221;|||&#8221;][et_pb_dp_dmb_module_10001 subheadline=&#8221;Zahlen und Fakten zum Rauchfrei Telefon&#8221; _builder_version=&#8221;4.27.4&#8243; global_colors_info=&#8221;{}&#8221;][\/et_pb_dp_dmb_module_10001][\/et_pb_column][\/et_pb_row][\/et_pb_section][et_pb_section fb_built=&#8221;1&#8243; _builder_version=&#8221;4.16&#8243; custom_padding=&#8221;30px|||&#8221; global_colors_info=&#8221;{}&#8221;][et_pb_row column_structure=&#8221;2_3,1_3&#8243; _builder_version=&#8221;4.16&#8243; global_colors_info=&#8221;{}&#8221;][et_pb_column type=&#8221;2_3&#8243; module_class=&#8221;blog-content&#8221; _builder_version=&#8221;4.16&#8243; custom_padding=&#8221;|||&#8221; global_colors_info=&#8221;{}&#8221; custom_padding__hover=&#8221;|||&#8221;][et_pb_text _builder_version=&#8221;4.27.4&#8243; hover_enabled=&#8221;0&#8243; global_colors_info=&#8221;{}&#8221; sticky_enabled=&#8221;0&#8243;]<\/p>\n<p>Seit 19 Jahren ist das Rauchfrei Telefon die <strong>erste Anlaufstelle zur Tabak- und Nikotinentw\u00f6hnung<\/strong> in \u00d6sterreich.<\/p>\n<p><strong>Wir danken<\/strong> allen finanzierenden Partnern (Sozialversicherung, L\u00e4nder und Gesundheitsministerium), den unterst\u00fctzenden Expertinnen und Experten (Wissenschaftlicher Beirat), sowie den zahlreichen Kooperationspartnern (Rauchfrei Ticket) f\u00fcr die gute, kontinuierliche Zusammenarbeit.<\/p>\n<p>Neben der <strong>telefonischen Beratung<\/strong> unter der kostenfreien Telefonnummer 0800 810 013 wurden aktuelle Informationen, Tests und Tools \u00fcber andere Kan\u00e4le zur Verf\u00fcgung gestellt (Website, Rauchfrei App, Facebook, Rauchfrei Ticket, Brosch\u00fcren, Folder).<\/p>\n<p><strong>Hier einige Highlights aus dem Jahr 2024:<\/strong><\/p>\n<ul>\n<li><strong>neuer Folder<\/strong> \u201eRauchfrei leben, Risiko sen\u00adken \u2013 Rauchfreiheit sch\u00fctzt vor Krebs\u201c<\/li>\n<li><strong>Podcast <\/strong>zum Weltnichtrauchertag 2024<\/li>\n<li>Zwei kurze <strong>Videos<\/strong>: \u201eNovember rauchfrei\u201c und \u201eMotivation zum Rauchstopp\u201c:<\/li>\n<\/ul>\n<p>Mit Ende 2024 wurde das <strong>Fax-Service<\/strong> aus Datenschutzgr\u00fcnden <strong>eingestellt<\/strong>. Im Jahresbericht finden Sie die aktuellen Wege zur \u00dcbermittlung von Rauchfrei Tickets.<\/p>\n<p>Das Jahr 2024 war leider auch gekennzeichnet durch den <strong>Weggang der fachlichen Leitung<\/strong> MMag. Sophie Meingassner. Sie hat das Rauchfrei Telefon 2006 aufgebaut und mit viel Kompetenz und Kreativit\u00e4t begleitet und geleitet. Wir bedanken uns sehr herz\u00adlich bei MMag. Sophie Meingassner f\u00fcr die jahrelange hervorragende fachliche Leitung des Rauchfrei Telefons sowie die gute Zusammenarbeit.<\/p>\n<p><strong>Wer ruft an? Wer steckt hinter dem Rauchfrei Telefon? Wie funktioniert das Rauchfrei Ticket? <\/strong><\/p>\n<p>Schauen sie rein in den Jahresbericht 2024. Hier finden Sie kurz und pr\u00e4gnant alle wichtigen Facts zum vergangenen Jahr, sowie das neue Poster-Sujet \u201eRauchfrei leben, Risiko sen\u00adken \u2013 Rauchfreiheit sch\u00fctzt vor Krebs\u201c (passend zum neuen Folder).<\/p>\n<p><a href=\"https:\/\/rauchfrei.at\/wp-content\/uploads\/2024_Jahresbericht_Rauchfrei-Telefon.pdf\" target=\"_blank\" rel=\"noopener\" title=\"Jahresbericht 2024\"><img loading=\"lazy\" decoding=\"async\" src=\"https:\/\/rauchfrei.at\/wp-content\/uploads\/Screenshot-2025-05-23-113508-225x158.png\" width=\"225\" height=\"158\" alt=\"\" class=\"wp-image-30739 size-medium\" \/><\/a>\u00a0<\/p>\n<p><a href=\"https:\/\/rauchfrei.at\/wp-content\/uploads\/2024_Jahresbericht_Rauchfrei-Telefon.pdf\" target=\"_blank\" rel=\"noopener\"><strong>Jahresbericht 2024<\/strong><\/a> (Zum Download als pdf)<\/p>\n<p>Folder: <a href=\"https:\/\/rauchfrei.at\/wp-content\/uploads\/rf25_Krebs_Folder_v10_online.pdf\" target=\"_blank\" rel=\"noopener\">Rauchfrei leben, Risiko sen\u00adken \u2013 Rauchfreiheit sch\u00fctzt vor Krebs<\/a><\/p>\n<p>Poster: <a href=\"https:\/\/rauchfrei.at\/wp-content\/uploads\/rt25_Krebs_Poster_v4_online.pdf\" target=\"_blank\" rel=\"noopener\">Rauchfrei leben, Risiko sen\u00adken \u2013 Rauchfreiheit sch\u00fctzt vor Krebs<\/a><\/p>\n<p>&nbsp;<\/p>\n<p>[\/et_pb_text][et_pb_post_nav in_same_term=&#8221;off&#8221; _builder_version=&#8221;4.27.4&#8243; global_colors_info=&#8221;{}&#8221;][\/et_pb_post_nav][\/et_pb_column][et_pb_column type=&#8221;1_3&#8243; module_class=&#8221;cat-and-tag&#8221; _builder_version=&#8221;4.16&#8243; custom_padding=&#8221;|||&#8221; global_colors_info=&#8221;{}&#8221; custom_padding__hover=&#8221;|||&#8221;][et_pb_dp_dmb_module_10093 farbe=&#8221;blitzblau&#8221; headline=&#8221;Tabak- und Nikotinprodukte&#8221; image=&#8221;https:\/\/rauchfrei.at\/wp-content\/uploads\/Dampfmaedel_RGB_RZ.png&#8221; image_position=&#8221;center&#8221; link_text=&#8221;mehr Informationen&#8221; link_url=&#8221;https:\/\/rauchfrei.at\/fakten\/andere-tabakprodukte\/&#8221; admin_label=&#8221;Tabak- und Nikotinprodukte&#8221; _builder_version=&#8221;4.20.4&#8243; _module_preset=&#8221;default&#8221; global_module=&#8221;26833&#8243; saved_tabs=&#8221;all&#8221; global_colors_info=&#8221;{}&#8221;]<\/p>\n<p>Was ist wo drin?<\/p>\n<p>[\/et_pb_dp_dmb_module_10093][\/et_pb_column][\/et_pb_row][\/et_pb_section]<\/p>\n","protected":false},"excerpt":{"rendered":"<p>Der Jahresbericht 2024 ist online und bietet Einblicke in die T\u00e4tigkeiten des Rauchfrei Telefons im vergangenen Jahr! Hier finden Sie alle wichtigen Facts und Aktivit\u00e4ten. Wir danken allen Partner f\u00fcr die wichtige Unterst\u00fctzung und Zusammenarbeit!<\/p>\n","protected":false},"author":25,"featured_media":0,"comment_status":"open","ping_status":"open","sticky":false,"template":"","format":"standard","meta":{"_et_pb_use_builder":"on","_et_pb_old_content":"","_et_gb_content_width":"2880","footnotes":""},"categories":[232],"tags":[],"class_list":["post-30747","post","type-post","status-publish","format-standard","hentry","category-nachrichten-vom-rauchfrei-telefon"],"yoast_head":"<!-- This site is optimized with the Yoast SEO plugin v26.2 - https:\/\/yoast.com\/wordpress\/plugins\/seo\/ -->\n<title>Der Jahresbericht 2024 - Rauchfrei Telefon<\/title>\n<meta name=\"robots\" content=\"index, follow, max-snippet:-1, max-image-preview:large, max-video-preview:-1\" \/>\n<link rel=\"canonical\" href=\"https:\/\/rauchfrei.at\/der-jahresbericht-2024\/\" \/>\n<meta property=\"og:locale\" content=\"en_US\" \/>\n<meta property=\"og:type\" content=\"article\" \/>\n<meta property=\"og:title\" content=\"Der Jahresbericht 2024 - Rauchfrei Telefon\" \/>\n<meta property=\"og:description\" content=\"Der Jahresbericht 2024 ist online und bietet Einblicke in die T\u00e4tigkeiten des Rauchfrei Telefons im vergangenen Jahr! Hier finden Sie alle wichtigen Facts und Aktivit\u00e4ten. Wir danken allen Partner f\u00fcr die wichtige Unterst\u00fctzung und Zusammenarbeit!\" \/>\n<meta property=\"og:url\" content=\"https:\/\/rauchfrei.at\/der-jahresbericht-2024\/\" \/>\n<meta property=\"og:site_name\" content=\"Rauchfrei Telefon\" \/>\n<meta property=\"article:published_time\" content=\"2025-05-23T14:56:44+00:00\" \/>\n<meta property=\"article:modified_time\" content=\"2025-05-23T15:02:18+00:00\" \/>\n<meta property=\"og:image\" content=\"https:\/\/rauchfrei.at\/wp-content\/uploads\/Screenshot-2025-05-23-113508.png\" \/>\n\t<meta property=\"og:image:width\" content=\"1119\" \/>\n\t<meta property=\"og:image:height\" content=\"788\" \/>\n\t<meta property=\"og:image:type\" content=\"image\/png\" \/>\n<meta name=\"author\" content=\"Rauchfrei Team\" \/>\n<meta name=\"twitter:card\" content=\"summary_large_image\" \/>\n<meta name=\"twitter:label1\" content=\"Written by\" \/>\n\t<meta name=\"twitter:data1\" content=\"Rauchfrei Team\" \/>\n\t<meta name=\"twitter:label2\" content=\"Est. reading time\" \/>\n\t<meta name=\"twitter:data2\" content=\"2 minutes\" \/>\n<script type=\"application\/ld+json\" class=\"yoast-schema-graph\">{\"@context\":\"https:\/\/schema.org\",\"@graph\":[{\"@type\":\"WebPage\",\"@id\":\"https:\/\/rauchfrei.at\/der-jahresbericht-2024\/\",\"url\":\"https:\/\/rauchfrei.at\/der-jahresbericht-2024\/\",\"name\":\"Der Jahresbericht 2024 - Rauchfrei Telefon\",\"isPartOf\":{\"@id\":\"https:\/\/rauchfrei.at\/#website\"},\"primaryImageOfPage\":{\"@id\":\"https:\/\/rauchfrei.at\/der-jahresbericht-2024\/#primaryimage\"},\"image\":{\"@id\":\"https:\/\/rauchfrei.at\/der-jahresbericht-2024\/#primaryimage\"},\"thumbnailUrl\":\"https:\/\/rauchfrei.at\/wp-content\/uploads\/Screenshot-2025-05-23-113508-225x158.png\",\"datePublished\":\"2025-05-23T14:56:44+00:00\",\"dateModified\":\"2025-05-23T15:02:18+00:00\",\"author\":{\"@id\":\"https:\/\/rauchfrei.at\/#\/schema\/person\/504bbf90c5482004fc09aef6de7f9277\"},\"inLanguage\":\"en-US\",\"potentialAction\":[{\"@type\":\"ReadAction\",\"target\":[\"https:\/\/rauchfrei.at\/der-jahresbericht-2024\/\"]}]},{\"@type\":\"ImageObject\",\"inLanguage\":\"en-US\",\"@id\":\"https:\/\/rauchfrei.at\/der-jahresbericht-2024\/#primaryimage\",\"url\":\"https:\/\/rauchfrei.at\/wp-content\/uploads\/Screenshot-2025-05-23-113508-225x158.png\",\"contentUrl\":\"https:\/\/rauchfrei.at\/wp-content\/uploads\/Screenshot-2025-05-23-113508-225x158.png\"},{\"@type\":\"WebSite\",\"@id\":\"https:\/\/rauchfrei.at\/#website\",\"url\":\"https:\/\/rauchfrei.at\/\",\"name\":\"Rauchfrei Telefon\",\"description\":\"Eine \u00f6sterreichweite Initiative der Sozialversicherungen.\",\"potentialAction\":[{\"@type\":\"SearchAction\",\"target\":{\"@type\":\"EntryPoint\",\"urlTemplate\":\"https:\/\/rauchfrei.at\/?s={search_term_string}\"},\"query-input\":{\"@type\":\"PropertyValueSpecification\",\"valueRequired\":true,\"valueName\":\"search_term_string\"}}],\"inLanguage\":\"en-US\"},{\"@type\":\"Person\",\"@id\":\"https:\/\/rauchfrei.at\/#\/schema\/person\/504bbf90c5482004fc09aef6de7f9277\",\"name\":\"Rauchfrei Team\",\"image\":{\"@type\":\"ImageObject\",\"inLanguage\":\"en-US\",\"@id\":\"https:\/\/rauchfrei.at\/#\/schema\/person\/image\/\",\"url\":\"https:\/\/secure.gravatar.com\/avatar\/2115b79a00800516fa1523bb5a329611f90e73e89be559131fc7e82b4fdc95ff?s=96&d=mm&r=g\",\"contentUrl\":\"https:\/\/secure.gravatar.com\/avatar\/2115b79a00800516fa1523bb5a329611f90e73e89be559131fc7e82b4fdc95ff?s=96&d=mm&r=g\",\"caption\":\"Rauchfrei Team\"},\"url\":\"https:\/\/rauchfrei.at\/en\/author\/rauchfrei-team\/\"}]}<\/script>\n<!-- \/ Yoast SEO plugin. -->","yoast_head_json":{"title":"Der Jahresbericht 2024 - Rauchfrei Telefon","robots":{"index":"index","follow":"follow","max-snippet":"max-snippet:-1","max-image-preview":"max-image-preview:large","max-video-preview":"max-video-preview:-1"},"canonical":"https:\/\/rauchfrei.at\/der-jahresbericht-2024\/","og_locale":"en_US","og_type":"article","og_title":"Der Jahresbericht 2024 - Rauchfrei Telefon","og_description":"Der Jahresbericht 2024 ist online und bietet Einblicke in die T\u00e4tigkeiten des Rauchfrei Telefons im vergangenen Jahr! Hier finden Sie alle wichtigen Facts und Aktivit\u00e4ten. Wir danken allen Partner f\u00fcr die wichtige Unterst\u00fctzung und Zusammenarbeit!","og_url":"https:\/\/rauchfrei.at\/der-jahresbericht-2024\/","og_site_name":"Rauchfrei Telefon","article_published_time":"2025-05-23T14:56:44+00:00","article_modified_time":"2025-05-23T15:02:18+00:00","og_image":[{"width":1119,"height":788,"url":"https:\/\/rauchfrei.at\/wp-content\/uploads\/Screenshot-2025-05-23-113508.png","type":"image\/png"}],"author":"Rauchfrei Team","twitter_card":"summary_large_image","twitter_misc":{"Written by":"Rauchfrei Team","Est. reading time":"2 minutes"},"schema":{"@context":"https:\/\/schema.org","@graph":[{"@type":"WebPage","@id":"https:\/\/rauchfrei.at\/der-jahresbericht-2024\/","url":"https:\/\/rauchfrei.at\/der-jahresbericht-2024\/","name":"Der Jahresbericht 2024 - Rauchfrei Telefon","isPartOf":{"@id":"https:\/\/rauchfrei.at\/#website"},"primaryImageOfPage":{"@id":"https:\/\/rauchfrei.at\/der-jahresbericht-2024\/#primaryimage"},"image":{"@id":"https:\/\/rauchfrei.at\/der-jahresbericht-2024\/#primaryimage"},"thumbnailUrl":"https:\/\/rauchfrei.at\/wp-content\/uploads\/Screenshot-2025-05-23-113508-225x158.png","datePublished":"2025-05-23T14:56:44+00:00","dateModified":"2025-05-23T15:02:18+00:00","author":{"@id":"https:\/\/rauchfrei.at\/#\/schema\/person\/504bbf90c5482004fc09aef6de7f9277"},"inLanguage":"en-US","potentialAction":[{"@type":"ReadAction","target":["https:\/\/rauchfrei.at\/der-jahresbericht-2024\/"]}]},{"@type":"ImageObject","inLanguage":"en-US","@id":"https:\/\/rauchfrei.at\/der-jahresbericht-2024\/#primaryimage","url":"https:\/\/rauchfrei.at\/wp-content\/uploads\/Screenshot-2025-05-23-113508-225x158.png","contentUrl":"https:\/\/rauchfrei.at\/wp-content\/uploads\/Screenshot-2025-05-23-113508-225x158.png"},{"@type":"WebSite","@id":"https:\/\/rauchfrei.at\/#website","url":"https:\/\/rauchfrei.at\/","name":"Rauchfrei Telefon","description":"Eine \u00f6sterreichweite Initiative der Sozialversicherungen.","potentialAction":[{"@type":"SearchAction","target":{"@type":"EntryPoint","urlTemplate":"https:\/\/rauchfrei.at\/?s={search_term_string}"},"query-input":{"@type":"PropertyValueSpecification","valueRequired":true,"valueName":"search_term_string"}}],"inLanguage":"en-US"},{"@type":"Person","@id":"https:\/\/rauchfrei.at\/#\/schema\/person\/504bbf90c5482004fc09aef6de7f9277","name":"Rauchfrei Team","image":{"@type":"ImageObject","inLanguage":"en-US","@id":"https:\/\/rauchfrei.at\/#\/schema\/person\/image\/","url":"https:\/\/secure.gravatar.com\/avatar\/2115b79a00800516fa1523bb5a329611f90e73e89be559131fc7e82b4fdc95ff?s=96&d=mm&r=g","contentUrl":"https:\/\/secure.gravatar.com\/avatar\/2115b79a00800516fa1523bb5a329611f90e73e89be559131fc7e82b4fdc95ff?s=96&d=mm&r=g","caption":"Rauchfrei Team"},"url":"https:\/\/rauchfrei.at\/en\/author\/rauchfrei-team\/"}]}},"_links":{"self":[{"href":"https:\/\/rauchfrei.at\/en\/wp-json\/wp\/v2\/posts\/30747","targetHints":{"allow":["GET"]}}],"collection":[{"href":"https:\/\/rauchfrei.at\/en\/wp-json\/wp\/v2\/posts"}],"about":[{"href":"https:\/\/rauchfrei.at\/en\/wp-json\/wp\/v2\/types\/post"}],"author":[{"embeddable":true,"href":"https:\/\/rauchfrei.at\/en\/wp-json\/wp\/v2\/users\/25"}],"replies":[{"embeddable":true,"href":"https:\/\/rauchfrei.at\/en\/wp-json\/wp\/v2\/comments?post=30747"}],"version-history":[{"count":6,"href":"https:\/\/rauchfrei.at\/en\/wp-json\/wp\/v2\/posts\/30747\/revisions"}],"predecessor-version":[{"id":30756,"href":"https:\/\/rauchfrei.at\/en\/wp-json\/wp\/v2\/posts\/30747\/revisions\/30756"}],"wp:attachment":[{"href":"https:\/\/rauchfrei.at\/en\/wp-json\/wp\/v2\/media?parent=30747"}],"wp:term":[{"taxonomy":"category","embeddable":true,"href":"https:\/\/rauchfrei.at\/en\/wp-json\/wp\/v2\/categories?post=30747"},{"taxonomy":"post_tag","embeddable":true,"href":"https:\/\/rauchfrei.at\/en\/wp-json\/wp\/v2\/tags?post=30747"}],"curies":[{"name":"wp","href":"https:\/\/api.w.org\/{rel}","templated":true}]}}