
{"id":30760,"date":"2025-05-27T10:24:26","date_gmt":"2025-05-27T08:24:26","guid":{"rendered":"https:\/\/rauchfrei.at\/?p=30760"},"modified":"2025-05-27T18:14:34","modified_gmt":"2025-05-27T16:14:34","slug":"den-reiz-entlarven","status":"publish","type":"post","link":"https:\/\/rauchfrei.at\/en\/den-reiz-entlarven\/","title":{"rendered":"Den Reiz entlarven"},"content":{"rendered":"\n[et_pb_section fb_built=&#8221;1&#8243; module_class=&#8221;header&#8221; _builder_version=&#8221;4.16&#8243; global_colors_info=&#8221;{}&#8221;][et_pb_row _builder_version=&#8221;4.16&#8243; global_colors_info=&#8221;{}&#8221;][et_pb_column type=&#8221;4_4&#8243; _builder_version=&#8221;4.16&#8243; custom_padding=&#8221;|||&#8221; global_colors_info=&#8221;{}&#8221; custom_padding__hover=&#8221;|||&#8221;][et_pb_dp_dmb_module_10001 subheadline=&#8221;Weltnichtrauchertag 2025&#8243; _builder_version=&#8221;4.27.4&#8243; global_colors_info=&#8221;{}&#8221;][\/et_pb_dp_dmb_module_10001][\/et_pb_column][\/et_pb_row][\/et_pb_section][et_pb_section fb_built=&#8221;1&#8243; _builder_version=&#8221;4.16&#8243; custom_padding=&#8221;30px|||&#8221; global_colors_info=&#8221;{}&#8221;][et_pb_row column_structure=&#8221;2_3,1_3&#8243; _builder_version=&#8221;4.16&#8243; global_colors_info=&#8221;{}&#8221;][et_pb_column type=&#8221;2_3&#8243; module_class=&#8221;blog-content&#8221; _builder_version=&#8221;4.16&#8243; custom_padding=&#8221;|||&#8221; global_colors_info=&#8221;{}&#8221; custom_padding__hover=&#8221;|||&#8221;][et_pb_text _builder_version=&#8221;4.27.4&#8243; hover_enabled=&#8221;0&#8243; global_colors_info=&#8221;{}&#8221; sticky_enabled=&#8221;0&#8243;]<p>Hat die Zigarette ausgedient? Wohl kaum, denn noch immer raucht rund ein F\u00fcnftel der \u00f6sterreichischen Bev\u00f6lkerung ab 15 Jahren. Daran erinnert der j\u00e4hrliche Weltnichtrauchertag am 31. Mai. Abgesehen vom Zigaretten-Konsum greifen aber immer mehr Menschen zu anderen Tabak- und Nikotinprodukten, wie E-Zigarette, Wasserpfeife, Tabakerhitzer oder Nikotinbeutel.<\/p>\n<p>Diese Produkte sprechen durch gezieltes Marketing und attraktives Design vor allem Jugendliche an und f\u00f6rdern so den Einstieg in den Konsum. In der Werbung wird auch der Eindruck vermittelt, bei diesen Produkten handle es sich um eine weniger sch\u00e4dliche Alternative zur Zigarette. Viele Raucherinnen und Raucher hoffen, auf diesem Weg von der Zigarette loszukommen.<\/p>\n<p>Der Weltnichtrauchertag am 31. Mai \u00a02025 steht deshalb unter dem Motto \u201eUnmask the Appeal\u201c. Die Weltgesundheitsorganisation (WHO) m\u00f6chte den Reiz der Produkte zu entlarven, die den Ausstieg erschweren und das Risiko einer Abh\u00e4ngigkeit und langfristiger gesundheitlicher Folgen erh\u00f6hen.<\/p>\n<p>Gemeinsam den Weg in eine nikotinfreie Zukunft zu bestreiten: Der Weltnichtrauchertag ist ein guter Anlass, das eigene Konsumverhalten zu \u00fcberdenken und die kostenfreien Angebote f\u00fcr die Nikotinentw\u00f6hnung zu nutzen.<\/p>\n<p>Die \u00d6sterreichische Gesundheitskasse (\u00d6GK) informiert zum Weltnichtrauchertag mit dem Online Vortrag <strong>\u201e<span>Au\u00dfen ansprechend &#8211; innen suchterzeugend! Die gef\u00e4hrliche, bunte Welt der Nikotinprodukte\u201c.<\/span><\/strong><\/p>\n<ul start=\"2\">\n<li><span><strong>2.Juni von 18:00-19:30 Uhr<\/strong><\/span><span> (Online-Vortrag)<\/span><\/li>\n<\/ul>\n<p><span>Anmeldung:<a href=\"https:\/\/www.gesundheitskasse.at\/cdscontent\/?contentid=10007.885216&amp;portal=oegkportal\" target=\"_blank\" rel=\"noopener\"> www.gesundheitskasse.at\/nikotinfrei<\/a><\/span><\/p>\n<p><span>Die Teilnahme ist kostenfrei.<\/span><\/p>\n<p>F\u00fcr alle, die nikotinfrei werden wollen, gibt es die telefonische Unterst\u00fctzung des Rauchfrei Telefons sowie die \u201eNikotinfrei in 6 Wochen\u201c-Kurse, die online oder an zahlreichen Standorten \u00f6sterreichweit besucht werden k\u00f6nnen. Erfahrene Expertinnen und Experten begleiten bei der Ver\u00e4nderung des und unterst\u00fctzen bei der Entwicklung von alternativen Verhaltensweisen. Die Kurse bieten Gelegenheit, das eigene Suchtverhalten zu \u00fcberdenken, sich in der Kleingruppe auszutauschen und gegenseitig zu motivieren.<\/p>\n<p><a href=\"https:\/\/rauchfrei.at\/wp-content\/uploads\/Vortrag-WNRT-Plakat.pdf\" target=\"_blank\" rel=\"noopener\"><strong>Poster<\/strong><\/a><\/p>[\/et_pb_text][et_pb_post_nav in_same_term=&#8221;off&#8221; _builder_version=&#8221;4.16&#8243; global_colors_info=&#8221;{}&#8221;][\/et_pb_post_nav][\/et_pb_column][et_pb_column type=&#8221;1_3&#8243; module_class=&#8221;cat-and-tag&#8221; _builder_version=&#8221;4.16&#8243; custom_padding=&#8221;|||&#8221; global_colors_info=&#8221;{}&#8221; custom_padding__hover=&#8221;|||&#8221;][et_pb_dp_dmb_module_10093 farbe=&#8221;blitzblau&#8221; headline=&#8221;Tabak- und Nikotinprodukte&#8221; image=&#8221;https:\/\/rauchfrei.at\/wp-content\/uploads\/Dampfmaedel_RGB_RZ.png&#8221; image_position=&#8221;center&#8221; link_text=&#8221;mehr Informationen&#8221; link_url=&#8221;https:\/\/rauchfrei.at\/fakten\/andere-tabakprodukte\/&#8221; admin_label=&#8221;Tabak- und Nikotinprodukte&#8221; _builder_version=&#8221;4.20.4&#8243; _module_preset=&#8221;default&#8221; global_module=&#8221;26833&#8243; saved_tabs=&#8221;all&#8221; global_colors_info=&#8221;{}&#8221;]<p>Was ist wo drin?<\/p>\n[\/et_pb_dp_dmb_module_10093][\/et_pb_column][\/et_pb_row][\/et_pb_section]\n","protected":false},"excerpt":{"rendered":"<p>Was macht den Reiz von E-Zigaretten, Tabakerhitzern, Nikotinbeuteln etc. aus? Diesem Thema widmet sich der diesj\u00e4hrige Weltnichtrauchertag. Ziel ist, auf die Gesundheits- und Suchtgefahr der Tabak- und Nikotinprodukte aufmerksam zu machen. Nutzen Sie den Weltnichtrauchertag, um sich n\u00e4her zu informieren und an den kostenfreien Nikotinfrei-Angeboten teil zu nehmen. <\/p>\n","protected":false},"author":25,"featured_media":0,"comment_status":"open","ping_status":"open","sticky":false,"template":"","format":"standard","meta":{"_et_pb_use_builder":"on","_et_pb_old_content":"","_et_gb_content_width":"2880","footnotes":""},"categories":[237,232],"tags":[],"class_list":["post-30760","post","type-post","status-publish","format-standard","hentry","category-literatur-und-hintergrundwissen","category-nachrichten-vom-rauchfrei-telefon"],"yoast_head":"<!-- This site is optimized with the Yoast SEO plugin v26.2 - https:\/\/yoast.com\/wordpress\/plugins\/seo\/ -->\n<title>Den Reiz entlarven - Rauchfrei Telefon<\/title>\n<meta name=\"robots\" content=\"index, follow, max-snippet:-1, max-image-preview:large, max-video-preview:-1\" \/>\n<link rel=\"canonical\" href=\"https:\/\/rauchfrei.at\/den-reiz-entlarven\/\" \/>\n<meta property=\"og:locale\" content=\"en_US\" \/>\n<meta property=\"og:type\" content=\"article\" \/>\n<meta property=\"og:title\" content=\"Den Reiz entlarven - Rauchfrei Telefon\" \/>\n<meta property=\"og:description\" content=\"Was macht den Reiz von E-Zigaretten, Tabakerhitzern, Nikotinbeuteln etc. aus? Diesem Thema widmet sich der diesj\u00e4hrige Weltnichtrauchertag. Ziel ist, auf die Gesundheits- und Suchtgefahr der Tabak- und Nikotinprodukte aufmerksam zu machen. Nutzen Sie den Weltnichtrauchertag, um sich n\u00e4her zu informieren und an den kostenfreien Nikotinfrei-Angeboten teil zu nehmen.\" \/>\n<meta property=\"og:url\" content=\"https:\/\/rauchfrei.at\/den-reiz-entlarven\/\" \/>\n<meta property=\"og:site_name\" content=\"Rauchfrei Telefon\" \/>\n<meta property=\"article:published_time\" content=\"2025-05-27T08:24:26+00:00\" \/>\n<meta property=\"article:modified_time\" content=\"2025-05-27T16:14:34+00:00\" \/>\n<meta name=\"author\" content=\"Rauchfrei Team\" \/>\n<meta name=\"twitter:card\" content=\"summary_large_image\" \/>\n<meta name=\"twitter:label1\" content=\"Written by\" \/>\n\t<meta name=\"twitter:data1\" content=\"Rauchfrei Team\" \/>\n\t<meta name=\"twitter:label2\" content=\"Est. reading time\" \/>\n\t<meta name=\"twitter:data2\" content=\"2 minutes\" \/>\n<script type=\"application\/ld+json\" class=\"yoast-schema-graph\">{\"@context\":\"https:\/\/schema.org\",\"@graph\":[{\"@type\":\"WebPage\",\"@id\":\"https:\/\/rauchfrei.at\/den-reiz-entlarven\/\",\"url\":\"https:\/\/rauchfrei.at\/den-reiz-entlarven\/\",\"name\":\"Den Reiz entlarven - Rauchfrei Telefon\",\"isPartOf\":{\"@id\":\"https:\/\/rauchfrei.at\/#website\"},\"datePublished\":\"2025-05-27T08:24:26+00:00\",\"dateModified\":\"2025-05-27T16:14:34+00:00\",\"author\":{\"@id\":\"https:\/\/rauchfrei.at\/#\/schema\/person\/504bbf90c5482004fc09aef6de7f9277\"},\"inLanguage\":\"en-US\",\"potentialAction\":[{\"@type\":\"ReadAction\",\"target\":[\"https:\/\/rauchfrei.at\/den-reiz-entlarven\/\"]}]},{\"@type\":\"WebSite\",\"@id\":\"https:\/\/rauchfrei.at\/#website\",\"url\":\"https:\/\/rauchfrei.at\/\",\"name\":\"Rauchfrei Telefon\",\"description\":\"Eine \u00f6sterreichweite Initiative der Sozialversicherungen.\",\"potentialAction\":[{\"@type\":\"SearchAction\",\"target\":{\"@type\":\"EntryPoint\",\"urlTemplate\":\"https:\/\/rauchfrei.at\/?s={search_term_string}\"},\"query-input\":{\"@type\":\"PropertyValueSpecification\",\"valueRequired\":true,\"valueName\":\"search_term_string\"}}],\"inLanguage\":\"en-US\"},{\"@type\":\"Person\",\"@id\":\"https:\/\/rauchfrei.at\/#\/schema\/person\/504bbf90c5482004fc09aef6de7f9277\",\"name\":\"Rauchfrei Team\",\"image\":{\"@type\":\"ImageObject\",\"inLanguage\":\"en-US\",\"@id\":\"https:\/\/rauchfrei.at\/#\/schema\/person\/image\/\",\"url\":\"https:\/\/secure.gravatar.com\/avatar\/2115b79a00800516fa1523bb5a329611f90e73e89be559131fc7e82b4fdc95ff?s=96&d=mm&r=g\",\"contentUrl\":\"https:\/\/secure.gravatar.com\/avatar\/2115b79a00800516fa1523bb5a329611f90e73e89be559131fc7e82b4fdc95ff?s=96&d=mm&r=g\",\"caption\":\"Rauchfrei Team\"},\"url\":\"https:\/\/rauchfrei.at\/en\/author\/rauchfrei-team\/\"}]}<\/script>\n<!-- \/ Yoast SEO plugin. -->","yoast_head_json":{"title":"Den Reiz entlarven - Rauchfrei Telefon","robots":{"index":"index","follow":"follow","max-snippet":"max-snippet:-1","max-image-preview":"max-image-preview:large","max-video-preview":"max-video-preview:-1"},"canonical":"https:\/\/rauchfrei.at\/den-reiz-entlarven\/","og_locale":"en_US","og_type":"article","og_title":"Den Reiz entlarven - Rauchfrei Telefon","og_description":"Was macht den Reiz von E-Zigaretten, Tabakerhitzern, Nikotinbeuteln etc. aus? Diesem Thema widmet sich der diesj\u00e4hrige Weltnichtrauchertag. Ziel ist, auf die Gesundheits- und Suchtgefahr der Tabak- und Nikotinprodukte aufmerksam zu machen. Nutzen Sie den Weltnichtrauchertag, um sich n\u00e4her zu informieren und an den kostenfreien Nikotinfrei-Angeboten teil zu nehmen.","og_url":"https:\/\/rauchfrei.at\/den-reiz-entlarven\/","og_site_name":"Rauchfrei Telefon","article_published_time":"2025-05-27T08:24:26+00:00","article_modified_time":"2025-05-27T16:14:34+00:00","author":"Rauchfrei Team","twitter_card":"summary_large_image","twitter_misc":{"Written by":"Rauchfrei Team","Est. reading time":"2 minutes"},"schema":{"@context":"https:\/\/schema.org","@graph":[{"@type":"WebPage","@id":"https:\/\/rauchfrei.at\/den-reiz-entlarven\/","url":"https:\/\/rauchfrei.at\/den-reiz-entlarven\/","name":"Den Reiz entlarven - Rauchfrei Telefon","isPartOf":{"@id":"https:\/\/rauchfrei.at\/#website"},"datePublished":"2025-05-27T08:24:26+00:00","dateModified":"2025-05-27T16:14:34+00:00","author":{"@id":"https:\/\/rauchfrei.at\/#\/schema\/person\/504bbf90c5482004fc09aef6de7f9277"},"inLanguage":"en-US","potentialAction":[{"@type":"ReadAction","target":["https:\/\/rauchfrei.at\/den-reiz-entlarven\/"]}]},{"@type":"WebSite","@id":"https:\/\/rauchfrei.at\/#website","url":"https:\/\/rauchfrei.at\/","name":"Rauchfrei Telefon","description":"Eine \u00f6sterreichweite Initiative der Sozialversicherungen.","potentialAction":[{"@type":"SearchAction","target":{"@type":"EntryPoint","urlTemplate":"https:\/\/rauchfrei.at\/?s={search_term_string}"},"query-input":{"@type":"PropertyValueSpecification","valueRequired":true,"valueName":"search_term_string"}}],"inLanguage":"en-US"},{"@type":"Person","@id":"https:\/\/rauchfrei.at\/#\/schema\/person\/504bbf90c5482004fc09aef6de7f9277","name":"Rauchfrei Team","image":{"@type":"ImageObject","inLanguage":"en-US","@id":"https:\/\/rauchfrei.at\/#\/schema\/person\/image\/","url":"https:\/\/secure.gravatar.com\/avatar\/2115b79a00800516fa1523bb5a329611f90e73e89be559131fc7e82b4fdc95ff?s=96&d=mm&r=g","contentUrl":"https:\/\/secure.gravatar.com\/avatar\/2115b79a00800516fa1523bb5a329611f90e73e89be559131fc7e82b4fdc95ff?s=96&d=mm&r=g","caption":"Rauchfrei Team"},"url":"https:\/\/rauchfrei.at\/en\/author\/rauchfrei-team\/"}]}},"_links":{"self":[{"href":"https:\/\/rauchfrei.at\/en\/wp-json\/wp\/v2\/posts\/30760","targetHints":{"allow":["GET"]}}],"collection":[{"href":"https:\/\/rauchfrei.at\/en\/wp-json\/wp\/v2\/posts"}],"about":[{"href":"https:\/\/rauchfrei.at\/en\/wp-json\/wp\/v2\/types\/post"}],"author":[{"embeddable":true,"href":"https:\/\/rauchfrei.at\/en\/wp-json\/wp\/v2\/users\/25"}],"replies":[{"embeddable":true,"href":"https:\/\/rauchfrei.at\/en\/wp-json\/wp\/v2\/comments?post=30760"}],"version-history":[{"count":6,"href":"https:\/\/rauchfrei.at\/en\/wp-json\/wp\/v2\/posts\/30760\/revisions"}],"predecessor-version":[{"id":30773,"href":"https:\/\/rauchfrei.at\/en\/wp-json\/wp\/v2\/posts\/30760\/revisions\/30773"}],"wp:attachment":[{"href":"https:\/\/rauchfrei.at\/en\/wp-json\/wp\/v2\/media?parent=30760"}],"wp:term":[{"taxonomy":"category","embeddable":true,"href":"https:\/\/rauchfrei.at\/en\/wp-json\/wp\/v2\/categories?post=30760"},{"taxonomy":"post_tag","embeddable":true,"href":"https:\/\/rauchfrei.at\/en\/wp-json\/wp\/v2\/tags?post=30760"}],"curies":[{"name":"wp","href":"https:\/\/api.w.org\/{rel}","templated":true}]}}