
{"id":30798,"date":"2025-05-31T06:00:00","date_gmt":"2025-05-31T04:00:00","guid":{"rendered":"https:\/\/rauchfrei.at\/?p=30798"},"modified":"2025-05-30T17:21:42","modified_gmt":"2025-05-30T15:21:42","slug":"neu-infobroschuere-des-rauchfrei-telefons","status":"publish","type":"post","link":"https:\/\/rauchfrei.at\/en\/neu-infobroschuere-des-rauchfrei-telefons\/","title":{"rendered":"Neu: Infobrosch\u00fcre des Rauchfrei Telefons"},"content":{"rendered":"\n[et_pb_section fb_built=&#8221;1&#8243; module_class=&#8221;header&#8221; _builder_version=&#8221;4.16&#8243; global_colors_info=&#8221;{}&#8221;][et_pb_row _builder_version=&#8221;4.16&#8243; global_colors_info=&#8221;{}&#8221;][et_pb_column type=&#8221;4_4&#8243; _builder_version=&#8221;4.16&#8243; custom_padding=&#8221;|||&#8221; global_colors_info=&#8221;{}&#8221; custom_padding__hover=&#8221;|||&#8221;][et_pb_dp_dmb_module_10001 subheadline=&#8221;Frei von Tabak und Nikotin \u2013 F\u00fcr Sie, f\u00fcr Ihre Familie, f\u00fcr Ihre Umgebung&#8221; _builder_version=&#8221;4.27.4&#8243; global_colors_info=&#8221;{}&#8221;][\/et_pb_dp_dmb_module_10001][\/et_pb_column][\/et_pb_row][\/et_pb_section][et_pb_section fb_built=&#8221;1&#8243; _builder_version=&#8221;4.16&#8243; custom_padding=&#8221;30px|||&#8221; global_colors_info=&#8221;{}&#8221;][et_pb_row column_structure=&#8221;2_3,1_3&#8243; _builder_version=&#8221;4.16&#8243; global_colors_info=&#8221;{}&#8221;][et_pb_column type=&#8221;2_3&#8243; module_class=&#8221;blog-content&#8221; _builder_version=&#8221;4.16&#8243; custom_padding=&#8221;|||&#8221; global_colors_info=&#8221;{}&#8221; custom_padding__hover=&#8221;|||&#8221;][et_pb_text _builder_version=&#8221;4.27.4&#8243; hover_enabled=&#8221;0&#8243; global_colors_info=&#8221;{}&#8221; sticky_enabled=&#8221;0&#8243;]<p>Mit dem Titel <strong>\u201eFrei von Tabak und Nikotin \u2013 F\u00fcr Sie, f\u00fcr Ihre Familie, f\u00fcr Ihre Umgebung\u201c<\/strong> informiert und motiviert die neue Brosch\u00fcre des Rauchfrei Telefons zu einem nikotinfreien Lebensstil.<\/p>\n<p>Sie enth\u00e4lt einen kurzen Einblick in die Wirkweise von Tabak und Nikotin, hilft dabei die Nikotinfreiheit zu planen, nennt praktische Techniken bei Verlangen, informiert \u00fcber die Auswirkungen von Passivrauch sowie Umweltsch\u00e4den durch Tabak- und Nikotinprodukte.<\/p>\n<p>Hier die wichtigsten Themen auf einen Blick:<\/p>\n<ul>\n<li>Wie wirken Tabak und Nikotin?<\/li>\n<li>Werden Sie frei von Tabak und Nikotin<\/li>\n<li>Hilfreiche Tipps<\/li>\n<li>Passivrauch und Passivdampf<\/li>\n<li>Umweltschutz<\/li>\n<\/ul>\n<p>Um die Verst\u00e4ndlichkeit f\u00fcr eine breite Zielgruppe zu gew\u00e4hrleisten, wurde das Sprachniveau B1 gew\u00e4hlt. Zudem steht die Brosch\u00fcre in sieben weiteren Sprachen zur Verf\u00fcgung, um Sprachbarrieren abzubauen und Hindernisse zu einem gelingenden Rauchstopp abzubauen. Wir danken dem Dachverband der Sozialversicherungstr\u00e4ger f\u00fcr die Unterst\u00fctzung.<\/p>\n<p><strong>Brosch\u00fcre zum Download (pdf)<\/strong><\/p>\n<p><a href=\"https:\/\/rauchfrei.at\/wp-content\/uploads\/rf25_es-brosch_deutsch_v5_online.pdf\" target=\"_blank\" rel=\"noopener\">Deutsch<\/a>, <a href=\"https:\/\/rauchfrei.at\/wp-content\/uploads\/rf25_es-brosch_englisch_v3_online.pdf\" target=\"_blank\" rel=\"noopener\">Englisch<\/a>, <a href=\"https:\/\/rauchfrei.at\/wp-content\/uploads\/rf25_es-brosch_araabisch_v1_online.pdf\" target=\"_blank\" rel=\"noopener\">Arabisch<\/a>, <a href=\"https:\/\/rauchfrei.at\/wp-content\/uploads\/rf25_es-brosch_bosnisch_v2_online.pdf\" target=\"_blank\" rel=\"noopener\">Bosnisch<\/a>, <a href=\"https:\/\/rauchfrei.at\/wp-content\/uploads\/rf25_es-brosch_kroatisch_v2_online.pdf\" target=\"_blank\" rel=\"noopener\">Kroatisch<\/a>, <a href=\"https:\/\/rauchfrei.at\/wp-content\/uploads\/rf25_es-brosch_rumaenisch_v2_online.pdf\" target=\"_blank\" rel=\"noopener\">Rum\u00e4nisch<\/a>, <a href=\"https:\/\/rauchfrei.at\/wp-content\/uploads\/rf25_es-brosch_tuerkisch_v2_online.pdf\" target=\"_blank\" rel=\"noopener\">T\u00fcrkisch<\/a>, <a href=\"https:\/\/rauchfrei.at\/wp-content\/uploads\/rf25_es-brosch_serbisch_v2_online.pdf\" target=\"_blank\" rel=\"noopener\">Serbisch<\/a><\/p>\n<p>Feiern Sie mit uns den <strong>Weltnichtrauchertag am 31. Mai<\/strong>, informieren Sie sich zum Thema und verbringen Sie den Tag nikotinfrei!<\/p>\n<p>Passend zum diesj\u00e4hrigen <strong>Motto \u201e<a href=\"https:\/\/www.who.int\/europe\/de\/news-room\/events\/item\/2025\/05\/31\/default-calendar\/world-no-tobacco-day-2025--unmasking-the-appeal\" target=\"_blank\" rel=\"noopener\">Den Reiz entlarven<\/a>\u201c<\/strong>\u00a0bietet die \u00f6sterreichische Gesundheitskasse einen <strong>Online-Vortrag<\/strong> zum Thema an:<\/p>\n<p><strong>Au\u00dfen ansprechend &#8211; innen suchterzeugend! Die gef\u00e4hrliche, bunte Welt der Nikotinprodukte<\/strong><\/p>\n<ul>\n<li>2. Juni 2025 (online) um 18:00-19:30 Uhr<\/li>\n<\/ul>\n<p><a href=\"https:\/\/www.who.int\/europe\/de\/news-room\/events\/item\/2025\/05\/31\/default-calendar\/world-no-tobacco-day-2025--unmasking-the-appeal\" target=\"_blank\" rel=\"noopener\"><strong>Info und Anmeldung<\/strong><\/a><\/p>\n<p>Machen Sie mit! Wir unterst\u00fctzen Sie bei Ihrer nikotinfreien Zeit!<\/p>[\/et_pb_text][et_pb_post_nav in_same_term=&#8221;off&#8221; _builder_version=&#8221;4.16&#8243; global_colors_info=&#8221;{}&#8221;][\/et_pb_post_nav][\/et_pb_column][et_pb_column type=&#8221;1_3&#8243; module_class=&#8221;cat-and-tag&#8221; _builder_version=&#8221;4.16&#8243; custom_padding=&#8221;|||&#8221; global_colors_info=&#8221;{}&#8221; custom_padding__hover=&#8221;|||&#8221;][et_pb_dp_dmb_module_10093 farbe=&#8221;blitzblau&#8221; headline=&#8221;Tabak- und Nikotinprodukte&#8221; image=&#8221;https:\/\/rauchfrei.at\/wp-content\/uploads\/Dampfmaedel_RGB_RZ.png&#8221; image_position=&#8221;center&#8221; link_text=&#8221;mehr Informationen&#8221; link_url=&#8221;https:\/\/rauchfrei.at\/fakten\/andere-tabakprodukte\/&#8221; admin_label=&#8221;Tabak- und Nikotinprodukte&#8221; _builder_version=&#8221;4.20.4&#8243; _module_preset=&#8221;default&#8221; global_module=&#8221;26833&#8243; saved_tabs=&#8221;all&#8221; global_colors_info=&#8221;{}&#8221;]<p>Was ist wo drin?<\/p>\n[\/et_pb_dp_dmb_module_10093][\/et_pb_column][\/et_pb_row][\/et_pb_section]\n","protected":false},"excerpt":{"rendered":"<p>Zum Weltnichtrauchertag pr\u00e4sentieren wir die neue Infobrosch\u00fcre des Rauchfrei Telefons. Sie enth\u00e4lt Informationen zu Tabak, Nikotin, Passivrauch und einem nikotinfreien Lebensstil. Ab sofort ist sie in Deutsch und in den Sprachen Arabisch, Bosnisch, Englisch, Kroatisch, Rum\u00e4nisch, Serbisch und T\u00fcrkisch online verf\u00fcgbar.<\/p>\n","protected":false},"author":25,"featured_media":0,"comment_status":"open","ping_status":"open","sticky":false,"template":"","format":"standard","meta":{"_et_pb_use_builder":"on","_et_pb_old_content":"","_et_gb_content_width":"2880","footnotes":""},"categories":[236],"tags":[],"class_list":["post-30798","post","type-post","status-publish","format-standard","hentry","category-nicht-kategorisiert"],"yoast_head":"<!-- This site is optimized with the Yoast SEO plugin v26.2 - https:\/\/yoast.com\/wordpress\/plugins\/seo\/ -->\n<title>Neu: Infobrosch\u00fcre des Rauchfrei Telefons - Rauchfrei Telefon<\/title>\n<meta name=\"robots\" content=\"index, follow, max-snippet:-1, max-image-preview:large, max-video-preview:-1\" \/>\n<link rel=\"canonical\" href=\"https:\/\/rauchfrei.at\/neu-infobroschuere-des-rauchfrei-telefons\/\" \/>\n<meta property=\"og:locale\" content=\"en_US\" \/>\n<meta property=\"og:type\" content=\"article\" \/>\n<meta property=\"og:title\" content=\"Neu: Infobrosch\u00fcre des Rauchfrei Telefons - Rauchfrei Telefon\" \/>\n<meta property=\"og:description\" content=\"Zum Weltnichtrauchertag pr\u00e4sentieren wir die neue Infobrosch\u00fcre des Rauchfrei Telefons. Sie enth\u00e4lt Informationen zu Tabak, Nikotin, Passivrauch und einem nikotinfreien Lebensstil. Ab sofort ist sie in Deutsch und in den Sprachen Arabisch, Bosnisch, Englisch, Kroatisch, Rum\u00e4nisch, Serbisch und T\u00fcrkisch online verf\u00fcgbar.\" \/>\n<meta property=\"og:url\" content=\"https:\/\/rauchfrei.at\/neu-infobroschuere-des-rauchfrei-telefons\/\" \/>\n<meta property=\"og:site_name\" content=\"Rauchfrei Telefon\" \/>\n<meta property=\"article:published_time\" content=\"2025-05-31T04:00:00+00:00\" \/>\n<meta name=\"author\" content=\"Rauchfrei Team\" \/>\n<meta name=\"twitter:card\" content=\"summary_large_image\" \/>\n<meta name=\"twitter:label1\" content=\"Written by\" \/>\n\t<meta name=\"twitter:data1\" content=\"Rauchfrei Team\" \/>\n\t<meta name=\"twitter:label2\" content=\"Est. reading time\" \/>\n\t<meta name=\"twitter:data2\" content=\"2 minutes\" \/>\n<script type=\"application\/ld+json\" class=\"yoast-schema-graph\">{\"@context\":\"https:\/\/schema.org\",\"@graph\":[{\"@type\":\"WebPage\",\"@id\":\"https:\/\/rauchfrei.at\/neu-infobroschuere-des-rauchfrei-telefons\/\",\"url\":\"https:\/\/rauchfrei.at\/neu-infobroschuere-des-rauchfrei-telefons\/\",\"name\":\"Neu: Infobrosch\u00fcre des Rauchfrei Telefons - Rauchfrei Telefon\",\"isPartOf\":{\"@id\":\"https:\/\/rauchfrei.at\/#website\"},\"datePublished\":\"2025-05-31T04:00:00+00:00\",\"author\":{\"@id\":\"https:\/\/rauchfrei.at\/#\/schema\/person\/504bbf90c5482004fc09aef6de7f9277\"},\"inLanguage\":\"en-US\",\"potentialAction\":[{\"@type\":\"ReadAction\",\"target\":[\"https:\/\/rauchfrei.at\/neu-infobroschuere-des-rauchfrei-telefons\/\"]}]},{\"@type\":\"WebSite\",\"@id\":\"https:\/\/rauchfrei.at\/#website\",\"url\":\"https:\/\/rauchfrei.at\/\",\"name\":\"Rauchfrei Telefon\",\"description\":\"Eine \u00f6sterreichweite Initiative der Sozialversicherungen.\",\"potentialAction\":[{\"@type\":\"SearchAction\",\"target\":{\"@type\":\"EntryPoint\",\"urlTemplate\":\"https:\/\/rauchfrei.at\/?s={search_term_string}\"},\"query-input\":{\"@type\":\"PropertyValueSpecification\",\"valueRequired\":true,\"valueName\":\"search_term_string\"}}],\"inLanguage\":\"en-US\"},{\"@type\":\"Person\",\"@id\":\"https:\/\/rauchfrei.at\/#\/schema\/person\/504bbf90c5482004fc09aef6de7f9277\",\"name\":\"Rauchfrei Team\",\"image\":{\"@type\":\"ImageObject\",\"inLanguage\":\"en-US\",\"@id\":\"https:\/\/rauchfrei.at\/#\/schema\/person\/image\/\",\"url\":\"https:\/\/secure.gravatar.com\/avatar\/2115b79a00800516fa1523bb5a329611f90e73e89be559131fc7e82b4fdc95ff?s=96&d=mm&r=g\",\"contentUrl\":\"https:\/\/secure.gravatar.com\/avatar\/2115b79a00800516fa1523bb5a329611f90e73e89be559131fc7e82b4fdc95ff?s=96&d=mm&r=g\",\"caption\":\"Rauchfrei Team\"},\"url\":\"https:\/\/rauchfrei.at\/en\/author\/rauchfrei-team\/\"}]}<\/script>\n<!-- \/ Yoast SEO plugin. -->","yoast_head_json":{"title":"Neu: Infobrosch\u00fcre des Rauchfrei Telefons - Rauchfrei Telefon","robots":{"index":"index","follow":"follow","max-snippet":"max-snippet:-1","max-image-preview":"max-image-preview:large","max-video-preview":"max-video-preview:-1"},"canonical":"https:\/\/rauchfrei.at\/neu-infobroschuere-des-rauchfrei-telefons\/","og_locale":"en_US","og_type":"article","og_title":"Neu: Infobrosch\u00fcre des Rauchfrei Telefons - Rauchfrei Telefon","og_description":"Zum Weltnichtrauchertag pr\u00e4sentieren wir die neue Infobrosch\u00fcre des Rauchfrei Telefons. Sie enth\u00e4lt Informationen zu Tabak, Nikotin, Passivrauch und einem nikotinfreien Lebensstil. Ab sofort ist sie in Deutsch und in den Sprachen Arabisch, Bosnisch, Englisch, Kroatisch, Rum\u00e4nisch, Serbisch und T\u00fcrkisch online verf\u00fcgbar.","og_url":"https:\/\/rauchfrei.at\/neu-infobroschuere-des-rauchfrei-telefons\/","og_site_name":"Rauchfrei Telefon","article_published_time":"2025-05-31T04:00:00+00:00","author":"Rauchfrei Team","twitter_card":"summary_large_image","twitter_misc":{"Written by":"Rauchfrei Team","Est. reading time":"2 minutes"},"schema":{"@context":"https:\/\/schema.org","@graph":[{"@type":"WebPage","@id":"https:\/\/rauchfrei.at\/neu-infobroschuere-des-rauchfrei-telefons\/","url":"https:\/\/rauchfrei.at\/neu-infobroschuere-des-rauchfrei-telefons\/","name":"Neu: Infobrosch\u00fcre des Rauchfrei Telefons - Rauchfrei Telefon","isPartOf":{"@id":"https:\/\/rauchfrei.at\/#website"},"datePublished":"2025-05-31T04:00:00+00:00","author":{"@id":"https:\/\/rauchfrei.at\/#\/schema\/person\/504bbf90c5482004fc09aef6de7f9277"},"inLanguage":"en-US","potentialAction":[{"@type":"ReadAction","target":["https:\/\/rauchfrei.at\/neu-infobroschuere-des-rauchfrei-telefons\/"]}]},{"@type":"WebSite","@id":"https:\/\/rauchfrei.at\/#website","url":"https:\/\/rauchfrei.at\/","name":"Rauchfrei Telefon","description":"Eine \u00f6sterreichweite Initiative der Sozialversicherungen.","potentialAction":[{"@type":"SearchAction","target":{"@type":"EntryPoint","urlTemplate":"https:\/\/rauchfrei.at\/?s={search_term_string}"},"query-input":{"@type":"PropertyValueSpecification","valueRequired":true,"valueName":"search_term_string"}}],"inLanguage":"en-US"},{"@type":"Person","@id":"https:\/\/rauchfrei.at\/#\/schema\/person\/504bbf90c5482004fc09aef6de7f9277","name":"Rauchfrei Team","image":{"@type":"ImageObject","inLanguage":"en-US","@id":"https:\/\/rauchfrei.at\/#\/schema\/person\/image\/","url":"https:\/\/secure.gravatar.com\/avatar\/2115b79a00800516fa1523bb5a329611f90e73e89be559131fc7e82b4fdc95ff?s=96&d=mm&r=g","contentUrl":"https:\/\/secure.gravatar.com\/avatar\/2115b79a00800516fa1523bb5a329611f90e73e89be559131fc7e82b4fdc95ff?s=96&d=mm&r=g","caption":"Rauchfrei Team"},"url":"https:\/\/rauchfrei.at\/en\/author\/rauchfrei-team\/"}]}},"_links":{"self":[{"href":"https:\/\/rauchfrei.at\/en\/wp-json\/wp\/v2\/posts\/30798","targetHints":{"allow":["GET"]}}],"collection":[{"href":"https:\/\/rauchfrei.at\/en\/wp-json\/wp\/v2\/posts"}],"about":[{"href":"https:\/\/rauchfrei.at\/en\/wp-json\/wp\/v2\/types\/post"}],"author":[{"embeddable":true,"href":"https:\/\/rauchfrei.at\/en\/wp-json\/wp\/v2\/users\/25"}],"replies":[{"embeddable":true,"href":"https:\/\/rauchfrei.at\/en\/wp-json\/wp\/v2\/comments?post=30798"}],"version-history":[{"count":10,"href":"https:\/\/rauchfrei.at\/en\/wp-json\/wp\/v2\/posts\/30798\/revisions"}],"predecessor-version":[{"id":30821,"href":"https:\/\/rauchfrei.at\/en\/wp-json\/wp\/v2\/posts\/30798\/revisions\/30821"}],"wp:attachment":[{"href":"https:\/\/rauchfrei.at\/en\/wp-json\/wp\/v2\/media?parent=30798"}],"wp:term":[{"taxonomy":"category","embeddable":true,"href":"https:\/\/rauchfrei.at\/en\/wp-json\/wp\/v2\/categories?post=30798"},{"taxonomy":"post_tag","embeddable":true,"href":"https:\/\/rauchfrei.at\/en\/wp-json\/wp\/v2\/tags?post=30798"}],"curies":[{"name":"wp","href":"https:\/\/api.w.org\/{rel}","templated":true}]}}