
{"id":31146,"date":"2025-10-06T12:03:10","date_gmt":"2025-10-06T10:03:10","guid":{"rendered":"https:\/\/rauchfrei.at\/?p=31146"},"modified":"2025-09-17T12:04:47","modified_gmt":"2025-09-17T10:04:47","slug":"welttag-der-psychischen-gesundheit","status":"publish","type":"post","link":"https:\/\/rauchfrei.at\/en\/welttag-der-psychischen-gesundheit\/","title":{"rendered":"Welttag der psychischen Gesundheit"},"content":{"rendered":"\n[et_pb_section fb_built=&#8221;1&#8243; module_class=&#8221;header&#8221; _builder_version=&#8221;4.16&#8243; global_colors_info=&#8221;{}&#8221; theme_builder_area=&#8221;post_content&#8221;][et_pb_row _builder_version=&#8221;4.16&#8243; global_colors_info=&#8221;{}&#8221; theme_builder_area=&#8221;post_content&#8221;][et_pb_column type=&#8221;4_4&#8243; _builder_version=&#8221;4.16&#8243; custom_padding=&#8221;|||&#8221; global_colors_info=&#8221;{}&#8221; custom_padding__hover=&#8221;|||&#8221; theme_builder_area=&#8221;post_content&#8221;][et_pb_dp_dmb_module_10001 subheadline=&#8221;Wie kann Nikotinfreiheit zur seelischen Gesundheit beitragen?&#8221; _builder_version=&#8221;4.27.4&#8243; hover_enabled=&#8221;0&#8243; global_colors_info=&#8221;{}&#8221; theme_builder_area=&#8221;post_content&#8221; sticky_enabled=&#8221;0&#8243;][\/et_pb_dp_dmb_module_10001][\/et_pb_column][\/et_pb_row][\/et_pb_section][et_pb_section fb_built=&#8221;1&#8243; _builder_version=&#8221;4.16&#8243; custom_padding=&#8221;30px|||&#8221; global_colors_info=&#8221;{}&#8221; theme_builder_area=&#8221;post_content&#8221;][et_pb_row _builder_version=&#8221;4.16&#8243; global_colors_info=&#8221;{}&#8221; column_structure=&#8221;2_3,1_3&#8243; theme_builder_area=&#8221;post_content&#8221;][et_pb_column type=&#8221;2_3&#8243; module_class=&#8221;blog-content&#8221; _builder_version=&#8221;4.16&#8243; custom_padding=&#8221;|||&#8221; global_colors_info=&#8221;{}&#8221; custom_padding__hover=&#8221;|||&#8221; theme_builder_area=&#8221;post_content&#8221;][et_pb_text _builder_version=&#8221;4.27.4&#8243; hover_enabled=&#8221;0&#8243; global_colors_info=&#8221;{}&#8221; theme_builder_area=&#8221;post_content&#8221; sticky_enabled=&#8221;0&#8243;]<p>Ein gelungener Rauchstopp hat erwiesenerma\u00dfen viele positive Auswirkungen auf die Psyche: Tats\u00e4chlich kommt es laut Studien in den meisten F\u00e4llen zu einer Verringerung von depressiven Symptomen und geringerer Angstsymptomatik. Aber auch die Leistungsf\u00e4higkeit, Stimmung und das Gef\u00fchl der Selbstwirksamkeit verbessern sich.<\/p>\n<p>Am Telefon k\u00f6nnen wir immer wieder erfahren, dass Anrufende sich gewappneter f\u00fchlen mit den Herausforderungen des Alltags und des Lebens zurechtzukommen, wenn sie rauchfrei sind und sich die Stimmung deutlich verbessert. Einerseits spielen dabei Erleichterung und Stolz dar\u00fcber, es geschafft zu haben, eine Rolle und andererseits, dass das Nervengift Nikotin nicht mehr seine negative Wirkung auf die Psyche entfalten kann.<\/p>\n<p>Zudem ver\u00e4ndert sich bei vielen Menschen der Lebensstil: Sie fr\u00fchst\u00fccken nach Jahren wieder, anstatt zu rauchen. Bei Stress und Anspannung werden wohltuende Alternativen wie Entspannungs\u00fcbungen, Atem\u00fcbungen, Bewegung, rauchfreie Pausen etc. statt des Rauchens eingesetzt und sorgen so f\u00fcr ein besseres mentales Wohlbefinden.<\/p>\n<p>Viele Rauchende kennen aber auch die Situation, es nicht gleich beim ersten Versuch zu schaffen. Was dann? Belastet der Misserfolg die Psyche? Eine neue Studie zeigt klar: dem ist nicht so! Auch bei einem oder mehreren erfolglosen Rauchstoppversuchen kommt es zu keiner Verschlechterung von Angstzust\u00e4nden oder depressiven Symptomen.<\/p>\n<p>Es lohnt sich also beharrlich zu sein und auch nach mehreren Versuchen wieder das Thema \u201eRauch- und Nikotinstopp\u201c neu anzugehen. Am besten gelingt das mit Unterst\u00fctzung &#8211; vom Rauchfrei Telefon oder einem Rauchfrei Kurs der \u00d6GK.<\/p>\n<p>&nbsp;<\/p>\n<p>Quelle:<\/p>\n<p>What if I fail? Unsuccessful smoking cessation attempts and symptoms of<\/p>\n<p>depression and anxiety: A systematic review and meta-analysis<\/p>\n<p>Crabb AB, Allen J &amp; Taylor G (2025) BMJ Open 15<\/p>\n<p><a href=\"https:\/\/www.dkfz.de\/fileadmin\/user_upload\/Krebspraevention\/Download\/pdf\/NLTE\/NLTE_2025_Nr99_Newsletter-Tabakentwoehnung_Jul-2025.pdf\">https:\/\/www.dkfz.de\/fileadmin\/user_upload\/Krebspraevention\/Download\/pdf\/NLTE\/NLTE_2025_Nr99_Newsletter-Tabakentwoehnung_Jul-2025.pdf<\/a><\/p>[\/et_pb_text][et_pb_post_nav in_same_term=&#8221;off&#8221; _builder_version=&#8221;4.16&#8243; global_colors_info=&#8221;{}&#8221; theme_builder_area=&#8221;post_content&#8221;][\/et_pb_post_nav][\/et_pb_column][et_pb_column type=&#8221;1_3&#8243; module_class=&#8221;cat-and-tag&#8221; _builder_version=&#8221;4.16&#8243; custom_padding=&#8221;|||&#8221; global_colors_info=&#8221;{}&#8221; custom_padding__hover=&#8221;|||&#8221; theme_builder_area=&#8221;post_content&#8221;][et_pb_dp_dmb_module_10093 farbe=&#8221;blitzgelb&#8221; headline=&#8221;Trauen Sie sich den Rauchstopp zu!&#8221; image=&#8221;https:\/\/rauchfrei.at\/wp-content\/uploads\/Quitting-Yellow.png&#8221; image_position=&#8221;center&#8221; link_text=&#8221;mehr&#8221; link_url=&#8221;https:\/\/rauchfrei.at\/aufhoeren\/schritte-zum-rauchstopp\/trauen-sie-sich-den-rauchstopp-zu\/&#8221; admin_label=&#8221;Trauen Sie sich den Rauchstopp zu&#8221; _builder_version=&#8221;4.23.1&#8243; saved_tabs=&#8221;all&#8221; global_colors_info=&#8221;{}&#8221; global_module=&#8221;13173&#8243; theme_builder_area=&#8221;post_content&#8221;]<p>Wollen Sie etwas \u00e4ndern? Worauf warten Sie?<\/p>[\/et_pb_dp_dmb_module_10093][\/et_pb_column][\/et_pb_row][\/et_pb_section]\n","protected":false},"excerpt":{"rendered":"<p>Anl\u00e4sslich des Welttages der mentalen Gesundheit am 10.10. lohnt es sich, mehr \u00fcber die Bedeutung des Rauch- und Nikotinstopps f\u00fcr die Psyche zu erfahren. <\/p>\n","protected":false},"author":25,"featured_media":0,"comment_status":"open","ping_status":"open","sticky":false,"template":"","format":"standard","meta":{"_et_pb_use_builder":"on","_et_pb_old_content":"","_et_gb_content_width":"2880","footnotes":""},"categories":[235,236],"tags":[],"class_list":["post-31146","post","type-post","status-publish","format-standard","hentry","category-gesundheit-und-rauchstopp","category-nicht-kategorisiert"],"yoast_head":"<!-- This site is optimized with the Yoast SEO plugin v26.2 - https:\/\/yoast.com\/wordpress\/plugins\/seo\/ -->\n<title>Welttag der psychischen Gesundheit - Rauchfrei Telefon<\/title>\n<meta name=\"robots\" content=\"index, follow, max-snippet:-1, max-image-preview:large, max-video-preview:-1\" \/>\n<link rel=\"canonical\" href=\"https:\/\/rauchfrei.at\/welttag-der-psychischen-gesundheit\/\" \/>\n<meta property=\"og:locale\" content=\"en_US\" \/>\n<meta property=\"og:type\" content=\"article\" \/>\n<meta property=\"og:title\" content=\"Welttag der psychischen Gesundheit - Rauchfrei Telefon\" \/>\n<meta property=\"og:description\" content=\"Anl\u00e4sslich des Welttages der mentalen Gesundheit am 10.10. lohnt es sich, mehr \u00fcber die Bedeutung des Rauch- und Nikotinstopps f\u00fcr die Psyche zu erfahren.\" \/>\n<meta property=\"og:url\" content=\"https:\/\/rauchfrei.at\/welttag-der-psychischen-gesundheit\/\" \/>\n<meta property=\"og:site_name\" content=\"Rauchfrei Telefon\" \/>\n<meta property=\"article:published_time\" content=\"2025-10-06T10:03:10+00:00\" \/>\n<meta name=\"author\" content=\"Rauchfrei Team\" \/>\n<meta name=\"twitter:card\" content=\"summary_large_image\" \/>\n<meta name=\"twitter:label1\" content=\"Written by\" \/>\n\t<meta name=\"twitter:data1\" content=\"Rauchfrei Team\" \/>\n\t<meta name=\"twitter:label2\" content=\"Est. reading time\" \/>\n\t<meta name=\"twitter:data2\" content=\"2 minutes\" \/>\n<script type=\"application\/ld+json\" class=\"yoast-schema-graph\">{\"@context\":\"https:\/\/schema.org\",\"@graph\":[{\"@type\":\"WebPage\",\"@id\":\"https:\/\/rauchfrei.at\/welttag-der-psychischen-gesundheit\/\",\"url\":\"https:\/\/rauchfrei.at\/welttag-der-psychischen-gesundheit\/\",\"name\":\"Welttag der psychischen Gesundheit - Rauchfrei Telefon\",\"isPartOf\":{\"@id\":\"https:\/\/rauchfrei.at\/#website\"},\"datePublished\":\"2025-10-06T10:03:10+00:00\",\"author\":{\"@id\":\"https:\/\/rauchfrei.at\/#\/schema\/person\/504bbf90c5482004fc09aef6de7f9277\"},\"inLanguage\":\"en-US\",\"potentialAction\":[{\"@type\":\"ReadAction\",\"target\":[\"https:\/\/rauchfrei.at\/welttag-der-psychischen-gesundheit\/\"]}]},{\"@type\":\"WebSite\",\"@id\":\"https:\/\/rauchfrei.at\/#website\",\"url\":\"https:\/\/rauchfrei.at\/\",\"name\":\"Rauchfrei Telefon\",\"description\":\"Eine \u00f6sterreichweite Initiative der Sozialversicherungen.\",\"potentialAction\":[{\"@type\":\"SearchAction\",\"target\":{\"@type\":\"EntryPoint\",\"urlTemplate\":\"https:\/\/rauchfrei.at\/?s={search_term_string}\"},\"query-input\":{\"@type\":\"PropertyValueSpecification\",\"valueRequired\":true,\"valueName\":\"search_term_string\"}}],\"inLanguage\":\"en-US\"},{\"@type\":\"Person\",\"@id\":\"https:\/\/rauchfrei.at\/#\/schema\/person\/504bbf90c5482004fc09aef6de7f9277\",\"name\":\"Rauchfrei Team\",\"image\":{\"@type\":\"ImageObject\",\"inLanguage\":\"en-US\",\"@id\":\"https:\/\/rauchfrei.at\/#\/schema\/person\/image\/\",\"url\":\"https:\/\/secure.gravatar.com\/avatar\/2115b79a00800516fa1523bb5a329611f90e73e89be559131fc7e82b4fdc95ff?s=96&d=mm&r=g\",\"contentUrl\":\"https:\/\/secure.gravatar.com\/avatar\/2115b79a00800516fa1523bb5a329611f90e73e89be559131fc7e82b4fdc95ff?s=96&d=mm&r=g\",\"caption\":\"Rauchfrei Team\"},\"url\":\"https:\/\/rauchfrei.at\/en\/author\/rauchfrei-team\/\"}]}<\/script>\n<!-- \/ Yoast SEO plugin. -->","yoast_head_json":{"title":"Welttag der psychischen Gesundheit - Rauchfrei Telefon","robots":{"index":"index","follow":"follow","max-snippet":"max-snippet:-1","max-image-preview":"max-image-preview:large","max-video-preview":"max-video-preview:-1"},"canonical":"https:\/\/rauchfrei.at\/welttag-der-psychischen-gesundheit\/","og_locale":"en_US","og_type":"article","og_title":"Welttag der psychischen Gesundheit - Rauchfrei Telefon","og_description":"Anl\u00e4sslich des Welttages der mentalen Gesundheit am 10.10. lohnt es sich, mehr \u00fcber die Bedeutung des Rauch- und Nikotinstopps f\u00fcr die Psyche zu erfahren.","og_url":"https:\/\/rauchfrei.at\/welttag-der-psychischen-gesundheit\/","og_site_name":"Rauchfrei Telefon","article_published_time":"2025-10-06T10:03:10+00:00","author":"Rauchfrei Team","twitter_card":"summary_large_image","twitter_misc":{"Written by":"Rauchfrei Team","Est. reading time":"2 minutes"},"schema":{"@context":"https:\/\/schema.org","@graph":[{"@type":"WebPage","@id":"https:\/\/rauchfrei.at\/welttag-der-psychischen-gesundheit\/","url":"https:\/\/rauchfrei.at\/welttag-der-psychischen-gesundheit\/","name":"Welttag der psychischen Gesundheit - Rauchfrei Telefon","isPartOf":{"@id":"https:\/\/rauchfrei.at\/#website"},"datePublished":"2025-10-06T10:03:10+00:00","author":{"@id":"https:\/\/rauchfrei.at\/#\/schema\/person\/504bbf90c5482004fc09aef6de7f9277"},"inLanguage":"en-US","potentialAction":[{"@type":"ReadAction","target":["https:\/\/rauchfrei.at\/welttag-der-psychischen-gesundheit\/"]}]},{"@type":"WebSite","@id":"https:\/\/rauchfrei.at\/#website","url":"https:\/\/rauchfrei.at\/","name":"Rauchfrei Telefon","description":"Eine \u00f6sterreichweite Initiative der Sozialversicherungen.","potentialAction":[{"@type":"SearchAction","target":{"@type":"EntryPoint","urlTemplate":"https:\/\/rauchfrei.at\/?s={search_term_string}"},"query-input":{"@type":"PropertyValueSpecification","valueRequired":true,"valueName":"search_term_string"}}],"inLanguage":"en-US"},{"@type":"Person","@id":"https:\/\/rauchfrei.at\/#\/schema\/person\/504bbf90c5482004fc09aef6de7f9277","name":"Rauchfrei Team","image":{"@type":"ImageObject","inLanguage":"en-US","@id":"https:\/\/rauchfrei.at\/#\/schema\/person\/image\/","url":"https:\/\/secure.gravatar.com\/avatar\/2115b79a00800516fa1523bb5a329611f90e73e89be559131fc7e82b4fdc95ff?s=96&d=mm&r=g","contentUrl":"https:\/\/secure.gravatar.com\/avatar\/2115b79a00800516fa1523bb5a329611f90e73e89be559131fc7e82b4fdc95ff?s=96&d=mm&r=g","caption":"Rauchfrei Team"},"url":"https:\/\/rauchfrei.at\/en\/author\/rauchfrei-team\/"}]}},"_links":{"self":[{"href":"https:\/\/rauchfrei.at\/en\/wp-json\/wp\/v2\/posts\/31146","targetHints":{"allow":["GET"]}}],"collection":[{"href":"https:\/\/rauchfrei.at\/en\/wp-json\/wp\/v2\/posts"}],"about":[{"href":"https:\/\/rauchfrei.at\/en\/wp-json\/wp\/v2\/types\/post"}],"author":[{"embeddable":true,"href":"https:\/\/rauchfrei.at\/en\/wp-json\/wp\/v2\/users\/25"}],"replies":[{"embeddable":true,"href":"https:\/\/rauchfrei.at\/en\/wp-json\/wp\/v2\/comments?post=31146"}],"version-history":[{"count":3,"href":"https:\/\/rauchfrei.at\/en\/wp-json\/wp\/v2\/posts\/31146\/revisions"}],"predecessor-version":[{"id":31149,"href":"https:\/\/rauchfrei.at\/en\/wp-json\/wp\/v2\/posts\/31146\/revisions\/31149"}],"wp:attachment":[{"href":"https:\/\/rauchfrei.at\/en\/wp-json\/wp\/v2\/media?parent=31146"}],"wp:term":[{"taxonomy":"category","embeddable":true,"href":"https:\/\/rauchfrei.at\/en\/wp-json\/wp\/v2\/categories?post=31146"},{"taxonomy":"post_tag","embeddable":true,"href":"https:\/\/rauchfrei.at\/en\/wp-json\/wp\/v2\/tags?post=31146"}],"curies":[{"name":"wp","href":"https:\/\/api.w.org\/{rel}","templated":true}]}}