
{"id":31180,"date":"2025-09-24T13:41:27","date_gmt":"2025-09-24T11:41:27","guid":{"rendered":"https:\/\/rauchfrei.at\/?p=31180"},"modified":"2025-09-24T13:42:44","modified_gmt":"2025-09-24T11:42:44","slug":"weltherztag-29-september-2025","status":"publish","type":"post","link":"https:\/\/rauchfrei.at\/en\/weltherztag-29-september-2025\/","title":{"rendered":"Weltherztag- 29. September 2025"},"content":{"rendered":"\n[et_pb_section fb_built=&#8221;1&#8243; module_class=&#8221;header&#8221; _builder_version=&#8221;4.16&#8243; global_colors_info=&#8221;{}&#8221;][et_pb_row _builder_version=&#8221;4.16&#8243; global_colors_info=&#8221;{}&#8221;][et_pb_column type=&#8221;4_4&#8243; _builder_version=&#8221;4.16&#8243; custom_padding=&#8221;|||&#8221; global_colors_info=&#8221;{}&#8221; custom_padding__hover=&#8221;|||&#8221;][et_pb_dp_dmb_module_10001 subheadline=&#8221;Ein Zeichen f\u00fcr die Herzgesundheit setzen &#8211; Rauchstopp beherzigen&#8221; _builder_version=&#8221;4.27.4&#8243; global_colors_info=&#8221;{}&#8221;][\/et_pb_dp_dmb_module_10001][\/et_pb_column][\/et_pb_row][\/et_pb_section][et_pb_section fb_built=&#8221;1&#8243; _builder_version=&#8221;4.16&#8243; custom_padding=&#8221;30px|||&#8221; global_colors_info=&#8221;{}&#8221;][et_pb_row column_structure=&#8221;2_3,1_3&#8243; _builder_version=&#8221;4.16&#8243; global_colors_info=&#8221;{}&#8221;][et_pb_column type=&#8221;2_3&#8243; module_class=&#8221;blog-content&#8221; _builder_version=&#8221;4.16&#8243; custom_padding=&#8221;|||&#8221; global_colors_info=&#8221;{}&#8221; custom_padding__hover=&#8221;|||&#8221;][et_pb_text _builder_version=&#8221;4.27.4&#8243; hover_enabled=&#8221;0&#8243; global_colors_info=&#8221;{}&#8221; sticky_enabled=&#8221;0&#8243;]<p>Herz-Kreislauferkrankungen wie Herzinfarkt, Schlaganfall, Herzinsuffizienz sowie Erkrankungen der Blutgef\u00e4\u00dfe z\u00e4hlen zu den h\u00e4ufigsten Erkrankungen in unserer Gesellschaft und enden oft t\u00f6dlich. Das Rauchen ist einer der gr\u00f6\u00dften Risikofaktoren hierf\u00fcr.\u00a0 Zigarettenrauch beinhaltet u.a. die hauptverantwortlich sch\u00e4digenden Inhaltsstoffe Nikotin und Kohlenmonoxid. Auch der h\u00e4ufige Aufenthalt in verrauchter Luft (Passivrauch) f\u00f6rdert die Entstehung von Herz-Kreislauferkrankungen.<\/p>\n<p>Ein Rauchstopp sowie eine rauchfreie Umgebung reduzieren das Risiko einer Herz-Kreislauf-Erkrankung und auch die Mortalit\u00e4tsrate.<\/p>\n<p>Das Motto des Weltherztages 2025 lautet: <strong>\u201eHerzgesundheit ist kein Zufall \u2013 mach die \u201aBig Five\u2018 zur Prio 1!\u201c<\/strong>, das bedeutet auf die Risikofaktoren Rauchen, Bluthochdruck, hohes Cholesterin, \u00dcbergewicht\/Adipositas, Diabetes zu achten und aktiv werden. Ziel ist, diese Risiken zu senken.<\/p>\n<p>Anl\u00e4sslich des Weltherztages finden einige regionale Veranstaltungen, wie die kostenlosen Life-Lounge Mitmachevents der WiG (Wiener Gesundheitsf\u00f6rderung) am 20.\u00a0 und 27. September in <a href=\"https:\/\/www.wig.or.at\/termine\/wig-life-lounge-beim-herz-kreislauf-columbus-center)\" target=\"_blank\" rel=\"noopener\">Wien<\/a> zu den Themen Herz-Kreislauf und Bewegung, Ern\u00e4hrung, Seelische Gesundheit, statt.<\/p>\n<p>Weiters auch der <a href=\"https:\/\/www.gerasdorf-wien.gv.at\/29_Gerasdorfer_Gesundheitstag\" target=\"_blank\" rel=\"noopener\">Gerasdorfer Gesundheitstag<\/a> am 4. Oktober, der neben allgemeinen Gesundheitsfragen auch das Thema Herz in den Fokus nimmt.<\/p>\n<p><strong><a href=\"https:\/\/www.gesundheitskasse.at\/vema\/?contentid=10007.892883&amp;eventTag=BUF\" target=\"_blank\" rel=\"noopener\">Online Vortr\u00e4ge und Veranstaltungen der \u00d6GK<\/a> (Ern\u00e4hrung, Bewegung, Frei von Sucht)<\/strong><\/p>\n<p><strong>Titel:\u00a0 <\/strong>Blutzucker im Gleichgewicht, Leichter leben &#8211; Blutfette im Gleichgewicht, Beweg&#8217; dich &#8211; Gesunder R\u00fccken, Nikotinfrei Leben und Ern\u00e4hrung<\/p>\n<p>Informationen rund ums Thema Herzgesundheit erhalten sie auch unter <a href=\"https:\/\/www.herzverband.at\">https:\/\/www.herzverband.at<\/a>.<\/p>[\/et_pb_text][et_pb_post_nav in_same_term=&#8221;off&#8221; _builder_version=&#8221;4.16&#8243; global_colors_info=&#8221;{}&#8221;][\/et_pb_post_nav][\/et_pb_column][et_pb_column type=&#8221;1_3&#8243; module_class=&#8221;cat-and-tag&#8221; _builder_version=&#8221;4.16&#8243; custom_padding=&#8221;|||&#8221; global_colors_info=&#8221;{}&#8221; custom_padding__hover=&#8221;|||&#8221;][et_pb_sidebar area=&#8221;et_pb_widget_area_1&#8243; _builder_version=&#8221;4.16&#8243; global_colors_info=&#8221;{}&#8221;][\/et_pb_sidebar][et_pb_dp_dmb_module_10093 farbe=&#8221;blitzgelb&#8221; headline=&#8221;Trauen Sie sich den Rauchstopp zu!&#8221; image=&#8221;https:\/\/rauchfrei.at\/wp-content\/uploads\/Quitting-Yellow.png&#8221; image_position=&#8221;center&#8221; link_text=&#8221;mehr&#8221; link_url=&#8221;https:\/\/rauchfrei.at\/aufhoeren\/schritte-zum-rauchstopp\/trauen-sie-sich-den-rauchstopp-zu\/&#8221; admin_label=&#8221;Trauen Sie sich den Rauchstopp zu&#8221; _builder_version=&#8221;4.23.1&#8243; global_module=&#8221;13173&#8243; saved_tabs=&#8221;all&#8221; global_colors_info=&#8221;{}&#8221;]<p>Wollen Sie etwas \u00e4ndern? Worauf warten Sie?<\/p>\n[\/et_pb_dp_dmb_module_10093][\/et_pb_column][\/et_pb_row][\/et_pb_section]\n","protected":false},"excerpt":{"rendered":"<p>Der Weltherztag findet j\u00e4hrlich am 29. September statt. Dieser Aktionstag, organisiert von der World Heart Organisation (WHO), soll das Bewusstsein f\u00fcr Herz-Kreislauf-Erkrankungen erh\u00f6hen und die Wichtigkeit der Herzgesundheit hervorheben. Dazu finden auch  einige regionale Events statt. <\/p>\n","protected":false},"author":25,"featured_media":0,"comment_status":"open","ping_status":"open","sticky":false,"template":"","format":"standard","meta":{"_et_pb_use_builder":"on","_et_pb_old_content":"","_et_gb_content_width":"2880","footnotes":""},"categories":[236],"tags":[],"class_list":["post-31180","post","type-post","status-publish","format-standard","hentry","category-nicht-kategorisiert"],"yoast_head":"<!-- This site is optimized with the Yoast SEO plugin v26.2 - https:\/\/yoast.com\/wordpress\/plugins\/seo\/ -->\n<title>Weltherztag- 29. September 2025 - Rauchfrei Telefon<\/title>\n<meta name=\"robots\" content=\"index, follow, max-snippet:-1, max-image-preview:large, max-video-preview:-1\" \/>\n<link rel=\"canonical\" href=\"https:\/\/rauchfrei.at\/weltherztag-29-september-2025\/\" \/>\n<meta property=\"og:locale\" content=\"en_US\" \/>\n<meta property=\"og:type\" content=\"article\" \/>\n<meta property=\"og:title\" content=\"Weltherztag- 29. September 2025 - Rauchfrei Telefon\" \/>\n<meta property=\"og:description\" content=\"Der Weltherztag findet j\u00e4hrlich am 29. September statt. Dieser Aktionstag, organisiert von der World Heart Organisation (WHO), soll das Bewusstsein f\u00fcr Herz-Kreislauf-Erkrankungen erh\u00f6hen und die Wichtigkeit der Herzgesundheit hervorheben. Dazu finden auch einige regionale Events statt.\" \/>\n<meta property=\"og:url\" content=\"https:\/\/rauchfrei.at\/weltherztag-29-september-2025\/\" \/>\n<meta property=\"og:site_name\" content=\"Rauchfrei Telefon\" \/>\n<meta property=\"article:published_time\" content=\"2025-09-24T11:41:27+00:00\" \/>\n<meta property=\"article:modified_time\" content=\"2025-09-24T11:42:44+00:00\" \/>\n<meta name=\"author\" content=\"Rauchfrei Team\" \/>\n<meta name=\"twitter:card\" content=\"summary_large_image\" \/>\n<meta name=\"twitter:label1\" content=\"Written by\" \/>\n\t<meta name=\"twitter:data1\" content=\"Rauchfrei Team\" \/>\n\t<meta name=\"twitter:label2\" content=\"Est. reading time\" \/>\n\t<meta name=\"twitter:data2\" content=\"2 minutes\" \/>\n<script type=\"application\/ld+json\" class=\"yoast-schema-graph\">{\"@context\":\"https:\/\/schema.org\",\"@graph\":[{\"@type\":\"WebPage\",\"@id\":\"https:\/\/rauchfrei.at\/weltherztag-29-september-2025\/\",\"url\":\"https:\/\/rauchfrei.at\/weltherztag-29-september-2025\/\",\"name\":\"Weltherztag- 29. September 2025 - Rauchfrei Telefon\",\"isPartOf\":{\"@id\":\"https:\/\/rauchfrei.at\/#website\"},\"datePublished\":\"2025-09-24T11:41:27+00:00\",\"dateModified\":\"2025-09-24T11:42:44+00:00\",\"author\":{\"@id\":\"https:\/\/rauchfrei.at\/#\/schema\/person\/504bbf90c5482004fc09aef6de7f9277\"},\"inLanguage\":\"en-US\",\"potentialAction\":[{\"@type\":\"ReadAction\",\"target\":[\"https:\/\/rauchfrei.at\/weltherztag-29-september-2025\/\"]}]},{\"@type\":\"WebSite\",\"@id\":\"https:\/\/rauchfrei.at\/#website\",\"url\":\"https:\/\/rauchfrei.at\/\",\"name\":\"Rauchfrei Telefon\",\"description\":\"Eine \u00f6sterreichweite Initiative der Sozialversicherungen.\",\"potentialAction\":[{\"@type\":\"SearchAction\",\"target\":{\"@type\":\"EntryPoint\",\"urlTemplate\":\"https:\/\/rauchfrei.at\/?s={search_term_string}\"},\"query-input\":{\"@type\":\"PropertyValueSpecification\",\"valueRequired\":true,\"valueName\":\"search_term_string\"}}],\"inLanguage\":\"en-US\"},{\"@type\":\"Person\",\"@id\":\"https:\/\/rauchfrei.at\/#\/schema\/person\/504bbf90c5482004fc09aef6de7f9277\",\"name\":\"Rauchfrei Team\",\"image\":{\"@type\":\"ImageObject\",\"inLanguage\":\"en-US\",\"@id\":\"https:\/\/rauchfrei.at\/#\/schema\/person\/image\/\",\"url\":\"https:\/\/secure.gravatar.com\/avatar\/2115b79a00800516fa1523bb5a329611f90e73e89be559131fc7e82b4fdc95ff?s=96&d=mm&r=g\",\"contentUrl\":\"https:\/\/secure.gravatar.com\/avatar\/2115b79a00800516fa1523bb5a329611f90e73e89be559131fc7e82b4fdc95ff?s=96&d=mm&r=g\",\"caption\":\"Rauchfrei Team\"},\"url\":\"https:\/\/rauchfrei.at\/en\/author\/rauchfrei-team\/\"}]}<\/script>\n<!-- \/ Yoast SEO plugin. -->","yoast_head_json":{"title":"Weltherztag- 29. September 2025 - Rauchfrei Telefon","robots":{"index":"index","follow":"follow","max-snippet":"max-snippet:-1","max-image-preview":"max-image-preview:large","max-video-preview":"max-video-preview:-1"},"canonical":"https:\/\/rauchfrei.at\/weltherztag-29-september-2025\/","og_locale":"en_US","og_type":"article","og_title":"Weltherztag- 29. September 2025 - Rauchfrei Telefon","og_description":"Der Weltherztag findet j\u00e4hrlich am 29. September statt. Dieser Aktionstag, organisiert von der World Heart Organisation (WHO), soll das Bewusstsein f\u00fcr Herz-Kreislauf-Erkrankungen erh\u00f6hen und die Wichtigkeit der Herzgesundheit hervorheben. Dazu finden auch einige regionale Events statt.","og_url":"https:\/\/rauchfrei.at\/weltherztag-29-september-2025\/","og_site_name":"Rauchfrei Telefon","article_published_time":"2025-09-24T11:41:27+00:00","article_modified_time":"2025-09-24T11:42:44+00:00","author":"Rauchfrei Team","twitter_card":"summary_large_image","twitter_misc":{"Written by":"Rauchfrei Team","Est. reading time":"2 minutes"},"schema":{"@context":"https:\/\/schema.org","@graph":[{"@type":"WebPage","@id":"https:\/\/rauchfrei.at\/weltherztag-29-september-2025\/","url":"https:\/\/rauchfrei.at\/weltherztag-29-september-2025\/","name":"Weltherztag- 29. September 2025 - Rauchfrei Telefon","isPartOf":{"@id":"https:\/\/rauchfrei.at\/#website"},"datePublished":"2025-09-24T11:41:27+00:00","dateModified":"2025-09-24T11:42:44+00:00","author":{"@id":"https:\/\/rauchfrei.at\/#\/schema\/person\/504bbf90c5482004fc09aef6de7f9277"},"inLanguage":"en-US","potentialAction":[{"@type":"ReadAction","target":["https:\/\/rauchfrei.at\/weltherztag-29-september-2025\/"]}]},{"@type":"WebSite","@id":"https:\/\/rauchfrei.at\/#website","url":"https:\/\/rauchfrei.at\/","name":"Rauchfrei Telefon","description":"Eine \u00f6sterreichweite Initiative der Sozialversicherungen.","potentialAction":[{"@type":"SearchAction","target":{"@type":"EntryPoint","urlTemplate":"https:\/\/rauchfrei.at\/?s={search_term_string}"},"query-input":{"@type":"PropertyValueSpecification","valueRequired":true,"valueName":"search_term_string"}}],"inLanguage":"en-US"},{"@type":"Person","@id":"https:\/\/rauchfrei.at\/#\/schema\/person\/504bbf90c5482004fc09aef6de7f9277","name":"Rauchfrei Team","image":{"@type":"ImageObject","inLanguage":"en-US","@id":"https:\/\/rauchfrei.at\/#\/schema\/person\/image\/","url":"https:\/\/secure.gravatar.com\/avatar\/2115b79a00800516fa1523bb5a329611f90e73e89be559131fc7e82b4fdc95ff?s=96&d=mm&r=g","contentUrl":"https:\/\/secure.gravatar.com\/avatar\/2115b79a00800516fa1523bb5a329611f90e73e89be559131fc7e82b4fdc95ff?s=96&d=mm&r=g","caption":"Rauchfrei Team"},"url":"https:\/\/rauchfrei.at\/en\/author\/rauchfrei-team\/"}]}},"_links":{"self":[{"href":"https:\/\/rauchfrei.at\/en\/wp-json\/wp\/v2\/posts\/31180","targetHints":{"allow":["GET"]}}],"collection":[{"href":"https:\/\/rauchfrei.at\/en\/wp-json\/wp\/v2\/posts"}],"about":[{"href":"https:\/\/rauchfrei.at\/en\/wp-json\/wp\/v2\/types\/post"}],"author":[{"embeddable":true,"href":"https:\/\/rauchfrei.at\/en\/wp-json\/wp\/v2\/users\/25"}],"replies":[{"embeddable":true,"href":"https:\/\/rauchfrei.at\/en\/wp-json\/wp\/v2\/comments?post=31180"}],"version-history":[{"count":5,"href":"https:\/\/rauchfrei.at\/en\/wp-json\/wp\/v2\/posts\/31180\/revisions"}],"predecessor-version":[{"id":31187,"href":"https:\/\/rauchfrei.at\/en\/wp-json\/wp\/v2\/posts\/31180\/revisions\/31187"}],"wp:attachment":[{"href":"https:\/\/rauchfrei.at\/en\/wp-json\/wp\/v2\/media?parent=31180"}],"wp:term":[{"taxonomy":"category","embeddable":true,"href":"https:\/\/rauchfrei.at\/en\/wp-json\/wp\/v2\/categories?post=31180"},{"taxonomy":"post_tag","embeddable":true,"href":"https:\/\/rauchfrei.at\/en\/wp-json\/wp\/v2\/tags?post=31180"}],"curies":[{"name":"wp","href":"https:\/\/api.w.org\/{rel}","templated":true}]}}