
{"id":31356,"date":"2025-11-03T08:00:00","date_gmt":"2025-11-03T06:00:00","guid":{"rendered":"https:\/\/rauchfrei.at\/?p=31356"},"modified":"2025-11-03T23:53:09","modified_gmt":"2025-11-03T21:53:09","slug":"zum-weltmaennertag-an-die-gesundheit-denken","status":"publish","type":"post","link":"https:\/\/rauchfrei.at\/en\/zum-weltmaennertag-an-die-gesundheit-denken\/","title":{"rendered":"Zum Weltm\u00e4nnertag an die Gesundheit denken"},"content":{"rendered":"\n[et_pb_section fb_built=&#8221;1&#8243; module_class=&#8221;header&#8221; _builder_version=&#8221;4.16&#8243; global_colors_info=&#8221;{}&#8221; theme_builder_area=&#8221;post_content&#8221;][et_pb_row _builder_version=&#8221;4.16&#8243; global_colors_info=&#8221;{}&#8221; theme_builder_area=&#8221;post_content&#8221;][et_pb_column type=&#8221;4_4&#8243; _builder_version=&#8221;4.16&#8243; custom_padding=&#8221;|||&#8221; global_colors_info=&#8221;{}&#8221; custom_padding__hover=&#8221;|||&#8221; theme_builder_area=&#8221;post_content&#8221;][et_pb_dp_dmb_module_10001 subheadline=&#8221;Entscheidung f\u00fcr ein rauchfreies Leben &#8221; _builder_version=&#8221;4.27.4&#8243; hover_enabled=&#8221;0&#8243; global_colors_info=&#8221;{}&#8221; theme_builder_area=&#8221;post_content&#8221; sticky_enabled=&#8221;0&#8243;][\/et_pb_dp_dmb_module_10001][\/et_pb_column][\/et_pb_row][\/et_pb_section][et_pb_section fb_built=&#8221;1&#8243; _builder_version=&#8221;4.16&#8243; custom_padding=&#8221;30px|||&#8221; global_colors_info=&#8221;{}&#8221; theme_builder_area=&#8221;post_content&#8221;][et_pb_row _builder_version=&#8221;4.16&#8243; global_colors_info=&#8221;{}&#8221; column_structure=&#8221;2_3,1_3&#8243; theme_builder_area=&#8221;post_content&#8221;][et_pb_column type=&#8221;2_3&#8243; module_class=&#8221;blog-content&#8221; _builder_version=&#8221;4.16&#8243; custom_padding=&#8221;|||&#8221; global_colors_info=&#8221;{}&#8221; custom_padding__hover=&#8221;|||&#8221; theme_builder_area=&#8221;post_content&#8221;][et_pb_text _builder_version=&#8221;4.27.4&#8243; hover_enabled=&#8221;0&#8243; global_colors_info=&#8221;{}&#8221; theme_builder_area=&#8221;post_content&#8221; sticky_enabled=&#8221;0&#8243;]<p>Die gute Nachricht ist, dass seit vielen Jahren der Anteil der Rauchenden in der Bev\u00f6lkerung sinkt. Auch die Anzahl der M\u00e4nner, die zur Zigarette greifen, ist im Vergleich zu den vergangenen Jahren gesunken. Dennoch rauchen immer noch 24 Prozent der erwachsenen M\u00e4nner in \u00d6sterreich t\u00e4glich. Und sie rauchen nach wie vor mehr Zigaretten pro Tag als Frauen. Dadurch haben M\u00e4nner nach wie vor ein h\u00f6heres Risiko an Lungenkrebs oder COPD zu erkranken.<\/p>\n<p>Doch hat man sich einmal zum Rauchstopp entschlossen, hilft die Nikotinersatztherapie (Pflaster, Kaugummi, Lutschtablette und Mundspray) gerade M\u00e4nnern besonders gut bei einem erfolgreichen Rauchstopp. Denn durch den Konsum von Nikotin wird im Gehirn Dopamin ausgesch\u00fcttet.\u00a0 M\u00e4nner rauchen h\u00e4ufig, um die Wirkung des Dopamins zu erleben und halten deswegen oft unbewusst das Nikotinlevel hoch. Die Entzugserscheinungen werden durch den Nikotinersatz aber gut abgefedert.<\/p>\n<p>&nbsp;<\/p>\n<p>Trotzdem sind f\u00fcr einen nachhaltigen Rauchstopp auch Alternativen zum Rauchverhalten wichtig. Diese m\u00fcssen zur jeweiligen Lebenssituation und zur Alltagsstruktur passen. Unsere Anrufer k\u00f6nnen sich meistens gut vorstellen, eine Trinkflasche mit in die Arbeit zu nehmen und Wasser oder Soda mit Zitrone zu trinken, statt in der Pause zu rauchen. Auch Sport und Fitness sind beliebte Strategien beim Rauchstopp. Also spricht nichts dagegen nach dem Essen eine kurze Runde flott an der frischen Luft spazieren zu gehen statt zum Rauchen sitzen zu bleiben. Auch normale Kaugummis oder scharfe Zuckerln sowie Gew\u00fcrznelken und Kalmuswurzel sind f\u00fcr einige gute Alternativen. Vielen M\u00e4nnern ist ihre Gesundheit wichtig und sie scheuen sich nicht, Hilfe anzunehmen \u2013 das sind sehr gute Voraussetzungen f\u00fcr einen erfolgreichen Rauchstopp!<\/p>\n<p>&nbsp;<\/p>\n<p><a href=\"https:\/\/rauchfrei.at\/wp-content\/uploads\/rf25_Krebs_Folder_v10_online.pdf\">https:\/\/rauchfrei.at\/wp-content\/uploads\/rf25_Krebs_Folder_v10_online.pdf<\/a><\/p>\n<p><a href=\"https:\/\/www.medmedia.at\/aerzte-krone\/gender-medizin-rauchverhalten-von-frauen-und-maennern\/\">https:\/\/www.medmedia.at\/aerzte-krone\/gender-medizin-rauchverhalten-von-frauen-und-maennern\/<\/a><\/p>\n<p><a href=\"https:\/\/www.krebshilfe.net\/information\/krebs-in-oesterreich\/krebserkrankungen-in-oesterreich\">https:\/\/www.krebshilfe.net\/information\/krebs-in-oesterreich\/krebserkrankungen-in-oesterreich<\/a><\/p>\n<p><a href=\"https:\/\/www.focus.de\/gesundheit\/videos\/studie-aus-yale-forscher-zeigen-warum-maenner-rauchen-und-warum-frauen_id_4376785.html\">https:\/\/www.focus.de\/gesundheit\/videos\/studie-aus-yale-forscher-zeigen-warum-maenner-rauchen-und-warum-frauen_id_4376785.html<\/a><\/p>[\/et_pb_text][et_pb_post_nav in_same_term=&#8221;off&#8221; _builder_version=&#8221;4.16&#8243; global_colors_info=&#8221;{}&#8221; theme_builder_area=&#8221;post_content&#8221;][\/et_pb_post_nav][\/et_pb_column][et_pb_column type=&#8221;1_3&#8243; module_class=&#8221;cat-and-tag&#8221; _builder_version=&#8221;4.16&#8243; custom_padding=&#8221;|||&#8221; global_colors_info=&#8221;{}&#8221; custom_padding__hover=&#8221;|||&#8221; theme_builder_area=&#8221;post_content&#8221;][et_pb_sidebar area=&#8221;et_pb_widget_area_1&#8243; _builder_version=&#8221;4.16&#8243; global_colors_info=&#8221;{}&#8221; theme_builder_area=&#8221;post_content&#8221;][\/et_pb_sidebar][et_pb_dp_dmb_module_10093 farbe=&#8221;blitzblau&#8221; headline=&#8221;Alternativen zum Rauchen&#8221; image=&#8221;https:\/\/rauchfrei.at\/wp-content\/uploads\/Relax-in-hammok.png&#8221; image_position=&#8221;center&#8221; link_text=&#8221;mehr&#8221; link_url=&#8221;https:\/\/rauchfrei.at\/alternativen\/&#8221; admin_label=&#8221;Alternativen zum Rauchen&#8221; _builder_version=&#8221;4.16&#8243; z_index_tablet=&#8221;500&#8243; saved_tabs=&#8221;all&#8221; global_colors_info=&#8221;{}&#8221; global_module=&#8221;13174&#8243; theme_builder_area=&#8221;post_content&#8221;]<p>Es gibt viele M\u00f6glichkeiten, um nicht zur Zigarette zu greifen!<\/p>\n[\/et_pb_dp_dmb_module_10093][\/et_pb_column][\/et_pb_row][\/et_pb_section]\n","protected":false},"excerpt":{"rendered":"<p>Der Weltm\u00e4nnertag am 3. November m\u00f6chte M\u00e4nner dabei unterst\u00fctzen, auf ihre Gesundheit zu achten. Ein Rauchstopp hat dabei gro\u00dfe Wirkung.<\/p>\n","protected":false},"author":25,"featured_media":0,"comment_status":"open","ping_status":"open","sticky":false,"template":"","format":"standard","meta":{"_et_pb_use_builder":"on","_et_pb_old_content":"","_et_gb_content_width":"2880","footnotes":""},"categories":[235],"tags":[],"class_list":["post-31356","post","type-post","status-publish","format-standard","hentry","category-gesundheit-und-rauchstopp"],"yoast_head":"<!-- This site is optimized with the Yoast SEO plugin v26.2 - https:\/\/yoast.com\/wordpress\/plugins\/seo\/ -->\n<title>Zum Weltm\u00e4nnertag an die Gesundheit denken - Rauchfrei Telefon<\/title>\n<meta name=\"robots\" content=\"index, follow, max-snippet:-1, max-image-preview:large, max-video-preview:-1\" \/>\n<link rel=\"canonical\" href=\"https:\/\/rauchfrei.at\/zum-weltmaennertag-an-die-gesundheit-denken\/\" \/>\n<meta property=\"og:locale\" content=\"en_US\" \/>\n<meta property=\"og:type\" content=\"article\" \/>\n<meta property=\"og:title\" content=\"Zum Weltm\u00e4nnertag an die Gesundheit denken - Rauchfrei Telefon\" \/>\n<meta property=\"og:description\" content=\"Der Weltm\u00e4nnertag am 3. November m\u00f6chte M\u00e4nner dabei unterst\u00fctzen, auf ihre Gesundheit zu achten. Ein Rauchstopp hat dabei gro\u00dfe Wirkung.\" \/>\n<meta property=\"og:url\" content=\"https:\/\/rauchfrei.at\/zum-weltmaennertag-an-die-gesundheit-denken\/\" \/>\n<meta property=\"og:site_name\" content=\"Rauchfrei Telefon\" \/>\n<meta property=\"article:published_time\" content=\"2025-11-03T06:00:00+00:00\" \/>\n<meta property=\"article:modified_time\" content=\"2025-11-03T21:53:09+00:00\" \/>\n<meta name=\"author\" content=\"Rauchfrei Team\" \/>\n<meta name=\"twitter:card\" content=\"summary_large_image\" \/>\n<meta name=\"twitter:label1\" content=\"Written by\" \/>\n\t<meta name=\"twitter:data1\" content=\"Rauchfrei Team\" \/>\n\t<meta name=\"twitter:label2\" content=\"Est. reading time\" \/>\n\t<meta name=\"twitter:data2\" content=\"2 minutes\" \/>\n<script type=\"application\/ld+json\" class=\"yoast-schema-graph\">{\"@context\":\"https:\/\/schema.org\",\"@graph\":[{\"@type\":\"WebPage\",\"@id\":\"https:\/\/rauchfrei.at\/zum-weltmaennertag-an-die-gesundheit-denken\/\",\"url\":\"https:\/\/rauchfrei.at\/zum-weltmaennertag-an-die-gesundheit-denken\/\",\"name\":\"Zum Weltm\u00e4nnertag an die Gesundheit denken - Rauchfrei Telefon\",\"isPartOf\":{\"@id\":\"https:\/\/rauchfrei.at\/#website\"},\"datePublished\":\"2025-11-03T06:00:00+00:00\",\"dateModified\":\"2025-11-03T21:53:09+00:00\",\"author\":{\"@id\":\"https:\/\/rauchfrei.at\/#\/schema\/person\/504bbf90c5482004fc09aef6de7f9277\"},\"inLanguage\":\"en-US\",\"potentialAction\":[{\"@type\":\"ReadAction\",\"target\":[\"https:\/\/rauchfrei.at\/zum-weltmaennertag-an-die-gesundheit-denken\/\"]}]},{\"@type\":\"WebSite\",\"@id\":\"https:\/\/rauchfrei.at\/#website\",\"url\":\"https:\/\/rauchfrei.at\/\",\"name\":\"Rauchfrei Telefon\",\"description\":\"Eine \u00f6sterreichweite Initiative der Sozialversicherungen.\",\"potentialAction\":[{\"@type\":\"SearchAction\",\"target\":{\"@type\":\"EntryPoint\",\"urlTemplate\":\"https:\/\/rauchfrei.at\/?s={search_term_string}\"},\"query-input\":{\"@type\":\"PropertyValueSpecification\",\"valueRequired\":true,\"valueName\":\"search_term_string\"}}],\"inLanguage\":\"en-US\"},{\"@type\":\"Person\",\"@id\":\"https:\/\/rauchfrei.at\/#\/schema\/person\/504bbf90c5482004fc09aef6de7f9277\",\"name\":\"Rauchfrei Team\",\"image\":{\"@type\":\"ImageObject\",\"inLanguage\":\"en-US\",\"@id\":\"https:\/\/rauchfrei.at\/#\/schema\/person\/image\/\",\"url\":\"https:\/\/secure.gravatar.com\/avatar\/2115b79a00800516fa1523bb5a329611f90e73e89be559131fc7e82b4fdc95ff?s=96&d=mm&r=g\",\"contentUrl\":\"https:\/\/secure.gravatar.com\/avatar\/2115b79a00800516fa1523bb5a329611f90e73e89be559131fc7e82b4fdc95ff?s=96&d=mm&r=g\",\"caption\":\"Rauchfrei Team\"},\"url\":\"https:\/\/rauchfrei.at\/en\/author\/rauchfrei-team\/\"}]}<\/script>\n<!-- \/ Yoast SEO plugin. -->","yoast_head_json":{"title":"Zum Weltm\u00e4nnertag an die Gesundheit denken - Rauchfrei Telefon","robots":{"index":"index","follow":"follow","max-snippet":"max-snippet:-1","max-image-preview":"max-image-preview:large","max-video-preview":"max-video-preview:-1"},"canonical":"https:\/\/rauchfrei.at\/zum-weltmaennertag-an-die-gesundheit-denken\/","og_locale":"en_US","og_type":"article","og_title":"Zum Weltm\u00e4nnertag an die Gesundheit denken - Rauchfrei Telefon","og_description":"Der Weltm\u00e4nnertag am 3. November m\u00f6chte M\u00e4nner dabei unterst\u00fctzen, auf ihre Gesundheit zu achten. Ein Rauchstopp hat dabei gro\u00dfe Wirkung.","og_url":"https:\/\/rauchfrei.at\/zum-weltmaennertag-an-die-gesundheit-denken\/","og_site_name":"Rauchfrei Telefon","article_published_time":"2025-11-03T06:00:00+00:00","article_modified_time":"2025-11-03T21:53:09+00:00","author":"Rauchfrei Team","twitter_card":"summary_large_image","twitter_misc":{"Written by":"Rauchfrei Team","Est. reading time":"2 minutes"},"schema":{"@context":"https:\/\/schema.org","@graph":[{"@type":"WebPage","@id":"https:\/\/rauchfrei.at\/zum-weltmaennertag-an-die-gesundheit-denken\/","url":"https:\/\/rauchfrei.at\/zum-weltmaennertag-an-die-gesundheit-denken\/","name":"Zum Weltm\u00e4nnertag an die Gesundheit denken - Rauchfrei Telefon","isPartOf":{"@id":"https:\/\/rauchfrei.at\/#website"},"datePublished":"2025-11-03T06:00:00+00:00","dateModified":"2025-11-03T21:53:09+00:00","author":{"@id":"https:\/\/rauchfrei.at\/#\/schema\/person\/504bbf90c5482004fc09aef6de7f9277"},"inLanguage":"en-US","potentialAction":[{"@type":"ReadAction","target":["https:\/\/rauchfrei.at\/zum-weltmaennertag-an-die-gesundheit-denken\/"]}]},{"@type":"WebSite","@id":"https:\/\/rauchfrei.at\/#website","url":"https:\/\/rauchfrei.at\/","name":"Rauchfrei Telefon","description":"Eine \u00f6sterreichweite Initiative der Sozialversicherungen.","potentialAction":[{"@type":"SearchAction","target":{"@type":"EntryPoint","urlTemplate":"https:\/\/rauchfrei.at\/?s={search_term_string}"},"query-input":{"@type":"PropertyValueSpecification","valueRequired":true,"valueName":"search_term_string"}}],"inLanguage":"en-US"},{"@type":"Person","@id":"https:\/\/rauchfrei.at\/#\/schema\/person\/504bbf90c5482004fc09aef6de7f9277","name":"Rauchfrei Team","image":{"@type":"ImageObject","inLanguage":"en-US","@id":"https:\/\/rauchfrei.at\/#\/schema\/person\/image\/","url":"https:\/\/secure.gravatar.com\/avatar\/2115b79a00800516fa1523bb5a329611f90e73e89be559131fc7e82b4fdc95ff?s=96&d=mm&r=g","contentUrl":"https:\/\/secure.gravatar.com\/avatar\/2115b79a00800516fa1523bb5a329611f90e73e89be559131fc7e82b4fdc95ff?s=96&d=mm&r=g","caption":"Rauchfrei Team"},"url":"https:\/\/rauchfrei.at\/en\/author\/rauchfrei-team\/"}]}},"_links":{"self":[{"href":"https:\/\/rauchfrei.at\/en\/wp-json\/wp\/v2\/posts\/31356","targetHints":{"allow":["GET"]}}],"collection":[{"href":"https:\/\/rauchfrei.at\/en\/wp-json\/wp\/v2\/posts"}],"about":[{"href":"https:\/\/rauchfrei.at\/en\/wp-json\/wp\/v2\/types\/post"}],"author":[{"embeddable":true,"href":"https:\/\/rauchfrei.at\/en\/wp-json\/wp\/v2\/users\/25"}],"replies":[{"embeddable":true,"href":"https:\/\/rauchfrei.at\/en\/wp-json\/wp\/v2\/comments?post=31356"}],"version-history":[{"count":3,"href":"https:\/\/rauchfrei.at\/en\/wp-json\/wp\/v2\/posts\/31356\/revisions"}],"predecessor-version":[{"id":31359,"href":"https:\/\/rauchfrei.at\/en\/wp-json\/wp\/v2\/posts\/31356\/revisions\/31359"}],"wp:attachment":[{"href":"https:\/\/rauchfrei.at\/en\/wp-json\/wp\/v2\/media?parent=31356"}],"wp:term":[{"taxonomy":"category","embeddable":true,"href":"https:\/\/rauchfrei.at\/en\/wp-json\/wp\/v2\/categories?post=31356"},{"taxonomy":"post_tag","embeddable":true,"href":"https:\/\/rauchfrei.at\/en\/wp-json\/wp\/v2\/tags?post=31356"}],"curies":[{"name":"wp","href":"https:\/\/api.w.org\/{rel}","templated":true}]}}