
{"id":3225,"date":"2012-07-06T10:20:10","date_gmt":"2012-07-06T10:20:10","guid":{"rendered":"http:\/\/rauchertelefon.com\/?p=3225"},"modified":"2017-02-17T14:51:06","modified_gmt":"2017-02-17T12:51:06","slug":"rauchfrei-in-den-urlaub","status":"publish","type":"post","link":"https:\/\/rauchfrei.at\/en\/rauchfrei-in-den-urlaub\/","title":{"rendered":"Rauchfrei in den Urlaub"},"content":{"rendered":"<p>Speziell f\u00fcr die Urlaubszeit haben wir Euch einige Tipps f\u00fcr den Rauchstopp zusammengestellt. Mehr Infos am Weg zur Rauchfreiheit findet Ihr unter <a title=\"Schritte zum Rauchstopp\" href=\"https:\/\/rauchfrei.at\/aufhoeren\/schritte-zum-rauchstopp\/\" target=\"_blank\">Schritte zum Rauchstopp.<\/a><\/p>\n<p>&nbsp;<\/p>\n<p><strong>Nutzt die entspannte Urlaubszeit!<\/strong> Der Arbeitsalltag l\u00e4sst oft wenig Zeit, um eingespielte Muster zu hinterfragen. Routinem\u00e4\u00dfig gibt\u2019s zum Kaffee, als Belohnung oder zur Stress-bew\u00e4ltigung eine Zigarette. Wenn Ihr es in der Urlaubszeit schafft, Eure Angewohnheiten zu durchbrechen und \u00fcber l\u00e4ngere Zeit zu festigen, wird Euch die Rauchfreiheit auch im Arbeitsalltag leichter fallen!<\/p>\n<p>&nbsp;<\/p>\n<p><strong>Viel Wasser trinken!<\/strong> Mindestens zwei Gl\u00e4ser zus\u00e4tzlich zur gewohnten Menge. Kohlens\u00e4urehaltiges Mineralwasser ist ein Geheimtipp bei Verlangensattacken, da es \u00e4hnlich wie das Nikotin die Mundschleimhaut anregt.<\/p>\n<p>&nbsp;<\/p>\n<p><strong>Sich regelm\u00e4\u00dfig bewegen!<\/strong> Personen, die mit Ausdauersport beginnen, haben h\u00f6here Erfolgsraten beim Rauchstopp. Der zus\u00e4tzliche Benefit: K\u00f6rperliche Aktivit\u00e4t entspannt, hebt die Stimmung, lenkt ab und beugt einer Gewichtszunahme vor.<\/p>\n<p>&nbsp;<\/p>\n<p><strong>Gesund und bewusst essen!<\/strong> Speziell im Sommer ist das Angebot an frischen Nahrungsmitteln gro\u00df. Bitterstoffe unterst\u00fctzen die Entgiftungsorgane wie Leber, Niere und Darm und sind z. B. in Salaten wie Chicoree, Endivien, Radicchio und Rucola enthalten. Auch Gew\u00fcrze, die gern im Sommer zum Einsatz kommen, sind reich an reinigenden Bitterstoffen, z. B. Estragon, Lorbeer, Majoran, Rosmarin und Thymian.<\/p>\n<p>&nbsp;<\/p>\n<p><strong>Nichtraucherbereiche aufsuchen! <\/strong>In den meisten europ\u00e4ischen L\u00e4ndern ist der Nichtraucherschutz sehr streng geregelt. Zumeist gilt ein Rauchverbot in Lokalen, Gastg\u00e4rten und an anderen \u00f6ffentlichen Orten. Nehmt diese Einschr\u00e4nkungen als Chance wahr, auf Eure Zigaretten zu verzichten und lernt die rauchfreien Zonen zu sch\u00e4tzen. Wenn Ihr nach \u00d6sterreich zur\u00fcckkommen, geht bewusst in Nichtraucherlokale bzw. verlangt einen Platz im Nichtraucherbereich!<\/p>\n<p>&nbsp;<\/p>\n","protected":false},"excerpt":{"rendered":"<p>Sonnencreme? Ist gekauft. Zahnb\u00fcrste und Zahnpaste? Sind eingepackt. iPod? Ist aufgeladen. Zigaretten? Warum nicht den Urlaub f\u00fcr einen stressfreien Ausstieg von der Zigarettensucht nutzen?<br \/>\nTipps f\u00fcr den Rauchstopp im Urlaub.<\/p>\n","protected":false},"author":8,"featured_media":0,"comment_status":"open","ping_status":"open","sticky":false,"template":"","format":"standard","meta":{"_et_pb_use_builder":"","_et_pb_old_content":"","_et_gb_content_width":"","footnotes":""},"categories":[236],"tags":[26],"class_list":["post-3225","post","type-post","status-publish","format-standard","hentry","category-nicht-kategorisiert","tag-tipps-beim-rauchstopp"],"yoast_head":"<!-- This site is optimized with the Yoast SEO plugin v26.2 - https:\/\/yoast.com\/wordpress\/plugins\/seo\/ -->\n<title>Rauchfrei in den Urlaub - Rauchfrei Telefon<\/title>\n<meta name=\"robots\" content=\"index, follow, max-snippet:-1, max-image-preview:large, max-video-preview:-1\" \/>\n<link rel=\"canonical\" href=\"https:\/\/rauchfrei.at\/rauchfrei-in-den-urlaub\/\" \/>\n<meta property=\"og:locale\" content=\"en_US\" \/>\n<meta property=\"og:type\" content=\"article\" \/>\n<meta property=\"og:title\" content=\"Rauchfrei in den Urlaub - Rauchfrei Telefon\" \/>\n<meta property=\"og:description\" content=\"Sonnencreme? Ist gekauft. Zahnb\u00fcrste und Zahnpaste? Sind eingepackt. iPod? Ist aufgeladen. Zigaretten? Warum nicht den Urlaub f\u00fcr einen stressfreien Ausstieg von der Zigarettensucht nutzen?  Tipps f\u00fcr den Rauchstopp im Urlaub.\" \/>\n<meta property=\"og:url\" content=\"https:\/\/rauchfrei.at\/rauchfrei-in-den-urlaub\/\" \/>\n<meta property=\"og:site_name\" content=\"Rauchfrei Telefon\" \/>\n<meta property=\"article:published_time\" content=\"2012-07-06T10:20:10+00:00\" \/>\n<meta property=\"article:modified_time\" content=\"2017-02-17T12:51:06+00:00\" \/>\n<meta name=\"author\" content=\"Ulrike Haberl\" \/>\n<meta name=\"twitter:card\" content=\"summary_large_image\" \/>\n<meta name=\"twitter:label1\" content=\"Written by\" \/>\n\t<meta name=\"twitter:data1\" content=\"Ulrike Haberl\" \/>\n\t<meta name=\"twitter:label2\" content=\"Est. reading time\" \/>\n\t<meta name=\"twitter:data2\" content=\"1 minute\" \/>\n<script type=\"application\/ld+json\" class=\"yoast-schema-graph\">{\"@context\":\"https:\/\/schema.org\",\"@graph\":[{\"@type\":\"WebPage\",\"@id\":\"https:\/\/rauchfrei.at\/rauchfrei-in-den-urlaub\/\",\"url\":\"https:\/\/rauchfrei.at\/rauchfrei-in-den-urlaub\/\",\"name\":\"Rauchfrei in den Urlaub - Rauchfrei Telefon\",\"isPartOf\":{\"@id\":\"https:\/\/rauchfrei.at\/#website\"},\"datePublished\":\"2012-07-06T10:20:10+00:00\",\"dateModified\":\"2017-02-17T12:51:06+00:00\",\"author\":{\"@id\":\"https:\/\/rauchfrei.at\/#\/schema\/person\/472a44f55d4fc300fc70425c3c75e634\"},\"inLanguage\":\"en-US\",\"potentialAction\":[{\"@type\":\"ReadAction\",\"target\":[\"https:\/\/rauchfrei.at\/rauchfrei-in-den-urlaub\/\"]}]},{\"@type\":\"WebSite\",\"@id\":\"https:\/\/rauchfrei.at\/#website\",\"url\":\"https:\/\/rauchfrei.at\/\",\"name\":\"Rauchfrei Telefon\",\"description\":\"Eine \u00f6sterreichweite Initiative der Sozialversicherungen.\",\"potentialAction\":[{\"@type\":\"SearchAction\",\"target\":{\"@type\":\"EntryPoint\",\"urlTemplate\":\"https:\/\/rauchfrei.at\/?s={search_term_string}\"},\"query-input\":{\"@type\":\"PropertyValueSpecification\",\"valueRequired\":true,\"valueName\":\"search_term_string\"}}],\"inLanguage\":\"en-US\"},{\"@type\":\"Person\",\"@id\":\"https:\/\/rauchfrei.at\/#\/schema\/person\/472a44f55d4fc300fc70425c3c75e634\",\"name\":\"Ulrike Haberl\",\"image\":{\"@type\":\"ImageObject\",\"inLanguage\":\"en-US\",\"@id\":\"https:\/\/rauchfrei.at\/#\/schema\/person\/image\/\",\"url\":\"https:\/\/secure.gravatar.com\/avatar\/c551a2939e3a5a869db25a8e441f400663149e7da949d998e80a14ff6d544d29?s=96&d=mm&r=g\",\"contentUrl\":\"https:\/\/secure.gravatar.com\/avatar\/c551a2939e3a5a869db25a8e441f400663149e7da949d998e80a14ff6d544d29?s=96&d=mm&r=g\",\"caption\":\"Ulrike Haberl\"},\"url\":\"https:\/\/rauchfrei.at\/en\/author\/ulrike-haberl\/\"}]}<\/script>\n<!-- \/ Yoast SEO plugin. -->","yoast_head_json":{"title":"Rauchfrei in den Urlaub - Rauchfrei Telefon","robots":{"index":"index","follow":"follow","max-snippet":"max-snippet:-1","max-image-preview":"max-image-preview:large","max-video-preview":"max-video-preview:-1"},"canonical":"https:\/\/rauchfrei.at\/rauchfrei-in-den-urlaub\/","og_locale":"en_US","og_type":"article","og_title":"Rauchfrei in den Urlaub - Rauchfrei Telefon","og_description":"Sonnencreme? Ist gekauft. Zahnb\u00fcrste und Zahnpaste? Sind eingepackt. iPod? Ist aufgeladen. Zigaretten? Warum nicht den Urlaub f\u00fcr einen stressfreien Ausstieg von der Zigarettensucht nutzen?  Tipps f\u00fcr den Rauchstopp im Urlaub.","og_url":"https:\/\/rauchfrei.at\/rauchfrei-in-den-urlaub\/","og_site_name":"Rauchfrei Telefon","article_published_time":"2012-07-06T10:20:10+00:00","article_modified_time":"2017-02-17T12:51:06+00:00","author":"Ulrike Haberl","twitter_card":"summary_large_image","twitter_misc":{"Written by":"Ulrike Haberl","Est. reading time":"1 minute"},"schema":{"@context":"https:\/\/schema.org","@graph":[{"@type":"WebPage","@id":"https:\/\/rauchfrei.at\/rauchfrei-in-den-urlaub\/","url":"https:\/\/rauchfrei.at\/rauchfrei-in-den-urlaub\/","name":"Rauchfrei in den Urlaub - Rauchfrei Telefon","isPartOf":{"@id":"https:\/\/rauchfrei.at\/#website"},"datePublished":"2012-07-06T10:20:10+00:00","dateModified":"2017-02-17T12:51:06+00:00","author":{"@id":"https:\/\/rauchfrei.at\/#\/schema\/person\/472a44f55d4fc300fc70425c3c75e634"},"inLanguage":"en-US","potentialAction":[{"@type":"ReadAction","target":["https:\/\/rauchfrei.at\/rauchfrei-in-den-urlaub\/"]}]},{"@type":"WebSite","@id":"https:\/\/rauchfrei.at\/#website","url":"https:\/\/rauchfrei.at\/","name":"Rauchfrei Telefon","description":"Eine \u00f6sterreichweite Initiative der Sozialversicherungen.","potentialAction":[{"@type":"SearchAction","target":{"@type":"EntryPoint","urlTemplate":"https:\/\/rauchfrei.at\/?s={search_term_string}"},"query-input":{"@type":"PropertyValueSpecification","valueRequired":true,"valueName":"search_term_string"}}],"inLanguage":"en-US"},{"@type":"Person","@id":"https:\/\/rauchfrei.at\/#\/schema\/person\/472a44f55d4fc300fc70425c3c75e634","name":"Ulrike Haberl","image":{"@type":"ImageObject","inLanguage":"en-US","@id":"https:\/\/rauchfrei.at\/#\/schema\/person\/image\/","url":"https:\/\/secure.gravatar.com\/avatar\/c551a2939e3a5a869db25a8e441f400663149e7da949d998e80a14ff6d544d29?s=96&d=mm&r=g","contentUrl":"https:\/\/secure.gravatar.com\/avatar\/c551a2939e3a5a869db25a8e441f400663149e7da949d998e80a14ff6d544d29?s=96&d=mm&r=g","caption":"Ulrike Haberl"},"url":"https:\/\/rauchfrei.at\/en\/author\/ulrike-haberl\/"}]}},"_links":{"self":[{"href":"https:\/\/rauchfrei.at\/en\/wp-json\/wp\/v2\/posts\/3225","targetHints":{"allow":["GET"]}}],"collection":[{"href":"https:\/\/rauchfrei.at\/en\/wp-json\/wp\/v2\/posts"}],"about":[{"href":"https:\/\/rauchfrei.at\/en\/wp-json\/wp\/v2\/types\/post"}],"author":[{"embeddable":true,"href":"https:\/\/rauchfrei.at\/en\/wp-json\/wp\/v2\/users\/8"}],"replies":[{"embeddable":true,"href":"https:\/\/rauchfrei.at\/en\/wp-json\/wp\/v2\/comments?post=3225"}],"version-history":[{"count":5,"href":"https:\/\/rauchfrei.at\/en\/wp-json\/wp\/v2\/posts\/3225\/revisions"}],"predecessor-version":[{"id":9009,"href":"https:\/\/rauchfrei.at\/en\/wp-json\/wp\/v2\/posts\/3225\/revisions\/9009"}],"wp:attachment":[{"href":"https:\/\/rauchfrei.at\/en\/wp-json\/wp\/v2\/media?parent=3225"}],"wp:term":[{"taxonomy":"category","embeddable":true,"href":"https:\/\/rauchfrei.at\/en\/wp-json\/wp\/v2\/categories?post=3225"},{"taxonomy":"post_tag","embeddable":true,"href":"https:\/\/rauchfrei.at\/en\/wp-json\/wp\/v2\/tags?post=3225"}],"curies":[{"name":"wp","href":"https:\/\/api.w.org\/{rel}","templated":true}]}}