
{"id":32504,"date":"2025-12-01T18:18:45","date_gmt":"2025-12-01T16:18:45","guid":{"rendered":"https:\/\/rauchfrei.at\/?p=32504"},"modified":"2025-11-28T18:28:55","modified_gmt":"2025-11-28T16:28:55","slug":"automatisch-gespeicherter-entwurf-32504","status":"publish","type":"post","link":"https:\/\/rauchfrei.at\/en\/automatisch-gespeicherter-entwurf-32504\/","title":{"rendered":"Menschenrecht auf Gesundheit, Rauchstopp"},"content":{"rendered":"<p>[et_pb_section fb_built=&#8221;1&#8243; module_class=&#8221;header&#8221; _builder_version=&#8221;4.16&#8243; global_colors_info=&#8221;{}&#8221;][et_pb_row _builder_version=&#8221;4.16&#8243; global_colors_info=&#8221;{}&#8221;][et_pb_column type=&#8221;4_4&#8243; _builder_version=&#8221;4.16&#8243; custom_padding=&#8221;|||&#8221; global_colors_info=&#8221;{}&#8221; custom_padding__hover=&#8221;|||&#8221;][et_pb_dp_dmb_module_10001 subheadline=&#8221;Zwischen individueller Freiheit und kollektiver Verantwortung&#8221; _builder_version=&#8221;4.27.4&#8243; global_colors_info=&#8221;{}&#8221;][\/et_pb_dp_dmb_module_10001][\/et_pb_column][\/et_pb_row][\/et_pb_section][et_pb_section fb_built=&#8221;1&#8243; _builder_version=&#8221;4.16&#8243; custom_padding=&#8221;30px|||&#8221; global_colors_info=&#8221;{}&#8221;][et_pb_row column_structure=&#8221;2_3,1_3&#8243; _builder_version=&#8221;4.16&#8243; global_colors_info=&#8221;{}&#8221;][et_pb_column type=&#8221;2_3&#8243; module_class=&#8221;blog-content&#8221; _builder_version=&#8221;4.16&#8243; custom_padding=&#8221;|||&#8221; global_colors_info=&#8221;{}&#8221; custom_padding__hover=&#8221;|||&#8221;][et_pb_text _builder_version=&#8221;4.27.4&#8243; global_colors_info=&#8221;{}&#8221;]<\/p>\n<p>Rauchen geh\u00f6rt zur pers\u00f6nlichen Freiheit. Aber: Passivrauch gef\u00e4hrdet andere. Deshalb sch\u00fctzen Gesetze Nichtraucher*innen \u2013 vor allem Kinder.<br \/>Zudem wirft die Tabakindustrie Fragen zu Arbeitsrechten und sozialer Gerechtigkeit auf.<\/p>\n<ol>\n<li><strong> Das Recht auf pers\u00f6nliche Freiheit \u2013 Darf man Menschen das Rauchen verbieten?<\/strong><\/li>\n<\/ol>\n<p>Eines der zentralen Menschenrechte ist die <strong>Freiheit der Person<\/strong>. Dazu geh\u00f6rt auch das Recht, Entscheidungen \u00fcber den eigenen K\u00f6rper zu treffen \u2013 selbst wenn diese ungesund sind. Rauchen f\u00e4llt unter diese individuelle Autonomie:<\/p>\n<ul>\n<li>Jeder Erwachsene hat das Recht, selbst zu entscheiden, ob er rauchen m\u00f6chte.<\/li>\n<li>Staaten d\u00fcrfen diese Freiheit nicht willk\u00fcrlich einschr\u00e4nken.<\/li>\n<li>Totalverbote f\u00fcr Erwachsene w\u00fcrden in vielen Rechtssystemen als unverh\u00e4ltnism\u00e4\u00dfig gelten.<\/li>\n<\/ul>\n<p>Rauchen ist damit grunds\u00e4tzlich durch das Recht auf pers\u00f6nliche Freiheit gesch\u00fctzt. Allerdings endet diese Freiheit dort, wo sie die Rechte anderer verletzt.<\/p>\n<p>&nbsp;<\/p>\n<ol start=\"2\">\n<li><strong> Das Recht auf Gesundheit \u2013 Schutz vor Passivrauch<\/strong><\/li>\n<\/ol>\n<p>Der kritischste Aspekt im Spannungsfeld von Rauchen und Menschenrechten ist das <strong>Recht auf Gesundheit<\/strong>. Passivrauch ist gesundheitssch\u00e4dlich \u2013 und unbeteiligte Menschen, besonders Kinder, k\u00f6nnen sich ihm oft nicht entziehen. Daraus ergibt sich eine menschenrechtliche Pflicht des Staates:<\/p>\n<ul>\n<li><strong>Nicht\u00adraucher*innen vor Gesundheitsgefahren zu sch\u00fctzen<\/strong><br \/>z. B. durch Rauchverbote in geschlossenen \u00f6ffentlichen R\u00e4umen, an Arbeitspl\u00e4tzen oder in \u00f6ffentlichen Verkehrsmitteln.<\/li>\n<li><strong>Kinder besonders zu sch\u00fctzen<\/strong><br \/>Sie k\u00f6nnen sich Rauchbelastung kaum entziehen und haben ein Recht auf bestm\u00f6gliche Gesundheit. Deshalb f\u00fchren viele L\u00e4nder Rauchverbote in Autos ein, wenn Kinder mitfahren.<\/li>\n<\/ul>\n<p>Diese Regeln dienen nicht dazu, Raucher zu diskriminieren, sondern die Gesundheit anderer Menschen zu sch\u00fctzen.<\/p>\n<ol start=\"3\">\n<li><strong> Rauchen als soziales und wirtschaftliches Menschenrechtsthema<\/strong><\/li>\n<\/ol>\n<p>Rauchen betrifft auch weitere Menschenrechte, die oft weniger im Fokus stehen:<\/p>\n<ol>\n<li><strong>a) Arbeitsrechte<\/strong><\/li>\n<\/ol>\n<p>Arbeiter*innen in der Tabakindustrie \u2013 besonders in Niedriglohnl\u00e4ndern \u2013 arbeiten h\u00e4ufig unter schlechten Bedingungen. Kinderarbeit ist in manchen Regionen ein Problem. Hier kollidiert der Genuss des Endprodukts indirekt mit:<\/p>\n<ul>\n<li>dem Recht auf gerechte Arbeitsbedingungen,<\/li>\n<li>dem Verbot von Kinderarbeit<\/li>\n<li>dem Recht auf faire Entlohnung<\/li>\n<\/ul>\n<ol>\n<li><strong>b) Recht auf Information<\/strong><\/li>\n<\/ol>\n<p>Um frei entscheiden zu k\u00f6nnen, m\u00fcssen Menschen gut informiert sein. Deshalb besteht eine menschenrechtliche Verpflichtung f\u00fcr Staaten, klar \u00fcber Risiken aufzukl\u00e4ren:<\/p>\n<ul>\n<li>Warnhinweise,<\/li>\n<li>Werbebeschr\u00e4nkungen,<\/li>\n<li>\u00a0Transparenz \u00fcber Inhaltsstoffe<\/li>\n<\/ul>\n<p>Diese Ma\u00dfnahmen dienen der informierten Entscheidungsfreiheit.<\/p>\n<ol>\n<li><strong>c) Soziale Ungleichheiten<\/strong><\/li>\n<\/ol>\n<p>Studien zeigen: Rauchen ist \u00fcberdurchschnittlich in sozial benachteiligten Gruppen verbreitet. Das macht es zu einer Frage der <strong>sozialen Gerechtigkeit<\/strong>:<\/p>\n<ul>\n<li>Armut erh\u00f6ht das Risiko zu rauchen<\/li>\n<li>Rauchen verst\u00e4rkt Armut (durch Krankheitskosten, geringere Erwerbsf\u00e4higkeit)<\/li>\n<li>Menschen mit geringem Einkommen profitieren besonders stark vom Gesundheitsschutz<\/li>\n<\/ul>\n<p>&nbsp;<\/p>\n<ol start=\"4\">\n<li><strong> Wie lassen sich Freiheit und Schutz zusammenbringen?<\/strong><\/li>\n<\/ol>\n<p>Die Herausforderung f\u00fcr moderne Gesellschaften besteht darin, einen <strong>fairen Ausgleich<\/strong> zwischen den Rechten von Rauchern und Nichtrauchern zu schaffen.<\/p>\n<p><strong>Ein ausgewogener menschenrechtlicher Ansatz umfasst:<\/strong><\/p>\n<ul>\n<li><strong>Raucherrechte respektieren:<\/strong> Zugang zu legalen Produkten, Schutz vor Diskriminierung.<\/li>\n<li><strong>Nichtraucher sch\u00fctzen:<\/strong> Rauchfreie Arbeitspl\u00e4tze, \u00f6ffentliche R\u00e4ume und Schutz von Kindern.<\/li>\n<li><strong>Gesundheit f\u00f6rdern:<\/strong> Pr\u00e4vention, Entw\u00f6hnungsprogramme, verst\u00e4ndliche Informationen.<\/li>\n<li><strong>Soziale Faktoren beachten:<\/strong> Unterst\u00fctzung f\u00fcr einkommensschwache Gruppen, Reduktion struktureller Risiken.<\/li>\n<\/ul>\n<p><strong>\u00a0<\/strong><\/p>\n<p><strong>Fazit<\/strong><\/p>\n<p>Rauchen und Menschenrechte sind enger miteinander verkn\u00fcpft, als man auf den ersten Blick denkt. W\u00e4hrend das Recht auf pers\u00f6nliche Freiheit das Rauchen grunds\u00e4tzlich erlaubt, verpflichtet das Recht auf Gesundheit den Staat, B\u00fcrgerinnen und B\u00fcrger \u2013 insbesondere Kinder \u2013 vor den Risiken des Passivrauchens zu sch\u00fctzen. Dar\u00fcber hinaus werfen Herstellung, Konsum und gesellschaftliche Folgen des Rauchens Fragen der sozialen Gerechtigkeit und Arbeitsrechte und des Umweltschutz auf ( mehr Information unter <a href=\"http:\/\/www.unfairtobacco.com\">www.unfairtobacco.com<\/a>)<\/p>\n<p><strong>\u00a0<\/strong><\/p>\n<p><strong>Und hier noch eine KURZFASSUNG:<\/strong><\/p>\n<p>&nbsp;<\/p>\n<p><strong>Rauchen und Menschenrechte: Freiheit vs. Gesundheitsschutz<\/strong><\/p>\n<p>Rauchen ist mehr als ein Gesundheitsthema \u2013 es ber\u00fchrt grundlegende Menschenrechte. Dabei stehen sich zwei Prinzipien gegen\u00fcber: die individuelle Freiheit und der Schutz der Gemeinschaft.<\/p>\n<ol>\n<li><strong> Pers\u00f6nliche Freiheit<\/strong><\/li>\n<\/ol>\n<p>Jede erwachsene Person hat das Recht, \u00fcber den eigenen K\u00f6rper zu entscheiden \u2013 dazu geh\u00f6rt auch das Rauchen. Ein generelles Rauchverbot f\u00fcr Erwachsene w\u00e4re aus menschenrechtlicher Sicht kaum zu rechtfertigen. Die Freiheit endet jedoch dort, wo die Gesundheit anderer beeintr\u00e4chtigt wird.<\/p>\n<ol start=\"2\">\n<li><strong> Recht auf Gesundheit<\/strong><\/li>\n<\/ol>\n<p>Passivrauch gef\u00e4hrdet Menschen, die selbst nicht rauchen. Daher haben Staaten die Pflicht, Nichtraucher \u2013 besonders Kinder \u2013 zu sch\u00fctzen. Rauchverbote in \u00f6ffentlichen R\u00e4umen, an Arbeitspl\u00e4tzen oder in Autos mit Kindern sind Ausdruck dieses Schutzes.<\/p>\n<ol start=\"3\">\n<li><strong> Soziale und wirtschaftliche Aspekte<\/strong><\/li>\n<\/ol>\n<p>Rauchen h\u00e4ngt auch mit anderen Menschenrechten zusammen:<\/p>\n<ul>\n<li><strong>Arbeitsrechte:<\/strong> In der Tabakindustrie gibt es teils schlechte Arbeitsbedingungen und Kinderarbeit.<\/li>\n<li><strong>Recht auf Information:<\/strong> Warnhinweise und Werbebeschr\u00e4nkungen sichern eine informierte Entscheidung.<\/li>\n<li><strong>Soziale Gerechtigkeit:<\/strong> Rauchen ist in einkommensschwachen Gruppen h\u00e4ufiger und verst\u00e4rkt gesundheitliche Ungleichheiten.<\/li>\n<\/ul>\n<p><strong>Fazit<\/strong><\/p>\n<p>Ein menschenrechtlicher Umgang mit Rauchen bedeutet, Freiheit und Gesundheit in Balance zu bringen: Raucherrechte respektieren, Nichtraucher sch\u00fctzen und soziale Ungleichheiten ber\u00fccksichtigen \u2013 ohne das Rauchen grunds\u00e4tzlich zu verbieten.<\/p>\n<p>&nbsp;<\/p>\n<p><strong>Kernbotschaft:<\/strong> Freiheit ja \u2013 aber nur, wenn die Gesundheit anderer nicht verletzt wird.<\/p>\n<p>&nbsp;<\/p>\n<p>[\/et_pb_text][et_pb_post_nav in_same_term=&#8221;off&#8221; _builder_version=&#8221;4.16&#8243; global_colors_info=&#8221;{}&#8221;][\/et_pb_post_nav][\/et_pb_column][et_pb_column type=&#8221;1_3&#8243; module_class=&#8221;cat-and-tag&#8221; _builder_version=&#8221;4.16&#8243; custom_padding=&#8221;|||&#8221; global_colors_info=&#8221;{}&#8221; custom_padding__hover=&#8221;|||&#8221;][et_pb_sidebar area=&#8221;et_pb_widget_area_1&#8243; _builder_version=&#8221;4.16&#8243; global_colors_info=&#8221;{}&#8221;][\/et_pb_sidebar][et_pb_dp_dmb_module_10080 link_text=&#8221;Zu den Publikationen&#8221; link_url=&#8221;https:\/\/rauchfrei.at\/ueber-uns\/publikationen\/&#8221; admin_label=&#8221;Publikationen&#8221; _builder_version=&#8221;4.27.4&#8243; _module_preset=&#8221;default&#8221; global_colors_info=&#8221;{}&#8221;]<\/p>\n<p>Publikationen und Jahresberichte des Rauchfrei Telefons<\/p>\n<p>[\/et_pb_dp_dmb_module_10080][\/et_pb_column][\/et_pb_row][\/et_pb_section]<\/p>\n","protected":false},"excerpt":{"rendered":"<p>Rauchen ist l\u00e4ngst kein reines Gesundheitsthema mehr \u2013 es ber\u00fchrt gesellschaftliche, \u00f6konomische und rechtliche Fragen. Besonders interessant wird es, wenn wir Rauchen nicht nur als individuelles Verhalten betrachten, sondern im Kontext der Menschenrechte. Denn dort treffen zwei grundlegende Bereiche aufeinander: die Freiheit des Einzelnen und der Schutz der Gemeinschaft.<\/p>\n","protected":false},"author":25,"featured_media":0,"comment_status":"open","ping_status":"open","sticky":false,"template":"","format":"standard","meta":{"_et_pb_use_builder":"on","_et_pb_old_content":"","_et_gb_content_width":"","footnotes":""},"categories":[237],"tags":[],"class_list":["post-32504","post","type-post","status-publish","format-standard","hentry","category-literatur-und-hintergrundwissen"],"yoast_head":"<!-- This site is optimized with the Yoast SEO plugin v26.2 - https:\/\/yoast.com\/wordpress\/plugins\/seo\/ -->\n<title>Menschenrecht auf Gesundheit, Rauchstopp - Rauchfrei Telefon<\/title>\n<meta name=\"robots\" content=\"index, follow, max-snippet:-1, max-image-preview:large, max-video-preview:-1\" \/>\n<link rel=\"canonical\" href=\"https:\/\/rauchfrei.at\/automatisch-gespeicherter-entwurf-32504\/\" \/>\n<meta property=\"og:locale\" content=\"en_US\" \/>\n<meta property=\"og:type\" content=\"article\" \/>\n<meta property=\"og:title\" content=\"Menschenrecht auf Gesundheit, Rauchstopp - Rauchfrei Telefon\" \/>\n<meta property=\"og:description\" content=\"Rauchen ist l\u00e4ngst kein reines Gesundheitsthema mehr \u2013 es ber\u00fchrt gesellschaftliche, \u00f6konomische und rechtliche Fragen. Besonders interessant wird es, wenn wir Rauchen nicht nur als individuelles Verhalten betrachten, sondern im Kontext der Menschenrechte. Denn dort treffen zwei grundlegende Bereiche aufeinander: die Freiheit des Einzelnen und der Schutz der Gemeinschaft.\" \/>\n<meta property=\"og:url\" content=\"https:\/\/rauchfrei.at\/automatisch-gespeicherter-entwurf-32504\/\" \/>\n<meta property=\"og:site_name\" content=\"Rauchfrei Telefon\" \/>\n<meta property=\"article:published_time\" content=\"2025-12-01T16:18:45+00:00\" \/>\n<meta name=\"author\" content=\"Rauchfrei Team\" \/>\n<meta name=\"twitter:card\" content=\"summary_large_image\" \/>\n<meta name=\"twitter:label1\" content=\"Written by\" \/>\n\t<meta name=\"twitter:data1\" content=\"Rauchfrei Team\" \/>\n\t<meta name=\"twitter:label2\" content=\"Est. reading time\" \/>\n\t<meta name=\"twitter:data2\" content=\"4 minutes\" \/>\n<script type=\"application\/ld+json\" class=\"yoast-schema-graph\">{\"@context\":\"https:\/\/schema.org\",\"@graph\":[{\"@type\":\"WebPage\",\"@id\":\"https:\/\/rauchfrei.at\/automatisch-gespeicherter-entwurf-32504\/\",\"url\":\"https:\/\/rauchfrei.at\/automatisch-gespeicherter-entwurf-32504\/\",\"name\":\"Menschenrecht auf Gesundheit, Rauchstopp - Rauchfrei Telefon\",\"isPartOf\":{\"@id\":\"https:\/\/rauchfrei.at\/#website\"},\"datePublished\":\"2025-12-01T16:18:45+00:00\",\"author\":{\"@id\":\"https:\/\/rauchfrei.at\/#\/schema\/person\/504bbf90c5482004fc09aef6de7f9277\"},\"inLanguage\":\"en-US\",\"potentialAction\":[{\"@type\":\"ReadAction\",\"target\":[\"https:\/\/rauchfrei.at\/automatisch-gespeicherter-entwurf-32504\/\"]}]},{\"@type\":\"WebSite\",\"@id\":\"https:\/\/rauchfrei.at\/#website\",\"url\":\"https:\/\/rauchfrei.at\/\",\"name\":\"Rauchfrei Telefon\",\"description\":\"Eine \u00f6sterreichweite Initiative der Sozialversicherungen.\",\"potentialAction\":[{\"@type\":\"SearchAction\",\"target\":{\"@type\":\"EntryPoint\",\"urlTemplate\":\"https:\/\/rauchfrei.at\/?s={search_term_string}\"},\"query-input\":{\"@type\":\"PropertyValueSpecification\",\"valueRequired\":true,\"valueName\":\"search_term_string\"}}],\"inLanguage\":\"en-US\"},{\"@type\":\"Person\",\"@id\":\"https:\/\/rauchfrei.at\/#\/schema\/person\/504bbf90c5482004fc09aef6de7f9277\",\"name\":\"Rauchfrei Team\",\"image\":{\"@type\":\"ImageObject\",\"inLanguage\":\"en-US\",\"@id\":\"https:\/\/rauchfrei.at\/#\/schema\/person\/image\/\",\"url\":\"https:\/\/secure.gravatar.com\/avatar\/2115b79a00800516fa1523bb5a329611f90e73e89be559131fc7e82b4fdc95ff?s=96&d=mm&r=g\",\"contentUrl\":\"https:\/\/secure.gravatar.com\/avatar\/2115b79a00800516fa1523bb5a329611f90e73e89be559131fc7e82b4fdc95ff?s=96&d=mm&r=g\",\"caption\":\"Rauchfrei Team\"},\"url\":\"https:\/\/rauchfrei.at\/en\/author\/rauchfrei-team\/\"}]}<\/script>\n<!-- \/ Yoast SEO plugin. -->","yoast_head_json":{"title":"Menschenrecht auf Gesundheit, Rauchstopp - Rauchfrei Telefon","robots":{"index":"index","follow":"follow","max-snippet":"max-snippet:-1","max-image-preview":"max-image-preview:large","max-video-preview":"max-video-preview:-1"},"canonical":"https:\/\/rauchfrei.at\/automatisch-gespeicherter-entwurf-32504\/","og_locale":"en_US","og_type":"article","og_title":"Menschenrecht auf Gesundheit, Rauchstopp - Rauchfrei Telefon","og_description":"Rauchen ist l\u00e4ngst kein reines Gesundheitsthema mehr \u2013 es ber\u00fchrt gesellschaftliche, \u00f6konomische und rechtliche Fragen. Besonders interessant wird es, wenn wir Rauchen nicht nur als individuelles Verhalten betrachten, sondern im Kontext der Menschenrechte. Denn dort treffen zwei grundlegende Bereiche aufeinander: die Freiheit des Einzelnen und der Schutz der Gemeinschaft.","og_url":"https:\/\/rauchfrei.at\/automatisch-gespeicherter-entwurf-32504\/","og_site_name":"Rauchfrei Telefon","article_published_time":"2025-12-01T16:18:45+00:00","author":"Rauchfrei Team","twitter_card":"summary_large_image","twitter_misc":{"Written by":"Rauchfrei Team","Est. reading time":"4 minutes"},"schema":{"@context":"https:\/\/schema.org","@graph":[{"@type":"WebPage","@id":"https:\/\/rauchfrei.at\/automatisch-gespeicherter-entwurf-32504\/","url":"https:\/\/rauchfrei.at\/automatisch-gespeicherter-entwurf-32504\/","name":"Menschenrecht auf Gesundheit, Rauchstopp - Rauchfrei Telefon","isPartOf":{"@id":"https:\/\/rauchfrei.at\/#website"},"datePublished":"2025-12-01T16:18:45+00:00","author":{"@id":"https:\/\/rauchfrei.at\/#\/schema\/person\/504bbf90c5482004fc09aef6de7f9277"},"inLanguage":"en-US","potentialAction":[{"@type":"ReadAction","target":["https:\/\/rauchfrei.at\/automatisch-gespeicherter-entwurf-32504\/"]}]},{"@type":"WebSite","@id":"https:\/\/rauchfrei.at\/#website","url":"https:\/\/rauchfrei.at\/","name":"Rauchfrei Telefon","description":"Eine \u00f6sterreichweite Initiative der Sozialversicherungen.","potentialAction":[{"@type":"SearchAction","target":{"@type":"EntryPoint","urlTemplate":"https:\/\/rauchfrei.at\/?s={search_term_string}"},"query-input":{"@type":"PropertyValueSpecification","valueRequired":true,"valueName":"search_term_string"}}],"inLanguage":"en-US"},{"@type":"Person","@id":"https:\/\/rauchfrei.at\/#\/schema\/person\/504bbf90c5482004fc09aef6de7f9277","name":"Rauchfrei Team","image":{"@type":"ImageObject","inLanguage":"en-US","@id":"https:\/\/rauchfrei.at\/#\/schema\/person\/image\/","url":"https:\/\/secure.gravatar.com\/avatar\/2115b79a00800516fa1523bb5a329611f90e73e89be559131fc7e82b4fdc95ff?s=96&d=mm&r=g","contentUrl":"https:\/\/secure.gravatar.com\/avatar\/2115b79a00800516fa1523bb5a329611f90e73e89be559131fc7e82b4fdc95ff?s=96&d=mm&r=g","caption":"Rauchfrei Team"},"url":"https:\/\/rauchfrei.at\/en\/author\/rauchfrei-team\/"}]}},"_links":{"self":[{"href":"https:\/\/rauchfrei.at\/en\/wp-json\/wp\/v2\/posts\/32504","targetHints":{"allow":["GET"]}}],"collection":[{"href":"https:\/\/rauchfrei.at\/en\/wp-json\/wp\/v2\/posts"}],"about":[{"href":"https:\/\/rauchfrei.at\/en\/wp-json\/wp\/v2\/types\/post"}],"author":[{"embeddable":true,"href":"https:\/\/rauchfrei.at\/en\/wp-json\/wp\/v2\/users\/25"}],"replies":[{"embeddable":true,"href":"https:\/\/rauchfrei.at\/en\/wp-json\/wp\/v2\/comments?post=32504"}],"version-history":[{"count":7,"href":"https:\/\/rauchfrei.at\/en\/wp-json\/wp\/v2\/posts\/32504\/revisions"}],"predecessor-version":[{"id":32514,"href":"https:\/\/rauchfrei.at\/en\/wp-json\/wp\/v2\/posts\/32504\/revisions\/32514"}],"wp:attachment":[{"href":"https:\/\/rauchfrei.at\/en\/wp-json\/wp\/v2\/media?parent=32504"}],"wp:term":[{"taxonomy":"category","embeddable":true,"href":"https:\/\/rauchfrei.at\/en\/wp-json\/wp\/v2\/categories?post=32504"},{"taxonomy":"post_tag","embeddable":true,"href":"https:\/\/rauchfrei.at\/en\/wp-json\/wp\/v2\/tags?post=32504"}],"curies":[{"name":"wp","href":"https:\/\/api.w.org\/{rel}","templated":true}]}}