
{"id":32542,"date":"2025-12-15T08:00:47","date_gmt":"2025-12-15T06:00:47","guid":{"rendered":"https:\/\/rauchfrei.at\/?p=32542"},"modified":"2025-12-19T18:09:26","modified_gmt":"2025-12-19T16:09:26","slug":"automatisch-gespeicherter-entwurf-32542","status":"publish","type":"post","link":"https:\/\/rauchfrei.at\/en\/automatisch-gespeicherter-entwurf-32542\/","title":{"rendered":"Neues zur Tabakkontrolle \u2013 direkt aus Heidelberg"},"content":{"rendered":"<p>[et_pb_section fb_built=&#8221;1&#8243; module_class=&#8221;header&#8221; _builder_version=&#8221;4.16&#8243; global_colors_info=&#8221;{}&#8221;][et_pb_row _builder_version=&#8221;4.16&#8243; global_colors_info=&#8221;{}&#8221;][et_pb_column type=&#8221;4_4&#8243; _builder_version=&#8221;4.16&#8243; custom_padding=&#8221;|||&#8221; global_colors_info=&#8221;{}&#8221; custom_padding__hover=&#8221;|||&#8221;][et_pb_dp_dmb_module_10001 subheadline=&#8221;Highlights aus dem diesj\u00e4hrigen Konferenzprogramm:&#8221; _builder_version=&#8221;4.27.4&#8243; global_colors_info=&#8221;{}&#8221;][\/et_pb_dp_dmb_module_10001][\/et_pb_column][\/et_pb_row][\/et_pb_section][et_pb_section fb_built=&#8221;1&#8243; _builder_version=&#8221;4.16&#8243; custom_padding=&#8221;30px|||&#8221; global_colors_info=&#8221;{}&#8221;][et_pb_row column_structure=&#8221;2_3,1_3&#8243; _builder_version=&#8221;4.16&#8243; global_colors_info=&#8221;{}&#8221;][et_pb_column type=&#8221;2_3&#8243; module_class=&#8221;blog-content&#8221; _builder_version=&#8221;4.16&#8243; custom_padding=&#8221;|||&#8221; global_colors_info=&#8221;{}&#8221; custom_padding__hover=&#8221;|||&#8221;][et_pb_text _builder_version=&#8221;4.27.4&#8243; global_colors_info=&#8221;{}&#8221;]<\/p>\n<p>Am 3. und 4. Dezember fand im Deutschen Krebsforschungszentrum (DKFZ) in Heidelberg die <strong>23. Deutsche Konferenz f\u00fcr Tabakkontrolle<\/strong> statt. Veranstalter war das WHO-Kollaborationszentrum f\u00fcr Tabakkontrolle gemeinsam mit dem Aktionsb\u00fcndnis Nichtrauchen. Rund 300 Personen nahmen in Pr\u00e4senz oder online teil. Das Rauchfrei Telefon war mit einem Beratungsstand und einem Vortrag vertreten.<\/p>\n<p>Schwerpunkte der diesj\u00e4hrigen Konferenz zur Tabakkontrolle waren insbesondere die Pr\u00e4vention sowie die Tabakentw\u00f6hnung. Zudem f\u00f6rdert die Konferenz den aktiven Austausch und die Zusammenarbeit aller Expertinnen und Experten.<\/p>\n<p><strong>Highlights aus dem diesj\u00e4hrigen Konferenzprogramm:<\/strong><\/p>\n<p>Wie wichtig es ist, dass wir als Expertinnen und Experten auf unsere Worte achten, zeigte Waltraud Posch in Ihrem Vortrag auf und brachte zahlreiche Beispiele, wie die Tabakindustrie mit Worten die gesundheitssch\u00e4dliche Wirkung ihrer Produkte verharmlost.<\/p>\n<p>Inspirierend und motivierend war die Pr\u00e4sentation der Niederlande \u2013 auf dem Weg zur rauchfreien Generation.<\/p>\n<p>Aktuelle Zahlen zur Pr\u00e4valenz bei Jugendlichen in \u00d6sterreich pr\u00e4sentierte Irene Schmutterer. Dabei wurde ersichtlich, dass E-Zigarette und Zigarette aktuell die Einstiegsprodukte in den Tabakkonsum darstellen. Buben tendieren eher zu Nikotinbeuteln, M\u00e4dchen konsumieren h\u00e4ufiger E-Zigaretten. Dual-Use, also die Nutzung von Zigaretten und E-Zigaretten findet sich h\u00e4ufiger bei M\u00e4dchen.<\/p>\n<p>Anil Batra konnte \u00fcber den Prozess zum Rauchfreien Krankenhaus und die erfolgte Rezertifizierung des Universit\u00e4tsklinikum T\u00fcbingen mit Silber berichten. Die klare Entscheidung des Vorstandes sowie die Einbeziehung aller Bereiche und Berufsgruppen waren hier essenziell f\u00fcr die erfolgreiche Umsetzung.<\/p>\n<p>Zahlreiche Angebote zur Entw\u00f6hnung wurden vorgestellt, von der systematischen Ansprache des Rauchverhaltens von Krankenhauspatienten, der haus\u00e4rztlichen Kurzintervention in Kombination mit der Kostenerstattung von Pharmakotherapie zur Tabakentw\u00f6hnung, \u00fcber spezielle Programme f\u00fcr Schwangere bis hin zur Telefonberatung.<\/p>\n<p>Mit der Dokumentation der Nutzung von Nikotinprodukten in Musikvideos zeigte Reiner Hanewinkel auf, wo Werbe- und Sponsoringverbote aktuell noch nicht greifen.<\/p>\n<p>Mit Aktuellem aus dem Tabakmonitoring veranschaulichte Elena Gomes de Matos, wie mehrmalige Steuererh\u00f6hungen von 10% die Pr\u00e4valenz um je 4% senken k\u00f6nnten.<\/p>\n<p>Neue Produkte, wie Roiboos-Zigaretten f\u00fcr Tabakerhitzer, nutzen Schlupfl\u00f6cher in den aktuellen gesetzlichen Regelungen, um Konsumentinnen und Konsumenten bei der Stange zu halten.<\/p>\n<p>Marina Hin\u00dfen zeigte, welche Faktoren die Nutzung von Zigarette und E-Zigaretten bei Jugendlichen beeinflussen: Positive Erwartungen an die Nutzung einer E-Zigarette f\u00fchren eher dazu, dass diese auch ausprobiert wird (z.B. Wohlbefinden oder guter Geschmack). Oft vapen Jugendliche, um Probleme zu bew\u00e4ltigen oder zu entspannen. Zudem beeinflusst die Verf\u00fcgbarkeit der Produkte deren Nutzung durch Jugendliche.<\/p>\n<p>Das gesamte Programm finden Sie hier:<\/p>\n<p><a href=\"https:\/\/www.dkfz.de\/forschung\/translationale-zentren\/ncpc\/stabsstelle-krebspraevention\/deutsche-konferenz-fuer-tabakkontrolle\">Programm deutsche Konferenz f\u00fcr Tabakkontrolle 2025\u00a0<\/a><\/p>\n<p><a href=\"https:\/\/www.dkfz.de\/fileadmin\/user_upload\/Krebspraevention\/Download\/pdf\/Deutsche_Konferenz_fuer_Tabakkontrolle\/23_Deutsche_Konferenz_fuer_Tabakkontrolle\/Programm_23ste-Konferenz-fuer-Tabakkontrolle_2025.pdf\">Programm als PDF\u00a0<\/a><\/p>\n<blockquote>\n<p><strong>Take Home:<\/strong> Der neue <a href=\"https:\/\/www.dkfz.de\/fileadmin\/user_upload\/Aktuelles\/Download\/Tabakatlas-Deutschland-2025.pdf\" target=\"_blank\" rel=\"noopener\">Tabakatlas 2025<\/a> und der <a href=\"https:\/\/www.dkfz.de\/aktuelles\/pressemitteilungen\/detail\/neuer-tabaklobby-index-belegt-einfluss-der-tabakindustrie-in-deutschland-bleibt-hoch\">Tabaklobby-Index<\/a> sind online verf\u00fcgbar.<\/p>\n<\/blockquote>\n<p>Wir sagen ein herzliches Dankesch\u00f6n, f\u00fcr die professionelle Organisation, die interessanten Beitr\u00e4ge, die inspirierenden Gespr\u00e4che und den Austausch. Bis n\u00e4chstes Jahr!<\/p>\n<p>[\/et_pb_text][et_pb_post_nav in_same_term=&#8221;off&#8221; _builder_version=&#8221;4.16&#8243; global_colors_info=&#8221;{}&#8221;][\/et_pb_post_nav][\/et_pb_column][et_pb_column type=&#8221;1_3&#8243; module_class=&#8221;cat-and-tag&#8221; _builder_version=&#8221;4.16&#8243; custom_padding=&#8221;|||&#8221; global_colors_info=&#8221;{}&#8221; custom_padding__hover=&#8221;|||&#8221;][et_pb_dp_dmb_module_10080 link_text=&#8221;Zu den Publikationen&#8221; link_url=&#8221;https:\/\/rauchfrei.at\/ueber-uns\/publikationen\/&#8221; admin_label=&#8221;Publikationen&#8221; _builder_version=&#8221;4.27.4&#8243; _module_preset=&#8221;default&#8221; global_colors_info=&#8221;{}&#8221;]<\/p>\n<p>Publikationen und Jahresberichte des Rauchfrei Telefons<\/p>\n<p>[\/et_pb_dp_dmb_module_10080][\/et_pb_column][\/et_pb_row][\/et_pb_section]<\/p>\n","protected":false},"excerpt":{"rendered":"<p>In \u00d6sterreich sterben rund 35 Personen t\u00e4glich an den Folgen des Tabakkonsums und des Passivrauchens. Ma\u00dfnahmen der Tabakkontrolle helfen, um vor den Folgen des Tabakkonsums zu sch\u00fctzen. Die vergangene Konferenz f\u00fcr Tabakkontrolle gibt dazu aktuelle Informationen.<\/p>\n","protected":false},"author":25,"featured_media":0,"comment_status":"open","ping_status":"open","sticky":false,"template":"","format":"standard","meta":{"_et_pb_use_builder":"on","_et_pb_old_content":"","_et_gb_content_width":"","footnotes":""},"categories":[237,232],"tags":[],"class_list":["post-32542","post","type-post","status-publish","format-standard","hentry","category-literatur-und-hintergrundwissen","category-nachrichten-vom-rauchfrei-telefon"],"yoast_head":"<!-- This site is optimized with the Yoast SEO plugin v26.2 - https:\/\/yoast.com\/wordpress\/plugins\/seo\/ -->\n<title>Neues zur Tabakkontrolle \u2013 direkt aus Heidelberg - Rauchfrei Telefon<\/title>\n<meta name=\"robots\" content=\"index, follow, max-snippet:-1, max-image-preview:large, max-video-preview:-1\" \/>\n<link rel=\"canonical\" href=\"https:\/\/rauchfrei.at\/automatisch-gespeicherter-entwurf-32542\/\" \/>\n<meta property=\"og:locale\" content=\"en_US\" \/>\n<meta property=\"og:type\" content=\"article\" \/>\n<meta property=\"og:title\" content=\"Neues zur Tabakkontrolle \u2013 direkt aus Heidelberg - Rauchfrei Telefon\" \/>\n<meta property=\"og:description\" content=\"In \u00d6sterreich sterben rund 35 Personen t\u00e4glich an den Folgen des Tabakkonsums und des Passivrauchens. Ma\u00dfnahmen der Tabakkontrolle helfen, um vor den Folgen des Tabakkonsums zu sch\u00fctzen. Die vergangene Konferenz f\u00fcr Tabakkontrolle gibt dazu aktuelle Informationen.\" \/>\n<meta property=\"og:url\" content=\"https:\/\/rauchfrei.at\/automatisch-gespeicherter-entwurf-32542\/\" \/>\n<meta property=\"og:site_name\" content=\"Rauchfrei Telefon\" \/>\n<meta property=\"article:published_time\" content=\"2025-12-15T06:00:47+00:00\" \/>\n<meta property=\"article:modified_time\" content=\"2025-12-19T16:09:26+00:00\" \/>\n<meta name=\"author\" content=\"Rauchfrei Team\" \/>\n<meta name=\"twitter:card\" content=\"summary_large_image\" \/>\n<meta name=\"twitter:label1\" content=\"Written by\" \/>\n\t<meta name=\"twitter:data1\" content=\"Rauchfrei Team\" \/>\n\t<meta name=\"twitter:label2\" content=\"Est. reading time\" \/>\n\t<meta name=\"twitter:data2\" content=\"3 minutes\" \/>\n<script type=\"application\/ld+json\" class=\"yoast-schema-graph\">{\"@context\":\"https:\/\/schema.org\",\"@graph\":[{\"@type\":\"WebPage\",\"@id\":\"https:\/\/rauchfrei.at\/automatisch-gespeicherter-entwurf-32542\/\",\"url\":\"https:\/\/rauchfrei.at\/automatisch-gespeicherter-entwurf-32542\/\",\"name\":\"Neues zur Tabakkontrolle \u2013 direkt aus Heidelberg - Rauchfrei Telefon\",\"isPartOf\":{\"@id\":\"https:\/\/rauchfrei.at\/#website\"},\"datePublished\":\"2025-12-15T06:00:47+00:00\",\"dateModified\":\"2025-12-19T16:09:26+00:00\",\"author\":{\"@id\":\"https:\/\/rauchfrei.at\/#\/schema\/person\/504bbf90c5482004fc09aef6de7f9277\"},\"inLanguage\":\"en-US\",\"potentialAction\":[{\"@type\":\"ReadAction\",\"target\":[\"https:\/\/rauchfrei.at\/automatisch-gespeicherter-entwurf-32542\/\"]}]},{\"@type\":\"WebSite\",\"@id\":\"https:\/\/rauchfrei.at\/#website\",\"url\":\"https:\/\/rauchfrei.at\/\",\"name\":\"Rauchfrei Telefon\",\"description\":\"Eine \u00f6sterreichweite Initiative der Sozialversicherungen.\",\"potentialAction\":[{\"@type\":\"SearchAction\",\"target\":{\"@type\":\"EntryPoint\",\"urlTemplate\":\"https:\/\/rauchfrei.at\/?s={search_term_string}\"},\"query-input\":{\"@type\":\"PropertyValueSpecification\",\"valueRequired\":true,\"valueName\":\"search_term_string\"}}],\"inLanguage\":\"en-US\"},{\"@type\":\"Person\",\"@id\":\"https:\/\/rauchfrei.at\/#\/schema\/person\/504bbf90c5482004fc09aef6de7f9277\",\"name\":\"Rauchfrei Team\",\"image\":{\"@type\":\"ImageObject\",\"inLanguage\":\"en-US\",\"@id\":\"https:\/\/rauchfrei.at\/#\/schema\/person\/image\/\",\"url\":\"https:\/\/secure.gravatar.com\/avatar\/2115b79a00800516fa1523bb5a329611f90e73e89be559131fc7e82b4fdc95ff?s=96&d=mm&r=g\",\"contentUrl\":\"https:\/\/secure.gravatar.com\/avatar\/2115b79a00800516fa1523bb5a329611f90e73e89be559131fc7e82b4fdc95ff?s=96&d=mm&r=g\",\"caption\":\"Rauchfrei Team\"},\"url\":\"https:\/\/rauchfrei.at\/en\/author\/rauchfrei-team\/\"}]}<\/script>\n<!-- \/ Yoast SEO plugin. -->","yoast_head_json":{"title":"Neues zur Tabakkontrolle \u2013 direkt aus Heidelberg - Rauchfrei Telefon","robots":{"index":"index","follow":"follow","max-snippet":"max-snippet:-1","max-image-preview":"max-image-preview:large","max-video-preview":"max-video-preview:-1"},"canonical":"https:\/\/rauchfrei.at\/automatisch-gespeicherter-entwurf-32542\/","og_locale":"en_US","og_type":"article","og_title":"Neues zur Tabakkontrolle \u2013 direkt aus Heidelberg - Rauchfrei Telefon","og_description":"In \u00d6sterreich sterben rund 35 Personen t\u00e4glich an den Folgen des Tabakkonsums und des Passivrauchens. Ma\u00dfnahmen der Tabakkontrolle helfen, um vor den Folgen des Tabakkonsums zu sch\u00fctzen. Die vergangene Konferenz f\u00fcr Tabakkontrolle gibt dazu aktuelle Informationen.","og_url":"https:\/\/rauchfrei.at\/automatisch-gespeicherter-entwurf-32542\/","og_site_name":"Rauchfrei Telefon","article_published_time":"2025-12-15T06:00:47+00:00","article_modified_time":"2025-12-19T16:09:26+00:00","author":"Rauchfrei Team","twitter_card":"summary_large_image","twitter_misc":{"Written by":"Rauchfrei Team","Est. reading time":"3 minutes"},"schema":{"@context":"https:\/\/schema.org","@graph":[{"@type":"WebPage","@id":"https:\/\/rauchfrei.at\/automatisch-gespeicherter-entwurf-32542\/","url":"https:\/\/rauchfrei.at\/automatisch-gespeicherter-entwurf-32542\/","name":"Neues zur Tabakkontrolle \u2013 direkt aus Heidelberg - Rauchfrei Telefon","isPartOf":{"@id":"https:\/\/rauchfrei.at\/#website"},"datePublished":"2025-12-15T06:00:47+00:00","dateModified":"2025-12-19T16:09:26+00:00","author":{"@id":"https:\/\/rauchfrei.at\/#\/schema\/person\/504bbf90c5482004fc09aef6de7f9277"},"inLanguage":"en-US","potentialAction":[{"@type":"ReadAction","target":["https:\/\/rauchfrei.at\/automatisch-gespeicherter-entwurf-32542\/"]}]},{"@type":"WebSite","@id":"https:\/\/rauchfrei.at\/#website","url":"https:\/\/rauchfrei.at\/","name":"Rauchfrei Telefon","description":"Eine \u00f6sterreichweite Initiative der Sozialversicherungen.","potentialAction":[{"@type":"SearchAction","target":{"@type":"EntryPoint","urlTemplate":"https:\/\/rauchfrei.at\/?s={search_term_string}"},"query-input":{"@type":"PropertyValueSpecification","valueRequired":true,"valueName":"search_term_string"}}],"inLanguage":"en-US"},{"@type":"Person","@id":"https:\/\/rauchfrei.at\/#\/schema\/person\/504bbf90c5482004fc09aef6de7f9277","name":"Rauchfrei Team","image":{"@type":"ImageObject","inLanguage":"en-US","@id":"https:\/\/rauchfrei.at\/#\/schema\/person\/image\/","url":"https:\/\/secure.gravatar.com\/avatar\/2115b79a00800516fa1523bb5a329611f90e73e89be559131fc7e82b4fdc95ff?s=96&d=mm&r=g","contentUrl":"https:\/\/secure.gravatar.com\/avatar\/2115b79a00800516fa1523bb5a329611f90e73e89be559131fc7e82b4fdc95ff?s=96&d=mm&r=g","caption":"Rauchfrei Team"},"url":"https:\/\/rauchfrei.at\/en\/author\/rauchfrei-team\/"}]}},"_links":{"self":[{"href":"https:\/\/rauchfrei.at\/en\/wp-json\/wp\/v2\/posts\/32542","targetHints":{"allow":["GET"]}}],"collection":[{"href":"https:\/\/rauchfrei.at\/en\/wp-json\/wp\/v2\/posts"}],"about":[{"href":"https:\/\/rauchfrei.at\/en\/wp-json\/wp\/v2\/types\/post"}],"author":[{"embeddable":true,"href":"https:\/\/rauchfrei.at\/en\/wp-json\/wp\/v2\/users\/25"}],"replies":[{"embeddable":true,"href":"https:\/\/rauchfrei.at\/en\/wp-json\/wp\/v2\/comments?post=32542"}],"version-history":[{"count":8,"href":"https:\/\/rauchfrei.at\/en\/wp-json\/wp\/v2\/posts\/32542\/revisions"}],"predecessor-version":[{"id":32589,"href":"https:\/\/rauchfrei.at\/en\/wp-json\/wp\/v2\/posts\/32542\/revisions\/32589"}],"wp:attachment":[{"href":"https:\/\/rauchfrei.at\/en\/wp-json\/wp\/v2\/media?parent=32542"}],"wp:term":[{"taxonomy":"category","embeddable":true,"href":"https:\/\/rauchfrei.at\/en\/wp-json\/wp\/v2\/categories?post=32542"},{"taxonomy":"post_tag","embeddable":true,"href":"https:\/\/rauchfrei.at\/en\/wp-json\/wp\/v2\/tags?post=32542"}],"curies":[{"name":"wp","href":"https:\/\/api.w.org\/{rel}","templated":true}]}}