
{"id":32579,"date":"2025-12-22T08:00:25","date_gmt":"2025-12-22T06:00:25","guid":{"rendered":"https:\/\/rauchfrei.at\/?p=32579"},"modified":"2025-12-18T18:55:55","modified_gmt":"2025-12-18T16:55:55","slug":"nachrichten-vom-rauchfrei-telefon","status":"publish","type":"post","link":"https:\/\/rauchfrei.at\/en\/nachrichten-vom-rauchfrei-telefon\/","title":{"rendered":"Nachrichten vom Rauchfrei Telefon"},"content":{"rendered":"<p>[et_pb_section fb_built=&#8221;1&#8243; module_class=&#8221;header&#8221; _builder_version=&#8221;4.16&#8243; global_colors_info=&#8221;{}&#8221;][et_pb_row _builder_version=&#8221;4.16&#8243; global_colors_info=&#8221;{}&#8221;][et_pb_column type=&#8221;4_4&#8243; _builder_version=&#8221;4.16&#8243; custom_padding=&#8221;|||&#8221; global_colors_info=&#8221;{}&#8221; custom_padding__hover=&#8221;|||&#8221;][et_pb_dp_dmb_module_10001 subheadline=&#8221;Erfolgsgeschichten zur Rauch- und Nikotinfreiheit aus 2025&#8243; _builder_version=&#8221;4.27.4&#8243; global_colors_info=&#8221;{}&#8221;][\/et_pb_dp_dmb_module_10001][\/et_pb_column][\/et_pb_row][\/et_pb_section][et_pb_section fb_built=&#8221;1&#8243; _builder_version=&#8221;4.16&#8243; custom_padding=&#8221;30px|||&#8221; global_colors_info=&#8221;{}&#8221;][et_pb_row column_structure=&#8221;2_3,1_3&#8243; _builder_version=&#8221;4.16&#8243; global_colors_info=&#8221;{}&#8221;][et_pb_column type=&#8221;2_3&#8243; module_class=&#8221;blog-content&#8221; _builder_version=&#8221;4.16&#8243; custom_padding=&#8221;|||&#8221; global_colors_info=&#8221;{}&#8221; custom_padding__hover=&#8221;|||&#8221;][et_pb_text _builder_version=&#8221;4.27.4&#8243; global_colors_info=&#8221;{}&#8221;]<\/p>\n<p>Zahlreiche Anrufer*innen schreiben uns ein Feedback, wie es ihnen nach der Beratung ergangen ist und wie lange sie schon frei von Tabak und Nikotin sind.<\/p>\n<p>&nbsp;<\/p>\n<p>Hier einige Erfolgsgeschichten (Namen von der Redaktion ge\u00e4ndert):<\/p>\n<p>&nbsp;<\/p>\n<p><strong>Doris (39 Jahre) meldete sich heuer zum Weltnichtrauchertag<\/strong>, um sich f\u00fcr die Beratung zu bedanken. Sie habe vor rund 2 1\/2 Jahren in der Telefonberatung den Rauchstopp gemacht und sei seither rauchfrei. Sie habe davor \u00f6fter allein versucht den Zigaretten abzuschw\u00f6ren. Mit professioneller Unterst\u00fctzung sei es ihr gelungen. Und sie sei \u00fcberrascht gewesen, dass es dann gar nicht so schwer war, wie sie vorab bef\u00fcrchtet hatte. Sie sei sehr froh, dass sie es geschafft habe.<\/p>\n<p>&nbsp;<\/p>\n<p><strong>Franz, 65 Jahre, meldet sich und berichtet, dass er 1 Jahr rauchfrei ist.<\/strong><\/p>\n<p>Er sei 45 Jahre lang starker Raucher gewesen. Sein Internist habe ihn mittels Rauchfrei Ticket zur Beratung angemeldet. Jetzt \u2013 ein Jahr sp\u00e4ter \u2013 sei er bei der j\u00e4hrlichen Kontrolluntersuchung beim Internisten gewesen und immer noch rauchfrei. Manchmal g\u00e4be es noch Momente, an denen er ans Rauchen denkt. Aber seine Gesundheit sei ihm wichtig und er merke, dass er im Alltag mehr Energie und Puste habe, seit er rauchfrei ist. Er dankt f\u00fcr die Unterst\u00fctzung durch die Telefonberatung. Wir senden ihm eine Urkunde \u201e1 Jahr rauchfrei\u201c zu.<\/p>\n<p>&nbsp;<\/p>\n<p><strong>Sigfried, 46a, bedankt sich f\u00fcr die telefonische Nachbetreuung:<\/strong><\/p>\n<p>Mit 16 Jahren habe er zu rauchen begonnen und rund 30 Jahre intensiv geraucht. Er habe zwar \u00f6fter ans Aufh\u00f6ren gedacht, aber es dann doch nicht versucht. Die Rauchpause sei f\u00fcr ihn eine Auszeit, die Zigarette die M\u00f6glichkeit Stress abzubauen oder sich zu belohnen. Die Geburt seines Kindes habe ihn umdenken lassen. Es sei ihm nun wichtig, ein gutes Vorbild zu sein.<\/p>\n<p>W\u00e4hrend eines Kur-Aufenthalts habe er einen Rauchfrei-Vortrag geh\u00f6rt, der ihm die Augen ge\u00f6ffnet habe. Es sei ihm immer wichtig gewesen, selbstbestimmt und unabh\u00e4ngig sein Leben zu gestalten. Mit den Ausf\u00fchrungen der vortragenden Psychologin sei ihm bewusst geworden, dass die Zigarette seinen Alltag bestimme, dass er sein Leben nach den M\u00f6glichkeiten zu Rauchpausen ausrichte. Immer ausreichend Rauchwaren verf\u00fcgbar zu haben sowie der Drang vor und nach Terminen immer rauchen zu m\u00fcssen, das habe ihn gestresst. Und das, obwohl er mit dem Rauchen Stress abbauen wollte. Seine Motivation trage er als Bild seines Kindes immer bei sich. Und sollte der Gusto auf eine Zigarette doch noch aufkommen, nutze er Atemtechniken. Er bedankt sich f\u00fcr die telefonische Nachbetreuung durch das Rauchfrei Telefon Team nach dem Kuraufenthalt.<\/p>\n<p>&nbsp;<\/p>\n<p><strong>Gabriele,62, konnte, nach \u00fcber 40 Jahren Rauchgeschichte in 7 Gespr\u00e4chen heets-frei werden:<\/strong><\/p>\n<p>Um von der Zigarette weg zu kommen, hat sie vor 5 Jahren mit \u201eHeets\u201c- begonnen. Leider bemerkte sie bald, dass ihr Plan damit aufzuh\u00f6ren nach hinten los ging: pl\u00f6tzlich konsumierte sie an Orten Heets, an denen sie nie geraucht h\u00e4tte und griff nach kurzer Zeit sogar \u00f6fter zu Heets als davor zur Zigarette. Das es auch nicht ges\u00fcnder ist bemerkte sie rasch an starkem Husten. Nach einer Lungenkrebs-Diagnose im Sommer 25 rief sie auf Anraten ihres behandelnden Arztes erstmalig bei uns an. Nach dem sie alle unsere Tipps befolgt hatte, ein Nikotin-Protokoll f\u00fchrte, Ersatzhandlungen (wie z.B. ein Tee-Ritual) in den Alltag zu etablieren, Situationen meiden oder ver\u00e4ndern (zB.: Orangensaft statt Kaffee am Morgen) in denen sie fr\u00fcher konsumiert h\u00e4tte, konnte sie schon im Herbst nikotinfrei werden. Nun ist sie seit \u00fcber 2 Monaten stabil nikotinfrei und es geht ihr sehr gut, dank der neuen Alternativen vermisst sie das Nikotinprodukt gar nicht mehr.<\/p>\n<p>&nbsp;<\/p>\n<p><strong>Juliane schreibt zu ihrem pers\u00f6nlichen 1-Jahres-Jubil\u00e4um \u201eRauchfrei\u201c<\/strong> ein herzliches Dankesch\u00f6n f\u00fcr die telefonische Begleitung am Weg in ein rauchfreies Leben.<\/p>\n<p>&nbsp;<\/p>\n<p>Wir gratulieren sehr herzlich und freuen uns mit allen!<\/p>\n<p>&nbsp;<\/p>\n<p>Haben auch Sie eine Erfolgsgeschichte zu berichten? Wir freuen uns auf ihren Bericht an <a href=\"mailto:info@rauchfrei.at\">info@rauchfrei.at<\/a>.<\/p>\n<p>&nbsp;<\/p>\n<p>[\/et_pb_text][et_pb_post_nav in_same_term=&#8221;off&#8221; _builder_version=&#8221;4.16&#8243; global_colors_info=&#8221;{}&#8221;][\/et_pb_post_nav][\/et_pb_column][et_pb_column type=&#8221;1_3&#8243; module_class=&#8221;cat-and-tag&#8221; _builder_version=&#8221;4.16&#8243; custom_padding=&#8221;|||&#8221; global_colors_info=&#8221;{}&#8221; custom_padding__hover=&#8221;|||&#8221;][et_pb_dp_dmb_module_10093 farbe=&#8221;blitzgelb&#8221; headline=&#8221;Trauen Sie sich den Rauchstopp zu!&#8221; image=&#8221;https:\/\/rauchfrei.at\/wp-content\/uploads\/Quitting-Yellow.png&#8221; image_position=&#8221;center&#8221; link_text=&#8221;mehr&#8221; link_url=&#8221;https:\/\/rauchfrei.at\/aufhoeren\/schritte-zum-rauchstopp\/trauen-sie-sich-den-rauchstopp-zu\/&#8221; admin_label=&#8221;Trauen Sie sich den Rauchstopp zu&#8221; _builder_version=&#8221;4.23.1&#8243; global_module=&#8221;13173&#8243; saved_tabs=&#8221;all&#8221; global_colors_info=&#8221;{}&#8221;]<\/p>\n<p>Wollen Sie etwas \u00e4ndern? Worauf warten Sie?<\/p>\n<p>[\/et_pb_dp_dmb_module_10093][\/et_pb_column][\/et_pb_row][\/et_pb_section]<\/p>\n","protected":false},"excerpt":{"rendered":"<p>Beim Rauchfrei Telefon begleiten wir auf dem Weg in ein nikotinfreies Leben. Als Dankesch\u00f6n erhalten wir oft Erfahrungsberichte und Erfolgsgeschichten. Zum Jahresende m\u00f6chten wir den Blick auf diese Erfolge lenken, die auch andere motivieren sollen, einen Nikotinstopp zu versuchen<\/p>\n","protected":false},"author":25,"featured_media":0,"comment_status":"open","ping_status":"open","sticky":false,"template":"","format":"standard","meta":{"_et_pb_use_builder":"on","_et_pb_old_content":"","_et_gb_content_width":"","footnotes":""},"categories":[232],"tags":[],"class_list":["post-32579","post","type-post","status-publish","format-standard","hentry","category-nachrichten-vom-rauchfrei-telefon"],"yoast_head":"<!-- This site is optimized with the Yoast SEO plugin v26.2 - https:\/\/yoast.com\/wordpress\/plugins\/seo\/ -->\n<title>Nachrichten vom Rauchfrei Telefon - Rauchfrei Telefon<\/title>\n<meta name=\"robots\" content=\"index, follow, max-snippet:-1, max-image-preview:large, max-video-preview:-1\" \/>\n<link rel=\"canonical\" href=\"https:\/\/rauchfrei.at\/nachrichten-vom-rauchfrei-telefon\/\" \/>\n<meta property=\"og:locale\" content=\"en_US\" \/>\n<meta property=\"og:type\" content=\"article\" \/>\n<meta property=\"og:title\" content=\"Nachrichten vom Rauchfrei Telefon - Rauchfrei Telefon\" \/>\n<meta property=\"og:description\" content=\"Beim Rauchfrei Telefon begleiten wir auf dem Weg in ein nikotinfreies Leben. Als Dankesch\u00f6n erhalten wir oft Erfahrungsberichte und Erfolgsgeschichten. Zum Jahresende m\u00f6chten wir den Blick auf diese Erfolge lenken, die auch andere motivieren sollen, einen Nikotinstopp zu versuchen\" \/>\n<meta property=\"og:url\" content=\"https:\/\/rauchfrei.at\/nachrichten-vom-rauchfrei-telefon\/\" \/>\n<meta property=\"og:site_name\" content=\"Rauchfrei Telefon\" \/>\n<meta property=\"article:published_time\" content=\"2025-12-22T06:00:25+00:00\" \/>\n<meta name=\"author\" content=\"Rauchfrei Team\" \/>\n<meta name=\"twitter:card\" content=\"summary_large_image\" \/>\n<meta name=\"twitter:label1\" content=\"Written by\" \/>\n\t<meta name=\"twitter:data1\" content=\"Rauchfrei Team\" \/>\n\t<meta name=\"twitter:label2\" content=\"Est. reading time\" \/>\n\t<meta name=\"twitter:data2\" content=\"4 minutes\" \/>\n<script type=\"application\/ld+json\" class=\"yoast-schema-graph\">{\"@context\":\"https:\/\/schema.org\",\"@graph\":[{\"@type\":\"WebPage\",\"@id\":\"https:\/\/rauchfrei.at\/nachrichten-vom-rauchfrei-telefon\/\",\"url\":\"https:\/\/rauchfrei.at\/nachrichten-vom-rauchfrei-telefon\/\",\"name\":\"Nachrichten vom Rauchfrei Telefon - Rauchfrei Telefon\",\"isPartOf\":{\"@id\":\"https:\/\/rauchfrei.at\/#website\"},\"datePublished\":\"2025-12-22T06:00:25+00:00\",\"author\":{\"@id\":\"https:\/\/rauchfrei.at\/#\/schema\/person\/504bbf90c5482004fc09aef6de7f9277\"},\"inLanguage\":\"en-US\",\"potentialAction\":[{\"@type\":\"ReadAction\",\"target\":[\"https:\/\/rauchfrei.at\/nachrichten-vom-rauchfrei-telefon\/\"]}]},{\"@type\":\"WebSite\",\"@id\":\"https:\/\/rauchfrei.at\/#website\",\"url\":\"https:\/\/rauchfrei.at\/\",\"name\":\"Rauchfrei Telefon\",\"description\":\"Eine \u00f6sterreichweite Initiative der Sozialversicherungen.\",\"potentialAction\":[{\"@type\":\"SearchAction\",\"target\":{\"@type\":\"EntryPoint\",\"urlTemplate\":\"https:\/\/rauchfrei.at\/?s={search_term_string}\"},\"query-input\":{\"@type\":\"PropertyValueSpecification\",\"valueRequired\":true,\"valueName\":\"search_term_string\"}}],\"inLanguage\":\"en-US\"},{\"@type\":\"Person\",\"@id\":\"https:\/\/rauchfrei.at\/#\/schema\/person\/504bbf90c5482004fc09aef6de7f9277\",\"name\":\"Rauchfrei Team\",\"image\":{\"@type\":\"ImageObject\",\"inLanguage\":\"en-US\",\"@id\":\"https:\/\/rauchfrei.at\/#\/schema\/person\/image\/\",\"url\":\"https:\/\/secure.gravatar.com\/avatar\/2115b79a00800516fa1523bb5a329611f90e73e89be559131fc7e82b4fdc95ff?s=96&d=mm&r=g\",\"contentUrl\":\"https:\/\/secure.gravatar.com\/avatar\/2115b79a00800516fa1523bb5a329611f90e73e89be559131fc7e82b4fdc95ff?s=96&d=mm&r=g\",\"caption\":\"Rauchfrei Team\"},\"url\":\"https:\/\/rauchfrei.at\/en\/author\/rauchfrei-team\/\"}]}<\/script>\n<!-- \/ Yoast SEO plugin. -->","yoast_head_json":{"title":"Nachrichten vom Rauchfrei Telefon - Rauchfrei Telefon","robots":{"index":"index","follow":"follow","max-snippet":"max-snippet:-1","max-image-preview":"max-image-preview:large","max-video-preview":"max-video-preview:-1"},"canonical":"https:\/\/rauchfrei.at\/nachrichten-vom-rauchfrei-telefon\/","og_locale":"en_US","og_type":"article","og_title":"Nachrichten vom Rauchfrei Telefon - Rauchfrei Telefon","og_description":"Beim Rauchfrei Telefon begleiten wir auf dem Weg in ein nikotinfreies Leben. Als Dankesch\u00f6n erhalten wir oft Erfahrungsberichte und Erfolgsgeschichten. Zum Jahresende m\u00f6chten wir den Blick auf diese Erfolge lenken, die auch andere motivieren sollen, einen Nikotinstopp zu versuchen","og_url":"https:\/\/rauchfrei.at\/nachrichten-vom-rauchfrei-telefon\/","og_site_name":"Rauchfrei Telefon","article_published_time":"2025-12-22T06:00:25+00:00","author":"Rauchfrei Team","twitter_card":"summary_large_image","twitter_misc":{"Written by":"Rauchfrei Team","Est. reading time":"4 minutes"},"schema":{"@context":"https:\/\/schema.org","@graph":[{"@type":"WebPage","@id":"https:\/\/rauchfrei.at\/nachrichten-vom-rauchfrei-telefon\/","url":"https:\/\/rauchfrei.at\/nachrichten-vom-rauchfrei-telefon\/","name":"Nachrichten vom Rauchfrei Telefon - Rauchfrei Telefon","isPartOf":{"@id":"https:\/\/rauchfrei.at\/#website"},"datePublished":"2025-12-22T06:00:25+00:00","author":{"@id":"https:\/\/rauchfrei.at\/#\/schema\/person\/504bbf90c5482004fc09aef6de7f9277"},"inLanguage":"en-US","potentialAction":[{"@type":"ReadAction","target":["https:\/\/rauchfrei.at\/nachrichten-vom-rauchfrei-telefon\/"]}]},{"@type":"WebSite","@id":"https:\/\/rauchfrei.at\/#website","url":"https:\/\/rauchfrei.at\/","name":"Rauchfrei Telefon","description":"Eine \u00f6sterreichweite Initiative der Sozialversicherungen.","potentialAction":[{"@type":"SearchAction","target":{"@type":"EntryPoint","urlTemplate":"https:\/\/rauchfrei.at\/?s={search_term_string}"},"query-input":{"@type":"PropertyValueSpecification","valueRequired":true,"valueName":"search_term_string"}}],"inLanguage":"en-US"},{"@type":"Person","@id":"https:\/\/rauchfrei.at\/#\/schema\/person\/504bbf90c5482004fc09aef6de7f9277","name":"Rauchfrei Team","image":{"@type":"ImageObject","inLanguage":"en-US","@id":"https:\/\/rauchfrei.at\/#\/schema\/person\/image\/","url":"https:\/\/secure.gravatar.com\/avatar\/2115b79a00800516fa1523bb5a329611f90e73e89be559131fc7e82b4fdc95ff?s=96&d=mm&r=g","contentUrl":"https:\/\/secure.gravatar.com\/avatar\/2115b79a00800516fa1523bb5a329611f90e73e89be559131fc7e82b4fdc95ff?s=96&d=mm&r=g","caption":"Rauchfrei Team"},"url":"https:\/\/rauchfrei.at\/en\/author\/rauchfrei-team\/"}]}},"_links":{"self":[{"href":"https:\/\/rauchfrei.at\/en\/wp-json\/wp\/v2\/posts\/32579","targetHints":{"allow":["GET"]}}],"collection":[{"href":"https:\/\/rauchfrei.at\/en\/wp-json\/wp\/v2\/posts"}],"about":[{"href":"https:\/\/rauchfrei.at\/en\/wp-json\/wp\/v2\/types\/post"}],"author":[{"embeddable":true,"href":"https:\/\/rauchfrei.at\/en\/wp-json\/wp\/v2\/users\/25"}],"replies":[{"embeddable":true,"href":"https:\/\/rauchfrei.at\/en\/wp-json\/wp\/v2\/comments?post=32579"}],"version-history":[{"count":6,"href":"https:\/\/rauchfrei.at\/en\/wp-json\/wp\/v2\/posts\/32579\/revisions"}],"predecessor-version":[{"id":32585,"href":"https:\/\/rauchfrei.at\/en\/wp-json\/wp\/v2\/posts\/32579\/revisions\/32585"}],"wp:attachment":[{"href":"https:\/\/rauchfrei.at\/en\/wp-json\/wp\/v2\/media?parent=32579"}],"wp:term":[{"taxonomy":"category","embeddable":true,"href":"https:\/\/rauchfrei.at\/en\/wp-json\/wp\/v2\/categories?post=32579"},{"taxonomy":"post_tag","embeddable":true,"href":"https:\/\/rauchfrei.at\/en\/wp-json\/wp\/v2\/tags?post=32579"}],"curies":[{"name":"wp","href":"https:\/\/api.w.org\/{rel}","templated":true}]}}