
{"id":32679,"date":"2026-01-26T08:00:38","date_gmt":"2026-01-26T06:00:38","guid":{"rendered":"https:\/\/rauchfrei.at\/?p=32679"},"modified":"2026-01-23T19:01:38","modified_gmt":"2026-01-23T17:01:38","slug":"motto-gemeinsam-einzigartig","status":"publish","type":"post","link":"https:\/\/rauchfrei.at\/en\/motto-gemeinsam-einzigartig\/","title":{"rendered":"Motto \u201eGemeinsam einzigartig\u201c"},"content":{"rendered":"<p>[et_pb_section fb_built=&#8221;1&#8243; module_class=&#8221;header&#8221; _builder_version=&#8221;4.16&#8243; global_colors_info=&#8221;{}&#8221;][et_pb_row _builder_version=&#8221;4.16&#8243; global_colors_info=&#8221;{}&#8221;][et_pb_column type=&#8221;4_4&#8243; _builder_version=&#8221;4.16&#8243; custom_padding=&#8221;|||&#8221; global_colors_info=&#8221;{}&#8221; custom_padding__hover=&#8221;|||&#8221;][et_pb_dp_dmb_module_10001 subheadline=&#8221;Weltkrebstag am 4.2.2026&#8243; _builder_version=&#8221;4.27.4&#8243; global_colors_info=&#8221;{}&#8221;][\/et_pb_dp_dmb_module_10001][\/et_pb_column][\/et_pb_row][\/et_pb_section][et_pb_section fb_built=&#8221;1&#8243; _builder_version=&#8221;4.16&#8243; custom_padding=&#8221;30px|||&#8221; global_colors_info=&#8221;{}&#8221;][et_pb_row column_structure=&#8221;2_3,1_3&#8243; _builder_version=&#8221;4.16&#8243; global_colors_info=&#8221;{}&#8221;][et_pb_column type=&#8221;2_3&#8243; module_class=&#8221;blog-content&#8221; _builder_version=&#8221;4.16&#8243; custom_padding=&#8221;|||&#8221; global_colors_info=&#8221;{}&#8221; custom_padding__hover=&#8221;|||&#8221;][et_pb_text _builder_version=&#8221;4.27.4&#8243; hover_enabled=&#8221;0&#8243; global_colors_info=&#8221;{}&#8221; sticky_enabled=&#8221;0&#8243;]<\/p>\n<p>Der diesj\u00e4hrige Weltkrebstag am 4.2.2026 findet bereits zum 26.Mal statt und f\u00fchrt das im letzten Jahr begonnene internationale Motto \u201eUnited by Unique\u201c (\u201eGemeinsam einzigartig\u201c) bis ins Jahr 2027 weiter. Jede erkrankte Person ist individuell einzigartig (Behandlung, Verlauf, Bew\u00e4ltigung) und dennoch verbindet sie eine medizinische Diagnose mit anderen Erkrankten.<\/p>\n<p>Die \u00f6sterreichische Krebshilfe macht aktuell auf die Herausforderungen in der Fr\u00fcherkennung und der Versorgung \u00e4lterer Krebspatient*innen aufmerksam, welche auch in unserem Gesundheitssystem als Herausforderung gilt.<\/p>\n<p>In der Tabak- und Nikotinentw\u00f6hnung gilt ein rauchfreies Leben als wirksamer Schutzfaktor und auch wesentlich f\u00fcr die Senkung von Risiken, pr\u00e4ventiv aber auch zur Verbesserung von individuellem Wohlbefinden und Erh\u00f6hung der Lebensqualit\u00e4t bei bereits bestehenden Erkrankungen. Weiters kann ein Rauchstopp die individuellen Behandlungsverl\u00e4ufe positiv beeinflussen (Chemotherapie, Schmerzmittelverabreichung, Wundheilung, Sauerstoffaufnahme etc.).<\/p>\n<p>Wenn Sie Interesse haben, Ihren Lebensstil zu \u00e4ndern, Ihren Risikofaktor Rauchen beenden wollen und Ihre Lebensqualit\u00e4t bei bestehender Erkrankung erh\u00f6hen wollen, nehmen Sie gerne Unterst\u00fctzung in Anspruch:<\/p>\n<p>Wir Beraterinnen vom Rauchfrei Telefons beraten und begleiten Sie gerne dabei: Mo-Fr 10-18h unter der Telefonnummer: 0800 810 013.<\/p>\n<p>Kursangebote der \u00d6GK in ganz \u00d6sterreich: <a href=\"https:\/\/www.gesundheitskasse.at\/nikotinfrei\">https:\/\/www.gesundheitskasse.at\/nikotinfrei<\/a><\/p>\n<p>Weitere Informationen: Folder: \u201e<a href=\"https:\/\/rauchfrei.at\/wp-content\/uploads\/rf25_Krebs_Folder_v10_online.pdf\" target=\"_blank\" rel=\"noopener\">Rauchfrei leben \u2013 Risiko senken. Rauchfreiheit sch\u00fctzt vor Krebs<\/a>.\u201c<\/p>\n<p><img loading=\"lazy\" decoding=\"async\" class=\"\" src=\"https:\/\/rauchfrei.at\/wp-content\/uploads\/Krebsfolder.jpg\" width=\"118\" height=\"247\" \/><\/p>\n<p>Ein rauchfreies Leben ist ein wirksamer Schutzfaktor!<\/p>\n<p><strong>Links:<\/strong><\/p>\n<p><a href=\"https:\/\/www.krebshilfe.net\/presse\/detail\/mehr-krebs-im-alter-vorsorge-und-versorgung-neu-denken\">https:\/\/www.krebshilfe.net\/presse\/detail\/mehr-krebs-im-alter-vorsorge-und-versorgung-neu-denken<\/a><\/p>\n<p><a href=\"https:\/\/www.krebshilfe.de\/informieren\/ueber-krebs\/weltkrebstag\/\">https:\/\/www.krebshilfe.de\/informieren\/ueber-krebs\/weltkrebstag\/<\/a><\/p>\n<p><a href=\"https:\/\/www.krebsliga.ch\/weltkrebstag-2026\">https:\/\/www.krebsliga.ch\/weltkrebstag-2026<\/a><\/p>\n<p><a href=\"https:\/\/www.worldcancerday.org\/?gad_source=1&amp;gad_campaignid=23265610729&amp;gclid=EAIaIQobChMIpoON0ceekgMV3JCDBx3aOxmiEAAYASAAEgKNz_D_BwE\">https:\/\/www.worldcancerday.org\/?gad_source=1&amp;gad_campaignid=23265610729&amp;gclid=EAIaIQobChMIpoON0ceekgMV3JCDBx3aOxmiEAAYASAAEgKNz_D_BwE<\/a><\/p>\n<p>&nbsp;<\/p>\n<p>[\/et_pb_text][et_pb_post_nav in_same_term=&#8221;off&#8221; _builder_version=&#8221;4.16&#8243; global_colors_info=&#8221;{}&#8221;][\/et_pb_post_nav][\/et_pb_column][et_pb_column type=&#8221;1_3&#8243; module_class=&#8221;cat-and-tag&#8221; _builder_version=&#8221;4.16&#8243; custom_padding=&#8221;|||&#8221; global_colors_info=&#8221;{}&#8221; custom_padding__hover=&#8221;|||&#8221;][et_pb_sidebar area=&#8221;et_pb_widget_area_1&#8243; _builder_version=&#8221;4.16&#8243; global_colors_info=&#8221;{}&#8221;][\/et_pb_sidebar][et_pb_dp_dmb_module_10080 link_text=&#8221;Beratung vom Rauchfrei Telefon&#8221; link_url=&#8221;https:\/\/rauchfrei.at\/beratung-vom-rauchfrei-telefon\/&#8221; admin_label=&#8221;Beratung durch das RFT&#8221; _builder_version=&#8221;4.27.4&#8243; _module_preset=&#8221;default&#8221; global_colors_info=&#8221;{}&#8221;]<\/p>\n<p>Das Rauchfrei Telefon &#8211; Was ist das?<\/p>\n<p>[\/et_pb_dp_dmb_module_10080][\/et_pb_column][\/et_pb_row][\/et_pb_section]<\/p>\n","protected":false},"excerpt":{"rendered":"<p>Die \u00f6sterreichische Krebshilfe macht aktuell auf die Herausforderungen in der Fr\u00fcherkennung und der Versorgung \u00e4lterer Krebspatient*innen aufmerksam. In der Tabak- und Nikotinentw\u00f6hnung gilt auch f\u00fcr \u00e4ltere Personen mit bereits bestehenden Erkrankungen: Die Rauchfreiheit wirkt sich in jedem Alter und in jeder k\u00f6rperlichen Verfassung positiv aus. <\/p>\n","protected":false},"author":25,"featured_media":0,"comment_status":"open","ping_status":"open","sticky":false,"template":"","format":"standard","meta":{"_et_pb_use_builder":"on","_et_pb_old_content":"","_et_gb_content_width":"","footnotes":""},"categories":[235,233],"tags":[],"class_list":["post-32679","post","type-post","status-publish","format-standard","hentry","category-gesundheit-und-rauchstopp","category-unterstuetzung-beim-rauchstopp"],"yoast_head":"<!-- This site is optimized with the Yoast SEO plugin v26.2 - https:\/\/yoast.com\/wordpress\/plugins\/seo\/ -->\n<title>Motto \u201eGemeinsam einzigartig\u201c - Rauchfrei Telefon<\/title>\n<meta name=\"robots\" content=\"index, follow, max-snippet:-1, max-image-preview:large, max-video-preview:-1\" \/>\n<link rel=\"canonical\" href=\"https:\/\/rauchfrei.at\/motto-gemeinsam-einzigartig\/\" \/>\n<meta property=\"og:locale\" content=\"en_US\" \/>\n<meta property=\"og:type\" content=\"article\" \/>\n<meta property=\"og:title\" content=\"Motto \u201eGemeinsam einzigartig\u201c - Rauchfrei Telefon\" \/>\n<meta property=\"og:description\" content=\"Die \u00f6sterreichische Krebshilfe macht aktuell auf die Herausforderungen in der Fr\u00fcherkennung und der Versorgung \u00e4lterer Krebspatient*innen aufmerksam. In der Tabak- und Nikotinentw\u00f6hnung gilt auch f\u00fcr \u00e4ltere Personen mit bereits bestehenden Erkrankungen: Die Rauchfreiheit wirkt sich in jedem Alter und in jeder k\u00f6rperlichen Verfassung positiv aus.\" \/>\n<meta property=\"og:url\" content=\"https:\/\/rauchfrei.at\/motto-gemeinsam-einzigartig\/\" \/>\n<meta property=\"og:site_name\" content=\"Rauchfrei Telefon\" \/>\n<meta property=\"article:published_time\" content=\"2026-01-26T06:00:38+00:00\" \/>\n<meta property=\"og:image\" content=\"https:\/\/rauchfrei.at\/wp-content\/uploads\/Krebsfolder.jpg\" \/>\n<meta name=\"author\" content=\"Rauchfrei Team\" \/>\n<meta name=\"twitter:card\" content=\"summary_large_image\" \/>\n<meta name=\"twitter:label1\" content=\"Written by\" \/>\n\t<meta name=\"twitter:data1\" content=\"Rauchfrei Team\" \/>\n\t<meta name=\"twitter:label2\" content=\"Est. reading time\" \/>\n\t<meta name=\"twitter:data2\" content=\"2 minutes\" \/>\n<script type=\"application\/ld+json\" class=\"yoast-schema-graph\">{\"@context\":\"https:\/\/schema.org\",\"@graph\":[{\"@type\":\"WebPage\",\"@id\":\"https:\/\/rauchfrei.at\/motto-gemeinsam-einzigartig\/\",\"url\":\"https:\/\/rauchfrei.at\/motto-gemeinsam-einzigartig\/\",\"name\":\"Motto \u201eGemeinsam einzigartig\u201c - Rauchfrei Telefon\",\"isPartOf\":{\"@id\":\"https:\/\/rauchfrei.at\/#website\"},\"primaryImageOfPage\":{\"@id\":\"https:\/\/rauchfrei.at\/motto-gemeinsam-einzigartig\/#primaryimage\"},\"image\":{\"@id\":\"https:\/\/rauchfrei.at\/motto-gemeinsam-einzigartig\/#primaryimage\"},\"thumbnailUrl\":\"https:\/\/rauchfrei.at\/wp-content\/uploads\/Krebsfolder.jpg\",\"datePublished\":\"2026-01-26T06:00:38+00:00\",\"author\":{\"@id\":\"https:\/\/rauchfrei.at\/#\/schema\/person\/504bbf90c5482004fc09aef6de7f9277\"},\"inLanguage\":\"en-US\",\"potentialAction\":[{\"@type\":\"ReadAction\",\"target\":[\"https:\/\/rauchfrei.at\/motto-gemeinsam-einzigartig\/\"]}]},{\"@type\":\"ImageObject\",\"inLanguage\":\"en-US\",\"@id\":\"https:\/\/rauchfrei.at\/motto-gemeinsam-einzigartig\/#primaryimage\",\"url\":\"https:\/\/rauchfrei.at\/wp-content\/uploads\/Krebsfolder.jpg\",\"contentUrl\":\"https:\/\/rauchfrei.at\/wp-content\/uploads\/Krebsfolder.jpg\"},{\"@type\":\"WebSite\",\"@id\":\"https:\/\/rauchfrei.at\/#website\",\"url\":\"https:\/\/rauchfrei.at\/\",\"name\":\"Rauchfrei Telefon\",\"description\":\"Eine \u00f6sterreichweite Initiative der Sozialversicherungen.\",\"potentialAction\":[{\"@type\":\"SearchAction\",\"target\":{\"@type\":\"EntryPoint\",\"urlTemplate\":\"https:\/\/rauchfrei.at\/?s={search_term_string}\"},\"query-input\":{\"@type\":\"PropertyValueSpecification\",\"valueRequired\":true,\"valueName\":\"search_term_string\"}}],\"inLanguage\":\"en-US\"},{\"@type\":\"Person\",\"@id\":\"https:\/\/rauchfrei.at\/#\/schema\/person\/504bbf90c5482004fc09aef6de7f9277\",\"name\":\"Rauchfrei Team\",\"image\":{\"@type\":\"ImageObject\",\"inLanguage\":\"en-US\",\"@id\":\"https:\/\/rauchfrei.at\/#\/schema\/person\/image\/\",\"url\":\"https:\/\/secure.gravatar.com\/avatar\/2115b79a00800516fa1523bb5a329611f90e73e89be559131fc7e82b4fdc95ff?s=96&d=mm&r=g\",\"contentUrl\":\"https:\/\/secure.gravatar.com\/avatar\/2115b79a00800516fa1523bb5a329611f90e73e89be559131fc7e82b4fdc95ff?s=96&d=mm&r=g\",\"caption\":\"Rauchfrei Team\"},\"url\":\"https:\/\/rauchfrei.at\/en\/author\/rauchfrei-team\/\"}]}<\/script>\n<!-- \/ Yoast SEO plugin. -->","yoast_head_json":{"title":"Motto \u201eGemeinsam einzigartig\u201c - Rauchfrei Telefon","robots":{"index":"index","follow":"follow","max-snippet":"max-snippet:-1","max-image-preview":"max-image-preview:large","max-video-preview":"max-video-preview:-1"},"canonical":"https:\/\/rauchfrei.at\/motto-gemeinsam-einzigartig\/","og_locale":"en_US","og_type":"article","og_title":"Motto \u201eGemeinsam einzigartig\u201c - Rauchfrei Telefon","og_description":"Die \u00f6sterreichische Krebshilfe macht aktuell auf die Herausforderungen in der Fr\u00fcherkennung und der Versorgung \u00e4lterer Krebspatient*innen aufmerksam. In der Tabak- und Nikotinentw\u00f6hnung gilt auch f\u00fcr \u00e4ltere Personen mit bereits bestehenden Erkrankungen: Die Rauchfreiheit wirkt sich in jedem Alter und in jeder k\u00f6rperlichen Verfassung positiv aus.","og_url":"https:\/\/rauchfrei.at\/motto-gemeinsam-einzigartig\/","og_site_name":"Rauchfrei Telefon","article_published_time":"2026-01-26T06:00:38+00:00","og_image":[{"url":"https:\/\/rauchfrei.at\/wp-content\/uploads\/Krebsfolder.jpg","type":"","width":"","height":""}],"author":"Rauchfrei Team","twitter_card":"summary_large_image","twitter_misc":{"Written by":"Rauchfrei Team","Est. reading time":"2 minutes"},"schema":{"@context":"https:\/\/schema.org","@graph":[{"@type":"WebPage","@id":"https:\/\/rauchfrei.at\/motto-gemeinsam-einzigartig\/","url":"https:\/\/rauchfrei.at\/motto-gemeinsam-einzigartig\/","name":"Motto \u201eGemeinsam einzigartig\u201c - Rauchfrei Telefon","isPartOf":{"@id":"https:\/\/rauchfrei.at\/#website"},"primaryImageOfPage":{"@id":"https:\/\/rauchfrei.at\/motto-gemeinsam-einzigartig\/#primaryimage"},"image":{"@id":"https:\/\/rauchfrei.at\/motto-gemeinsam-einzigartig\/#primaryimage"},"thumbnailUrl":"https:\/\/rauchfrei.at\/wp-content\/uploads\/Krebsfolder.jpg","datePublished":"2026-01-26T06:00:38+00:00","author":{"@id":"https:\/\/rauchfrei.at\/#\/schema\/person\/504bbf90c5482004fc09aef6de7f9277"},"inLanguage":"en-US","potentialAction":[{"@type":"ReadAction","target":["https:\/\/rauchfrei.at\/motto-gemeinsam-einzigartig\/"]}]},{"@type":"ImageObject","inLanguage":"en-US","@id":"https:\/\/rauchfrei.at\/motto-gemeinsam-einzigartig\/#primaryimage","url":"https:\/\/rauchfrei.at\/wp-content\/uploads\/Krebsfolder.jpg","contentUrl":"https:\/\/rauchfrei.at\/wp-content\/uploads\/Krebsfolder.jpg"},{"@type":"WebSite","@id":"https:\/\/rauchfrei.at\/#website","url":"https:\/\/rauchfrei.at\/","name":"Rauchfrei Telefon","description":"Eine \u00f6sterreichweite Initiative der Sozialversicherungen.","potentialAction":[{"@type":"SearchAction","target":{"@type":"EntryPoint","urlTemplate":"https:\/\/rauchfrei.at\/?s={search_term_string}"},"query-input":{"@type":"PropertyValueSpecification","valueRequired":true,"valueName":"search_term_string"}}],"inLanguage":"en-US"},{"@type":"Person","@id":"https:\/\/rauchfrei.at\/#\/schema\/person\/504bbf90c5482004fc09aef6de7f9277","name":"Rauchfrei Team","image":{"@type":"ImageObject","inLanguage":"en-US","@id":"https:\/\/rauchfrei.at\/#\/schema\/person\/image\/","url":"https:\/\/secure.gravatar.com\/avatar\/2115b79a00800516fa1523bb5a329611f90e73e89be559131fc7e82b4fdc95ff?s=96&d=mm&r=g","contentUrl":"https:\/\/secure.gravatar.com\/avatar\/2115b79a00800516fa1523bb5a329611f90e73e89be559131fc7e82b4fdc95ff?s=96&d=mm&r=g","caption":"Rauchfrei Team"},"url":"https:\/\/rauchfrei.at\/en\/author\/rauchfrei-team\/"}]}},"_links":{"self":[{"href":"https:\/\/rauchfrei.at\/en\/wp-json\/wp\/v2\/posts\/32679","targetHints":{"allow":["GET"]}}],"collection":[{"href":"https:\/\/rauchfrei.at\/en\/wp-json\/wp\/v2\/posts"}],"about":[{"href":"https:\/\/rauchfrei.at\/en\/wp-json\/wp\/v2\/types\/post"}],"author":[{"embeddable":true,"href":"https:\/\/rauchfrei.at\/en\/wp-json\/wp\/v2\/users\/25"}],"replies":[{"embeddable":true,"href":"https:\/\/rauchfrei.at\/en\/wp-json\/wp\/v2\/comments?post=32679"}],"version-history":[{"count":6,"href":"https:\/\/rauchfrei.at\/en\/wp-json\/wp\/v2\/posts\/32679\/revisions"}],"predecessor-version":[{"id":32687,"href":"https:\/\/rauchfrei.at\/en\/wp-json\/wp\/v2\/posts\/32679\/revisions\/32687"}],"wp:attachment":[{"href":"https:\/\/rauchfrei.at\/en\/wp-json\/wp\/v2\/media?parent=32679"}],"wp:term":[{"taxonomy":"category","embeddable":true,"href":"https:\/\/rauchfrei.at\/en\/wp-json\/wp\/v2\/categories?post=32679"},{"taxonomy":"post_tag","embeddable":true,"href":"https:\/\/rauchfrei.at\/en\/wp-json\/wp\/v2\/tags?post=32679"}],"curies":[{"name":"wp","href":"https:\/\/api.w.org\/{rel}","templated":true}]}}