
{"id":32719,"date":"2026-02-09T08:00:28","date_gmt":"2026-02-09T06:00:28","guid":{"rendered":"https:\/\/rauchfrei.at\/?p=32719"},"modified":"2026-02-04T14:48:32","modified_gmt":"2026-02-04T12:48:32","slug":"fortbildungsreihe-zur-beratung-und-entwoehnung-bei-nikotinabhaengigkeit","status":"publish","type":"post","link":"https:\/\/rauchfrei.at\/en\/fortbildungsreihe-zur-beratung-und-entwoehnung-bei-nikotinabhaengigkeit\/","title":{"rendered":"Fortbildungsreihe zur Beratung und Entw\u00f6hnung bei Nikotinabh\u00e4ngigkeit"},"content":{"rendered":"<p>[et_pb_section fb_built=&#8221;1&#8243; module_class=&#8221;header&#8221; _builder_version=&#8221;4.16&#8243; global_colors_info=&#8221;{}&#8221;][et_pb_row _builder_version=&#8221;4.16&#8243; global_colors_info=&#8221;{}&#8221;][et_pb_column type=&#8221;4_4&#8243; _builder_version=&#8221;4.16&#8243; custom_padding=&#8221;|||&#8221; global_colors_info=&#8221;{}&#8221; custom_padding__hover=&#8221;|||&#8221;][et_pb_dp_dmb_module_10001 subheadline=&#8221;Praxisnahe Weiterbildung f\u00fcr Fachpersonen aus dem Gesundheitswesen&#8221; _builder_version=&#8221;4.27.4&#8243; hover_enabled=&#8221;0&#8243; global_colors_info=&#8221;{}&#8221; sticky_enabled=&#8221;0&#8243;][\/et_pb_dp_dmb_module_10001][\/et_pb_column][\/et_pb_row][\/et_pb_section][et_pb_section fb_built=&#8221;1&#8243; _builder_version=&#8221;4.16&#8243; custom_padding=&#8221;30px|||&#8221; global_colors_info=&#8221;{}&#8221;][et_pb_row column_structure=&#8221;2_3,1_3&#8243; _builder_version=&#8221;4.16&#8243; global_colors_info=&#8221;{}&#8221;][et_pb_column type=&#8221;2_3&#8243; module_class=&#8221;blog-content&#8221; _builder_version=&#8221;4.16&#8243; custom_padding=&#8221;|||&#8221; global_colors_info=&#8221;{}&#8221; custom_padding__hover=&#8221;|||&#8221;][et_pb_text _builder_version=&#8221;4.27.4&#8243; hover_enabled=&#8221;0&#8243; global_colors_info=&#8221;{}&#8221; sticky_enabled=&#8221;0&#8243;]<\/p>\n<p>Die Fortbildungsreihe zur Beratung und Entw\u00f6hnung bei Nikotinabh\u00e4ngigkeit wird vom Institut f\u00fcr Gesundheitsf\u00f6rderung und Pr\u00e4vention (IfGP) angeboten und orientiert sich an internationalen Standards, aktuellen Leitlinien und bew\u00e4hrten Best-Practice-Modellen. Ziel der Weiterbildung ist es, Gesundheitsfachpersonen wirksame und praxisnahe Instrumente f\u00fcr die Beratung und Begleitung von Menschen mit Nikotinabh\u00e4ngigkeit zu vermitteln.<\/p>\n<p>In sechs modular aufgebauten Einheiten werden niederschwellige Beratungstechniken, Methoden der Kurzintervention sowie konkrete Ans\u00e4tze der Nikotinentw\u00f6hnung behandelt. Jedes Modul kann unabh\u00e4ngig voneinander besucht werden, sodass Teilnehmende die Inhalte flexibel und entsprechend ihres beruflichen Bedarfs ausw\u00e4hlen k\u00f6nnen.<\/p>\n<p>Die Fortbildungsreihe richtet sich unter anderem an \u00c4rztinnen und \u00c4rzte, Psychologinnen und Psychologen, Pflegepersonen sowie Hebammen und ist \u2013 je nach Modul \u2013 als Fortbildung anrechenbar. Es handelt sich dabei um eine Fort- bzw. Weiterbildung, deren Inhalte im Rahmen bestehender beruflicher Qualifikationen angewendet werden k\u00f6nnen.<\/p>\n<p>Auch die Beraterinnen des Rauchfrei Telefons verf\u00fcgen \u00fcber eine fundierte Qualifikation in der Tabak- und Nikotinentw\u00f6hnung und haben diese oder eine vergleichbare, evidenzbasierte Fortbildung absolviert. Dadurch ist gew\u00e4hrleistet, dass Ratsuchende beim Rauchfrei Telefon kompetent, leitliniengerecht und praxisnah unterst\u00fctzt werden.<\/p>\n<p>Die n\u00e4chste Pr\u00e4senz-Fortbildungsreihe des IfGP findet im Juni und Juli 2026 statt. Erg\u00e4nzend werden Online-Module sowie Inhouse-Schulungen angeboten.<\/p>\n<p>Wenn du magst, passe ich den Text noch formeller, niederschwelliger oder explizit auf Vertrauensaufbau f\u00fcr Anrufende beim Rauchfrei Telefon an.<\/p>\n<p>Mehr dazu: <a href=\"https:\/\/www.ifgp.at\/cdscontent\/?contentid=10007.780082&amp;portal=ifgpportal\">Beratung und Entw\u00f6hnung bei Nikotinabh\u00e4ngigkeit<\/a><\/p>\n<p>Weitere Infos: <a href=\"https:\/\/rauchfrei.at\/veranstaltungen\/\">Veranstaltungen &#8211; Rauchfrei Telefon<\/a><\/p>\n<p>[\/et_pb_text][et_pb_post_nav in_same_term=&#8221;off&#8221; _builder_version=&#8221;4.16&#8243; global_colors_info=&#8221;{}&#8221;][\/et_pb_post_nav][\/et_pb_column][et_pb_column type=&#8221;1_3&#8243; module_class=&#8221;cat-and-tag&#8221; _builder_version=&#8221;4.16&#8243; custom_padding=&#8221;|||&#8221; global_colors_info=&#8221;{}&#8221; custom_padding__hover=&#8221;|||&#8221;][et_pb_dp_dmb_module_10080 link_text=&#8221;Zu den Publikationen&#8221; link_url=&#8221;https:\/\/rauchfrei.at\/ueber-uns\/publikationen\/&#8221; admin_label=&#8221;Publikationen&#8221; _builder_version=&#8221;4.27.4&#8243; _module_preset=&#8221;default&#8221; global_colors_info=&#8221;{}&#8221;]<\/p>\n<p>Publikationen und Jahresberichte des Rauchfrei Telefons<\/p>\n<p>[\/et_pb_dp_dmb_module_10080][\/et_pb_column][\/et_pb_row][\/et_pb_section]<\/p>\n","protected":false},"excerpt":{"rendered":"<p>Die Fortbildungsreihe zur Beratung und Entw\u00f6hnung bei Nikotinabh\u00e4ngigkeit vermittelt in modular aufgebauten Einheiten fundiertes Wissen und praxiserprobte Methoden zur Unterst\u00fctzung beim Rauch- und Nikotinausstieg. Die Inhalte basieren auf internationalen Leitlinien und modulartig frei gew\u00e4hlt werden.<\/p>\n","protected":false},"author":25,"featured_media":0,"comment_status":"open","ping_status":"open","sticky":false,"template":"","format":"standard","meta":{"_et_pb_use_builder":"on","_et_pb_old_content":"","_et_gb_content_width":"","footnotes":""},"categories":[235,234],"tags":[],"class_list":["post-32719","post","type-post","status-publish","format-standard","hentry","category-gesundheit-und-rauchstopp","category-oesterreichweite-angebote-zur-entwoehnung"],"yoast_head":"<!-- This site is optimized with the Yoast SEO plugin v26.2 - https:\/\/yoast.com\/wordpress\/plugins\/seo\/ -->\n<title>Fortbildungsreihe zur Beratung und Entw\u00f6hnung bei Nikotinabh\u00e4ngigkeit - Rauchfrei Telefon<\/title>\n<meta name=\"robots\" content=\"index, follow, max-snippet:-1, max-image-preview:large, max-video-preview:-1\" \/>\n<link rel=\"canonical\" href=\"https:\/\/rauchfrei.at\/fortbildungsreihe-zur-beratung-und-entwoehnung-bei-nikotinabhaengigkeit\/\" \/>\n<meta property=\"og:locale\" content=\"en_US\" \/>\n<meta property=\"og:type\" content=\"article\" \/>\n<meta property=\"og:title\" content=\"Fortbildungsreihe zur Beratung und Entw\u00f6hnung bei Nikotinabh\u00e4ngigkeit - Rauchfrei Telefon\" \/>\n<meta property=\"og:description\" content=\"Die Fortbildungsreihe zur Beratung und Entw\u00f6hnung bei Nikotinabh\u00e4ngigkeit vermittelt in modular aufgebauten Einheiten fundiertes Wissen und praxiserprobte Methoden zur Unterst\u00fctzung beim Rauch- und Nikotinausstieg. Die Inhalte basieren auf internationalen Leitlinien und modulartig frei gew\u00e4hlt werden.\" \/>\n<meta property=\"og:url\" content=\"https:\/\/rauchfrei.at\/fortbildungsreihe-zur-beratung-und-entwoehnung-bei-nikotinabhaengigkeit\/\" \/>\n<meta property=\"og:site_name\" content=\"Rauchfrei Telefon\" \/>\n<meta property=\"article:published_time\" content=\"2026-02-09T06:00:28+00:00\" \/>\n<meta name=\"author\" content=\"Rauchfrei Team\" \/>\n<meta name=\"twitter:card\" content=\"summary_large_image\" \/>\n<meta name=\"twitter:label1\" content=\"Written by\" \/>\n\t<meta name=\"twitter:data1\" content=\"Rauchfrei Team\" \/>\n\t<meta name=\"twitter:label2\" content=\"Est. reading time\" \/>\n\t<meta name=\"twitter:data2\" content=\"2 minutes\" \/>\n<script type=\"application\/ld+json\" class=\"yoast-schema-graph\">{\"@context\":\"https:\/\/schema.org\",\"@graph\":[{\"@type\":\"WebPage\",\"@id\":\"https:\/\/rauchfrei.at\/fortbildungsreihe-zur-beratung-und-entwoehnung-bei-nikotinabhaengigkeit\/\",\"url\":\"https:\/\/rauchfrei.at\/fortbildungsreihe-zur-beratung-und-entwoehnung-bei-nikotinabhaengigkeit\/\",\"name\":\"Fortbildungsreihe zur Beratung und Entw\u00f6hnung bei Nikotinabh\u00e4ngigkeit - Rauchfrei Telefon\",\"isPartOf\":{\"@id\":\"https:\/\/rauchfrei.at\/#website\"},\"datePublished\":\"2026-02-09T06:00:28+00:00\",\"author\":{\"@id\":\"https:\/\/rauchfrei.at\/#\/schema\/person\/504bbf90c5482004fc09aef6de7f9277\"},\"inLanguage\":\"en-US\",\"potentialAction\":[{\"@type\":\"ReadAction\",\"target\":[\"https:\/\/rauchfrei.at\/fortbildungsreihe-zur-beratung-und-entwoehnung-bei-nikotinabhaengigkeit\/\"]}]},{\"@type\":\"WebSite\",\"@id\":\"https:\/\/rauchfrei.at\/#website\",\"url\":\"https:\/\/rauchfrei.at\/\",\"name\":\"Rauchfrei Telefon\",\"description\":\"Eine \u00f6sterreichweite Initiative der Sozialversicherungen.\",\"potentialAction\":[{\"@type\":\"SearchAction\",\"target\":{\"@type\":\"EntryPoint\",\"urlTemplate\":\"https:\/\/rauchfrei.at\/?s={search_term_string}\"},\"query-input\":{\"@type\":\"PropertyValueSpecification\",\"valueRequired\":true,\"valueName\":\"search_term_string\"}}],\"inLanguage\":\"en-US\"},{\"@type\":\"Person\",\"@id\":\"https:\/\/rauchfrei.at\/#\/schema\/person\/504bbf90c5482004fc09aef6de7f9277\",\"name\":\"Rauchfrei Team\",\"image\":{\"@type\":\"ImageObject\",\"inLanguage\":\"en-US\",\"@id\":\"https:\/\/rauchfrei.at\/#\/schema\/person\/image\/\",\"url\":\"https:\/\/secure.gravatar.com\/avatar\/2115b79a00800516fa1523bb5a329611f90e73e89be559131fc7e82b4fdc95ff?s=96&d=mm&r=g\",\"contentUrl\":\"https:\/\/secure.gravatar.com\/avatar\/2115b79a00800516fa1523bb5a329611f90e73e89be559131fc7e82b4fdc95ff?s=96&d=mm&r=g\",\"caption\":\"Rauchfrei Team\"},\"url\":\"https:\/\/rauchfrei.at\/en\/author\/rauchfrei-team\/\"}]}<\/script>\n<!-- \/ Yoast SEO plugin. -->","yoast_head_json":{"title":"Fortbildungsreihe zur Beratung und Entw\u00f6hnung bei Nikotinabh\u00e4ngigkeit - Rauchfrei Telefon","robots":{"index":"index","follow":"follow","max-snippet":"max-snippet:-1","max-image-preview":"max-image-preview:large","max-video-preview":"max-video-preview:-1"},"canonical":"https:\/\/rauchfrei.at\/fortbildungsreihe-zur-beratung-und-entwoehnung-bei-nikotinabhaengigkeit\/","og_locale":"en_US","og_type":"article","og_title":"Fortbildungsreihe zur Beratung und Entw\u00f6hnung bei Nikotinabh\u00e4ngigkeit - Rauchfrei Telefon","og_description":"Die Fortbildungsreihe zur Beratung und Entw\u00f6hnung bei Nikotinabh\u00e4ngigkeit vermittelt in modular aufgebauten Einheiten fundiertes Wissen und praxiserprobte Methoden zur Unterst\u00fctzung beim Rauch- und Nikotinausstieg. Die Inhalte basieren auf internationalen Leitlinien und modulartig frei gew\u00e4hlt werden.","og_url":"https:\/\/rauchfrei.at\/fortbildungsreihe-zur-beratung-und-entwoehnung-bei-nikotinabhaengigkeit\/","og_site_name":"Rauchfrei Telefon","article_published_time":"2026-02-09T06:00:28+00:00","author":"Rauchfrei Team","twitter_card":"summary_large_image","twitter_misc":{"Written by":"Rauchfrei Team","Est. reading time":"2 minutes"},"schema":{"@context":"https:\/\/schema.org","@graph":[{"@type":"WebPage","@id":"https:\/\/rauchfrei.at\/fortbildungsreihe-zur-beratung-und-entwoehnung-bei-nikotinabhaengigkeit\/","url":"https:\/\/rauchfrei.at\/fortbildungsreihe-zur-beratung-und-entwoehnung-bei-nikotinabhaengigkeit\/","name":"Fortbildungsreihe zur Beratung und Entw\u00f6hnung bei Nikotinabh\u00e4ngigkeit - Rauchfrei Telefon","isPartOf":{"@id":"https:\/\/rauchfrei.at\/#website"},"datePublished":"2026-02-09T06:00:28+00:00","author":{"@id":"https:\/\/rauchfrei.at\/#\/schema\/person\/504bbf90c5482004fc09aef6de7f9277"},"inLanguage":"en-US","potentialAction":[{"@type":"ReadAction","target":["https:\/\/rauchfrei.at\/fortbildungsreihe-zur-beratung-und-entwoehnung-bei-nikotinabhaengigkeit\/"]}]},{"@type":"WebSite","@id":"https:\/\/rauchfrei.at\/#website","url":"https:\/\/rauchfrei.at\/","name":"Rauchfrei Telefon","description":"Eine \u00f6sterreichweite Initiative der Sozialversicherungen.","potentialAction":[{"@type":"SearchAction","target":{"@type":"EntryPoint","urlTemplate":"https:\/\/rauchfrei.at\/?s={search_term_string}"},"query-input":{"@type":"PropertyValueSpecification","valueRequired":true,"valueName":"search_term_string"}}],"inLanguage":"en-US"},{"@type":"Person","@id":"https:\/\/rauchfrei.at\/#\/schema\/person\/504bbf90c5482004fc09aef6de7f9277","name":"Rauchfrei Team","image":{"@type":"ImageObject","inLanguage":"en-US","@id":"https:\/\/rauchfrei.at\/#\/schema\/person\/image\/","url":"https:\/\/secure.gravatar.com\/avatar\/2115b79a00800516fa1523bb5a329611f90e73e89be559131fc7e82b4fdc95ff?s=96&d=mm&r=g","contentUrl":"https:\/\/secure.gravatar.com\/avatar\/2115b79a00800516fa1523bb5a329611f90e73e89be559131fc7e82b4fdc95ff?s=96&d=mm&r=g","caption":"Rauchfrei Team"},"url":"https:\/\/rauchfrei.at\/en\/author\/rauchfrei-team\/"}]}},"_links":{"self":[{"href":"https:\/\/rauchfrei.at\/en\/wp-json\/wp\/v2\/posts\/32719","targetHints":{"allow":["GET"]}}],"collection":[{"href":"https:\/\/rauchfrei.at\/en\/wp-json\/wp\/v2\/posts"}],"about":[{"href":"https:\/\/rauchfrei.at\/en\/wp-json\/wp\/v2\/types\/post"}],"author":[{"embeddable":true,"href":"https:\/\/rauchfrei.at\/en\/wp-json\/wp\/v2\/users\/25"}],"replies":[{"embeddable":true,"href":"https:\/\/rauchfrei.at\/en\/wp-json\/wp\/v2\/comments?post=32719"}],"version-history":[{"count":6,"href":"https:\/\/rauchfrei.at\/en\/wp-json\/wp\/v2\/posts\/32719\/revisions"}],"predecessor-version":[{"id":32725,"href":"https:\/\/rauchfrei.at\/en\/wp-json\/wp\/v2\/posts\/32719\/revisions\/32725"}],"wp:attachment":[{"href":"https:\/\/rauchfrei.at\/en\/wp-json\/wp\/v2\/media?parent=32719"}],"wp:term":[{"taxonomy":"category","embeddable":true,"href":"https:\/\/rauchfrei.at\/en\/wp-json\/wp\/v2\/categories?post=32719"},{"taxonomy":"post_tag","embeddable":true,"href":"https:\/\/rauchfrei.at\/en\/wp-json\/wp\/v2\/tags?post=32719"}],"curies":[{"name":"wp","href":"https:\/\/api.w.org\/{rel}","templated":true}]}}