
{"id":32844,"date":"2026-03-08T12:20:15","date_gmt":"2026-03-08T10:20:15","guid":{"rendered":"https:\/\/rauchfrei.at\/?p=32844"},"modified":"2026-03-08T12:20:41","modified_gmt":"2026-03-08T10:20:41","slug":"stark-frei-selbstbestimmt-frei-von-nikotin-zum-welt-frauentag","status":"publish","type":"post","link":"https:\/\/rauchfrei.at\/en\/stark-frei-selbstbestimmt-frei-von-nikotin-zum-welt-frauentag\/","title":{"rendered":"Stark, frei, selbstbestimmt \u2013 frei von Nikotin zum Welt-Frauentag"},"content":{"rendered":"<p>[et_pb_section fb_built=&#8221;1&#8243; module_class=&#8221;header&#8221; _builder_version=&#8221;4.16&#8243; global_colors_info=&#8221;{}&#8221;][et_pb_row _builder_version=&#8221;4.16&#8243; global_colors_info=&#8221;{}&#8221;][et_pb_column type=&#8221;4_4&#8243; _builder_version=&#8221;4.16&#8243; custom_padding=&#8221;|||&#8221; global_colors_info=&#8221;{}&#8221; custom_padding__hover=&#8221;|||&#8221;][et_pb_dp_dmb_module_10001 subheadline=&#8221;Warum Frauen besondere Unterst\u00fctzung verdienen&#8221; _builder_version=&#8221;4.27.4&#8243; global_colors_info=&#8221;{}&#8221;][\/et_pb_dp_dmb_module_10001][\/et_pb_column][\/et_pb_row][\/et_pb_section][et_pb_section fb_built=&#8221;1&#8243; _builder_version=&#8221;4.16&#8243; custom_padding=&#8221;30px|||&#8221; global_colors_info=&#8221;{}&#8221;][et_pb_row column_structure=&#8221;2_3,1_3&#8243; _builder_version=&#8221;4.16&#8243; global_colors_info=&#8221;{}&#8221;][et_pb_column type=&#8221;2_3&#8243; module_class=&#8221;blog-content&#8221; _builder_version=&#8221;4.16&#8243; custom_padding=&#8221;|||&#8221; global_colors_info=&#8221;{}&#8221; custom_padding__hover=&#8221;|||&#8221;][et_pb_text _builder_version=&#8221;4.27.4&#8243; global_colors_info=&#8221;{}&#8221;]<\/p>\n<p>Am <strong>Internationaler Welt-Frauentag<\/strong> feiern wir die St\u00e4rke, den Mut und die Selbstbestimmung von Frauen weltweit. Es ist ein Tag, der daran erinnert, wie wichtig Gesundheit, Chancengleichheit und Unterst\u00fctzung sind \u2013 vor allem dann, wenn es um den eigenen Weg in ein nikotinfreies Leben geht.<\/p>\n<p><strong>Warum gerade Frauen besondere Unterst\u00fctzung verdienen<\/strong><\/p>\n<p>Studien zeigen, dass Frauen h\u00e4ufig aus anderen Gr\u00fcnden rauchen als M\u00e4nner \u2013 zum Beispiel zur Stressregulation, Gewichtskontrolle oder als kurze Auszeit im oft fordernden Alltag zwischen Beruf, Familie und Care-Arbeit.<\/p>\n<p>Gleichzeitig erleben viele Frauen st\u00e4rkere Entzugssymptome, gr\u00f6\u00dfere Sorge vor Gewichtszunahme, hormonelle Einfl\u00fcsse auf das Rauchverlangen und h\u00f6heren Alltagsstress.<\/p>\n<p>All das macht deutlich: Es braucht Verst\u00e4ndnis, individuelle Strategien und professionelle Begleitung.<\/p>\n<p><strong>Selbstf\u00fcrsorge<\/strong><\/p>\n<p>Allein der Entschluss, nikotinfrei zu werden, ist ein Zeichen der Selbstf\u00fcrsorge. Und jede nicht gerauchte Zigarette ist ein Schritt in die richtige Richtung.<\/p>\n<p>Ein rauchfreies Leben<\/p>\n<ul>\n<li>gibt mehr Energie<\/li>\n<li>bringt bessere Atemleistung<\/li>\n<li>reduziert das Herz-Kreislauf-Erkrankungsrisiko<\/li>\n<li>sch\u00fctzt vor Krebs und chron. Erkrankungen<\/li>\n<li>beeinflusst die Vorbildwirkung f\u00fcr Kinder &amp; Jugendliche<\/li>\n<\/ul>\n<p><strong>Unterst\u00fctzung, die zu Ihnen passt: Das Rauchfrei Telefon<\/strong><\/p>\n<p>Das <strong>Rauchfrei Telefon<\/strong> begleitet Menschen in ganz \u00d6sterreich kostenlos und vertraulich auf ihrem individuellen Weg in ein rauchfreies Leben.<\/p>\n<p>Wir wissen: Jeder Weg ist anders. Manche m\u00f6chten sofort aufh\u00f6ren, andere brauchen Zeit zur Vorbereitung. Beides ist in Ordnung.<strong> Das Rauchfrei Telefon bietet die passende Unterst\u00fctzung.<\/strong><\/p>\n<p>&nbsp;<\/p>\n<p><strong>Ein Zeichen setzen \u2013 f\u00fcr sich selbst<\/strong><\/p>\n<p>Der Internationale Frauentag steht f\u00fcr St\u00e4rke, Solidarit\u00e4t und Ver\u00e4nderung. Vielleicht ist genau heute der richtige Moment, um sich selbst ein Versprechen zu geben:<\/p>\n<p><strong>Ich darf gesund sein. Ich darf Unterst\u00fctzung annehmen. Ich darf nikotinfrei werden.<\/strong><\/p>\n<p>&nbsp;<\/p>\n<p>Zum Frauentag w\u00fcnschen wir allen Frauen Mut, Kraft und viele befreiende Momente!<\/p>\n<p>[\/et_pb_text][et_pb_post_nav in_same_term=&#8221;off&#8221; _builder_version=&#8221;4.16&#8243; global_colors_info=&#8221;{}&#8221;][\/et_pb_post_nav][\/et_pb_column][et_pb_column type=&#8221;1_3&#8243; module_class=&#8221;cat-and-tag&#8221; _builder_version=&#8221;4.16&#8243; custom_padding=&#8221;|||&#8221; global_colors_info=&#8221;{}&#8221; custom_padding__hover=&#8221;|||&#8221;][et_pb_dp_dmb_module_10093 farbe=&#8221;blitzgelb&#8221; headline=&#8221;Trauen Sie sich den Rauchstopp zu!&#8221; image=&#8221;https:\/\/rauchfrei.at\/wp-content\/uploads\/Quitting-Yellow.png&#8221; image_position=&#8221;center&#8221; link_text=&#8221;mehr&#8221; link_url=&#8221;https:\/\/rauchfrei.at\/aufhoeren\/schritte-zum-rauchstopp\/trauen-sie-sich-den-rauchstopp-zu\/&#8221; admin_label=&#8221;Trauen Sie sich den Rauchstopp zu&#8221; _builder_version=&#8221;4.23.1&#8243; global_module=&#8221;13173&#8243; saved_tabs=&#8221;all&#8221; global_colors_info=&#8221;{}&#8221;]<\/p>\n<p>Wollen Sie etwas \u00e4ndern? Worauf warten Sie?<\/p>\n<p>[\/et_pb_dp_dmb_module_10093][\/et_pb_column][\/et_pb_row][\/et_pb_section]<\/p>\n","protected":false},"excerpt":{"rendered":"<p>Gerade am Welt-Frauentag darf die Botschaft lauten: Ihre Gesundheit z\u00e4hlt. Ihre Bed\u00fcrfnisse z\u00e4hlen. Wir zeigen Ihnen den Weg dorthin.<\/p>\n","protected":false},"author":25,"featured_media":0,"comment_status":"open","ping_status":"open","sticky":false,"template":"","format":"standard","meta":{"_et_pb_use_builder":"on","_et_pb_old_content":"","_et_gb_content_width":"","footnotes":""},"categories":[235],"tags":[],"class_list":["post-32844","post","type-post","status-publish","format-standard","hentry","category-gesundheit-und-rauchstopp"],"yoast_head":"<!-- This site is optimized with the Yoast SEO plugin v26.2 - https:\/\/yoast.com\/wordpress\/plugins\/seo\/ -->\n<title>Stark, frei, selbstbestimmt \u2013 frei von Nikotin zum Welt-Frauentag - Rauchfrei Telefon<\/title>\n<meta name=\"robots\" content=\"index, follow, max-snippet:-1, max-image-preview:large, max-video-preview:-1\" \/>\n<link rel=\"canonical\" href=\"https:\/\/rauchfrei.at\/stark-frei-selbstbestimmt-frei-von-nikotin-zum-welt-frauentag\/\" \/>\n<meta property=\"og:locale\" content=\"en_US\" \/>\n<meta property=\"og:type\" content=\"article\" \/>\n<meta property=\"og:title\" content=\"Stark, frei, selbstbestimmt \u2013 frei von Nikotin zum Welt-Frauentag - Rauchfrei Telefon\" \/>\n<meta property=\"og:description\" content=\"Gerade am Welt-Frauentag darf die Botschaft lauten: Ihre Gesundheit z\u00e4hlt. Ihre Bed\u00fcrfnisse z\u00e4hlen. Wir zeigen Ihnen den Weg dorthin.\" \/>\n<meta property=\"og:url\" content=\"https:\/\/rauchfrei.at\/stark-frei-selbstbestimmt-frei-von-nikotin-zum-welt-frauentag\/\" \/>\n<meta property=\"og:site_name\" content=\"Rauchfrei Telefon\" \/>\n<meta property=\"article:published_time\" content=\"2026-03-08T10:20:15+00:00\" \/>\n<meta property=\"article:modified_time\" content=\"2026-03-08T10:20:41+00:00\" \/>\n<meta name=\"author\" content=\"Rauchfrei Team\" \/>\n<meta name=\"twitter:card\" content=\"summary_large_image\" \/>\n<meta name=\"twitter:label1\" content=\"Written by\" \/>\n\t<meta name=\"twitter:data1\" content=\"Rauchfrei Team\" \/>\n\t<meta name=\"twitter:label2\" content=\"Est. reading time\" \/>\n\t<meta name=\"twitter:data2\" content=\"2 minutes\" \/>\n<script type=\"application\/ld+json\" class=\"yoast-schema-graph\">{\"@context\":\"https:\/\/schema.org\",\"@graph\":[{\"@type\":\"WebPage\",\"@id\":\"https:\/\/rauchfrei.at\/stark-frei-selbstbestimmt-frei-von-nikotin-zum-welt-frauentag\/\",\"url\":\"https:\/\/rauchfrei.at\/stark-frei-selbstbestimmt-frei-von-nikotin-zum-welt-frauentag\/\",\"name\":\"Stark, frei, selbstbestimmt \u2013 frei von Nikotin zum Welt-Frauentag - Rauchfrei Telefon\",\"isPartOf\":{\"@id\":\"https:\/\/rauchfrei.at\/#website\"},\"datePublished\":\"2026-03-08T10:20:15+00:00\",\"dateModified\":\"2026-03-08T10:20:41+00:00\",\"author\":{\"@id\":\"https:\/\/rauchfrei.at\/#\/schema\/person\/504bbf90c5482004fc09aef6de7f9277\"},\"inLanguage\":\"en-US\",\"potentialAction\":[{\"@type\":\"ReadAction\",\"target\":[\"https:\/\/rauchfrei.at\/stark-frei-selbstbestimmt-frei-von-nikotin-zum-welt-frauentag\/\"]}]},{\"@type\":\"WebSite\",\"@id\":\"https:\/\/rauchfrei.at\/#website\",\"url\":\"https:\/\/rauchfrei.at\/\",\"name\":\"Rauchfrei Telefon\",\"description\":\"Eine \u00f6sterreichweite Initiative der Sozialversicherungen.\",\"potentialAction\":[{\"@type\":\"SearchAction\",\"target\":{\"@type\":\"EntryPoint\",\"urlTemplate\":\"https:\/\/rauchfrei.at\/?s={search_term_string}\"},\"query-input\":{\"@type\":\"PropertyValueSpecification\",\"valueRequired\":true,\"valueName\":\"search_term_string\"}}],\"inLanguage\":\"en-US\"},{\"@type\":\"Person\",\"@id\":\"https:\/\/rauchfrei.at\/#\/schema\/person\/504bbf90c5482004fc09aef6de7f9277\",\"name\":\"Rauchfrei Team\",\"image\":{\"@type\":\"ImageObject\",\"inLanguage\":\"en-US\",\"@id\":\"https:\/\/rauchfrei.at\/#\/schema\/person\/image\/\",\"url\":\"https:\/\/secure.gravatar.com\/avatar\/2115b79a00800516fa1523bb5a329611f90e73e89be559131fc7e82b4fdc95ff?s=96&d=mm&r=g\",\"contentUrl\":\"https:\/\/secure.gravatar.com\/avatar\/2115b79a00800516fa1523bb5a329611f90e73e89be559131fc7e82b4fdc95ff?s=96&d=mm&r=g\",\"caption\":\"Rauchfrei Team\"},\"url\":\"https:\/\/rauchfrei.at\/en\/author\/rauchfrei-team\/\"}]}<\/script>\n<!-- \/ Yoast SEO plugin. -->","yoast_head_json":{"title":"Stark, frei, selbstbestimmt \u2013 frei von Nikotin zum Welt-Frauentag - Rauchfrei Telefon","robots":{"index":"index","follow":"follow","max-snippet":"max-snippet:-1","max-image-preview":"max-image-preview:large","max-video-preview":"max-video-preview:-1"},"canonical":"https:\/\/rauchfrei.at\/stark-frei-selbstbestimmt-frei-von-nikotin-zum-welt-frauentag\/","og_locale":"en_US","og_type":"article","og_title":"Stark, frei, selbstbestimmt \u2013 frei von Nikotin zum Welt-Frauentag - Rauchfrei Telefon","og_description":"Gerade am Welt-Frauentag darf die Botschaft lauten: Ihre Gesundheit z\u00e4hlt. Ihre Bed\u00fcrfnisse z\u00e4hlen. Wir zeigen Ihnen den Weg dorthin.","og_url":"https:\/\/rauchfrei.at\/stark-frei-selbstbestimmt-frei-von-nikotin-zum-welt-frauentag\/","og_site_name":"Rauchfrei Telefon","article_published_time":"2026-03-08T10:20:15+00:00","article_modified_time":"2026-03-08T10:20:41+00:00","author":"Rauchfrei Team","twitter_card":"summary_large_image","twitter_misc":{"Written by":"Rauchfrei Team","Est. reading time":"2 minutes"},"schema":{"@context":"https:\/\/schema.org","@graph":[{"@type":"WebPage","@id":"https:\/\/rauchfrei.at\/stark-frei-selbstbestimmt-frei-von-nikotin-zum-welt-frauentag\/","url":"https:\/\/rauchfrei.at\/stark-frei-selbstbestimmt-frei-von-nikotin-zum-welt-frauentag\/","name":"Stark, frei, selbstbestimmt \u2013 frei von Nikotin zum Welt-Frauentag - Rauchfrei Telefon","isPartOf":{"@id":"https:\/\/rauchfrei.at\/#website"},"datePublished":"2026-03-08T10:20:15+00:00","dateModified":"2026-03-08T10:20:41+00:00","author":{"@id":"https:\/\/rauchfrei.at\/#\/schema\/person\/504bbf90c5482004fc09aef6de7f9277"},"inLanguage":"en-US","potentialAction":[{"@type":"ReadAction","target":["https:\/\/rauchfrei.at\/stark-frei-selbstbestimmt-frei-von-nikotin-zum-welt-frauentag\/"]}]},{"@type":"WebSite","@id":"https:\/\/rauchfrei.at\/#website","url":"https:\/\/rauchfrei.at\/","name":"Rauchfrei Telefon","description":"Eine \u00f6sterreichweite Initiative der Sozialversicherungen.","potentialAction":[{"@type":"SearchAction","target":{"@type":"EntryPoint","urlTemplate":"https:\/\/rauchfrei.at\/?s={search_term_string}"},"query-input":{"@type":"PropertyValueSpecification","valueRequired":true,"valueName":"search_term_string"}}],"inLanguage":"en-US"},{"@type":"Person","@id":"https:\/\/rauchfrei.at\/#\/schema\/person\/504bbf90c5482004fc09aef6de7f9277","name":"Rauchfrei Team","image":{"@type":"ImageObject","inLanguage":"en-US","@id":"https:\/\/rauchfrei.at\/#\/schema\/person\/image\/","url":"https:\/\/secure.gravatar.com\/avatar\/2115b79a00800516fa1523bb5a329611f90e73e89be559131fc7e82b4fdc95ff?s=96&d=mm&r=g","contentUrl":"https:\/\/secure.gravatar.com\/avatar\/2115b79a00800516fa1523bb5a329611f90e73e89be559131fc7e82b4fdc95ff?s=96&d=mm&r=g","caption":"Rauchfrei Team"},"url":"https:\/\/rauchfrei.at\/en\/author\/rauchfrei-team\/"}]}},"_links":{"self":[{"href":"https:\/\/rauchfrei.at\/en\/wp-json\/wp\/v2\/posts\/32844","targetHints":{"allow":["GET"]}}],"collection":[{"href":"https:\/\/rauchfrei.at\/en\/wp-json\/wp\/v2\/posts"}],"about":[{"href":"https:\/\/rauchfrei.at\/en\/wp-json\/wp\/v2\/types\/post"}],"author":[{"embeddable":true,"href":"https:\/\/rauchfrei.at\/en\/wp-json\/wp\/v2\/users\/25"}],"replies":[{"embeddable":true,"href":"https:\/\/rauchfrei.at\/en\/wp-json\/wp\/v2\/comments?post=32844"}],"version-history":[{"count":5,"href":"https:\/\/rauchfrei.at\/en\/wp-json\/wp\/v2\/posts\/32844\/revisions"}],"predecessor-version":[{"id":32852,"href":"https:\/\/rauchfrei.at\/en\/wp-json\/wp\/v2\/posts\/32844\/revisions\/32852"}],"wp:attachment":[{"href":"https:\/\/rauchfrei.at\/en\/wp-json\/wp\/v2\/media?parent=32844"}],"wp:term":[{"taxonomy":"category","embeddable":true,"href":"https:\/\/rauchfrei.at\/en\/wp-json\/wp\/v2\/categories?post=32844"},{"taxonomy":"post_tag","embeddable":true,"href":"https:\/\/rauchfrei.at\/en\/wp-json\/wp\/v2\/tags?post=32844"}],"curies":[{"name":"wp","href":"https:\/\/api.w.org\/{rel}","templated":true}]}}