
{"id":32895,"date":"2026-03-30T08:00:58","date_gmt":"2026-03-30T06:00:58","guid":{"rendered":"https:\/\/rauchfrei.at\/?p=32895"},"modified":"2026-03-27T19:02:47","modified_gmt":"2026-03-27T17:02:47","slug":"das-war-das-jahr-2025","status":"publish","type":"post","link":"https:\/\/rauchfrei.at\/en\/das-war-das-jahr-2025\/","title":{"rendered":"Das war das Jahr 2025"},"content":{"rendered":"<p>[et_pb_section fb_built=&#8221;1&#8243; module_class=&#8221;header&#8221; _builder_version=&#8221;4.16&#8243; global_colors_info=&#8221;{}&#8221;][et_pb_row _builder_version=&#8221;4.16&#8243; global_colors_info=&#8221;{}&#8221;][et_pb_column type=&#8221;4_4&#8243; _builder_version=&#8221;4.16&#8243; custom_padding=&#8221;|||&#8221; global_colors_info=&#8221;{}&#8221; custom_padding__hover=&#8221;|||&#8221;][et_pb_dp_dmb_module_10001 subheadline=&#8221;Ein R\u00fcckblick vom Rauchfrei Telefon&#8221; _builder_version=&#8221;4.27.4&#8243; global_colors_info=&#8221;{}&#8221;][\/et_pb_dp_dmb_module_10001][\/et_pb_column][\/et_pb_row][\/et_pb_section][et_pb_section fb_built=&#8221;1&#8243; _builder_version=&#8221;4.16&#8243; custom_padding=&#8221;30px|||&#8221; global_colors_info=&#8221;{}&#8221;][et_pb_row column_structure=&#8221;2_3,1_3&#8243; _builder_version=&#8221;4.16&#8243; global_colors_info=&#8221;{}&#8221;][et_pb_column type=&#8221;2_3&#8243; module_class=&#8221;blog-content&#8221; _builder_version=&#8221;4.16&#8243; custom_padding=&#8221;|||&#8221; global_colors_info=&#8221;{}&#8221; custom_padding__hover=&#8221;|||&#8221;][et_pb_text _builder_version=&#8221;4.27.4&#8243; global_colors_info=&#8221;{}&#8221;]<\/p>\n<p>Wir blicken auf ein erfolgreiches Jahr zur\u00fcck: 2025 wurden insgesamt rund 8.000 eingehende Anrufe am Rauchfrei Telefon verzeichnet und knapp 2600 Rauchfrei Tickets von Gesundheitseinrichtungen und Kooperationspartnern \u00fcbermittelt.<\/p>\n<p>Im Jahr 2025 waren neben Tabak- auch Nikotinprodukte beim Rauchfrei Telefon Thema:<\/p>\n<p>Nicht nur Raucherinnen und Raucher meldeten sich zur Beratung, um von der Zigarette loszukommen. Auch Nutzer*innen von E-Zigaretten, Vapes, Nikotinbeuteln und Tabakerhitzern nahmen Beratung zum Nikotinstopp in Anspruch. Ein Teil der Beratenen gab an, zwei oder mehrere Produkte gleichzeitig zu konsumieren, was ein erh\u00f6htes Gesundheitsrisiko darstellt. Diese Personen konnten wir ebenfalls beim Ausstieg aus der Niko\u00adtinabh\u00e4ngigkeit professionell unterst\u00fctzen.<\/p>\n<p>Die neue Infobrosch\u00fcre \u201eFrei von Tabak und Nikotin \u2013 f\u00fcr Sie f\u00fcr Ihre Familie f\u00fcr Ihre Umgebung\u201c wurde 2025 herausgebracht. Sie enth\u00e4lt einen kurzen Einblick in die Wirkweise von Tabak und Nikotin, hilft die Nikotinfreiheit zu planen, nennt praktische Techniken bei Verlangen und informiert \u00fcber die Auswirkungen von Passivrauch sowie Umweltsch\u00e4den durch Tabak- und Nikotinprodukte. Erstmalig sind die enthaltenen Informationen auch in anderen Sprachen verf\u00fcgbar: <a href=\"https:\/\/rauchfrei.at\/wp-content\/uploads\/rf25_es-brosch_deutsch_v5_online.pdf\">Deutsch<\/a>, <a href=\"https:\/\/rauchfrei.at\/wp-content\/uploads\/rf25_es-brosch_englisch_v3_online.pdf\">Englisch<\/a>, <a href=\"https:\/\/rauchfrei.at\/wp-content\/uploads\/rf25_es-brosch_araabisch_v1_online.pdf\">Arabisch<\/a>, <a href=\"https:\/\/rauchfrei.at\/wp-content\/uploads\/rf25_es-brosch_bosnisch_v2_online.pdf\">Bosnisch<\/a>, <a href=\"https:\/\/rauchfrei.at\/wp-content\/uploads\/rf25_es-brosch_kroatisch_v2_online.pdf\">Kroatisch<\/a>, <a href=\"https:\/\/rauchfrei.at\/wp-content\/uploads\/rf25_es-brosch_rumaenisch_v2_online.pdf\">Rum\u00e4nisch<\/a>, <a href=\"https:\/\/rauchfrei.at\/wp-content\/uploads\/rf25_es-brosch_serbisch_v2_online.pdf\">Serbisch,<\/a> <a href=\"https:\/\/rauchfrei.at\/wp-content\/uploads\/rf25_es-brosch_tuerkisch_v2_online.pdf\">T\u00fcrkisch<\/a><\/p>\n<p>Eine Ver\u00e4nderung gab es im Jahr 2025 auch betreffend der Medikation zur Nikotin-Entw\u00f6hnung in \u00d6sterreich:<\/p>\n<p>Der rezeptfreie Inhaler (Nikotinersatzpr\u00e4parat aus der Apotheke) wurde eingestellt, daf\u00fcr ist nun der Wirkstoff Vareniclin als rezeptpflichtiges Medikament (z.B.: Champix,\u2026) wieder verf\u00fcgbar. Weiter rezeptfrei ist seit Mai 2024 der Wirkstoff Cytisin (z.B.: Asmoken, Tabex,\u2026) erh\u00e4ltlich.<\/p>\n<p>Besonders erfreulich sind die Ergebnisse der aktuellen Evaluation des Rauchfrei Telefons, die 2025 pr\u00e4sentiert wurden:<\/p>\n<p>So sind die Abstinenzquoten der Teilnehmenden auch nach 12 Monaten noch sehr hoch und die Zufriedenheit mit dem Beratungsteam des Rauchfrei Telefons liegt bei 99%.<\/p>\n<p>Wir bedanken uns bei allen Anruferinnen und Anrufern sowie den Kooperationspartnern!<\/p>\n<p>Alles Wissenswerte ist im aktuellen Jahresbericht nachzulesen:<\/p>\n<p><a href=\"https:\/\/rauchfrei.at\/wp-content\/uploads\/rTel_jahresbericht-1.pdf\" target=\"_blank\" rel=\"noopener\"><strong>Jahresbericht 2025<\/strong><\/a><\/p>\n<p>[\/et_pb_text][et_pb_post_nav in_same_term=&#8221;off&#8221; _builder_version=&#8221;4.16&#8243; global_colors_info=&#8221;{}&#8221;][\/et_pb_post_nav][\/et_pb_column][et_pb_column type=&#8221;1_3&#8243; module_class=&#8221;cat-and-tag&#8221; _builder_version=&#8221;4.16&#8243; custom_padding=&#8221;|||&#8221; global_colors_info=&#8221;{}&#8221; custom_padding__hover=&#8221;|||&#8221;][et_pb_dp_dmb_module_10080 link_text=&#8221;Zu den Publikationen&#8221; link_url=&#8221;https:\/\/rauchfrei.at\/ueber-uns\/publikationen\/&#8221; admin_label=&#8221;Publikationen&#8221; _builder_version=&#8221;4.27.4&#8243; _module_preset=&#8221;default&#8221; global_colors_info=&#8221;{}&#8221; theme_builder_area=&#8221;post_content&#8221;]<\/p>\n<p>Publikationen und Jahresberichte des Rauchfrei Telefons<\/p>\n<p>[\/et_pb_dp_dmb_module_10080][et_pb_dp_dmb_module_10080 link_text=&#8221;Beratung vom Rauchfrei Telefon&#8221; link_url=&#8221;https:\/\/rauchfrei.at\/beratung-vom-rauchfrei-telefon\/&#8221; admin_label=&#8221;Beratung durch das RFT&#8221; _builder_version=&#8221;4.27.4&#8243; _module_preset=&#8221;default&#8221; global_colors_info=&#8221;{}&#8221; theme_builder_area=&#8221;post_content&#8221;]<\/p>\n<p>Das Rauchfrei Telefon &#8211; Was ist das?<\/p>\n<p>[\/et_pb_dp_dmb_module_10080][\/et_pb_column][\/et_pb_row][\/et_pb_section]<\/p>\n","protected":false},"excerpt":{"rendered":"<p>Mit viel Engagement und zahlreichen Beratungen sind wir ins neue Jahr gestartet. Jetzt ist die Zeit, um das vergangene Jahr beim Rauchfrei Telefon noch einmal r\u00fcckblickend zu betrachten. Alles Wissenswerte liefert auch der neue Jahresbericht des Rauchfrei Telefons.<\/p>\n","protected":false},"author":25,"featured_media":0,"comment_status":"open","ping_status":"open","sticky":false,"template":"","format":"standard","meta":{"_et_pb_use_builder":"on","_et_pb_old_content":"","_et_gb_content_width":"","footnotes":""},"categories":[232],"tags":[],"class_list":["post-32895","post","type-post","status-publish","format-standard","hentry","category-nachrichten-vom-rauchfrei-telefon"],"yoast_head":"<!-- This site is optimized with the Yoast SEO plugin v26.2 - https:\/\/yoast.com\/wordpress\/plugins\/seo\/ -->\n<title>Das war das Jahr 2025 - Rauchfrei Telefon<\/title>\n<meta name=\"robots\" content=\"index, follow, max-snippet:-1, max-image-preview:large, max-video-preview:-1\" \/>\n<link rel=\"canonical\" href=\"https:\/\/rauchfrei.at\/das-war-das-jahr-2025\/\" \/>\n<meta property=\"og:locale\" content=\"en_US\" \/>\n<meta property=\"og:type\" content=\"article\" \/>\n<meta property=\"og:title\" content=\"Das war das Jahr 2025 - Rauchfrei Telefon\" \/>\n<meta property=\"og:description\" content=\"Mit viel Engagement und zahlreichen Beratungen sind wir ins neue Jahr gestartet. Jetzt ist die Zeit, um das vergangene Jahr beim Rauchfrei Telefon noch einmal r\u00fcckblickend zu betrachten. Alles Wissenswerte liefert auch der neue Jahresbericht des Rauchfrei Telefons.\" \/>\n<meta property=\"og:url\" content=\"https:\/\/rauchfrei.at\/das-war-das-jahr-2025\/\" \/>\n<meta property=\"og:site_name\" content=\"Rauchfrei Telefon\" \/>\n<meta property=\"article:published_time\" content=\"2026-03-30T06:00:58+00:00\" \/>\n<meta name=\"author\" content=\"Rauchfrei Team\" \/>\n<meta name=\"twitter:card\" content=\"summary_large_image\" \/>\n<meta name=\"twitter:label1\" content=\"Written by\" \/>\n\t<meta name=\"twitter:data1\" content=\"Rauchfrei Team\" \/>\n\t<meta name=\"twitter:label2\" content=\"Est. reading time\" \/>\n\t<meta name=\"twitter:data2\" content=\"2 minutes\" \/>\n<script type=\"application\/ld+json\" class=\"yoast-schema-graph\">{\"@context\":\"https:\/\/schema.org\",\"@graph\":[{\"@type\":\"WebPage\",\"@id\":\"https:\/\/rauchfrei.at\/das-war-das-jahr-2025\/\",\"url\":\"https:\/\/rauchfrei.at\/das-war-das-jahr-2025\/\",\"name\":\"Das war das Jahr 2025 - Rauchfrei Telefon\",\"isPartOf\":{\"@id\":\"https:\/\/rauchfrei.at\/#website\"},\"datePublished\":\"2026-03-30T06:00:58+00:00\",\"author\":{\"@id\":\"https:\/\/rauchfrei.at\/#\/schema\/person\/504bbf90c5482004fc09aef6de7f9277\"},\"inLanguage\":\"en-US\",\"potentialAction\":[{\"@type\":\"ReadAction\",\"target\":[\"https:\/\/rauchfrei.at\/das-war-das-jahr-2025\/\"]}]},{\"@type\":\"WebSite\",\"@id\":\"https:\/\/rauchfrei.at\/#website\",\"url\":\"https:\/\/rauchfrei.at\/\",\"name\":\"Rauchfrei Telefon\",\"description\":\"Eine \u00f6sterreichweite Initiative der Sozialversicherungen.\",\"potentialAction\":[{\"@type\":\"SearchAction\",\"target\":{\"@type\":\"EntryPoint\",\"urlTemplate\":\"https:\/\/rauchfrei.at\/?s={search_term_string}\"},\"query-input\":{\"@type\":\"PropertyValueSpecification\",\"valueRequired\":true,\"valueName\":\"search_term_string\"}}],\"inLanguage\":\"en-US\"},{\"@type\":\"Person\",\"@id\":\"https:\/\/rauchfrei.at\/#\/schema\/person\/504bbf90c5482004fc09aef6de7f9277\",\"name\":\"Rauchfrei Team\",\"image\":{\"@type\":\"ImageObject\",\"inLanguage\":\"en-US\",\"@id\":\"https:\/\/rauchfrei.at\/#\/schema\/person\/image\/\",\"url\":\"https:\/\/secure.gravatar.com\/avatar\/2115b79a00800516fa1523bb5a329611f90e73e89be559131fc7e82b4fdc95ff?s=96&d=mm&r=g\",\"contentUrl\":\"https:\/\/secure.gravatar.com\/avatar\/2115b79a00800516fa1523bb5a329611f90e73e89be559131fc7e82b4fdc95ff?s=96&d=mm&r=g\",\"caption\":\"Rauchfrei Team\"},\"url\":\"https:\/\/rauchfrei.at\/en\/author\/rauchfrei-team\/\"}]}<\/script>\n<!-- \/ Yoast SEO plugin. -->","yoast_head_json":{"title":"Das war das Jahr 2025 - Rauchfrei Telefon","robots":{"index":"index","follow":"follow","max-snippet":"max-snippet:-1","max-image-preview":"max-image-preview:large","max-video-preview":"max-video-preview:-1"},"canonical":"https:\/\/rauchfrei.at\/das-war-das-jahr-2025\/","og_locale":"en_US","og_type":"article","og_title":"Das war das Jahr 2025 - Rauchfrei Telefon","og_description":"Mit viel Engagement und zahlreichen Beratungen sind wir ins neue Jahr gestartet. Jetzt ist die Zeit, um das vergangene Jahr beim Rauchfrei Telefon noch einmal r\u00fcckblickend zu betrachten. Alles Wissenswerte liefert auch der neue Jahresbericht des Rauchfrei Telefons.","og_url":"https:\/\/rauchfrei.at\/das-war-das-jahr-2025\/","og_site_name":"Rauchfrei Telefon","article_published_time":"2026-03-30T06:00:58+00:00","author":"Rauchfrei Team","twitter_card":"summary_large_image","twitter_misc":{"Written by":"Rauchfrei Team","Est. reading time":"2 minutes"},"schema":{"@context":"https:\/\/schema.org","@graph":[{"@type":"WebPage","@id":"https:\/\/rauchfrei.at\/das-war-das-jahr-2025\/","url":"https:\/\/rauchfrei.at\/das-war-das-jahr-2025\/","name":"Das war das Jahr 2025 - Rauchfrei Telefon","isPartOf":{"@id":"https:\/\/rauchfrei.at\/#website"},"datePublished":"2026-03-30T06:00:58+00:00","author":{"@id":"https:\/\/rauchfrei.at\/#\/schema\/person\/504bbf90c5482004fc09aef6de7f9277"},"inLanguage":"en-US","potentialAction":[{"@type":"ReadAction","target":["https:\/\/rauchfrei.at\/das-war-das-jahr-2025\/"]}]},{"@type":"WebSite","@id":"https:\/\/rauchfrei.at\/#website","url":"https:\/\/rauchfrei.at\/","name":"Rauchfrei Telefon","description":"Eine \u00f6sterreichweite Initiative der Sozialversicherungen.","potentialAction":[{"@type":"SearchAction","target":{"@type":"EntryPoint","urlTemplate":"https:\/\/rauchfrei.at\/?s={search_term_string}"},"query-input":{"@type":"PropertyValueSpecification","valueRequired":true,"valueName":"search_term_string"}}],"inLanguage":"en-US"},{"@type":"Person","@id":"https:\/\/rauchfrei.at\/#\/schema\/person\/504bbf90c5482004fc09aef6de7f9277","name":"Rauchfrei Team","image":{"@type":"ImageObject","inLanguage":"en-US","@id":"https:\/\/rauchfrei.at\/#\/schema\/person\/image\/","url":"https:\/\/secure.gravatar.com\/avatar\/2115b79a00800516fa1523bb5a329611f90e73e89be559131fc7e82b4fdc95ff?s=96&d=mm&r=g","contentUrl":"https:\/\/secure.gravatar.com\/avatar\/2115b79a00800516fa1523bb5a329611f90e73e89be559131fc7e82b4fdc95ff?s=96&d=mm&r=g","caption":"Rauchfrei Team"},"url":"https:\/\/rauchfrei.at\/en\/author\/rauchfrei-team\/"}]}},"_links":{"self":[{"href":"https:\/\/rauchfrei.at\/en\/wp-json\/wp\/v2\/posts\/32895","targetHints":{"allow":["GET"]}}],"collection":[{"href":"https:\/\/rauchfrei.at\/en\/wp-json\/wp\/v2\/posts"}],"about":[{"href":"https:\/\/rauchfrei.at\/en\/wp-json\/wp\/v2\/types\/post"}],"author":[{"embeddable":true,"href":"https:\/\/rauchfrei.at\/en\/wp-json\/wp\/v2\/users\/25"}],"replies":[{"embeddable":true,"href":"https:\/\/rauchfrei.at\/en\/wp-json\/wp\/v2\/comments?post=32895"}],"version-history":[{"count":7,"href":"https:\/\/rauchfrei.at\/en\/wp-json\/wp\/v2\/posts\/32895\/revisions"}],"predecessor-version":[{"id":32910,"href":"https:\/\/rauchfrei.at\/en\/wp-json\/wp\/v2\/posts\/32895\/revisions\/32910"}],"wp:attachment":[{"href":"https:\/\/rauchfrei.at\/en\/wp-json\/wp\/v2\/media?parent=32895"}],"wp:term":[{"taxonomy":"category","embeddable":true,"href":"https:\/\/rauchfrei.at\/en\/wp-json\/wp\/v2\/categories?post=32895"},{"taxonomy":"post_tag","embeddable":true,"href":"https:\/\/rauchfrei.at\/en\/wp-json\/wp\/v2\/tags?post=32895"}],"curies":[{"name":"wp","href":"https:\/\/api.w.org\/{rel}","templated":true}]}}