
{"id":32931,"date":"2026-04-06T08:00:15","date_gmt":"2026-04-06T06:00:15","guid":{"rendered":"https:\/\/rauchfrei.at\/?p=32931"},"modified":"2026-04-03T18:01:36","modified_gmt":"2026-04-03T16:01:36","slug":"weltgesundheitstag-am-7-4-2026","status":"publish","type":"post","link":"https:\/\/rauchfrei.at\/en\/weltgesundheitstag-am-7-4-2026\/","title":{"rendered":"Weltgesundheitstag, am 7.4.2026"},"content":{"rendered":"<p>[et_pb_section fb_built=&#8221;1&#8243; module_class=&#8221;header&#8221; _builder_version=&#8221;4.16&#8243; global_colors_info=&#8221;{}&#8221;][et_pb_row _builder_version=&#8221;4.16&#8243; global_colors_info=&#8221;{}&#8221;][et_pb_column type=&#8221;4_4&#8243; _builder_version=&#8221;4.16&#8243; custom_padding=&#8221;|||&#8221; global_colors_info=&#8221;{}&#8221; custom_padding__hover=&#8221;|||&#8221;][et_pb_dp_dmb_module_10001 subheadline=&#8221;Motto \u201eZusammen f\u00fcr Gesundheit. An der Seite der Wissenschaft\u201c&#8221; _builder_version=&#8221;4.27.4&#8243; global_colors_info=&#8221;{}&#8221;][\/et_pb_dp_dmb_module_10001][\/et_pb_column][\/et_pb_row][\/et_pb_section][et_pb_section fb_built=&#8221;1&#8243; _builder_version=&#8221;4.16&#8243; custom_padding=&#8221;30px|||&#8221; global_colors_info=&#8221;{}&#8221;][et_pb_row column_structure=&#8221;2_3,1_3&#8243; _builder_version=&#8221;4.16&#8243; global_colors_info=&#8221;{}&#8221;][et_pb_column type=&#8221;2_3&#8243; module_class=&#8221;blog-content&#8221; _builder_version=&#8221;4.16&#8243; custom_padding=&#8221;|||&#8221; global_colors_info=&#8221;{}&#8221; custom_padding__hover=&#8221;|||&#8221;][et_pb_text _builder_version=&#8221;4.27.4&#8243; hover_enabled=&#8221;0&#8243; global_colors_info=&#8221;{}&#8221; sticky_enabled=&#8221;0&#8243;]<\/p>\n<p>Mit der Gesundheitskampagne unter dem Motto \u201eTogether for health. Stand with science\u201c (deutsch: \u201eZusammen f\u00fcr Gesundheit. An der Seite der Wissenschaft\u201c) sollen Regierungen, Wissenschaftler*innen, Gesundheitspersonal und die \u00d6ffentlichkeit bzw. Gesellschaft dazu aufgerufen werden, das Vertrauen in Wissenschaft und Gesundheit wiederherzustellen. Es soll auch dazu motiviert werden, die Gesundheit zu sch\u00fctzen, indem man sich mit wissenschaftlichen Erkenntnissen und Empfehlungen auseinandersetzt. Im Mittelpunkt der Ziele steht auch der Einsatz f\u00fcr eine ges\u00fcndere Zukunft aufgrund wissenschaftlich fundierter L\u00f6sungen.<\/p>\n<p>Aus wissenschaftlichen Erkenntnissen und der Kraft der Zusammenarbeit sollen konkrete Ma\u00dfnahmen umgesetzt werden zum Schutz der Gesundheit von Mensch, Tier, Pflanze und Planet.<\/p>\n<p>Unter\u00a0<strong> #StandWithScience<\/strong> und <strong>#WorldHealth Day<\/strong> wird unter diesen Gesichtspunkten zu einer globalen Diskussion eingeladen.<\/p>\n<p>Jede Person kann f\u00fcr sich im eigenen Leben Ziele definieren, die der eigenen Gesundheit oder auch anderen in der Umgebung (Angeh\u00f6rige, Tiere, Wohnumgebung, Lebensbereich,&#8230;) n\u00fctzlich w\u00e4ren. Ein wichtiger Schritt hierbei ist immer wieder f\u00fcr viele die Entscheidung, mit dem Rauchen aufzuh\u00f6ren. Wissenschaftliche Erkenntnisse hierzu gibt es seit langem, dass ein rauchfreies Leben die eigene Gesundheit f\u00f6rdert und einen wesentlichen Anteil an einem gesunden Lebensstil hat.<\/p>\n<p>Wenn Sie Hilfe f\u00fcr den Weg in die Rauchfreiheit bzw. Nikotinfreiheit suchen, stehen Ihnen die Beraterinnen des Rauchfrei Telefons Mo-Fr 10:00-18:00 Uhr unter der kostenfreien Nummer 0800 810\u00a0013 zur Seite.<\/p>\n<p>Link: <a href=\"https:\/\/www.who.int\/news-room\/events\/detail\/2026\/04\/07\/default-calendar\/world-health-day-2026-together-for-health-stand-with-science\" target=\"_blank\" rel=\"noopener\">https:\/\/www.who.int\/news-room\/events\/detail\/2026\/04\/07\/default-calendar\/world-health-day-2026-together-for-health-stand-with-science<\/a><\/p>\n<p>[\/et_pb_text][et_pb_post_nav in_same_term=&#8221;off&#8221; _builder_version=&#8221;4.16&#8243; global_colors_info=&#8221;{}&#8221;][\/et_pb_post_nav][\/et_pb_column][et_pb_column type=&#8221;1_3&#8243; module_class=&#8221;cat-and-tag&#8221; _builder_version=&#8221;4.16&#8243; custom_padding=&#8221;|||&#8221; global_colors_info=&#8221;{}&#8221; custom_padding__hover=&#8221;|||&#8221;][et_pb_dp_dmb_module_10093 farbe=&#8221;blitzblau&#8221; headline=&#8221;Tabak- und Nikotinprodukte&#8221; image=&#8221;https:\/\/rauchfrei.at\/wp-content\/uploads\/Dampfmaedel_RGB_RZ.png&#8221; image_position=&#8221;center&#8221; link_text=&#8221;mehr Informationen&#8221; link_url=&#8221;https:\/\/rauchfrei.at\/fakten\/andere-tabakprodukte\/&#8221; admin_label=&#8221;Tabak- und Nikotinprodukte&#8221; _builder_version=&#8221;4.20.4&#8243; _module_preset=&#8221;default&#8221; global_module=&#8221;26833&#8243; saved_tabs=&#8221;all&#8221; global_colors_info=&#8221;{}&#8221;]<\/p>\n<p>Was ist wo drin?<\/p>\n<p>[\/et_pb_dp_dmb_module_10093][et_pb_dp_dmb_module_10080 link_text=&#8221;Zu den Publikationen&#8221; link_url=&#8221;https:\/\/rauchfrei.at\/ueber-uns\/publikationen\/&#8221; admin_label=&#8221;Publikationen&#8221; _builder_version=&#8221;4.27.4&#8243; _module_preset=&#8221;default&#8221; global_colors_info=&#8221;{}&#8221;]<\/p>\n<p>Publikationen und Jahresberichte des Rauchfrei Telefons<\/p>\n<p>[\/et_pb_dp_dmb_module_10080][\/et_pb_column][\/et_pb_row][\/et_pb_section]<\/p>\n","protected":false},"excerpt":{"rendered":"<p>Mit dem diesj\u00e4hrigen Weltgesundheitstag startet eine einj\u00e4hrige Kampagne, die Menschen \u00fcberall auf der Welt dazu einl\u00e4dt, sich zu beteiligen. Im Fokus stehen der Austausch von wissenschaftlichen Fortschritten und Erkenntnissen sowie von pers\u00f6nlichen Geschichten, wie sich mit Hilfe der Wissenschaft das eigene Leben verbessern konnte.<\/p>\n","protected":false},"author":25,"featured_media":0,"comment_status":"open","ping_status":"open","sticky":false,"template":"","format":"standard","meta":{"_et_pb_use_builder":"on","_et_pb_old_content":"","_et_gb_content_width":"","footnotes":""},"categories":[235,237],"tags":[],"class_list":["post-32931","post","type-post","status-publish","format-standard","hentry","category-gesundheit-und-rauchstopp","category-literatur-und-hintergrundwissen"],"yoast_head":"<!-- This site is optimized with the Yoast SEO plugin v26.2 - https:\/\/yoast.com\/wordpress\/plugins\/seo\/ -->\n<title>Weltgesundheitstag, am 7.4.2026 - Rauchfrei Telefon<\/title>\n<meta name=\"robots\" content=\"index, follow, max-snippet:-1, max-image-preview:large, max-video-preview:-1\" \/>\n<link rel=\"canonical\" href=\"https:\/\/rauchfrei.at\/weltgesundheitstag-am-7-4-2026\/\" \/>\n<meta property=\"og:locale\" content=\"en_US\" \/>\n<meta property=\"og:type\" content=\"article\" \/>\n<meta property=\"og:title\" content=\"Weltgesundheitstag, am 7.4.2026 - Rauchfrei Telefon\" \/>\n<meta property=\"og:description\" content=\"Mit dem diesj\u00e4hrigen Weltgesundheitstag startet eine einj\u00e4hrige Kampagne, die Menschen \u00fcberall auf der Welt dazu einl\u00e4dt, sich zu beteiligen. Im Fokus stehen der Austausch von wissenschaftlichen Fortschritten und Erkenntnissen sowie von pers\u00f6nlichen Geschichten, wie sich mit Hilfe der Wissenschaft das eigene Leben verbessern konnte.\" \/>\n<meta property=\"og:url\" content=\"https:\/\/rauchfrei.at\/weltgesundheitstag-am-7-4-2026\/\" \/>\n<meta property=\"og:site_name\" content=\"Rauchfrei Telefon\" \/>\n<meta property=\"article:published_time\" content=\"2026-04-06T06:00:15+00:00\" \/>\n<meta name=\"author\" content=\"Rauchfrei Team\" \/>\n<meta name=\"twitter:card\" content=\"summary_large_image\" \/>\n<meta name=\"twitter:label1\" content=\"Written by\" \/>\n\t<meta name=\"twitter:data1\" content=\"Rauchfrei Team\" \/>\n\t<meta name=\"twitter:label2\" content=\"Est. reading time\" \/>\n\t<meta name=\"twitter:data2\" content=\"2 minutes\" \/>\n<script type=\"application\/ld+json\" class=\"yoast-schema-graph\">{\"@context\":\"https:\/\/schema.org\",\"@graph\":[{\"@type\":\"WebPage\",\"@id\":\"https:\/\/rauchfrei.at\/weltgesundheitstag-am-7-4-2026\/\",\"url\":\"https:\/\/rauchfrei.at\/weltgesundheitstag-am-7-4-2026\/\",\"name\":\"Weltgesundheitstag, am 7.4.2026 - Rauchfrei Telefon\",\"isPartOf\":{\"@id\":\"https:\/\/rauchfrei.at\/#website\"},\"datePublished\":\"2026-04-06T06:00:15+00:00\",\"author\":{\"@id\":\"https:\/\/rauchfrei.at\/#\/schema\/person\/504bbf90c5482004fc09aef6de7f9277\"},\"inLanguage\":\"en-US\",\"potentialAction\":[{\"@type\":\"ReadAction\",\"target\":[\"https:\/\/rauchfrei.at\/weltgesundheitstag-am-7-4-2026\/\"]}]},{\"@type\":\"WebSite\",\"@id\":\"https:\/\/rauchfrei.at\/#website\",\"url\":\"https:\/\/rauchfrei.at\/\",\"name\":\"Rauchfrei Telefon\",\"description\":\"Eine \u00f6sterreichweite Initiative der Sozialversicherungen.\",\"potentialAction\":[{\"@type\":\"SearchAction\",\"target\":{\"@type\":\"EntryPoint\",\"urlTemplate\":\"https:\/\/rauchfrei.at\/?s={search_term_string}\"},\"query-input\":{\"@type\":\"PropertyValueSpecification\",\"valueRequired\":true,\"valueName\":\"search_term_string\"}}],\"inLanguage\":\"en-US\"},{\"@type\":\"Person\",\"@id\":\"https:\/\/rauchfrei.at\/#\/schema\/person\/504bbf90c5482004fc09aef6de7f9277\",\"name\":\"Rauchfrei Team\",\"image\":{\"@type\":\"ImageObject\",\"inLanguage\":\"en-US\",\"@id\":\"https:\/\/rauchfrei.at\/#\/schema\/person\/image\/\",\"url\":\"https:\/\/secure.gravatar.com\/avatar\/2115b79a00800516fa1523bb5a329611f90e73e89be559131fc7e82b4fdc95ff?s=96&d=mm&r=g\",\"contentUrl\":\"https:\/\/secure.gravatar.com\/avatar\/2115b79a00800516fa1523bb5a329611f90e73e89be559131fc7e82b4fdc95ff?s=96&d=mm&r=g\",\"caption\":\"Rauchfrei Team\"},\"url\":\"https:\/\/rauchfrei.at\/en\/author\/rauchfrei-team\/\"}]}<\/script>\n<!-- \/ Yoast SEO plugin. -->","yoast_head_json":{"title":"Weltgesundheitstag, am 7.4.2026 - Rauchfrei Telefon","robots":{"index":"index","follow":"follow","max-snippet":"max-snippet:-1","max-image-preview":"max-image-preview:large","max-video-preview":"max-video-preview:-1"},"canonical":"https:\/\/rauchfrei.at\/weltgesundheitstag-am-7-4-2026\/","og_locale":"en_US","og_type":"article","og_title":"Weltgesundheitstag, am 7.4.2026 - Rauchfrei Telefon","og_description":"Mit dem diesj\u00e4hrigen Weltgesundheitstag startet eine einj\u00e4hrige Kampagne, die Menschen \u00fcberall auf der Welt dazu einl\u00e4dt, sich zu beteiligen. Im Fokus stehen der Austausch von wissenschaftlichen Fortschritten und Erkenntnissen sowie von pers\u00f6nlichen Geschichten, wie sich mit Hilfe der Wissenschaft das eigene Leben verbessern konnte.","og_url":"https:\/\/rauchfrei.at\/weltgesundheitstag-am-7-4-2026\/","og_site_name":"Rauchfrei Telefon","article_published_time":"2026-04-06T06:00:15+00:00","author":"Rauchfrei Team","twitter_card":"summary_large_image","twitter_misc":{"Written by":"Rauchfrei Team","Est. reading time":"2 minutes"},"schema":{"@context":"https:\/\/schema.org","@graph":[{"@type":"WebPage","@id":"https:\/\/rauchfrei.at\/weltgesundheitstag-am-7-4-2026\/","url":"https:\/\/rauchfrei.at\/weltgesundheitstag-am-7-4-2026\/","name":"Weltgesundheitstag, am 7.4.2026 - Rauchfrei Telefon","isPartOf":{"@id":"https:\/\/rauchfrei.at\/#website"},"datePublished":"2026-04-06T06:00:15+00:00","author":{"@id":"https:\/\/rauchfrei.at\/#\/schema\/person\/504bbf90c5482004fc09aef6de7f9277"},"inLanguage":"en-US","potentialAction":[{"@type":"ReadAction","target":["https:\/\/rauchfrei.at\/weltgesundheitstag-am-7-4-2026\/"]}]},{"@type":"WebSite","@id":"https:\/\/rauchfrei.at\/#website","url":"https:\/\/rauchfrei.at\/","name":"Rauchfrei Telefon","description":"Eine \u00f6sterreichweite Initiative der Sozialversicherungen.","potentialAction":[{"@type":"SearchAction","target":{"@type":"EntryPoint","urlTemplate":"https:\/\/rauchfrei.at\/?s={search_term_string}"},"query-input":{"@type":"PropertyValueSpecification","valueRequired":true,"valueName":"search_term_string"}}],"inLanguage":"en-US"},{"@type":"Person","@id":"https:\/\/rauchfrei.at\/#\/schema\/person\/504bbf90c5482004fc09aef6de7f9277","name":"Rauchfrei Team","image":{"@type":"ImageObject","inLanguage":"en-US","@id":"https:\/\/rauchfrei.at\/#\/schema\/person\/image\/","url":"https:\/\/secure.gravatar.com\/avatar\/2115b79a00800516fa1523bb5a329611f90e73e89be559131fc7e82b4fdc95ff?s=96&d=mm&r=g","contentUrl":"https:\/\/secure.gravatar.com\/avatar\/2115b79a00800516fa1523bb5a329611f90e73e89be559131fc7e82b4fdc95ff?s=96&d=mm&r=g","caption":"Rauchfrei Team"},"url":"https:\/\/rauchfrei.at\/en\/author\/rauchfrei-team\/"}]}},"_links":{"self":[{"href":"https:\/\/rauchfrei.at\/en\/wp-json\/wp\/v2\/posts\/32931","targetHints":{"allow":["GET"]}}],"collection":[{"href":"https:\/\/rauchfrei.at\/en\/wp-json\/wp\/v2\/posts"}],"about":[{"href":"https:\/\/rauchfrei.at\/en\/wp-json\/wp\/v2\/types\/post"}],"author":[{"embeddable":true,"href":"https:\/\/rauchfrei.at\/en\/wp-json\/wp\/v2\/users\/25"}],"replies":[{"embeddable":true,"href":"https:\/\/rauchfrei.at\/en\/wp-json\/wp\/v2\/comments?post=32931"}],"version-history":[{"count":7,"href":"https:\/\/rauchfrei.at\/en\/wp-json\/wp\/v2\/posts\/32931\/revisions"}],"predecessor-version":[{"id":32939,"href":"https:\/\/rauchfrei.at\/en\/wp-json\/wp\/v2\/posts\/32931\/revisions\/32939"}],"wp:attachment":[{"href":"https:\/\/rauchfrei.at\/en\/wp-json\/wp\/v2\/media?parent=32931"}],"wp:term":[{"taxonomy":"category","embeddable":true,"href":"https:\/\/rauchfrei.at\/en\/wp-json\/wp\/v2\/categories?post=32931"},{"taxonomy":"post_tag","embeddable":true,"href":"https:\/\/rauchfrei.at\/en\/wp-json\/wp\/v2\/tags?post=32931"}],"curies":[{"name":"wp","href":"https:\/\/api.w.org\/{rel}","templated":true}]}}