
{"id":3403,"date":"2012-07-23T07:37:01","date_gmt":"2012-07-23T05:37:01","guid":{"rendered":"http:\/\/rauchfrei.ipax.hosting\/?p=3403"},"modified":"2012-07-20T11:16:43","modified_gmt":"2012-07-20T09:16:43","slug":"auf-der-suche-nach-einem-app","status":"publish","type":"post","link":"https:\/\/rauchfrei.at\/en\/auf-der-suche-nach-einem-app\/","title":{"rendered":"Auf der Suche nach einem App&#8230;"},"content":{"rendered":"<p>&nbsp;<\/p>\n<p>Apps gibt es im Netz in H\u00fclle und F\u00fclle, darunter auch massenhaft von jenen, die beim Rauchstopp unterst\u00fctzen wollen.<\/p>\n<p>&nbsp;<\/p>\n<p>K\u00fcrzlich wurde ein kostenfreies App vorgestellt, dass in Zusammenarbeit mit dem Hauptverband der Sozialversicherungen entwickelt wurde.<\/p>\n<p>&nbsp;<\/p>\n<p>Das App \u201eRauchfrei durchstarten\u201c ist zugeschnitten auf die pers\u00f6nliche Motivation, das individuelle Rauchverhalten und den Grad der Abh\u00e4ngigkeit, der mit Hilfe des Fagerstr\u00f6m-Tests eruiert wird. Parallel k\u00f6nnen User ein elektronisches Rauchertagebuch f\u00fchren. Dies zeigt \u00fcber den Zeitverlauf, in welchen Situationen man besonders gerne zur Zigarette greift und bildet so eine sehr gute Hilfestellung zur strukturierten Entw\u00f6hnung. Animierende Botschaften, hilfreiche Tipps und motivierende, spielerische Elemente begleiten beim Entw\u00f6hnungsprozess.<\/p>\n<p>&nbsp;<\/p>\n<p>Das App finden Sie hier<a title=\"Link zum &quot;Rauchfrei durchstarten&quot; - App\" href=\"http:\/\/www.medmedia.at\/apps\/rauchfrei-durchstarten\" target=\"_blank\"> zum Download<\/a>.<\/p>\n<p>&nbsp;<\/p>\n<p>Wir freuen uns, wenn Sie uns Ihre Erfahrungen mit dem Tool mitteilen. Wenn Fragen auftreten bzw. Sie den Wunsch haben, \u00fcber Ihre Situationen rund um den Rauchstopp zu sprechen \u2013 rufen Sie uns an!<\/p>\n<p>&nbsp;<\/p>\n","protected":false},"excerpt":{"rendered":"<p>Apps gibt es im Netz in H\u00fclle und F\u00fclle, darunter auch massenhaft von jenen, die beim Rauchstopp unterst\u00fctzen wollen.<br \/>\nK\u00fcrzlich wurde ein kostenfreies App vorgestellt, dass in Zusammenarbeit mit dem Hauptverband der Sozialversicherungen entwickelt wurde.<\/p>\n","protected":false},"author":8,"featured_media":0,"comment_status":"open","ping_status":"open","sticky":false,"template":"","format":"standard","meta":{"_et_pb_use_builder":"","_et_pb_old_content":"","_et_gb_content_width":"","footnotes":""},"categories":[236],"tags":[30,31],"class_list":["post-3403","post","type-post","status-publish","format-standard","hentry","category-nicht-kategorisiert","tag-apps","tag-rauchfrei-im-netz"],"yoast_head":"<!-- This site is optimized with the Yoast SEO plugin v26.2 - https:\/\/yoast.com\/wordpress\/plugins\/seo\/ -->\n<title>Auf der Suche nach einem App... - Rauchfrei Telefon<\/title>\n<meta name=\"robots\" content=\"index, follow, max-snippet:-1, max-image-preview:large, max-video-preview:-1\" \/>\n<link rel=\"canonical\" href=\"https:\/\/rauchfrei.at\/auf-der-suche-nach-einem-app\/\" \/>\n<meta property=\"og:locale\" content=\"en_US\" \/>\n<meta property=\"og:type\" content=\"article\" \/>\n<meta property=\"og:title\" content=\"Auf der Suche nach einem App... - Rauchfrei Telefon\" \/>\n<meta property=\"og:description\" content=\"Apps gibt es im Netz in H\u00fclle und F\u00fclle, darunter auch massenhaft von jenen, die beim Rauchstopp unterst\u00fctzen wollen. K\u00fcrzlich wurde ein kostenfreies App vorgestellt, dass in Zusammenarbeit mit dem Hauptverband der Sozialversicherungen entwickelt wurde.\" \/>\n<meta property=\"og:url\" content=\"https:\/\/rauchfrei.at\/auf-der-suche-nach-einem-app\/\" \/>\n<meta property=\"og:site_name\" content=\"Rauchfrei Telefon\" \/>\n<meta property=\"article:published_time\" content=\"2012-07-23T05:37:01+00:00\" \/>\n<meta name=\"author\" content=\"Ulrike Haberl\" \/>\n<meta name=\"twitter:card\" content=\"summary_large_image\" \/>\n<meta name=\"twitter:label1\" content=\"Written by\" \/>\n\t<meta name=\"twitter:data1\" content=\"Ulrike Haberl\" \/>\n\t<meta name=\"twitter:label2\" content=\"Est. reading time\" \/>\n\t<meta name=\"twitter:data2\" content=\"1 minute\" \/>\n<script type=\"application\/ld+json\" class=\"yoast-schema-graph\">{\"@context\":\"https:\/\/schema.org\",\"@graph\":[{\"@type\":\"WebPage\",\"@id\":\"https:\/\/rauchfrei.at\/auf-der-suche-nach-einem-app\/\",\"url\":\"https:\/\/rauchfrei.at\/auf-der-suche-nach-einem-app\/\",\"name\":\"Auf der Suche nach einem App... - Rauchfrei Telefon\",\"isPartOf\":{\"@id\":\"https:\/\/rauchfrei.at\/#website\"},\"datePublished\":\"2012-07-23T05:37:01+00:00\",\"author\":{\"@id\":\"https:\/\/rauchfrei.at\/#\/schema\/person\/472a44f55d4fc300fc70425c3c75e634\"},\"inLanguage\":\"en-US\",\"potentialAction\":[{\"@type\":\"ReadAction\",\"target\":[\"https:\/\/rauchfrei.at\/auf-der-suche-nach-einem-app\/\"]}]},{\"@type\":\"WebSite\",\"@id\":\"https:\/\/rauchfrei.at\/#website\",\"url\":\"https:\/\/rauchfrei.at\/\",\"name\":\"Rauchfrei Telefon\",\"description\":\"Eine \u00f6sterreichweite Initiative der Sozialversicherungen.\",\"potentialAction\":[{\"@type\":\"SearchAction\",\"target\":{\"@type\":\"EntryPoint\",\"urlTemplate\":\"https:\/\/rauchfrei.at\/?s={search_term_string}\"},\"query-input\":{\"@type\":\"PropertyValueSpecification\",\"valueRequired\":true,\"valueName\":\"search_term_string\"}}],\"inLanguage\":\"en-US\"},{\"@type\":\"Person\",\"@id\":\"https:\/\/rauchfrei.at\/#\/schema\/person\/472a44f55d4fc300fc70425c3c75e634\",\"name\":\"Ulrike Haberl\",\"image\":{\"@type\":\"ImageObject\",\"inLanguage\":\"en-US\",\"@id\":\"https:\/\/rauchfrei.at\/#\/schema\/person\/image\/\",\"url\":\"https:\/\/secure.gravatar.com\/avatar\/c551a2939e3a5a869db25a8e441f400663149e7da949d998e80a14ff6d544d29?s=96&d=mm&r=g\",\"contentUrl\":\"https:\/\/secure.gravatar.com\/avatar\/c551a2939e3a5a869db25a8e441f400663149e7da949d998e80a14ff6d544d29?s=96&d=mm&r=g\",\"caption\":\"Ulrike Haberl\"},\"url\":\"https:\/\/rauchfrei.at\/en\/author\/ulrike-haberl\/\"}]}<\/script>\n<!-- \/ Yoast SEO plugin. -->","yoast_head_json":{"title":"Auf der Suche nach einem App... - Rauchfrei Telefon","robots":{"index":"index","follow":"follow","max-snippet":"max-snippet:-1","max-image-preview":"max-image-preview:large","max-video-preview":"max-video-preview:-1"},"canonical":"https:\/\/rauchfrei.at\/auf-der-suche-nach-einem-app\/","og_locale":"en_US","og_type":"article","og_title":"Auf der Suche nach einem App... - Rauchfrei Telefon","og_description":"Apps gibt es im Netz in H\u00fclle und F\u00fclle, darunter auch massenhaft von jenen, die beim Rauchstopp unterst\u00fctzen wollen. K\u00fcrzlich wurde ein kostenfreies App vorgestellt, dass in Zusammenarbeit mit dem Hauptverband der Sozialversicherungen entwickelt wurde.","og_url":"https:\/\/rauchfrei.at\/auf-der-suche-nach-einem-app\/","og_site_name":"Rauchfrei Telefon","article_published_time":"2012-07-23T05:37:01+00:00","author":"Ulrike Haberl","twitter_card":"summary_large_image","twitter_misc":{"Written by":"Ulrike Haberl","Est. reading time":"1 minute"},"schema":{"@context":"https:\/\/schema.org","@graph":[{"@type":"WebPage","@id":"https:\/\/rauchfrei.at\/auf-der-suche-nach-einem-app\/","url":"https:\/\/rauchfrei.at\/auf-der-suche-nach-einem-app\/","name":"Auf der Suche nach einem App... - Rauchfrei Telefon","isPartOf":{"@id":"https:\/\/rauchfrei.at\/#website"},"datePublished":"2012-07-23T05:37:01+00:00","author":{"@id":"https:\/\/rauchfrei.at\/#\/schema\/person\/472a44f55d4fc300fc70425c3c75e634"},"inLanguage":"en-US","potentialAction":[{"@type":"ReadAction","target":["https:\/\/rauchfrei.at\/auf-der-suche-nach-einem-app\/"]}]},{"@type":"WebSite","@id":"https:\/\/rauchfrei.at\/#website","url":"https:\/\/rauchfrei.at\/","name":"Rauchfrei Telefon","description":"Eine \u00f6sterreichweite Initiative der Sozialversicherungen.","potentialAction":[{"@type":"SearchAction","target":{"@type":"EntryPoint","urlTemplate":"https:\/\/rauchfrei.at\/?s={search_term_string}"},"query-input":{"@type":"PropertyValueSpecification","valueRequired":true,"valueName":"search_term_string"}}],"inLanguage":"en-US"},{"@type":"Person","@id":"https:\/\/rauchfrei.at\/#\/schema\/person\/472a44f55d4fc300fc70425c3c75e634","name":"Ulrike Haberl","image":{"@type":"ImageObject","inLanguage":"en-US","@id":"https:\/\/rauchfrei.at\/#\/schema\/person\/image\/","url":"https:\/\/secure.gravatar.com\/avatar\/c551a2939e3a5a869db25a8e441f400663149e7da949d998e80a14ff6d544d29?s=96&d=mm&r=g","contentUrl":"https:\/\/secure.gravatar.com\/avatar\/c551a2939e3a5a869db25a8e441f400663149e7da949d998e80a14ff6d544d29?s=96&d=mm&r=g","caption":"Ulrike Haberl"},"url":"https:\/\/rauchfrei.at\/en\/author\/ulrike-haberl\/"}]}},"_links":{"self":[{"href":"https:\/\/rauchfrei.at\/en\/wp-json\/wp\/v2\/posts\/3403","targetHints":{"allow":["GET"]}}],"collection":[{"href":"https:\/\/rauchfrei.at\/en\/wp-json\/wp\/v2\/posts"}],"about":[{"href":"https:\/\/rauchfrei.at\/en\/wp-json\/wp\/v2\/types\/post"}],"author":[{"embeddable":true,"href":"https:\/\/rauchfrei.at\/en\/wp-json\/wp\/v2\/users\/8"}],"replies":[{"embeddable":true,"href":"https:\/\/rauchfrei.at\/en\/wp-json\/wp\/v2\/comments?post=3403"}],"version-history":[{"count":5,"href":"https:\/\/rauchfrei.at\/en\/wp-json\/wp\/v2\/posts\/3403\/revisions"}],"predecessor-version":[{"id":3438,"href":"https:\/\/rauchfrei.at\/en\/wp-json\/wp\/v2\/posts\/3403\/revisions\/3438"}],"wp:attachment":[{"href":"https:\/\/rauchfrei.at\/en\/wp-json\/wp\/v2\/media?parent=3403"}],"wp:term":[{"taxonomy":"category","embeddable":true,"href":"https:\/\/rauchfrei.at\/en\/wp-json\/wp\/v2\/categories?post=3403"},{"taxonomy":"post_tag","embeddable":true,"href":"https:\/\/rauchfrei.at\/en\/wp-json\/wp\/v2\/tags?post=3403"}],"curies":[{"name":"wp","href":"https:\/\/api.w.org\/{rel}","templated":true}]}}