
{"id":3462,"date":"2012-08-20T08:30:54","date_gmt":"2012-08-20T06:30:54","guid":{"rendered":"http:\/\/rauchfrei.ipax.hosting\/?p=3462"},"modified":"2012-08-08T15:38:32","modified_gmt":"2012-08-08T13:38:32","slug":"schwerpunkt-gewicht-und-verdauung","status":"publish","type":"post","link":"https:\/\/rauchfrei.at\/en\/schwerpunkt-gewicht-und-verdauung\/","title":{"rendered":"Schwerpunkt \u2013 Gewicht und Verdauung"},"content":{"rendered":"<p>&nbsp;<\/p>\n<p>In den n\u00e4chsten Wochen m\u00f6chte ich auf das Thema Rauchstopp, Gewicht und Verdauung eingehen. Viele Raucher\/innen haben Sorge vor dem Zunehmen \u2013 oft sind diese Sorgen gr\u00f6\u00dfer als die Angst vor gesundheitlichen Sch\u00e4digungen durch das Zigarettenrauchen. Aus Studien wissen wir, dass<strong> nur 50% der Raucher\/innen<\/strong> nach dem Rauchstopp zunehmen. Die anderen behalten ihr Gewicht oder nehmen sogar ab.<\/p>\n<p>Die gr\u00f6\u00dfte Rolle bei einer m\u00f6glichen Gewichtszunahme spielt das Nikotin, das nach einem Rauchstopp fehlt.<\/p>\n<p>&nbsp;<\/p>\n<p><strong>Wie das Nikotin die Verdauung beeinflusst<\/strong><\/p>\n<p>Durch das Rauchen werden die Geschmackspapillen beeintr\u00e4chtigt und man schmeckt <strong>weniger intensiv<\/strong>. Somit hat man meist weniger Gusto und Appetit. Raucher\/innen setzen Zigaretten h\u00e4ufig ein, um sich zu <strong>belohnen<\/strong> und vergessen dabei, dass es <strong>viele andere M\u00f6glichkeiten gibt, sich \u201eetwas Gutes\u201c zu tun<\/strong>. Nach dem Rauchstopp wird statt der Zigarette oft \u201eetwas S\u00fc\u00dfes\u201c zur Belohnung herangezogen. Dies kann sich dann auf der Waage in ungewollten zus\u00e4tzlichen Kilos niederschlagen.<\/p>\n<p>&nbsp;<\/p>\n<p>Nikotin regt sowohl den Sympathikus als auch den Parasympathikus an. Eine gesteigerte Herzfrequenz und ein h\u00f6herer Blutdruck (Sympathikus) f\u00fchren dazu, dass der Grundumsatz um 10% steigt. Somit verbrauchen Raucher\/innen im Durchschnitt 200 kcal mehr als Nichtraucher\/innen. Der Parasympathikus erh\u00f6ht die Magensaftproduktion und \u00a0die Darmt\u00e4tigkeit.<\/p>\n<p>&nbsp;<\/p>\n<p><strong>Kurz und b\u00fcndig zusammengefasst<\/strong>:<\/p>\n<p>Raucher\/innen essen weniger, verbrauchen mehr und haben eine gut angeregte Darmt\u00e4tigkeit. ABER:<\/p>\n<p><strong>Jede gerauchte Zigarette verk\u00fcrzt Eure Lebenszeit um F\u00dcNF Minuten!<\/strong><\/p>\n<p>&nbsp;<\/p>\n<p>Wie sind Eure Erfahrungen mit gesteigertem Gusto und besserem Geschmack? Habt Ihr hilfreiche Tipps, um einer Gewichtszunahme entgegen zu wirken?<\/p>\n<p>&nbsp;<\/p>\n","protected":false},"excerpt":{"rendered":"<p>In den n\u00e4chsten Wochen geht es um Rauchstopp, Gewicht und Verdauung. Viele Raucher\/innen haben Sorge vor dem Zunehmen \u2013 oft sind diese Sorgen gr\u00f6\u00dfer als die Angst vor gesundheitlichen Sch\u00e4digungen durch das Zigarettenrauchen. Aus Studien wissen wir, dass nur 50% der Raucher\/innen nach dem Rauchstopp zunehmen&#8230;<\/p>\n","protected":false},"author":8,"featured_media":0,"comment_status":"open","ping_status":"open","sticky":false,"template":"","format":"standard","meta":{"_et_pb_use_builder":"","_et_pb_old_content":"","_et_gb_content_width":"","footnotes":""},"categories":[236],"tags":[33,34],"class_list":["post-3462","post","type-post","status-publish","format-standard","hentry","category-nicht-kategorisiert","tag-gewicht","tag-verdauung"],"yoast_head":"<!-- This site is optimized with the Yoast SEO plugin v26.2 - https:\/\/yoast.com\/wordpress\/plugins\/seo\/ -->\n<title>Schwerpunkt \u2013 Gewicht und Verdauung  - Rauchfrei Telefon<\/title>\n<meta name=\"robots\" content=\"index, follow, max-snippet:-1, max-image-preview:large, max-video-preview:-1\" \/>\n<link rel=\"canonical\" href=\"https:\/\/rauchfrei.at\/schwerpunkt-gewicht-und-verdauung\/\" \/>\n<meta property=\"og:locale\" content=\"en_US\" \/>\n<meta property=\"og:type\" content=\"article\" \/>\n<meta property=\"og:title\" content=\"Schwerpunkt \u2013 Gewicht und Verdauung  - Rauchfrei Telefon\" \/>\n<meta property=\"og:description\" content=\"In den n\u00e4chsten Wochen geht es um Rauchstopp, Gewicht und Verdauung. Viele Raucher\/innen haben Sorge vor dem Zunehmen \u2013 oft sind diese Sorgen gr\u00f6\u00dfer als die Angst vor gesundheitlichen Sch\u00e4digungen durch das Zigarettenrauchen. Aus Studien wissen wir, dass nur 50% der Raucher\/innen nach dem Rauchstopp zunehmen...\" \/>\n<meta property=\"og:url\" content=\"https:\/\/rauchfrei.at\/schwerpunkt-gewicht-und-verdauung\/\" \/>\n<meta property=\"og:site_name\" content=\"Rauchfrei Telefon\" \/>\n<meta property=\"article:published_time\" content=\"2012-08-20T06:30:54+00:00\" \/>\n<meta name=\"author\" content=\"Ulrike Haberl\" \/>\n<meta name=\"twitter:card\" content=\"summary_large_image\" \/>\n<meta name=\"twitter:label1\" content=\"Written by\" \/>\n\t<meta name=\"twitter:data1\" content=\"Ulrike Haberl\" \/>\n\t<meta name=\"twitter:label2\" content=\"Est. reading time\" \/>\n\t<meta name=\"twitter:data2\" content=\"1 minute\" \/>\n<script type=\"application\/ld+json\" class=\"yoast-schema-graph\">{\"@context\":\"https:\/\/schema.org\",\"@graph\":[{\"@type\":\"WebPage\",\"@id\":\"https:\/\/rauchfrei.at\/schwerpunkt-gewicht-und-verdauung\/\",\"url\":\"https:\/\/rauchfrei.at\/schwerpunkt-gewicht-und-verdauung\/\",\"name\":\"Schwerpunkt \u2013 Gewicht und Verdauung - Rauchfrei Telefon\",\"isPartOf\":{\"@id\":\"https:\/\/rauchfrei.at\/#website\"},\"datePublished\":\"2012-08-20T06:30:54+00:00\",\"author\":{\"@id\":\"https:\/\/rauchfrei.at\/#\/schema\/person\/472a44f55d4fc300fc70425c3c75e634\"},\"inLanguage\":\"en-US\",\"potentialAction\":[{\"@type\":\"ReadAction\",\"target\":[\"https:\/\/rauchfrei.at\/schwerpunkt-gewicht-und-verdauung\/\"]}]},{\"@type\":\"WebSite\",\"@id\":\"https:\/\/rauchfrei.at\/#website\",\"url\":\"https:\/\/rauchfrei.at\/\",\"name\":\"Rauchfrei Telefon\",\"description\":\"Eine \u00f6sterreichweite Initiative der Sozialversicherungen.\",\"potentialAction\":[{\"@type\":\"SearchAction\",\"target\":{\"@type\":\"EntryPoint\",\"urlTemplate\":\"https:\/\/rauchfrei.at\/?s={search_term_string}\"},\"query-input\":{\"@type\":\"PropertyValueSpecification\",\"valueRequired\":true,\"valueName\":\"search_term_string\"}}],\"inLanguage\":\"en-US\"},{\"@type\":\"Person\",\"@id\":\"https:\/\/rauchfrei.at\/#\/schema\/person\/472a44f55d4fc300fc70425c3c75e634\",\"name\":\"Ulrike Haberl\",\"image\":{\"@type\":\"ImageObject\",\"inLanguage\":\"en-US\",\"@id\":\"https:\/\/rauchfrei.at\/#\/schema\/person\/image\/\",\"url\":\"https:\/\/secure.gravatar.com\/avatar\/c551a2939e3a5a869db25a8e441f400663149e7da949d998e80a14ff6d544d29?s=96&d=mm&r=g\",\"contentUrl\":\"https:\/\/secure.gravatar.com\/avatar\/c551a2939e3a5a869db25a8e441f400663149e7da949d998e80a14ff6d544d29?s=96&d=mm&r=g\",\"caption\":\"Ulrike Haberl\"},\"url\":\"https:\/\/rauchfrei.at\/en\/author\/ulrike-haberl\/\"}]}<\/script>\n<!-- \/ Yoast SEO plugin. -->","yoast_head_json":{"title":"Schwerpunkt \u2013 Gewicht und Verdauung  - Rauchfrei Telefon","robots":{"index":"index","follow":"follow","max-snippet":"max-snippet:-1","max-image-preview":"max-image-preview:large","max-video-preview":"max-video-preview:-1"},"canonical":"https:\/\/rauchfrei.at\/schwerpunkt-gewicht-und-verdauung\/","og_locale":"en_US","og_type":"article","og_title":"Schwerpunkt \u2013 Gewicht und Verdauung  - Rauchfrei Telefon","og_description":"In den n\u00e4chsten Wochen geht es um Rauchstopp, Gewicht und Verdauung. Viele Raucher\/innen haben Sorge vor dem Zunehmen \u2013 oft sind diese Sorgen gr\u00f6\u00dfer als die Angst vor gesundheitlichen Sch\u00e4digungen durch das Zigarettenrauchen. Aus Studien wissen wir, dass nur 50% der Raucher\/innen nach dem Rauchstopp zunehmen...","og_url":"https:\/\/rauchfrei.at\/schwerpunkt-gewicht-und-verdauung\/","og_site_name":"Rauchfrei Telefon","article_published_time":"2012-08-20T06:30:54+00:00","author":"Ulrike Haberl","twitter_card":"summary_large_image","twitter_misc":{"Written by":"Ulrike Haberl","Est. reading time":"1 minute"},"schema":{"@context":"https:\/\/schema.org","@graph":[{"@type":"WebPage","@id":"https:\/\/rauchfrei.at\/schwerpunkt-gewicht-und-verdauung\/","url":"https:\/\/rauchfrei.at\/schwerpunkt-gewicht-und-verdauung\/","name":"Schwerpunkt \u2013 Gewicht und Verdauung - Rauchfrei Telefon","isPartOf":{"@id":"https:\/\/rauchfrei.at\/#website"},"datePublished":"2012-08-20T06:30:54+00:00","author":{"@id":"https:\/\/rauchfrei.at\/#\/schema\/person\/472a44f55d4fc300fc70425c3c75e634"},"inLanguage":"en-US","potentialAction":[{"@type":"ReadAction","target":["https:\/\/rauchfrei.at\/schwerpunkt-gewicht-und-verdauung\/"]}]},{"@type":"WebSite","@id":"https:\/\/rauchfrei.at\/#website","url":"https:\/\/rauchfrei.at\/","name":"Rauchfrei Telefon","description":"Eine \u00f6sterreichweite Initiative der Sozialversicherungen.","potentialAction":[{"@type":"SearchAction","target":{"@type":"EntryPoint","urlTemplate":"https:\/\/rauchfrei.at\/?s={search_term_string}"},"query-input":{"@type":"PropertyValueSpecification","valueRequired":true,"valueName":"search_term_string"}}],"inLanguage":"en-US"},{"@type":"Person","@id":"https:\/\/rauchfrei.at\/#\/schema\/person\/472a44f55d4fc300fc70425c3c75e634","name":"Ulrike Haberl","image":{"@type":"ImageObject","inLanguage":"en-US","@id":"https:\/\/rauchfrei.at\/#\/schema\/person\/image\/","url":"https:\/\/secure.gravatar.com\/avatar\/c551a2939e3a5a869db25a8e441f400663149e7da949d998e80a14ff6d544d29?s=96&d=mm&r=g","contentUrl":"https:\/\/secure.gravatar.com\/avatar\/c551a2939e3a5a869db25a8e441f400663149e7da949d998e80a14ff6d544d29?s=96&d=mm&r=g","caption":"Ulrike Haberl"},"url":"https:\/\/rauchfrei.at\/en\/author\/ulrike-haberl\/"}]}},"_links":{"self":[{"href":"https:\/\/rauchfrei.at\/en\/wp-json\/wp\/v2\/posts\/3462","targetHints":{"allow":["GET"]}}],"collection":[{"href":"https:\/\/rauchfrei.at\/en\/wp-json\/wp\/v2\/posts"}],"about":[{"href":"https:\/\/rauchfrei.at\/en\/wp-json\/wp\/v2\/types\/post"}],"author":[{"embeddable":true,"href":"https:\/\/rauchfrei.at\/en\/wp-json\/wp\/v2\/users\/8"}],"replies":[{"embeddable":true,"href":"https:\/\/rauchfrei.at\/en\/wp-json\/wp\/v2\/comments?post=3462"}],"version-history":[{"count":5,"href":"https:\/\/rauchfrei.at\/en\/wp-json\/wp\/v2\/posts\/3462\/revisions"}],"predecessor-version":[{"id":3481,"href":"https:\/\/rauchfrei.at\/en\/wp-json\/wp\/v2\/posts\/3462\/revisions\/3481"}],"wp:attachment":[{"href":"https:\/\/rauchfrei.at\/en\/wp-json\/wp\/v2\/media?parent=3462"}],"wp:term":[{"taxonomy":"category","embeddable":true,"href":"https:\/\/rauchfrei.at\/en\/wp-json\/wp\/v2\/categories?post=3462"},{"taxonomy":"post_tag","embeddable":true,"href":"https:\/\/rauchfrei.at\/en\/wp-json\/wp\/v2\/tags?post=3462"}],"curies":[{"name":"wp","href":"https:\/\/api.w.org\/{rel}","templated":true}]}}