
{"id":3526,"date":"2012-09-17T07:24:02","date_gmt":"2012-09-17T05:24:02","guid":{"rendered":"http:\/\/rauchfrei.ipax.hosting\/?p=3526"},"modified":"2012-09-26T17:12:40","modified_gmt":"2012-09-26T15:12:40","slug":"wie-unterstuetzen-und-aktivieren-sie-ihren-darm","status":"publish","type":"post","link":"https:\/\/rauchfrei.at\/en\/wie-unterstuetzen-und-aktivieren-sie-ihren-darm\/","title":{"rendered":"Wie unterst\u00fctzen und aktivieren Sie Ihren Darm?"},"content":{"rendered":"<p>&nbsp;<\/p>\n<p>Wie schon erw\u00e4hnt, ist es am besten, wenn man seinen K\u00f6rper schon zwei bis drei Wochen vor dem Rauchstopp auf die Umstellung vorbereitet.<\/p>\n<p>Wichtig dabei ist <strong>ballaststoffreiche Ern\u00e4hrung<\/strong>, da Ballaststoffe das S\u00e4ttigungsgef\u00fchl st\u00e4rken und Verstopfung vorbeugen.<\/p>\n<p>&nbsp;<\/p>\n<p><strong>Konkret sind das<\/strong> z.B.<\/p>\n<p>Kartoffeln, H\u00fclsenfr\u00fcchte und vollwertige Getreideprodukte wie Vollkornnudeln, Hafer- und Dinkelflocken, Hirse, Basmatireis, Amaranth oder Quinoa.<\/p>\n<p>&nbsp;<\/p>\n<p>Im Internet finden Sie eine Vielzahl von Zubereitungsm\u00f6glichkeiten, wenn Sie nach Vollwertrezepten suchen.<\/p>\n<p>&nbsp;<\/p>\n<p>Unverzichtbar ist, dass man viel trinkt, n\u00e4mlich <strong>mind. ein bis zwei Gl\u00e4ser MEHR <\/strong>als gewohnt. Am besten ist Wasser, viele schw\u00f6ren lauwarmes (abgekochtes) Wasser gleich auf n\u00fcchternen Magen. Ausprobieren \u2013 es ist gar nicht so schlimm, wie es sich anh\u00f6rt!<\/p>\n<p>&nbsp;<\/p>\n<p>Haben Sie <strong>Rezepttipps<\/strong> mit oben genannten Zutaten, die Sie gerne teilen m\u00f6chten?<\/p>\n<p>Durch welche nat\u00fcrlichen Lebensmittel halten Sie Ihren Darm aktiv?<\/p>\n<p><strong>Schreiben Sie uns!<\/strong><\/p>\n<p>&nbsp;<\/p>\n","protected":false},"excerpt":{"rendered":"<p>Am besten ist es, wenn man seinen K\u00f6rper schon zwei bis drei Wochen vor dem Rauchstopp auf die Umstellung der Ern\u00e4hrung vorbereitet. <\/p>\n","protected":false},"author":8,"featured_media":0,"comment_status":"open","ping_status":"open","sticky":false,"template":"","format":"standard","meta":{"_et_pb_use_builder":"","_et_pb_old_content":"","_et_gb_content_width":"","footnotes":""},"categories":[236],"tags":[38,35,34],"class_list":["post-3526","post","type-post","status-publish","format-standard","hentry","category-nicht-kategorisiert","tag-darmgesundheit","tag-ernaehrung","tag-verdauung"],"yoast_head":"<!-- This site is optimized with the Yoast SEO plugin v26.2 - https:\/\/yoast.com\/wordpress\/plugins\/seo\/ -->\n<title>Wie unterst\u00fctzen und aktivieren Sie Ihren Darm? - Rauchfrei Telefon<\/title>\n<meta name=\"robots\" content=\"index, follow, max-snippet:-1, max-image-preview:large, max-video-preview:-1\" \/>\n<link rel=\"canonical\" href=\"https:\/\/rauchfrei.at\/wie-unterstuetzen-und-aktivieren-sie-ihren-darm\/\" \/>\n<meta property=\"og:locale\" content=\"en_US\" \/>\n<meta property=\"og:type\" content=\"article\" \/>\n<meta property=\"og:title\" content=\"Wie unterst\u00fctzen und aktivieren Sie Ihren Darm? - Rauchfrei Telefon\" \/>\n<meta property=\"og:description\" content=\"Am besten ist es, wenn man seinen K\u00f6rper schon zwei bis drei Wochen vor dem Rauchstopp auf die Umstellung der Ern\u00e4hrung vorbereitet.\" \/>\n<meta property=\"og:url\" content=\"https:\/\/rauchfrei.at\/wie-unterstuetzen-und-aktivieren-sie-ihren-darm\/\" \/>\n<meta property=\"og:site_name\" content=\"Rauchfrei Telefon\" \/>\n<meta property=\"article:published_time\" content=\"2012-09-17T05:24:02+00:00\" \/>\n<meta property=\"article:modified_time\" content=\"2012-09-26T15:12:40+00:00\" \/>\n<meta name=\"author\" content=\"Ulrike Haberl\" \/>\n<meta name=\"twitter:card\" content=\"summary_large_image\" \/>\n<meta name=\"twitter:label1\" content=\"Written by\" \/>\n\t<meta name=\"twitter:data1\" content=\"Ulrike Haberl\" \/>\n\t<meta name=\"twitter:label2\" content=\"Est. reading time\" \/>\n\t<meta name=\"twitter:data2\" content=\"1 minute\" \/>\n<script type=\"application\/ld+json\" class=\"yoast-schema-graph\">{\"@context\":\"https:\/\/schema.org\",\"@graph\":[{\"@type\":\"WebPage\",\"@id\":\"https:\/\/rauchfrei.at\/wie-unterstuetzen-und-aktivieren-sie-ihren-darm\/\",\"url\":\"https:\/\/rauchfrei.at\/wie-unterstuetzen-und-aktivieren-sie-ihren-darm\/\",\"name\":\"Wie unterst\u00fctzen und aktivieren Sie Ihren Darm? - Rauchfrei Telefon\",\"isPartOf\":{\"@id\":\"https:\/\/rauchfrei.at\/#website\"},\"datePublished\":\"2012-09-17T05:24:02+00:00\",\"dateModified\":\"2012-09-26T15:12:40+00:00\",\"author\":{\"@id\":\"https:\/\/rauchfrei.at\/#\/schema\/person\/472a44f55d4fc300fc70425c3c75e634\"},\"inLanguage\":\"en-US\",\"potentialAction\":[{\"@type\":\"ReadAction\",\"target\":[\"https:\/\/rauchfrei.at\/wie-unterstuetzen-und-aktivieren-sie-ihren-darm\/\"]}]},{\"@type\":\"WebSite\",\"@id\":\"https:\/\/rauchfrei.at\/#website\",\"url\":\"https:\/\/rauchfrei.at\/\",\"name\":\"Rauchfrei Telefon\",\"description\":\"Eine \u00f6sterreichweite Initiative der Sozialversicherungen.\",\"potentialAction\":[{\"@type\":\"SearchAction\",\"target\":{\"@type\":\"EntryPoint\",\"urlTemplate\":\"https:\/\/rauchfrei.at\/?s={search_term_string}\"},\"query-input\":{\"@type\":\"PropertyValueSpecification\",\"valueRequired\":true,\"valueName\":\"search_term_string\"}}],\"inLanguage\":\"en-US\"},{\"@type\":\"Person\",\"@id\":\"https:\/\/rauchfrei.at\/#\/schema\/person\/472a44f55d4fc300fc70425c3c75e634\",\"name\":\"Ulrike Haberl\",\"image\":{\"@type\":\"ImageObject\",\"inLanguage\":\"en-US\",\"@id\":\"https:\/\/rauchfrei.at\/#\/schema\/person\/image\/\",\"url\":\"https:\/\/secure.gravatar.com\/avatar\/c551a2939e3a5a869db25a8e441f400663149e7da949d998e80a14ff6d544d29?s=96&d=mm&r=g\",\"contentUrl\":\"https:\/\/secure.gravatar.com\/avatar\/c551a2939e3a5a869db25a8e441f400663149e7da949d998e80a14ff6d544d29?s=96&d=mm&r=g\",\"caption\":\"Ulrike Haberl\"},\"url\":\"https:\/\/rauchfrei.at\/en\/author\/ulrike-haberl\/\"}]}<\/script>\n<!-- \/ Yoast SEO plugin. -->","yoast_head_json":{"title":"Wie unterst\u00fctzen und aktivieren Sie Ihren Darm? - Rauchfrei Telefon","robots":{"index":"index","follow":"follow","max-snippet":"max-snippet:-1","max-image-preview":"max-image-preview:large","max-video-preview":"max-video-preview:-1"},"canonical":"https:\/\/rauchfrei.at\/wie-unterstuetzen-und-aktivieren-sie-ihren-darm\/","og_locale":"en_US","og_type":"article","og_title":"Wie unterst\u00fctzen und aktivieren Sie Ihren Darm? - Rauchfrei Telefon","og_description":"Am besten ist es, wenn man seinen K\u00f6rper schon zwei bis drei Wochen vor dem Rauchstopp auf die Umstellung der Ern\u00e4hrung vorbereitet.","og_url":"https:\/\/rauchfrei.at\/wie-unterstuetzen-und-aktivieren-sie-ihren-darm\/","og_site_name":"Rauchfrei Telefon","article_published_time":"2012-09-17T05:24:02+00:00","article_modified_time":"2012-09-26T15:12:40+00:00","author":"Ulrike Haberl","twitter_card":"summary_large_image","twitter_misc":{"Written by":"Ulrike Haberl","Est. reading time":"1 minute"},"schema":{"@context":"https:\/\/schema.org","@graph":[{"@type":"WebPage","@id":"https:\/\/rauchfrei.at\/wie-unterstuetzen-und-aktivieren-sie-ihren-darm\/","url":"https:\/\/rauchfrei.at\/wie-unterstuetzen-und-aktivieren-sie-ihren-darm\/","name":"Wie unterst\u00fctzen und aktivieren Sie Ihren Darm? - Rauchfrei Telefon","isPartOf":{"@id":"https:\/\/rauchfrei.at\/#website"},"datePublished":"2012-09-17T05:24:02+00:00","dateModified":"2012-09-26T15:12:40+00:00","author":{"@id":"https:\/\/rauchfrei.at\/#\/schema\/person\/472a44f55d4fc300fc70425c3c75e634"},"inLanguage":"en-US","potentialAction":[{"@type":"ReadAction","target":["https:\/\/rauchfrei.at\/wie-unterstuetzen-und-aktivieren-sie-ihren-darm\/"]}]},{"@type":"WebSite","@id":"https:\/\/rauchfrei.at\/#website","url":"https:\/\/rauchfrei.at\/","name":"Rauchfrei Telefon","description":"Eine \u00f6sterreichweite Initiative der Sozialversicherungen.","potentialAction":[{"@type":"SearchAction","target":{"@type":"EntryPoint","urlTemplate":"https:\/\/rauchfrei.at\/?s={search_term_string}"},"query-input":{"@type":"PropertyValueSpecification","valueRequired":true,"valueName":"search_term_string"}}],"inLanguage":"en-US"},{"@type":"Person","@id":"https:\/\/rauchfrei.at\/#\/schema\/person\/472a44f55d4fc300fc70425c3c75e634","name":"Ulrike Haberl","image":{"@type":"ImageObject","inLanguage":"en-US","@id":"https:\/\/rauchfrei.at\/#\/schema\/person\/image\/","url":"https:\/\/secure.gravatar.com\/avatar\/c551a2939e3a5a869db25a8e441f400663149e7da949d998e80a14ff6d544d29?s=96&d=mm&r=g","contentUrl":"https:\/\/secure.gravatar.com\/avatar\/c551a2939e3a5a869db25a8e441f400663149e7da949d998e80a14ff6d544d29?s=96&d=mm&r=g","caption":"Ulrike Haberl"},"url":"https:\/\/rauchfrei.at\/en\/author\/ulrike-haberl\/"}]}},"_links":{"self":[{"href":"https:\/\/rauchfrei.at\/en\/wp-json\/wp\/v2\/posts\/3526","targetHints":{"allow":["GET"]}}],"collection":[{"href":"https:\/\/rauchfrei.at\/en\/wp-json\/wp\/v2\/posts"}],"about":[{"href":"https:\/\/rauchfrei.at\/en\/wp-json\/wp\/v2\/types\/post"}],"author":[{"embeddable":true,"href":"https:\/\/rauchfrei.at\/en\/wp-json\/wp\/v2\/users\/8"}],"replies":[{"embeddable":true,"href":"https:\/\/rauchfrei.at\/en\/wp-json\/wp\/v2\/comments?post=3526"}],"version-history":[{"count":5,"href":"https:\/\/rauchfrei.at\/en\/wp-json\/wp\/v2\/posts\/3526\/revisions"}],"predecessor-version":[{"id":3709,"href":"https:\/\/rauchfrei.at\/en\/wp-json\/wp\/v2\/posts\/3526\/revisions\/3709"}],"wp:attachment":[{"href":"https:\/\/rauchfrei.at\/en\/wp-json\/wp\/v2\/media?parent=3526"}],"wp:term":[{"taxonomy":"category","embeddable":true,"href":"https:\/\/rauchfrei.at\/en\/wp-json\/wp\/v2\/categories?post=3526"},{"taxonomy":"post_tag","embeddable":true,"href":"https:\/\/rauchfrei.at\/en\/wp-json\/wp\/v2\/tags?post=3526"}],"curies":[{"name":"wp","href":"https:\/\/api.w.org\/{rel}","templated":true}]}}