
{"id":3538,"date":"2012-09-24T07:53:56","date_gmt":"2012-09-24T05:53:56","guid":{"rendered":"http:\/\/rauchfrei.ipax.hosting\/?p=3538"},"modified":"2012-09-26T17:08:54","modified_gmt":"2012-09-26T15:08:54","slug":"weitere-tipps-zur-darmaktivierung","status":"publish","type":"post","link":"https:\/\/rauchfrei.at\/en\/weitere-tipps-zur-darmaktivierung\/","title":{"rendered":"Weitere Tipps zur Darmaktivierung"},"content":{"rendered":"<p>&nbsp;<\/p>\n<p>Schon meiner Oma haben \u00fcber Nacht eingeweichte D\u00f6rrzwetschken geholfen.<\/p>\n<p>Ebenfalls hilfreich sind geschrotete Leinsamen, Kleie oder Flohsamen, die auch im M\u00fcsli gut schmecken.<\/p>\n<p>Daf\u00fcr bedecken Sie die Leinsamen ca. 10 Minuten mit Wasser und vermischen diesen Brei dann mit Jogurt oder Milch. So k\u00f6nnen die Ballaststoffe besser aufquellen, erleichtern dem Darm die Arbeit und treiben den Speisebrei an.<\/p>\n<p>&nbsp;<\/p>\n<p>Wichtig auch hier wieder:<strong> viel Trinken!<\/strong><\/p>\n<p>&nbsp;<\/p>\n<p>Ein weiterer Tipp:<\/p>\n<p>bis zu drei Teel\u00f6ffeln Lein\u00f6l, Nuss\u00f6l oder Hanf\u00f6l (nicht erhitzt!) vertr\u00e4gt der K\u00f6rper.<\/p>\n<p>In diesen <strong>hochwertigen, kaltgepressten \u00d6len<\/strong> befinden sich n\u00e4mlich <strong>Omega 3 Fetts\u00e4uren<\/strong>, die der K\u00f6rper braucht, aber nicht selbst herstellen kann.<\/p>\n<p>Auch in N\u00fcssen, Samen und Kernen sind diese Fetts\u00e4uren enthalten und als k\u00f6nnen den Weitertransport des Speisebreis im Darm beschleunigen.<\/p>\n<p>&nbsp;<\/p>\n<p>Anregen kann die Darmt\u00e4tigkeit kann auch eine <strong>Bauchmassage<\/strong>:<\/p>\n<p>Streichen Sie im Uhrzeigersinn in kleinen Kreisen von rechts unten hinauf, quer hin\u00fcber und links wieder hinunter!<\/p>\n<p>&nbsp;<\/p>\n<p>&nbsp;<\/p>\n","protected":false},"excerpt":{"rendered":"<p>Schon meine Oma hat D\u00f6rrzwetschken \u00fcber Nacht eingeweicht, die sie dann morgens zum Joghurt gegessen hat.<br \/>\nEbenfalls hilfreich sind geschrotete Leinsamen, Kleie oder Flohsamen, die auch im M\u00fcsli gut schmecken.<\/p>\n","protected":false},"author":8,"featured_media":0,"comment_status":"open","ping_status":"open","sticky":false,"template":"","format":"standard","meta":{"_et_pb_use_builder":"","_et_pb_old_content":"","_et_gb_content_width":"","footnotes":""},"categories":[236],"tags":[38,34],"class_list":["post-3538","post","type-post","status-publish","format-standard","hentry","category-nicht-kategorisiert","tag-darmgesundheit","tag-verdauung"],"yoast_head":"<!-- This site is optimized with the Yoast SEO plugin v26.2 - https:\/\/yoast.com\/wordpress\/plugins\/seo\/ -->\n<title>Weitere Tipps zur Darmaktivierung - Rauchfrei Telefon<\/title>\n<meta name=\"robots\" content=\"index, follow, max-snippet:-1, max-image-preview:large, max-video-preview:-1\" \/>\n<link rel=\"canonical\" href=\"https:\/\/rauchfrei.at\/weitere-tipps-zur-darmaktivierung\/\" \/>\n<meta property=\"og:locale\" content=\"en_US\" \/>\n<meta property=\"og:type\" content=\"article\" \/>\n<meta property=\"og:title\" content=\"Weitere Tipps zur Darmaktivierung - Rauchfrei Telefon\" \/>\n<meta property=\"og:description\" content=\"Schon meine Oma hat D\u00f6rrzwetschken \u00fcber Nacht eingeweicht, die sie dann morgens zum Joghurt gegessen hat. Ebenfalls hilfreich sind geschrotete Leinsamen, Kleie oder Flohsamen, die auch im M\u00fcsli gut schmecken.\" \/>\n<meta property=\"og:url\" content=\"https:\/\/rauchfrei.at\/weitere-tipps-zur-darmaktivierung\/\" \/>\n<meta property=\"og:site_name\" content=\"Rauchfrei Telefon\" \/>\n<meta property=\"article:published_time\" content=\"2012-09-24T05:53:56+00:00\" \/>\n<meta property=\"article:modified_time\" content=\"2012-09-26T15:08:54+00:00\" \/>\n<meta name=\"author\" content=\"Ulrike Haberl\" \/>\n<meta name=\"twitter:card\" content=\"summary_large_image\" \/>\n<meta name=\"twitter:label1\" content=\"Written by\" \/>\n\t<meta name=\"twitter:data1\" content=\"Ulrike Haberl\" \/>\n\t<meta name=\"twitter:label2\" content=\"Est. reading time\" \/>\n\t<meta name=\"twitter:data2\" content=\"1 minute\" \/>\n<script type=\"application\/ld+json\" class=\"yoast-schema-graph\">{\"@context\":\"https:\/\/schema.org\",\"@graph\":[{\"@type\":\"WebPage\",\"@id\":\"https:\/\/rauchfrei.at\/weitere-tipps-zur-darmaktivierung\/\",\"url\":\"https:\/\/rauchfrei.at\/weitere-tipps-zur-darmaktivierung\/\",\"name\":\"Weitere Tipps zur Darmaktivierung - Rauchfrei Telefon\",\"isPartOf\":{\"@id\":\"https:\/\/rauchfrei.at\/#website\"},\"datePublished\":\"2012-09-24T05:53:56+00:00\",\"dateModified\":\"2012-09-26T15:08:54+00:00\",\"author\":{\"@id\":\"https:\/\/rauchfrei.at\/#\/schema\/person\/472a44f55d4fc300fc70425c3c75e634\"},\"inLanguage\":\"en-US\",\"potentialAction\":[{\"@type\":\"ReadAction\",\"target\":[\"https:\/\/rauchfrei.at\/weitere-tipps-zur-darmaktivierung\/\"]}]},{\"@type\":\"WebSite\",\"@id\":\"https:\/\/rauchfrei.at\/#website\",\"url\":\"https:\/\/rauchfrei.at\/\",\"name\":\"Rauchfrei Telefon\",\"description\":\"Eine \u00f6sterreichweite Initiative der Sozialversicherungen.\",\"potentialAction\":[{\"@type\":\"SearchAction\",\"target\":{\"@type\":\"EntryPoint\",\"urlTemplate\":\"https:\/\/rauchfrei.at\/?s={search_term_string}\"},\"query-input\":{\"@type\":\"PropertyValueSpecification\",\"valueRequired\":true,\"valueName\":\"search_term_string\"}}],\"inLanguage\":\"en-US\"},{\"@type\":\"Person\",\"@id\":\"https:\/\/rauchfrei.at\/#\/schema\/person\/472a44f55d4fc300fc70425c3c75e634\",\"name\":\"Ulrike Haberl\",\"image\":{\"@type\":\"ImageObject\",\"inLanguage\":\"en-US\",\"@id\":\"https:\/\/rauchfrei.at\/#\/schema\/person\/image\/\",\"url\":\"https:\/\/secure.gravatar.com\/avatar\/c551a2939e3a5a869db25a8e441f400663149e7da949d998e80a14ff6d544d29?s=96&d=mm&r=g\",\"contentUrl\":\"https:\/\/secure.gravatar.com\/avatar\/c551a2939e3a5a869db25a8e441f400663149e7da949d998e80a14ff6d544d29?s=96&d=mm&r=g\",\"caption\":\"Ulrike Haberl\"},\"url\":\"https:\/\/rauchfrei.at\/en\/author\/ulrike-haberl\/\"}]}<\/script>\n<!-- \/ Yoast SEO plugin. -->","yoast_head_json":{"title":"Weitere Tipps zur Darmaktivierung - Rauchfrei Telefon","robots":{"index":"index","follow":"follow","max-snippet":"max-snippet:-1","max-image-preview":"max-image-preview:large","max-video-preview":"max-video-preview:-1"},"canonical":"https:\/\/rauchfrei.at\/weitere-tipps-zur-darmaktivierung\/","og_locale":"en_US","og_type":"article","og_title":"Weitere Tipps zur Darmaktivierung - Rauchfrei Telefon","og_description":"Schon meine Oma hat D\u00f6rrzwetschken \u00fcber Nacht eingeweicht, die sie dann morgens zum Joghurt gegessen hat. Ebenfalls hilfreich sind geschrotete Leinsamen, Kleie oder Flohsamen, die auch im M\u00fcsli gut schmecken.","og_url":"https:\/\/rauchfrei.at\/weitere-tipps-zur-darmaktivierung\/","og_site_name":"Rauchfrei Telefon","article_published_time":"2012-09-24T05:53:56+00:00","article_modified_time":"2012-09-26T15:08:54+00:00","author":"Ulrike Haberl","twitter_card":"summary_large_image","twitter_misc":{"Written by":"Ulrike Haberl","Est. reading time":"1 minute"},"schema":{"@context":"https:\/\/schema.org","@graph":[{"@type":"WebPage","@id":"https:\/\/rauchfrei.at\/weitere-tipps-zur-darmaktivierung\/","url":"https:\/\/rauchfrei.at\/weitere-tipps-zur-darmaktivierung\/","name":"Weitere Tipps zur Darmaktivierung - Rauchfrei Telefon","isPartOf":{"@id":"https:\/\/rauchfrei.at\/#website"},"datePublished":"2012-09-24T05:53:56+00:00","dateModified":"2012-09-26T15:08:54+00:00","author":{"@id":"https:\/\/rauchfrei.at\/#\/schema\/person\/472a44f55d4fc300fc70425c3c75e634"},"inLanguage":"en-US","potentialAction":[{"@type":"ReadAction","target":["https:\/\/rauchfrei.at\/weitere-tipps-zur-darmaktivierung\/"]}]},{"@type":"WebSite","@id":"https:\/\/rauchfrei.at\/#website","url":"https:\/\/rauchfrei.at\/","name":"Rauchfrei Telefon","description":"Eine \u00f6sterreichweite Initiative der Sozialversicherungen.","potentialAction":[{"@type":"SearchAction","target":{"@type":"EntryPoint","urlTemplate":"https:\/\/rauchfrei.at\/?s={search_term_string}"},"query-input":{"@type":"PropertyValueSpecification","valueRequired":true,"valueName":"search_term_string"}}],"inLanguage":"en-US"},{"@type":"Person","@id":"https:\/\/rauchfrei.at\/#\/schema\/person\/472a44f55d4fc300fc70425c3c75e634","name":"Ulrike Haberl","image":{"@type":"ImageObject","inLanguage":"en-US","@id":"https:\/\/rauchfrei.at\/#\/schema\/person\/image\/","url":"https:\/\/secure.gravatar.com\/avatar\/c551a2939e3a5a869db25a8e441f400663149e7da949d998e80a14ff6d544d29?s=96&d=mm&r=g","contentUrl":"https:\/\/secure.gravatar.com\/avatar\/c551a2939e3a5a869db25a8e441f400663149e7da949d998e80a14ff6d544d29?s=96&d=mm&r=g","caption":"Ulrike Haberl"},"url":"https:\/\/rauchfrei.at\/en\/author\/ulrike-haberl\/"}]}},"_links":{"self":[{"href":"https:\/\/rauchfrei.at\/en\/wp-json\/wp\/v2\/posts\/3538","targetHints":{"allow":["GET"]}}],"collection":[{"href":"https:\/\/rauchfrei.at\/en\/wp-json\/wp\/v2\/posts"}],"about":[{"href":"https:\/\/rauchfrei.at\/en\/wp-json\/wp\/v2\/types\/post"}],"author":[{"embeddable":true,"href":"https:\/\/rauchfrei.at\/en\/wp-json\/wp\/v2\/users\/8"}],"replies":[{"embeddable":true,"href":"https:\/\/rauchfrei.at\/en\/wp-json\/wp\/v2\/comments?post=3538"}],"version-history":[{"count":5,"href":"https:\/\/rauchfrei.at\/en\/wp-json\/wp\/v2\/posts\/3538\/revisions"}],"predecessor-version":[{"id":3703,"href":"https:\/\/rauchfrei.at\/en\/wp-json\/wp\/v2\/posts\/3538\/revisions\/3703"}],"wp:attachment":[{"href":"https:\/\/rauchfrei.at\/en\/wp-json\/wp\/v2\/media?parent=3538"}],"wp:term":[{"taxonomy":"category","embeddable":true,"href":"https:\/\/rauchfrei.at\/en\/wp-json\/wp\/v2\/categories?post=3538"},{"taxonomy":"post_tag","embeddable":true,"href":"https:\/\/rauchfrei.at\/en\/wp-json\/wp\/v2\/tags?post=3538"}],"curies":[{"name":"wp","href":"https:\/\/api.w.org\/{rel}","templated":true}]}}