
{"id":3546,"date":"2012-10-01T07:15:06","date_gmt":"2012-10-01T05:15:06","guid":{"rendered":"http:\/\/rauchfrei.ipax.hosting\/?p=3546"},"modified":"2012-09-26T17:08:21","modified_gmt":"2012-09-26T15:08:21","slug":"was-fenchel-und-sellerie-mit-radicchio-ingwer-und-kardamom-gemeinsam-haben","status":"publish","type":"post","link":"https:\/\/rauchfrei.at\/en\/was-fenchel-und-sellerie-mit-radicchio-ingwer-und-kardamom-gemeinsam-haben\/","title":{"rendered":"Was Fenchel und Sellerie mit Radicchio, Ingwer und Kardamom gemeinsam haben"},"content":{"rendered":"<p>&nbsp;<\/p>\n<p>In diesen Nahrungsmitteln sind Bitter- und Gerbstoffe enthalten, die Entgiftungsorgane wie Leber, Niere, Darm in ihrer T\u00e4tigkeit unterst\u00fctzen. Nach dem Rauchstopp und der Umstellung der Verdauung ben\u00f6tigt der K\u00f6per jede Hilfe, um Abfallprodukte des K\u00f6rpers abzubauen.<\/p>\n<p>&nbsp;<\/p>\n<p>Weitere Lebensmittel mit Bitterstoffen:<\/p>\n<ul>\n<li>\u00a0Chicoree, Endivien, Rucola<\/li>\n<li>Schwarzwurzel, Topinambur, Spargel, Artischocke<\/li>\n<li>Kurkuma, Estragon, Kerbel, Lorbeer, Majoran, Rosmarin, Thymian, Zitronenmelisse<\/li>\n<li>Frisch \u00fcberkocht entgiften L\u00f6wenzahn, Scharfgarbe oder Wermut auch als Tees sehr gut<\/li>\n<\/ul>\n<p>&nbsp;<\/p>\n<p>Zu guter Letzt: Versuchen Sie, langsam und bewusst essen, zu genie\u00dfen und gut zu kauen. Verwenden Sie frische Kr\u00e4uter und verschiedene Gew\u00fcrze \u2013 die Vielzahl daf\u00fcr ist unbeschreiblich gro\u00df!<\/p>\n<p>&nbsp;<\/p>\n<p>Falls Sie mehr zum Thema wissen wollen, erkundigen Sie sich bei Ihrem Sozialversicherungstr\u00e4ger \u00fcber die M\u00f6glichkeit einer Ern\u00e4hrungsberatung!<\/p>\n<p>&nbsp;<\/p>\n","protected":false},"excerpt":{"rendered":"<p>In diesen Nahrungsmitteln sind Bitter- und Gerbstoffe enthalten, die Entgiftungsorgane wie Leber, Niere, Darm in ihrer T\u00e4tigkeit unterst\u00fctzen. Nach dem Rauchstopp und der Umstellung der Verdauung ben\u00f6tigt der K\u00f6per jede Hilfe, um Abfallprodukte des K\u00f6rpers abzubauen.<\/p>\n","protected":false},"author":8,"featured_media":0,"comment_status":"open","ping_status":"open","sticky":false,"template":"","format":"standard","meta":{"_et_pb_use_builder":"","_et_pb_old_content":"","_et_gb_content_width":"","footnotes":""},"categories":[236],"tags":[35,34],"class_list":["post-3546","post","type-post","status-publish","format-standard","hentry","category-nicht-kategorisiert","tag-ernaehrung","tag-verdauung"],"yoast_head":"<!-- This site is optimized with the Yoast SEO plugin v26.2 - https:\/\/yoast.com\/wordpress\/plugins\/seo\/ -->\n<title>Was Fenchel und Sellerie mit Radicchio, Ingwer und Kardamom gemeinsam haben - Rauchfrei Telefon<\/title>\n<meta name=\"robots\" content=\"index, follow, max-snippet:-1, max-image-preview:large, max-video-preview:-1\" \/>\n<link rel=\"canonical\" href=\"https:\/\/rauchfrei.at\/was-fenchel-und-sellerie-mit-radicchio-ingwer-und-kardamom-gemeinsam-haben\/\" \/>\n<meta property=\"og:locale\" content=\"en_US\" \/>\n<meta property=\"og:type\" content=\"article\" \/>\n<meta property=\"og:title\" content=\"Was Fenchel und Sellerie mit Radicchio, Ingwer und Kardamom gemeinsam haben - Rauchfrei Telefon\" \/>\n<meta property=\"og:description\" content=\"In diesen Nahrungsmitteln sind Bitter- und Gerbstoffe enthalten, die Entgiftungsorgane wie Leber, Niere, Darm in ihrer T\u00e4tigkeit unterst\u00fctzen. Nach dem Rauchstopp und der Umstellung der Verdauung ben\u00f6tigt der K\u00f6per jede Hilfe, um Abfallprodukte des K\u00f6rpers abzubauen.\" \/>\n<meta property=\"og:url\" content=\"https:\/\/rauchfrei.at\/was-fenchel-und-sellerie-mit-radicchio-ingwer-und-kardamom-gemeinsam-haben\/\" \/>\n<meta property=\"og:site_name\" content=\"Rauchfrei Telefon\" \/>\n<meta property=\"article:published_time\" content=\"2012-10-01T05:15:06+00:00\" \/>\n<meta name=\"author\" content=\"Ulrike Haberl\" \/>\n<meta name=\"twitter:card\" content=\"summary_large_image\" \/>\n<meta name=\"twitter:label1\" content=\"Written by\" \/>\n\t<meta name=\"twitter:data1\" content=\"Ulrike Haberl\" \/>\n\t<meta name=\"twitter:label2\" content=\"Est. reading time\" \/>\n\t<meta name=\"twitter:data2\" content=\"1 minute\" \/>\n<script type=\"application\/ld+json\" class=\"yoast-schema-graph\">{\"@context\":\"https:\/\/schema.org\",\"@graph\":[{\"@type\":\"WebPage\",\"@id\":\"https:\/\/rauchfrei.at\/was-fenchel-und-sellerie-mit-radicchio-ingwer-und-kardamom-gemeinsam-haben\/\",\"url\":\"https:\/\/rauchfrei.at\/was-fenchel-und-sellerie-mit-radicchio-ingwer-und-kardamom-gemeinsam-haben\/\",\"name\":\"Was Fenchel und Sellerie mit Radicchio, Ingwer und Kardamom gemeinsam haben - Rauchfrei Telefon\",\"isPartOf\":{\"@id\":\"https:\/\/rauchfrei.at\/#website\"},\"datePublished\":\"2012-10-01T05:15:06+00:00\",\"author\":{\"@id\":\"https:\/\/rauchfrei.at\/#\/schema\/person\/472a44f55d4fc300fc70425c3c75e634\"},\"inLanguage\":\"en-US\",\"potentialAction\":[{\"@type\":\"ReadAction\",\"target\":[\"https:\/\/rauchfrei.at\/was-fenchel-und-sellerie-mit-radicchio-ingwer-und-kardamom-gemeinsam-haben\/\"]}]},{\"@type\":\"WebSite\",\"@id\":\"https:\/\/rauchfrei.at\/#website\",\"url\":\"https:\/\/rauchfrei.at\/\",\"name\":\"Rauchfrei Telefon\",\"description\":\"Eine \u00f6sterreichweite Initiative der Sozialversicherungen.\",\"potentialAction\":[{\"@type\":\"SearchAction\",\"target\":{\"@type\":\"EntryPoint\",\"urlTemplate\":\"https:\/\/rauchfrei.at\/?s={search_term_string}\"},\"query-input\":{\"@type\":\"PropertyValueSpecification\",\"valueRequired\":true,\"valueName\":\"search_term_string\"}}],\"inLanguage\":\"en-US\"},{\"@type\":\"Person\",\"@id\":\"https:\/\/rauchfrei.at\/#\/schema\/person\/472a44f55d4fc300fc70425c3c75e634\",\"name\":\"Ulrike Haberl\",\"image\":{\"@type\":\"ImageObject\",\"inLanguage\":\"en-US\",\"@id\":\"https:\/\/rauchfrei.at\/#\/schema\/person\/image\/\",\"url\":\"https:\/\/secure.gravatar.com\/avatar\/c551a2939e3a5a869db25a8e441f400663149e7da949d998e80a14ff6d544d29?s=96&d=mm&r=g\",\"contentUrl\":\"https:\/\/secure.gravatar.com\/avatar\/c551a2939e3a5a869db25a8e441f400663149e7da949d998e80a14ff6d544d29?s=96&d=mm&r=g\",\"caption\":\"Ulrike Haberl\"},\"url\":\"https:\/\/rauchfrei.at\/en\/author\/ulrike-haberl\/\"}]}<\/script>\n<!-- \/ Yoast SEO plugin. -->","yoast_head_json":{"title":"Was Fenchel und Sellerie mit Radicchio, Ingwer und Kardamom gemeinsam haben - Rauchfrei Telefon","robots":{"index":"index","follow":"follow","max-snippet":"max-snippet:-1","max-image-preview":"max-image-preview:large","max-video-preview":"max-video-preview:-1"},"canonical":"https:\/\/rauchfrei.at\/was-fenchel-und-sellerie-mit-radicchio-ingwer-und-kardamom-gemeinsam-haben\/","og_locale":"en_US","og_type":"article","og_title":"Was Fenchel und Sellerie mit Radicchio, Ingwer und Kardamom gemeinsam haben - Rauchfrei Telefon","og_description":"In diesen Nahrungsmitteln sind Bitter- und Gerbstoffe enthalten, die Entgiftungsorgane wie Leber, Niere, Darm in ihrer T\u00e4tigkeit unterst\u00fctzen. Nach dem Rauchstopp und der Umstellung der Verdauung ben\u00f6tigt der K\u00f6per jede Hilfe, um Abfallprodukte des K\u00f6rpers abzubauen.","og_url":"https:\/\/rauchfrei.at\/was-fenchel-und-sellerie-mit-radicchio-ingwer-und-kardamom-gemeinsam-haben\/","og_site_name":"Rauchfrei Telefon","article_published_time":"2012-10-01T05:15:06+00:00","author":"Ulrike Haberl","twitter_card":"summary_large_image","twitter_misc":{"Written by":"Ulrike Haberl","Est. reading time":"1 minute"},"schema":{"@context":"https:\/\/schema.org","@graph":[{"@type":"WebPage","@id":"https:\/\/rauchfrei.at\/was-fenchel-und-sellerie-mit-radicchio-ingwer-und-kardamom-gemeinsam-haben\/","url":"https:\/\/rauchfrei.at\/was-fenchel-und-sellerie-mit-radicchio-ingwer-und-kardamom-gemeinsam-haben\/","name":"Was Fenchel und Sellerie mit Radicchio, Ingwer und Kardamom gemeinsam haben - Rauchfrei Telefon","isPartOf":{"@id":"https:\/\/rauchfrei.at\/#website"},"datePublished":"2012-10-01T05:15:06+00:00","author":{"@id":"https:\/\/rauchfrei.at\/#\/schema\/person\/472a44f55d4fc300fc70425c3c75e634"},"inLanguage":"en-US","potentialAction":[{"@type":"ReadAction","target":["https:\/\/rauchfrei.at\/was-fenchel-und-sellerie-mit-radicchio-ingwer-und-kardamom-gemeinsam-haben\/"]}]},{"@type":"WebSite","@id":"https:\/\/rauchfrei.at\/#website","url":"https:\/\/rauchfrei.at\/","name":"Rauchfrei Telefon","description":"Eine \u00f6sterreichweite Initiative der Sozialversicherungen.","potentialAction":[{"@type":"SearchAction","target":{"@type":"EntryPoint","urlTemplate":"https:\/\/rauchfrei.at\/?s={search_term_string}"},"query-input":{"@type":"PropertyValueSpecification","valueRequired":true,"valueName":"search_term_string"}}],"inLanguage":"en-US"},{"@type":"Person","@id":"https:\/\/rauchfrei.at\/#\/schema\/person\/472a44f55d4fc300fc70425c3c75e634","name":"Ulrike Haberl","image":{"@type":"ImageObject","inLanguage":"en-US","@id":"https:\/\/rauchfrei.at\/#\/schema\/person\/image\/","url":"https:\/\/secure.gravatar.com\/avatar\/c551a2939e3a5a869db25a8e441f400663149e7da949d998e80a14ff6d544d29?s=96&d=mm&r=g","contentUrl":"https:\/\/secure.gravatar.com\/avatar\/c551a2939e3a5a869db25a8e441f400663149e7da949d998e80a14ff6d544d29?s=96&d=mm&r=g","caption":"Ulrike Haberl"},"url":"https:\/\/rauchfrei.at\/en\/author\/ulrike-haberl\/"}]}},"_links":{"self":[{"href":"https:\/\/rauchfrei.at\/en\/wp-json\/wp\/v2\/posts\/3546","targetHints":{"allow":["GET"]}}],"collection":[{"href":"https:\/\/rauchfrei.at\/en\/wp-json\/wp\/v2\/posts"}],"about":[{"href":"https:\/\/rauchfrei.at\/en\/wp-json\/wp\/v2\/types\/post"}],"author":[{"embeddable":true,"href":"https:\/\/rauchfrei.at\/en\/wp-json\/wp\/v2\/users\/8"}],"replies":[{"embeddable":true,"href":"https:\/\/rauchfrei.at\/en\/wp-json\/wp\/v2\/comments?post=3546"}],"version-history":[{"count":5,"href":"https:\/\/rauchfrei.at\/en\/wp-json\/wp\/v2\/posts\/3546\/revisions"}],"predecessor-version":[{"id":3549,"href":"https:\/\/rauchfrei.at\/en\/wp-json\/wp\/v2\/posts\/3546\/revisions\/3549"}],"wp:attachment":[{"href":"https:\/\/rauchfrei.at\/en\/wp-json\/wp\/v2\/media?parent=3546"}],"wp:term":[{"taxonomy":"category","embeddable":true,"href":"https:\/\/rauchfrei.at\/en\/wp-json\/wp\/v2\/categories?post=3546"},{"taxonomy":"post_tag","embeddable":true,"href":"https:\/\/rauchfrei.at\/en\/wp-json\/wp\/v2\/tags?post=3546"}],"curies":[{"name":"wp","href":"https:\/\/api.w.org\/{rel}","templated":true}]}}