
{"id":3610,"date":"2012-08-23T11:46:35","date_gmt":"2012-08-23T09:46:35","guid":{"rendered":"http:\/\/rauchfrei.ipax.hosting\/?p=3610"},"modified":"2012-08-23T16:43:41","modified_gmt":"2012-08-23T14:43:41","slug":"das-rauchertelefon-im-oe1-fruehjournal","status":"publish","type":"post","link":"https:\/\/rauchfrei.at\/en\/das-rauchertelefon-im-oe1-fruehjournal\/","title":{"rendered":"Das Rauchertelefon im \u00d61 Fr\u00fchjournal"},"content":{"rendered":"<p>&nbsp;<\/p>\n<p>Diese Woche berichtete \u00d61 \u00fcber die Arbeit des \u00d6sterreichweiten Rauchertelefons.\u00a0<a href=\"http:\/\/oe1.orf.at\/artikel\/313203\" target=\"_blank\">Hier\u00a0<\/a>k\u00f6nnen Sie den Bericht nachh\u00f6ren.<\/p>\n","protected":false},"excerpt":{"rendered":"<p>Diese Woche berichtete \u00d61 \u00fcber die Arbeit des \u00d6sterreichweiten Rauchertelefons.<\/p>\n","protected":false},"author":7,"featured_media":0,"comment_status":"open","ping_status":"open","sticky":false,"template":"","format":"standard","meta":{"_et_pb_use_builder":"","_et_pb_old_content":"","_et_gb_content_width":"","footnotes":""},"categories":[236],"tags":[],"class_list":["post-3610","post","type-post","status-publish","format-standard","hentry","category-nicht-kategorisiert"],"yoast_head":"<!-- This site is optimized with the Yoast SEO plugin v26.2 - https:\/\/yoast.com\/wordpress\/plugins\/seo\/ -->\n<title>Das Rauchertelefon im \u00d61 Fr\u00fchjournal - Rauchfrei Telefon<\/title>\n<meta name=\"robots\" content=\"index, follow, max-snippet:-1, max-image-preview:large, max-video-preview:-1\" \/>\n<link rel=\"canonical\" href=\"https:\/\/rauchfrei.at\/das-rauchertelefon-im-oe1-fruehjournal\/\" \/>\n<meta property=\"og:locale\" content=\"en_US\" \/>\n<meta property=\"og:type\" content=\"article\" \/>\n<meta property=\"og:title\" content=\"Das Rauchertelefon im \u00d61 Fr\u00fchjournal - Rauchfrei Telefon\" \/>\n<meta property=\"og:description\" content=\"Diese Woche berichtete \u00d61 \u00fcber die Arbeit des \u00d6sterreichweiten Rauchertelefons.\" \/>\n<meta property=\"og:url\" content=\"https:\/\/rauchfrei.at\/das-rauchertelefon-im-oe1-fruehjournal\/\" \/>\n<meta property=\"og:site_name\" content=\"Rauchfrei Telefon\" \/>\n<meta property=\"article:published_time\" content=\"2012-08-23T09:46:35+00:00\" \/>\n<meta property=\"article:modified_time\" content=\"2012-08-23T14:43:41+00:00\" \/>\n<meta name=\"author\" content=\"Nina Heumayer\" \/>\n<meta name=\"twitter:card\" content=\"summary_large_image\" \/>\n<meta name=\"twitter:label1\" content=\"Written by\" \/>\n\t<meta name=\"twitter:data1\" content=\"Nina Heumayer\" \/>\n<script type=\"application\/ld+json\" class=\"yoast-schema-graph\">{\"@context\":\"https:\/\/schema.org\",\"@graph\":[{\"@type\":\"WebPage\",\"@id\":\"https:\/\/rauchfrei.at\/das-rauchertelefon-im-oe1-fruehjournal\/\",\"url\":\"https:\/\/rauchfrei.at\/das-rauchertelefon-im-oe1-fruehjournal\/\",\"name\":\"Das Rauchertelefon im \u00d61 Fr\u00fchjournal - Rauchfrei Telefon\",\"isPartOf\":{\"@id\":\"https:\/\/rauchfrei.at\/#website\"},\"datePublished\":\"2012-08-23T09:46:35+00:00\",\"dateModified\":\"2012-08-23T14:43:41+00:00\",\"author\":{\"@id\":\"https:\/\/rauchfrei.at\/#\/schema\/person\/6ba3adad8eb872b334787c24357473aa\"},\"inLanguage\":\"en-US\",\"potentialAction\":[{\"@type\":\"ReadAction\",\"target\":[\"https:\/\/rauchfrei.at\/das-rauchertelefon-im-oe1-fruehjournal\/\"]}]},{\"@type\":\"WebSite\",\"@id\":\"https:\/\/rauchfrei.at\/#website\",\"url\":\"https:\/\/rauchfrei.at\/\",\"name\":\"Rauchfrei Telefon\",\"description\":\"Eine \u00f6sterreichweite Initiative der Sozialversicherungen.\",\"potentialAction\":[{\"@type\":\"SearchAction\",\"target\":{\"@type\":\"EntryPoint\",\"urlTemplate\":\"https:\/\/rauchfrei.at\/?s={search_term_string}\"},\"query-input\":{\"@type\":\"PropertyValueSpecification\",\"valueRequired\":true,\"valueName\":\"search_term_string\"}}],\"inLanguage\":\"en-US\"},{\"@type\":\"Person\",\"@id\":\"https:\/\/rauchfrei.at\/#\/schema\/person\/6ba3adad8eb872b334787c24357473aa\",\"name\":\"Nina Heumayer\",\"image\":{\"@type\":\"ImageObject\",\"inLanguage\":\"en-US\",\"@id\":\"https:\/\/rauchfrei.at\/#\/schema\/person\/image\/\",\"url\":\"https:\/\/secure.gravatar.com\/avatar\/0980a970ceeb24db5798b86faac2035236ffa2f49daf0e59474baef797676711?s=96&d=mm&r=g\",\"contentUrl\":\"https:\/\/secure.gravatar.com\/avatar\/0980a970ceeb24db5798b86faac2035236ffa2f49daf0e59474baef797676711?s=96&d=mm&r=g\",\"caption\":\"Nina Heumayer\"},\"url\":\"https:\/\/rauchfrei.at\/en\/author\/heumayer\/\"}]}<\/script>\n<!-- \/ Yoast SEO plugin. -->","yoast_head_json":{"title":"Das Rauchertelefon im \u00d61 Fr\u00fchjournal - Rauchfrei Telefon","robots":{"index":"index","follow":"follow","max-snippet":"max-snippet:-1","max-image-preview":"max-image-preview:large","max-video-preview":"max-video-preview:-1"},"canonical":"https:\/\/rauchfrei.at\/das-rauchertelefon-im-oe1-fruehjournal\/","og_locale":"en_US","og_type":"article","og_title":"Das Rauchertelefon im \u00d61 Fr\u00fchjournal - Rauchfrei Telefon","og_description":"Diese Woche berichtete \u00d61 \u00fcber die Arbeit des \u00d6sterreichweiten Rauchertelefons.","og_url":"https:\/\/rauchfrei.at\/das-rauchertelefon-im-oe1-fruehjournal\/","og_site_name":"Rauchfrei Telefon","article_published_time":"2012-08-23T09:46:35+00:00","article_modified_time":"2012-08-23T14:43:41+00:00","author":"Nina Heumayer","twitter_card":"summary_large_image","twitter_misc":{"Written by":"Nina Heumayer"},"schema":{"@context":"https:\/\/schema.org","@graph":[{"@type":"WebPage","@id":"https:\/\/rauchfrei.at\/das-rauchertelefon-im-oe1-fruehjournal\/","url":"https:\/\/rauchfrei.at\/das-rauchertelefon-im-oe1-fruehjournal\/","name":"Das Rauchertelefon im \u00d61 Fr\u00fchjournal - Rauchfrei Telefon","isPartOf":{"@id":"https:\/\/rauchfrei.at\/#website"},"datePublished":"2012-08-23T09:46:35+00:00","dateModified":"2012-08-23T14:43:41+00:00","author":{"@id":"https:\/\/rauchfrei.at\/#\/schema\/person\/6ba3adad8eb872b334787c24357473aa"},"inLanguage":"en-US","potentialAction":[{"@type":"ReadAction","target":["https:\/\/rauchfrei.at\/das-rauchertelefon-im-oe1-fruehjournal\/"]}]},{"@type":"WebSite","@id":"https:\/\/rauchfrei.at\/#website","url":"https:\/\/rauchfrei.at\/","name":"Rauchfrei Telefon","description":"Eine \u00f6sterreichweite Initiative der Sozialversicherungen.","potentialAction":[{"@type":"SearchAction","target":{"@type":"EntryPoint","urlTemplate":"https:\/\/rauchfrei.at\/?s={search_term_string}"},"query-input":{"@type":"PropertyValueSpecification","valueRequired":true,"valueName":"search_term_string"}}],"inLanguage":"en-US"},{"@type":"Person","@id":"https:\/\/rauchfrei.at\/#\/schema\/person\/6ba3adad8eb872b334787c24357473aa","name":"Nina Heumayer","image":{"@type":"ImageObject","inLanguage":"en-US","@id":"https:\/\/rauchfrei.at\/#\/schema\/person\/image\/","url":"https:\/\/secure.gravatar.com\/avatar\/0980a970ceeb24db5798b86faac2035236ffa2f49daf0e59474baef797676711?s=96&d=mm&r=g","contentUrl":"https:\/\/secure.gravatar.com\/avatar\/0980a970ceeb24db5798b86faac2035236ffa2f49daf0e59474baef797676711?s=96&d=mm&r=g","caption":"Nina Heumayer"},"url":"https:\/\/rauchfrei.at\/en\/author\/heumayer\/"}]}},"_links":{"self":[{"href":"https:\/\/rauchfrei.at\/en\/wp-json\/wp\/v2\/posts\/3610","targetHints":{"allow":["GET"]}}],"collection":[{"href":"https:\/\/rauchfrei.at\/en\/wp-json\/wp\/v2\/posts"}],"about":[{"href":"https:\/\/rauchfrei.at\/en\/wp-json\/wp\/v2\/types\/post"}],"author":[{"embeddable":true,"href":"https:\/\/rauchfrei.at\/en\/wp-json\/wp\/v2\/users\/7"}],"replies":[{"embeddable":true,"href":"https:\/\/rauchfrei.at\/en\/wp-json\/wp\/v2\/comments?post=3610"}],"version-history":[{"count":5,"href":"https:\/\/rauchfrei.at\/en\/wp-json\/wp\/v2\/posts\/3610\/revisions"}],"predecessor-version":[{"id":3614,"href":"https:\/\/rauchfrei.at\/en\/wp-json\/wp\/v2\/posts\/3610\/revisions\/3614"}],"wp:attachment":[{"href":"https:\/\/rauchfrei.at\/en\/wp-json\/wp\/v2\/media?parent=3610"}],"wp:term":[{"taxonomy":"category","embeddable":true,"href":"https:\/\/rauchfrei.at\/en\/wp-json\/wp\/v2\/categories?post=3610"},{"taxonomy":"post_tag","embeddable":true,"href":"https:\/\/rauchfrei.at\/en\/wp-json\/wp\/v2\/tags?post=3610"}],"curies":[{"name":"wp","href":"https:\/\/api.w.org\/{rel}","templated":true}]}}