
{"id":3661,"date":"2012-09-06T15:32:33","date_gmt":"2012-09-06T13:32:33","guid":{"rendered":"http:\/\/rauchfrei.ipax.hosting\/?p=3661"},"modified":"2012-09-06T15:36:34","modified_gmt":"2012-09-06T13:36:34","slug":"ein-votum-fuer-rauchfreie-zuege","status":"publish","type":"post","link":"https:\/\/rauchfrei.at\/en\/ein-votum-fuer-rauchfreie-zuege\/","title":{"rendered":"Ein Votum f\u00fcr rauchfreie Z\u00fcge"},"content":{"rendered":"<p>&nbsp;<\/p>\n<p>Die Frage, ob in Z\u00fcgen eigene Rauchbereiche n\u00f6tig sind, erhitzt die Gem\u00fcter.<\/p>\n<p>&nbsp;<\/p>\n<p>Seit September 2007 sind die Z\u00fcge der \u00d6BB rauchfrei und erf\u00fcllen die Gesetzgebung.<\/p>\n<p>&nbsp;<\/p>\n<p>Der Begriff Nichtraucherschutz m\u00fcsste genau genommen auf \u201eNichtraucher- und Raucherschutz\u201c ausgeweitet werden, denn schlie\u00dflich werden durch die rauchfreien Zonen auch Raucher\/innen vor dem Griff zur Zigarette und vor der enormen Schadstoffbelastung in verrauchten Innenr\u00e4umen gesch\u00fctzt.<\/p>\n<p>&nbsp;<\/p>\n<p>In unseren Beratungen am Rauchertelefon erleben wir h\u00e4ufig, dass Raucher\/innen sehr dankbar \u00fcber rauchfreie Bereiche sind:<\/p>\n<p>&nbsp;<\/p>\n<ul>\n<li>es hilft ihnen, weniger zu rauchen,<\/li>\n<li>unterst\u00fctzt jene, die rauchfrei werden wollen,<\/li>\n<li>vielen Raucher\/innen ist die Schadstoffbelastung in Raucherzonen ebenfalls zu hoch<\/li>\n<li>und sie erleben den Gestank als sehr unangenehm.<\/li>\n<\/ul>\n<p>Dies stimmt auch mit dem von den \u00d6BB genannten \u00fcberwiegenden Gro\u00dfteil der Bahnkundinnen und \u2013kunden \u00fcberein, die rauchfreie Z\u00fcge bevorzugen.<\/p>\n<p>&nbsp;<\/p>\n<p>Was Rauchbereiche in Z\u00fcgen anbelangt, so zeigten <a href=\"http:\/\/www.dkfz.de\/de\/tabakkontrolle\/download\/Publikationen\/Fakten\/Factsheet_Tabakrauchbelastungen_in_deutschen_Gastronomiebetrieben.pdf\" target=\"_blank\">Untersuchungen des Deutschen Krebsforschungszentrums<\/a>, dass selbst abgetrennte Rauchzonen mit separaten Ventilationssystemen keinen ausreichenden Schutz vor Tabakrauch bieten.<\/p>\n<p>&nbsp;<\/p>\n<p>Die Rauchabteile waren in den Messungen ebenso hoch Schadstoff belastet wie Rauchzonen in Gastronomiebetrieben und auch rauchfreie Bereiche wiesen erh\u00f6hte Werte auf, so dass eher von \u201ePassivrauch-Bereichen\u201c gesprochen werden kann.<\/p>\n<p>&nbsp;<\/p>\n<p>Nicht vergessen werden darf das in den Rauch-Zugabteilen t\u00e4tige Personal- f\u00fcr die in diesen Bereichen arbeitenden Menschen ist die Schadstoffbelastung enorm.<\/p>\n<p>&nbsp;<\/p>\n<p>Das Signal, das durch die Schaffung von Raucherr\u00e4umen an Kinder und Jugendliche gegeben wird, ist sehr bedenklich: Untersuchungen zeigen, dass die Vorbildwirkung Erwachsener ein gewichtiger Faktor ist, der Kinder- und Jugendliche selbst zu Raucher\/innen werden l\u00e4sst. Deshalb ist es so wichtig f\u00fcr Kinder und Jugendliche, in einer rauchfreien Umgebung aufwachsen zu k\u00f6nnen.<\/p>\n<p>&nbsp;<\/p>\n<p>Neulich, als ich mit der Westbahn am Weg zur Arbeit war, erklang eine Durchsage des Triebfahrzeugf\u00fchrers, die in etwa so lautete und gro\u00dfen Anklang bei den Passagieren fand:<\/p>\n<p>&nbsp;<\/p>\n<p>&nbsp;<\/p>\n<p>&nbsp;<\/p>\n<blockquote><p>&#8220;Noch ein Hinweis in eigener Sache: wie wir alle wissen, Rauchen ist ungesund und macht zudem auch noch h\u00e4sslich, wof\u00fcr ich das beste Beispiel bin. Das Rauchen in Westbahnz\u00fcgen ist nicht erlaubt. Sollten Sie dazu Fragen haben oder Probleme damit, wenden Sie sich an unsere stets freundlichen Westbahnstewards.&#8221;<\/p><\/blockquote>\n<p>&nbsp;<\/p>\n<p>Solche originellen Durchsagen sind ab Mitte September leider wieder Geschichte, denn ab da untergr\u00e4bt die Westbahn erneut den Nichtraucherschutz: es darf in den Z\u00fcgen der Westbahn wieder geraucht werden.<\/p>\n<p>&nbsp;<\/p>\n<p>In diesem Sinne: auf zur rauchfreien \u00d6BB. Und der Appell an die Westbahn: werde wieder rauchfrei!<\/p>\n<p>&nbsp;<\/p>\n<p>Wie ist Ihre Meinung zu diesem Thema?<\/p>\n<p>&nbsp;<\/p>\n","protected":false},"excerpt":{"rendered":"<p> Die Frage, ob in Z\u00fcgen eigene Rauchbereiche n\u00f6tig sind, erhitzt die Gem\u00fcter. Im Sinne des Schutzes vor Passivrauch sind rauchfreie Z\u00fcge unumg\u00e4nglich.<\/p>\n","protected":false},"author":7,"featured_media":0,"comment_status":"open","ping_status":"open","sticky":false,"template":"","format":"standard","meta":{"_et_pb_use_builder":"","_et_pb_old_content":"","_et_gb_content_width":"","footnotes":""},"categories":[236],"tags":[52,51],"class_list":["post-3661","post","type-post","status-publish","format-standard","hentry","category-nicht-kategorisiert","tag-nichtraucherschutz","tag-rauchfreie-zuege"],"yoast_head":"<!-- This site is optimized with the Yoast SEO plugin v26.2 - https:\/\/yoast.com\/wordpress\/plugins\/seo\/ -->\n<title>Ein Votum f\u00fcr rauchfreie Z\u00fcge - Rauchfrei Telefon<\/title>\n<meta name=\"robots\" content=\"index, follow, max-snippet:-1, max-image-preview:large, max-video-preview:-1\" \/>\n<link rel=\"canonical\" href=\"https:\/\/rauchfrei.at\/ein-votum-fuer-rauchfreie-zuege\/\" \/>\n<meta property=\"og:locale\" content=\"en_US\" \/>\n<meta property=\"og:type\" content=\"article\" \/>\n<meta property=\"og:title\" content=\"Ein Votum f\u00fcr rauchfreie Z\u00fcge - Rauchfrei Telefon\" \/>\n<meta property=\"og:description\" content=\"Die Frage, ob in Z\u00fcgen eigene Rauchbereiche n\u00f6tig sind, erhitzt die Gem\u00fcter. Im Sinne des Schutzes vor Passivrauch sind rauchfreie Z\u00fcge unumg\u00e4nglich.\" \/>\n<meta property=\"og:url\" content=\"https:\/\/rauchfrei.at\/ein-votum-fuer-rauchfreie-zuege\/\" \/>\n<meta property=\"og:site_name\" content=\"Rauchfrei Telefon\" \/>\n<meta property=\"article:published_time\" content=\"2012-09-06T13:32:33+00:00\" \/>\n<meta property=\"article:modified_time\" content=\"2012-09-06T13:36:34+00:00\" \/>\n<meta name=\"author\" content=\"Nina Heumayer\" \/>\n<meta name=\"twitter:card\" content=\"summary_large_image\" \/>\n<meta name=\"twitter:label1\" content=\"Written by\" \/>\n\t<meta name=\"twitter:data1\" content=\"Nina Heumayer\" \/>\n\t<meta name=\"twitter:label2\" content=\"Est. reading time\" \/>\n\t<meta name=\"twitter:data2\" content=\"2 minutes\" \/>\n<script type=\"application\/ld+json\" class=\"yoast-schema-graph\">{\"@context\":\"https:\/\/schema.org\",\"@graph\":[{\"@type\":\"WebPage\",\"@id\":\"https:\/\/rauchfrei.at\/ein-votum-fuer-rauchfreie-zuege\/\",\"url\":\"https:\/\/rauchfrei.at\/ein-votum-fuer-rauchfreie-zuege\/\",\"name\":\"Ein Votum f\u00fcr rauchfreie Z\u00fcge - Rauchfrei Telefon\",\"isPartOf\":{\"@id\":\"https:\/\/rauchfrei.at\/#website\"},\"datePublished\":\"2012-09-06T13:32:33+00:00\",\"dateModified\":\"2012-09-06T13:36:34+00:00\",\"author\":{\"@id\":\"https:\/\/rauchfrei.at\/#\/schema\/person\/6ba3adad8eb872b334787c24357473aa\"},\"inLanguage\":\"en-US\",\"potentialAction\":[{\"@type\":\"ReadAction\",\"target\":[\"https:\/\/rauchfrei.at\/ein-votum-fuer-rauchfreie-zuege\/\"]}]},{\"@type\":\"WebSite\",\"@id\":\"https:\/\/rauchfrei.at\/#website\",\"url\":\"https:\/\/rauchfrei.at\/\",\"name\":\"Rauchfrei Telefon\",\"description\":\"Eine \u00f6sterreichweite Initiative der Sozialversicherungen.\",\"potentialAction\":[{\"@type\":\"SearchAction\",\"target\":{\"@type\":\"EntryPoint\",\"urlTemplate\":\"https:\/\/rauchfrei.at\/?s={search_term_string}\"},\"query-input\":{\"@type\":\"PropertyValueSpecification\",\"valueRequired\":true,\"valueName\":\"search_term_string\"}}],\"inLanguage\":\"en-US\"},{\"@type\":\"Person\",\"@id\":\"https:\/\/rauchfrei.at\/#\/schema\/person\/6ba3adad8eb872b334787c24357473aa\",\"name\":\"Nina Heumayer\",\"image\":{\"@type\":\"ImageObject\",\"inLanguage\":\"en-US\",\"@id\":\"https:\/\/rauchfrei.at\/#\/schema\/person\/image\/\",\"url\":\"https:\/\/secure.gravatar.com\/avatar\/0980a970ceeb24db5798b86faac2035236ffa2f49daf0e59474baef797676711?s=96&d=mm&r=g\",\"contentUrl\":\"https:\/\/secure.gravatar.com\/avatar\/0980a970ceeb24db5798b86faac2035236ffa2f49daf0e59474baef797676711?s=96&d=mm&r=g\",\"caption\":\"Nina Heumayer\"},\"url\":\"https:\/\/rauchfrei.at\/en\/author\/heumayer\/\"}]}<\/script>\n<!-- \/ Yoast SEO plugin. -->","yoast_head_json":{"title":"Ein Votum f\u00fcr rauchfreie Z\u00fcge - Rauchfrei Telefon","robots":{"index":"index","follow":"follow","max-snippet":"max-snippet:-1","max-image-preview":"max-image-preview:large","max-video-preview":"max-video-preview:-1"},"canonical":"https:\/\/rauchfrei.at\/ein-votum-fuer-rauchfreie-zuege\/","og_locale":"en_US","og_type":"article","og_title":"Ein Votum f\u00fcr rauchfreie Z\u00fcge - Rauchfrei Telefon","og_description":"Die Frage, ob in Z\u00fcgen eigene Rauchbereiche n\u00f6tig sind, erhitzt die Gem\u00fcter. Im Sinne des Schutzes vor Passivrauch sind rauchfreie Z\u00fcge unumg\u00e4nglich.","og_url":"https:\/\/rauchfrei.at\/ein-votum-fuer-rauchfreie-zuege\/","og_site_name":"Rauchfrei Telefon","article_published_time":"2012-09-06T13:32:33+00:00","article_modified_time":"2012-09-06T13:36:34+00:00","author":"Nina Heumayer","twitter_card":"summary_large_image","twitter_misc":{"Written by":"Nina Heumayer","Est. reading time":"2 minutes"},"schema":{"@context":"https:\/\/schema.org","@graph":[{"@type":"WebPage","@id":"https:\/\/rauchfrei.at\/ein-votum-fuer-rauchfreie-zuege\/","url":"https:\/\/rauchfrei.at\/ein-votum-fuer-rauchfreie-zuege\/","name":"Ein Votum f\u00fcr rauchfreie Z\u00fcge - Rauchfrei Telefon","isPartOf":{"@id":"https:\/\/rauchfrei.at\/#website"},"datePublished":"2012-09-06T13:32:33+00:00","dateModified":"2012-09-06T13:36:34+00:00","author":{"@id":"https:\/\/rauchfrei.at\/#\/schema\/person\/6ba3adad8eb872b334787c24357473aa"},"inLanguage":"en-US","potentialAction":[{"@type":"ReadAction","target":["https:\/\/rauchfrei.at\/ein-votum-fuer-rauchfreie-zuege\/"]}]},{"@type":"WebSite","@id":"https:\/\/rauchfrei.at\/#website","url":"https:\/\/rauchfrei.at\/","name":"Rauchfrei Telefon","description":"Eine \u00f6sterreichweite Initiative der Sozialversicherungen.","potentialAction":[{"@type":"SearchAction","target":{"@type":"EntryPoint","urlTemplate":"https:\/\/rauchfrei.at\/?s={search_term_string}"},"query-input":{"@type":"PropertyValueSpecification","valueRequired":true,"valueName":"search_term_string"}}],"inLanguage":"en-US"},{"@type":"Person","@id":"https:\/\/rauchfrei.at\/#\/schema\/person\/6ba3adad8eb872b334787c24357473aa","name":"Nina Heumayer","image":{"@type":"ImageObject","inLanguage":"en-US","@id":"https:\/\/rauchfrei.at\/#\/schema\/person\/image\/","url":"https:\/\/secure.gravatar.com\/avatar\/0980a970ceeb24db5798b86faac2035236ffa2f49daf0e59474baef797676711?s=96&d=mm&r=g","contentUrl":"https:\/\/secure.gravatar.com\/avatar\/0980a970ceeb24db5798b86faac2035236ffa2f49daf0e59474baef797676711?s=96&d=mm&r=g","caption":"Nina Heumayer"},"url":"https:\/\/rauchfrei.at\/en\/author\/heumayer\/"}]}},"_links":{"self":[{"href":"https:\/\/rauchfrei.at\/en\/wp-json\/wp\/v2\/posts\/3661","targetHints":{"allow":["GET"]}}],"collection":[{"href":"https:\/\/rauchfrei.at\/en\/wp-json\/wp\/v2\/posts"}],"about":[{"href":"https:\/\/rauchfrei.at\/en\/wp-json\/wp\/v2\/types\/post"}],"author":[{"embeddable":true,"href":"https:\/\/rauchfrei.at\/en\/wp-json\/wp\/v2\/users\/7"}],"replies":[{"embeddable":true,"href":"https:\/\/rauchfrei.at\/en\/wp-json\/wp\/v2\/comments?post=3661"}],"version-history":[{"count":5,"href":"https:\/\/rauchfrei.at\/en\/wp-json\/wp\/v2\/posts\/3661\/revisions"}],"predecessor-version":[{"id":3675,"href":"https:\/\/rauchfrei.at\/en\/wp-json\/wp\/v2\/posts\/3661\/revisions\/3675"}],"wp:attachment":[{"href":"https:\/\/rauchfrei.at\/en\/wp-json\/wp\/v2\/media?parent=3661"}],"wp:term":[{"taxonomy":"category","embeddable":true,"href":"https:\/\/rauchfrei.at\/en\/wp-json\/wp\/v2\/categories?post=3661"},{"taxonomy":"post_tag","embeddable":true,"href":"https:\/\/rauchfrei.at\/en\/wp-json\/wp\/v2\/tags?post=3661"}],"curies":[{"name":"wp","href":"https:\/\/api.w.org\/{rel}","templated":true}]}}